{"id":773372,"date":"2023-10-27T06:20:15","date_gmt":"2023-10-27T09:20:15","guid":{"rendered":"https:\/\/bahiaeconomica.com.br\/wp\/?p=773372"},"modified":"2023-10-27T07:11:57","modified_gmt":"2023-10-27T10:11:57","slug":"primeira-publicacao-internacional-da-editora-dialogos-insubmissos-ganha-destaque-na-flica","status":"publish","type":"post","link":"https:\/\/bahiaeconomica.com.br\/wp\/2023\/10\/27\/primeira-publicacao-internacional-da-editora-dialogos-insubmissos-ganha-destaque-na-flica\/","title":{"rendered":"PRIMEIRA PUBLICA\u00c7\u00c3O INTERNACIONAL DA EDITORA DI\u00c1LOGOS INSUBMISSOS GANHA DESTAQUE NA FLICA"},"content":{"rendered":"<p>O trabalho realizado por mulheres negras na busca por mais igualdade social ganha destaque no livro \u201c30 a\u00f1os tecendo a Red de Mujeres Afrolatinaamericanas, Afrocaribenhas y de la Di\u00e1spora\u201d, que ser\u00e1 lan\u00e7ado na Festa Liter\u00e1ria Internacional de Cachoeira (FLICA) nesta sexta-feira (27), \u00e0s 16h, no espa\u00e7o Casa Pretahub, em Cachoeira. \u00c9 a primeira publica\u00e7\u00e3o internacional da Editora Di\u00e1logos Insubmissos, em parceria com a Funda\u00e7\u00e3o Rosa Luxemburgo e o Instituto Odara. O livro celebrar\u00e1 os 30 anos do Dia Internacional da Mulher Negra, Latino-Americana e Caribenha, oficializado em 25 de julho de 1992 pela Organiza\u00e7\u00e3o das Na\u00e7\u00f5es Unidas (ONU) durante Encontro de Mulheres Negras e Caribenhas, na Rep\u00fablica Dominicana.<\/p>\n<p>Organizada pela Red de Mujeres Afrolatinaamericanas, Afrocaribenhas y de la Di\u00e1spora, a publica\u00e7\u00e3o cont\u00e9m textos escritos por ativistas hist\u00f3ricas do movimento negro e do movimento de mulheres negras da Am\u00e9rica Latina e do Caribe, como Epsy Campbell, ex-vice-presidente da Costa Rica. O lan\u00e7amento do livro acontecer\u00e1 durante encontro que tratar\u00e1 sobre as hist\u00f3rias de luta e organiza\u00e7\u00e3o pol\u00edtica das mulheres negras e ter\u00e1 a presen\u00e7a de Dayse Sacramento, editora respons\u00e1vel da Di\u00e1logos Insubmissos, de Christiane Gomes, coordenadora de projetos da Funda\u00e7\u00e3o Rosa Luxemburgo, e de Silene Arcanja, coordenadora de projetos do Instituto Odara. Ao final do lan\u00e7amento, os participantes ainda poder\u00e3o curtir ao som da DJ Belle no Baile Insubmisso.<\/p>\n<p>Participando pela 5\u00aa vez da FLICA, a Di\u00e1logos Insubmissos atua para valorizar e promover uma maior participa\u00e7\u00e3o de mulheres negras em festivais liter\u00e1rios. \u201cNa FLICA, n\u00f3s temos a Casa Insubmissa de Mulheres Negras como um espa\u00e7o para aproximar o p\u00fablico presente da literatura feita por mulheres negras. \u00c9 uma proposta que assegura a nossa produ\u00e7\u00e3o junto com o nosso protagonismo refor\u00e7ando o direito de existir enquanto sujeitos que pensam e constroem literatura\u201d ressalta Dayse Sacramento, fundadora da Editora Di\u00e1logos Insubmissos.<\/p>\n<p>Editora Di\u00e1logos Insubmissos<\/p>\n<p>A Editora Di\u00e1logos Insubmissos foi criada com o prop\u00f3sito de promover e dar visibilidade \u00e0 produ\u00e7\u00e3o art\u00edstica, intelectual, pol\u00edtica e editorial de mulheres negras. Com foco em levar conhecimento para diferentes lugares do mundo, a editora descendente da plataforma liter\u00e1ria Di\u00e1logos Insubmissos de Mulheres Negras (DIMN) j\u00e1 lan\u00e7ou oito livros e e-books desde novembro de 2021, ano de cria\u00e7\u00e3o. Atualmente, possui uma equipe exclusivamente formada por mulheres negras.<\/p>\n<p>Casa Insubmissa de Mulheres Negras<\/p>\n<p>Para estimular a produ\u00e7\u00e3o intelectual de mulheres negras, a Casa Insubmissa de Mulheres Negras \u00e9 um espa\u00e7o que realiza encontros visando o debate sobre obras de escritores, ativistas, pesquisadoras e artistas brasileiras. Desde 2017, esteve presente em importantes eventos, como: Festa Liter\u00e1ria Internacional de Paraty (FLIP); Festa Liter\u00e1ria Internacional do Pelourinho (FLIPEL\u00d4); e Festa Liter\u00e1ria de Mucug\u00ea (Flig\u00ea), al\u00e9m da FLICA. Em 2023, a Casa Insubmissa estar\u00e1 pela 5\u00aa vez consecutiva na FLICA e a entrada ser\u00e1 gratuita para o p\u00fablico presente.<\/p>\n<p>&nbsp;<\/p>\n<p>Mais informa\u00e7\u00f5es:<\/p>\n<p>Evento: Lan\u00e7amento do livro \u201c30 a\u00f1os tecendo a Red de Mujeres Afrolatinaamericanas, Afrocaribenhas y de la Di\u00e1spora\u201d.<\/p>\n<p>Data: 27\/10\/2023.<\/p>\n<p>Hor\u00e1rio: 16h.<\/p>\n<p>Local: espa\u00e7o Casa Pretabub, em Cachoeira.<\/p>\n<p>&nbsp;<\/p>\n<p>Foto: Natane Santana<\/p>\n","protected":false},"excerpt":{"rendered":"<p>O trabalho realizado por mulheres negras na busca por mais igualdade social ganha destaque no livro \u201c30 a\u00f1os tecendo a Red de Mujeres Afrolatinaamericanas, Afrocaribenhas y de la Di\u00e1spora\u201d, que ser\u00e1 lan\u00e7ado na Festa Liter\u00e1ria Internacional de Cachoeira (FLICA) nesta sexta-feira (27), \u00e0s 16h, no espa\u00e7o Casa Pretahub, em Cachoeira. \u00c9 a primeira publica\u00e7\u00e3o internacional [&hellip;]<\/p>\n","protected":false},"author":8,"featured_media":773373,"comment_status":"closed","ping_status":"closed","sticky":false,"template":"","format":"standard","meta":[],"categories":[689],"tags":[52,933,100],"acf":[],"yoast_head":"<!-- This site is optimized with the Yoast SEO plugin v20.8 - https:\/\/yoast.com\/wordpress\/plugins\/seo\/ -->\n<title>PRIMEIRA PUBLICA\u00c7\u00c3O INTERNACIONAL DA EDITORA DI\u00c1LOGOS INSUBMISSOS GANHA DESTAQUE NA FLICA - Bahia Economica<\/title>\n<meta name=\"description\" content=\"O maior portal de Economia da Bahia CULTURA E ARTE Bahia Economica O trabalho realizado por mulheres negras na busca por mais igualdade\" \/>\n<meta name=\"robots\" content=\"index, follow, max-snippet:-1, max-image-preview:large, max-video-preview:-1\" \/>\n<link rel=\"canonical\" href=\"https:\/\/bahiaeconomica.com.br\/wp\/2023\/10\/27\/primeira-publicacao-internacional-da-editora-dialogos-insubmissos-ganha-destaque-na-flica\/\" \/>\n<meta property=\"og:locale\" content=\"pt_BR\" \/>\n<meta property=\"og:type\" content=\"article\" \/>\n<meta property=\"og:title\" content=\"PRIMEIRA PUBLICA\u00c7\u00c3O INTERNACIONAL DA EDITORA DI\u00c1LOGOS INSUBMISSOS GANHA DESTAQUE NA FLICA - Bahia Economica\" \/>\n<meta property=\"og:description\" content=\"O maior portal de Economia da Bahia CULTURA E ARTE Bahia Economica O trabalho realizado por mulheres negras na busca por mais igualdade\" \/>\n<meta property=\"og:url\" content=\"https:\/\/bahiaeconomica.com.br\/wp\/2023\/10\/27\/primeira-publicacao-internacional-da-editora-dialogos-insubmissos-ganha-destaque-na-flica\/\" \/>\n<meta property=\"og:site_name\" content=\"Bahia Economica\" \/>\n<meta property=\"article:publisher\" content=\"https:\/\/www.facebook.com\/bahiaeconomica\" \/>\n<meta property=\"article:published_time\" content=\"2023-10-27T09:20:15+00:00\" \/>\n<meta property=\"article:modified_time\" content=\"2023-10-27T10:11:57+00:00\" \/>\n<meta property=\"og:image\" content=\"https:\/\/bahiaeconomica.com.br\/wp\/wp-content\/uploads\/2023\/10\/WhatsApp-Image-2023-10-26-at-14.38.27.jpeg\" \/>\n\t<meta property=\"og:image:width\" content=\"1600\" \/>\n\t<meta property=\"og:image:height\" content=\"1059\" \/>\n\t<meta property=\"og:image:type\" content=\"image\/jpeg\" \/>\n<meta name=\"author\" content=\"JP\" \/>\n<meta name=\"twitter:card\" content=\"summary_large_image\" \/>\n<meta name=\"twitter:label1\" content=\"Escrito por\" \/>\n\t<meta name=\"twitter:data1\" content=\"JP\" \/>\n\t<meta name=\"twitter:label2\" content=\"Est. tempo de leitura\" \/>\n\t<meta name=\"twitter:data2\" content=\"3 minutos\" \/>\n<script type=\"application\/ld+json\" class=\"yoast-schema-graph\">{\"@context\":\"https:\/\/schema.org\",\"@graph\":[{\"@type\":\"Article\",\"@id\":\"https:\/\/bahiaeconomica.com.br\/wp\/2023\/10\/27\/primeira-publicacao-internacional-da-editora-dialogos-insubmissos-ganha-destaque-na-flica\/#article\",\"isPartOf\":{\"@id\":\"https:\/\/bahiaeconomica.com.br\/wp\/2023\/10\/27\/primeira-publicacao-internacional-da-editora-dialogos-insubmissos-ganha-destaque-na-flica\/\"},\"author\":{\"name\":\"JP\",\"@id\":\"https:\/\/bahiaeconomica.com.br\/wp\/#\/schema\/person\/c86d3a3f8960425a0f9d0e5245991f4e\"},\"headline\":\"PRIMEIRA PUBLICA\u00c7\u00c3O INTERNACIONAL DA EDITORA DI\u00c1LOGOS INSUBMISSOS GANHA DESTAQUE NA FLICA\",\"datePublished\":\"2023-10-27T09:20:15+00:00\",\"dateModified\":\"2023-10-27T10:11:57+00:00\",\"mainEntityOfPage\":{\"@id\":\"https:\/\/bahiaeconomica.com.br\/wp\/2023\/10\/27\/primeira-publicacao-internacional-da-editora-dialogos-insubmissos-ganha-destaque-na-flica\/\"},\"wordCount\":545,\"publisher\":{\"@id\":\"https:\/\/bahiaeconomica.com.br\/wp\/#organization\"},\"keywords\":[\"Brasil\",\"cultura\",\"Pol\u00edtica\"],\"articleSection\":[\"CULTURA E ARTE\"],\"inLanguage\":\"pt-BR\"},{\"@type\":\"WebPage\",\"@id\":\"https:\/\/bahiaeconomica.com.br\/wp\/2023\/10\/27\/primeira-publicacao-internacional-da-editora-dialogos-insubmissos-ganha-destaque-na-flica\/\",\"url\":\"https:\/\/bahiaeconomica.com.br\/wp\/2023\/10\/27\/primeira-publicacao-internacional-da-editora-dialogos-insubmissos-ganha-destaque-na-flica\/\",\"name\":\"PRIMEIRA PUBLICA\u00c7\u00c3O INTERNACIONAL DA EDITORA DI\u00c1LOGOS INSUBMISSOS GANHA DESTAQUE NA FLICA - Bahia Economica\",\"isPartOf\":{\"@id\":\"https:\/\/bahiaeconomica.com.br\/wp\/#website\"},\"datePublished\":\"2023-10-27T09:20:15+00:00\",\"dateModified\":\"2023-10-27T10:11:57+00:00\",\"description\":\"O maior portal de Economia da Bahia CULTURA E ARTE Bahia Economica O trabalho realizado por mulheres negras na busca por mais igualdade\",\"breadcrumb\":{\"@id\":\"https:\/\/bahiaeconomica.com.br\/wp\/2023\/10\/27\/primeira-publicacao-internacional-da-editora-dialogos-insubmissos-ganha-destaque-na-flica\/#breadcrumb\"},\"inLanguage\":\"pt-BR\",\"potentialAction\":[{\"@type\":\"ReadAction\",\"target\":[\"https:\/\/bahiaeconomica.com.br\/wp\/2023\/10\/27\/primeira-publicacao-internacional-da-editora-dialogos-insubmissos-ganha-destaque-na-flica\/\"]}]},{\"@type\":\"BreadcrumbList\",\"@id\":\"https:\/\/bahiaeconomica.com.br\/wp\/2023\/10\/27\/primeira-publicacao-internacional-da-editora-dialogos-insubmissos-ganha-destaque-na-flica\/#breadcrumb\",\"itemListElement\":[{\"@type\":\"ListItem\",\"position\":1,\"name\":\"In\u00edcio\",\"item\":\"https:\/\/bahiaeconomica.com.br\/wp\/\"},{\"@type\":\"ListItem\",\"position\":2,\"name\":\"PRIMEIRA PUBLICA\u00c7\u00c3O INTERNACIONAL DA EDITORA DI\u00c1LOGOS INSUBMISSOS GANHA DESTAQUE NA FLICA\"}]},{\"@type\":\"WebSite\",\"@id\":\"https:\/\/bahiaeconomica.com.br\/wp\/#website\",\"url\":\"https:\/\/bahiaeconomica.com.br\/wp\/\",\"name\":\"Bahia Economica\",\"description\":\"O maior portal de Economia da Bahia\",\"publisher\":{\"@id\":\"https:\/\/bahiaeconomica.com.br\/wp\/#organization\"},\"potentialAction\":[{\"@type\":\"SearchAction\",\"target\":{\"@type\":\"EntryPoint\",\"urlTemplate\":\"https:\/\/bahiaeconomica.com.br\/wp\/?s={search_term_string}\"},\"query-input\":\"required name=search_term_string\"}],\"inLanguage\":\"pt-BR\"},{\"@type\":\"Organization\",\"@id\":\"https:\/\/bahiaeconomica.com.br\/wp\/#organization\",\"name\":\"Bahia Econ\u00f4mica\",\"url\":\"https:\/\/bahiaeconomica.com.br\/wp\/\",\"logo\":{\"@type\":\"ImageObject\",\"inLanguage\":\"pt-BR\",\"@id\":\"https:\/\/bahiaeconomica.com.br\/wp\/#\/schema\/logo\/image\/\",\"url\":\"https:\/\/bahiaeconomica.com.br\/wp\/wp-content\/uploads\/2020\/12\/cropped-BE.png\",\"contentUrl\":\"https:\/\/bahiaeconomica.com.br\/wp\/wp-content\/uploads\/2020\/12\/cropped-BE.png\",\"width\":512,\"height\":512,\"caption\":\"Bahia Econ\u00f4mica\"},\"image\":{\"@id\":\"https:\/\/bahiaeconomica.com.br\/wp\/#\/schema\/logo\/image\/\"},\"sameAs\":[\"https:\/\/www.facebook.com\/bahiaeconomica\"]},{\"@type\":\"Person\",\"@id\":\"https:\/\/bahiaeconomica.com.br\/wp\/#\/schema\/person\/c86d3a3f8960425a0f9d0e5245991f4e\",\"name\":\"JP\",\"sameAs\":[\"https:\/\/bahiaeconomica.com.br\/wp\/beta\/\"],\"url\":\"https:\/\/bahiaeconomica.com.br\/wp\/author\/jp\/\"}]}<\/script>\n<!-- \/ Yoast SEO plugin. -->","yoast_head_json":{"title":"PRIMEIRA PUBLICA\u00c7\u00c3O INTERNACIONAL DA EDITORA DI\u00c1LOGOS INSUBMISSOS GANHA DESTAQUE NA FLICA - Bahia Economica","description":"O maior portal de Economia da Bahia CULTURA E ARTE Bahia Economica O trabalho realizado por mulheres negras na busca por mais igualdade","robots":{"index":"index","follow":"follow","max-snippet":"max-snippet:-1","max-image-preview":"max-image-preview:large","max-video-preview":"max-video-preview:-1"},"canonical":"https:\/\/bahiaeconomica.com.br\/wp\/2023\/10\/27\/primeira-publicacao-internacional-da-editora-dialogos-insubmissos-ganha-destaque-na-flica\/","og_locale":"pt_BR","og_type":"article","og_title":"PRIMEIRA PUBLICA\u00c7\u00c3O INTERNACIONAL DA EDITORA DI\u00c1LOGOS INSUBMISSOS GANHA DESTAQUE NA FLICA - Bahia Economica","og_description":"O maior portal de Economia da Bahia CULTURA E ARTE Bahia Economica O trabalho realizado por mulheres negras na busca por mais igualdade","og_url":"https:\/\/bahiaeconomica.com.br\/wp\/2023\/10\/27\/primeira-publicacao-internacional-da-editora-dialogos-insubmissos-ganha-destaque-na-flica\/","og_site_name":"Bahia Economica","article_publisher":"https:\/\/www.facebook.com\/bahiaeconomica","article_published_time":"2023-10-27T09:20:15+00:00","article_modified_time":"2023-10-27T10:11:57+00:00","og_image":[{"width":1600,"height":1059,"url":"https:\/\/bahiaeconomica.com.br\/wp\/wp-content\/uploads\/2023\/10\/WhatsApp-Image-2023-10-26-at-14.38.27.jpeg","type":"image\/jpeg"}],"author":"JP","twitter_card":"summary_large_image","twitter_misc":{"Escrito por":"JP","Est. tempo de leitura":"3 minutos"},"schema":{"@context":"https:\/\/schema.org","@graph":[{"@type":"Article","@id":"https:\/\/bahiaeconomica.com.br\/wp\/2023\/10\/27\/primeira-publicacao-internacional-da-editora-dialogos-insubmissos-ganha-destaque-na-flica\/#article","isPartOf":{"@id":"https:\/\/bahiaeconomica.com.br\/wp\/2023\/10\/27\/primeira-publicacao-internacional-da-editora-dialogos-insubmissos-ganha-destaque-na-flica\/"},"author":{"name":"JP","@id":"https:\/\/bahiaeconomica.com.br\/wp\/#\/schema\/person\/c86d3a3f8960425a0f9d0e5245991f4e"},"headline":"PRIMEIRA PUBLICA\u00c7\u00c3O INTERNACIONAL DA EDITORA DI\u00c1LOGOS INSUBMISSOS GANHA DESTAQUE NA FLICA","datePublished":"2023-10-27T09:20:15+00:00","dateModified":"2023-10-27T10:11:57+00:00","mainEntityOfPage":{"@id":"https:\/\/bahiaeconomica.com.br\/wp\/2023\/10\/27\/primeira-publicacao-internacional-da-editora-dialogos-insubmissos-ganha-destaque-na-flica\/"},"wordCount":545,"publisher":{"@id":"https:\/\/bahiaeconomica.com.br\/wp\/#organization"},"keywords":["Brasil","cultura","Pol\u00edtica"],"articleSection":["CULTURA E ARTE"],"inLanguage":"pt-BR"},{"@type":"WebPage","@id":"https:\/\/bahiaeconomica.com.br\/wp\/2023\/10\/27\/primeira-publicacao-internacional-da-editora-dialogos-insubmissos-ganha-destaque-na-flica\/","url":"https:\/\/bahiaeconomica.com.br\/wp\/2023\/10\/27\/primeira-publicacao-internacional-da-editora-dialogos-insubmissos-ganha-destaque-na-flica\/","name":"PRIMEIRA PUBLICA\u00c7\u00c3O INTERNACIONAL DA EDITORA DI\u00c1LOGOS INSUBMISSOS GANHA DESTAQUE NA FLICA - Bahia Economica","isPartOf":{"@id":"https:\/\/bahiaeconomica.com.br\/wp\/#website"},"datePublished":"2023-10-27T09:20:15+00:00","dateModified":"2023-10-27T10:11:57+00:00","description":"O maior portal de Economia da Bahia CULTURA E ARTE Bahia Economica O trabalho realizado por mulheres negras na busca por mais igualdade","breadcrumb":{"@id":"https:\/\/bahiaeconomica.com.br\/wp\/2023\/10\/27\/primeira-publicacao-internacional-da-editora-dialogos-insubmissos-ganha-destaque-na-flica\/#breadcrumb"},"inLanguage":"pt-BR","potentialAction":[{"@type":"ReadAction","target":["https:\/\/bahiaeconomica.com.br\/wp\/2023\/10\/27\/primeira-publicacao-internacional-da-editora-dialogos-insubmissos-ganha-destaque-na-flica\/"]}]},{"@type":"BreadcrumbList","@id":"https:\/\/bahiaeconomica.com.br\/wp\/2023\/10\/27\/primeira-publicacao-internacional-da-editora-dialogos-insubmissos-ganha-destaque-na-flica\/#breadcrumb","itemListElement":[{"@type":"ListItem","position":1,"name":"In\u00edcio","item":"https:\/\/bahiaeconomica.com.br\/wp\/"},{"@type":"ListItem","position":2,"name":"PRIMEIRA PUBLICA\u00c7\u00c3O INTERNACIONAL DA EDITORA DI\u00c1LOGOS INSUBMISSOS GANHA DESTAQUE NA FLICA"}]},{"@type":"WebSite","@id":"https:\/\/bahiaeconomica.com.br\/wp\/#website","url":"https:\/\/bahiaeconomica.com.br\/wp\/","name":"Bahia Economica","description":"O maior portal de Economia da Bahia","publisher":{"@id":"https:\/\/bahiaeconomica.com.br\/wp\/#organization"},"potentialAction":[{"@type":"SearchAction","target":{"@type":"EntryPoint","urlTemplate":"https:\/\/bahiaeconomica.com.br\/wp\/?s={search_term_string}"},"query-input":"required name=search_term_string"}],"inLanguage":"pt-BR"},{"@type":"Organization","@id":"https:\/\/bahiaeconomica.com.br\/wp\/#organization","name":"Bahia Econ\u00f4mica","url":"https:\/\/bahiaeconomica.com.br\/wp\/","logo":{"@type":"ImageObject","inLanguage":"pt-BR","@id":"https:\/\/bahiaeconomica.com.br\/wp\/#\/schema\/logo\/image\/","url":"https:\/\/bahiaeconomica.com.br\/wp\/wp-content\/uploads\/2020\/12\/cropped-BE.png","contentUrl":"https:\/\/bahiaeconomica.com.br\/wp\/wp-content\/uploads\/2020\/12\/cropped-BE.png","width":512,"height":512,"caption":"Bahia Econ\u00f4mica"},"image":{"@id":"https:\/\/bahiaeconomica.com.br\/wp\/#\/schema\/logo\/image\/"},"sameAs":["https:\/\/www.facebook.com\/bahiaeconomica"]},{"@type":"Person","@id":"https:\/\/bahiaeconomica.com.br\/wp\/#\/schema\/person\/c86d3a3f8960425a0f9d0e5245991f4e","name":"JP","sameAs":["https:\/\/bahiaeconomica.com.br\/wp\/beta\/"],"url":"https:\/\/bahiaeconomica.com.br\/wp\/author\/jp\/"}]}},"views":2,"_links":{"self":[{"href":"https:\/\/bahiaeconomica.com.br\/wp\/wp-json\/wp\/v2\/posts\/773372"}],"collection":[{"href":"https:\/\/bahiaeconomica.com.br\/wp\/wp-json\/wp\/v2\/posts"}],"about":[{"href":"https:\/\/bahiaeconomica.com.br\/wp\/wp-json\/wp\/v2\/types\/post"}],"author":[{"embeddable":true,"href":"https:\/\/bahiaeconomica.com.br\/wp\/wp-json\/wp\/v2\/users\/8"}],"replies":[{"embeddable":true,"href":"https:\/\/bahiaeconomica.com.br\/wp\/wp-json\/wp\/v2\/comments?post=773372"}],"version-history":[{"count":1,"href":"https:\/\/bahiaeconomica.com.br\/wp\/wp-json\/wp\/v2\/posts\/773372\/revisions"}],"predecessor-version":[{"id":773374,"href":"https:\/\/bahiaeconomica.com.br\/wp\/wp-json\/wp\/v2\/posts\/773372\/revisions\/773374"}],"wp:featuredmedia":[{"embeddable":true,"href":"https:\/\/bahiaeconomica.com.br\/wp\/wp-json\/wp\/v2\/media\/773373"}],"wp:attachment":[{"href":"https:\/\/bahiaeconomica.com.br\/wp\/wp-json\/wp\/v2\/media?parent=773372"}],"wp:term":[{"taxonomy":"category","embeddable":true,"href":"https:\/\/bahiaeconomica.com.br\/wp\/wp-json\/wp\/v2\/categories?post=773372"},{"taxonomy":"post_tag","embeddable":true,"href":"https:\/\/bahiaeconomica.com.br\/wp\/wp-json\/wp\/v2\/tags?post=773372"}],"curies":[{"name":"wp","href":"https:\/\/api.w.org\/{rel}","templated":true}]}}