{"id":772902,"date":"2023-10-25T15:32:20","date_gmt":"2023-10-25T18:32:20","guid":{"rendered":"https:\/\/bahiaeconomica.com.br\/wp\/?p=772902"},"modified":"2023-10-25T15:16:30","modified_gmt":"2023-10-25T18:16:30","slug":"comitiva-da-prefeitura-vistoria-obras-e-discute-duplicacao-da-avenida-jorge-armado","status":"publish","type":"post","link":"https:\/\/bahiaeconomica.com.br\/wp\/2023\/10\/25\/comitiva-da-prefeitura-vistoria-obras-e-discute-duplicacao-da-avenida-jorge-armado\/","title":{"rendered":"COMITIVA DA PREFEITURA VISTORIA OBRAS E DISCUTE DUPLICA\u00c7\u00c3O DA AVENIDA JORGE ARMADO"},"content":{"rendered":"<p>O prefeito Bruno Reis, acompanhado de secret\u00e1rios e dirigentes municipais, vistoriou uma s\u00e9rie de obras entre o Imbu\u00ed e Boca do Rio. Na ocasi\u00e3o, os gestores avaliaram o projeto de duplica\u00e7\u00e3o de parte da Avenida Jorge Amado, respons\u00e1vel por ligar ambas localidades. A interven\u00e7\u00e3o tem previs\u00e3o para ser iniciada ainda este ano e est\u00e1 or\u00e7ada em aproximadamente R$14 milh\u00f5es.<\/p>\n<p>As obras alcan\u00e7ar\u00e3o 600 metros de extens\u00e3o da avenida, no trecho em que h\u00e1 uma pista de tr\u00e1fego em cada sentido, nos cruzamentos entre as ruas das Araras e Santo Ant\u00f4nio. A implanta\u00e7\u00e3o de duas faixas na m\u00e3o e contram\u00e3o vai proporcionar mais fluidez do tr\u00e1fego na regi\u00e3o, que possui grande concentra\u00e7\u00e3o de atividades comerciais. A a\u00e7\u00e3o prev\u00ea ainda novos bols\u00f5es de estacionamento, pontos de \u00f4nibus com baias, implanta\u00e7\u00e3o de retornos, recupera\u00e7\u00e3o de passeios, pavimenta\u00e7\u00e3o e ilumina\u00e7\u00e3o em LED.<\/p>\n<p>&#8220;Essa avenida liga o Imbu\u00ed \u00e0 orla da Boca do Rio. Pretendemos iniciar as obras de duplica\u00e7\u00e3o nela para melhorar muito a mobilidade das pessoas que moram e passam diariamente por aqui&#8221;, afirmou Bruno Reis. O projeto ser\u00e1 executado pela Secretaria Municipal de Infraestrutura e Obras P\u00fablicas (Seinfra).<\/p>\n<p>Ainda na \u00e1rea de mobilidade urbana, a regi\u00e3o ganhar\u00e1 em breve uma nova liga\u00e7\u00e3o vi\u00e1ria entre a Estrada do Curralinho \u00e0 Rua dos Colibris. A pista ter\u00e1 578 metros de extens\u00e3o e vai ampliar as op\u00e7\u00f5es de deslocamento, proporcionando mais qualidade de vida a pedestres e motoristas. A constru\u00e7\u00e3o j\u00e1 est\u00e1 80% finalizada.<\/p>\n<p>Espa\u00e7os de lazer \u2013 Bruno Reis tamb\u00e9m percorreu o canteiro central da Pra\u00e7a do Imbu\u00ed, um dos principais pontos gastron\u00f4micos e de lazer da cidade, determinando que o local passar\u00e1 por uma requalifica\u00e7\u00e3o completa. O chefe do Executivo municipal autorizou os gestores respons\u00e1veis a ouvirem demandas dos moradores sobre quais equipamentos e mobili\u00e1rios urbanos dever\u00e3o integrar o espa\u00e7o ap\u00f3s as interven\u00e7\u00f5es.<\/p>\n<p>J\u00e1 a Pra\u00e7a Nossa Senhora Aparecida, entre as ruas das Gaivotas e Jaime Sapolnik, foi outro espa\u00e7o de lazer que teve as obras de requalifica\u00e7\u00e3o vistoriadas. O lugar tamb\u00e9m possui voca\u00e7\u00e3o gastron\u00f4mica e passa por manuten\u00e7\u00e3o geral, com troca de meios-fios, novos quiosques, deques de madeira. Os servi\u00e7os s\u00e3o conduzidos pela Secretaria de Manuten\u00e7\u00e3o da Cidade (Seman) e est\u00e3o 30% conclu\u00eddos. A previs\u00e3o \u00e9 que o espa\u00e7o seja inaugurado no final de dezembro.<\/p>\n<p>Educa\u00e7\u00e3o e social \u2013 As vistorias realizadas nesta quarta (25) ocorreram, por fim, em dois equipamentos p\u00fablicos que est\u00e3o em constru\u00e7\u00e3o e que permitir\u00e3o que Salvador amplie atendimentos nas \u00e1reas de educa\u00e7\u00e3o e promo\u00e7\u00e3o social.<\/p>\n<p>Com estruturas de alvenaria sendo erguidas, a Escola Municipal do Curralinho e nova sede da Associa\u00e7\u00e3o dos Amigos do Autista \u2013 Bahia (AMA-BA), entre a Rua Granja Marazul e Estrada do Curralinho, atender\u00e1 1 mil alunos autistas da cidade. Os estudantes receber\u00e3o acompanhamento educacional especializado no contraturno escolar, facilitando o acesso ao aprendizado e ampliando os servi\u00e7os destinados a esse p\u00fablico. A previs\u00e3o de entrega \u00e9 primeiro semestre de 2024.<\/p>\n<p>Ainda na Estrada do Curralinho, a Prefeitura prossegue com as obras do segundo Cras Modelo (Centro de Refer\u00eancia de Assist\u00eancia Social) da cidade. O equipamento ter\u00e1 dois pavimentos, quadra esportiva e identidade visual moderna, tendo capacidade para referenciar 5 mil fam\u00edlias em situa\u00e7\u00e3o de vulnerabilidade, oferecendo atendimentos psicossociais e acesso a diversos servi\u00e7os p\u00fablicos.<\/p>\n<p>Foto: Divulga\u00e7\u00e3o \/ <span class=\"v1x_ContentPasted0\">Valter Pontes<\/span><\/p>\n","protected":false},"excerpt":{"rendered":"<p>O prefeito Bruno Reis, acompanhado de secret\u00e1rios e dirigentes municipais, vistoriou uma s\u00e9rie de obras entre o Imbu\u00ed e Boca do Rio. Na ocasi\u00e3o, os gestores avaliaram o projeto de duplica\u00e7\u00e3o de parte da Avenida Jorge Amado, respons\u00e1vel por ligar ambas localidades. A interven\u00e7\u00e3o tem previs\u00e3o para ser iniciada ainda este ano e est\u00e1 or\u00e7ada [&hellip;]<\/p>\n","protected":false},"author":17,"featured_media":772903,"comment_status":"closed","ping_status":"closed","sticky":false,"template":"","format":"standard","meta":[],"categories":[5],"tags":[22054,836,2727],"acf":[],"yoast_head":"<!-- This site is optimized with the Yoast SEO plugin v20.8 - https:\/\/yoast.com\/wordpress\/plugins\/seo\/ -->\n<title>COMITIVA DA PREFEITURA VISTORIA OBRAS E DISCUTE DUPLICA\u00c7\u00c3O DA AVENIDA JORGE ARMADO - Bahia Economica<\/title>\n<meta name=\"description\" content=\"As obras alcan\u00e7ar\u00e3o 600 metros de extens\u00e3o da avenida, no trecho em que h\u00e1 uma pista de tr\u00e1fego em cada sentido, nos cruzamentos entre as ruas das Araras e Santo Ant\u00f4nio\" \/>\n<meta name=\"robots\" content=\"index, follow, max-snippet:-1, max-image-preview:large, max-video-preview:-1\" \/>\n<link rel=\"canonical\" href=\"https:\/\/bahiaeconomica.com.br\/wp\/2023\/10\/25\/comitiva-da-prefeitura-vistoria-obras-e-discute-duplicacao-da-avenida-jorge-armado\/\" \/>\n<meta property=\"og:locale\" content=\"pt_BR\" \/>\n<meta property=\"og:type\" content=\"article\" \/>\n<meta property=\"og:title\" content=\"COMITIVA DA PREFEITURA VISTORIA OBRAS E DISCUTE DUPLICA\u00c7\u00c3O DA AVENIDA JORGE ARMADO - Bahia Economica\" \/>\n<meta property=\"og:description\" content=\"As obras alcan\u00e7ar\u00e3o 600 metros de extens\u00e3o da avenida, no trecho em que h\u00e1 uma pista de tr\u00e1fego em cada sentido, nos cruzamentos entre as ruas das Araras e Santo Ant\u00f4nio\" \/>\n<meta property=\"og:url\" content=\"https:\/\/bahiaeconomica.com.br\/wp\/2023\/10\/25\/comitiva-da-prefeitura-vistoria-obras-e-discute-duplicacao-da-avenida-jorge-armado\/\" \/>\n<meta property=\"og:site_name\" content=\"Bahia Economica\" \/>\n<meta property=\"article:publisher\" content=\"https:\/\/www.facebook.com\/bahiaeconomica\" \/>\n<meta property=\"article:published_time\" content=\"2023-10-25T18:32:20+00:00\" \/>\n<meta property=\"article:modified_time\" content=\"2023-10-25T18:16:30+00:00\" \/>\n<meta property=\"og:image\" content=\"https:\/\/bahiaeconomica.com.br\/wp\/wp-content\/uploads\/2023\/10\/25_10_2023_Prefeito_Bruno_Reis_Vistoria_Obras_Imbui_e_Boca_Do_Rio_Fotos_Valter_Pontes_Secom_PMS-1.jpeg\" \/>\n\t<meta property=\"og:image:width\" content=\"1280\" \/>\n\t<meta property=\"og:image:height\" content=\"897\" \/>\n\t<meta property=\"og:image:type\" content=\"image\/jpeg\" \/>\n<meta name=\"author\" content=\"LUANA NEIVA\" \/>\n<meta name=\"twitter:card\" content=\"summary_large_image\" \/>\n<meta name=\"twitter:label1\" content=\"Escrito por\" \/>\n\t<meta name=\"twitter:data1\" content=\"LUANA NEIVA\" \/>\n\t<meta name=\"twitter:label2\" content=\"Est. tempo de leitura\" \/>\n\t<meta name=\"twitter:data2\" content=\"3 minutos\" \/>\n<script type=\"application\/ld+json\" class=\"yoast-schema-graph\">{\"@context\":\"https:\/\/schema.org\",\"@graph\":[{\"@type\":\"Article\",\"@id\":\"https:\/\/bahiaeconomica.com.br\/wp\/2023\/10\/25\/comitiva-da-prefeitura-vistoria-obras-e-discute-duplicacao-da-avenida-jorge-armado\/#article\",\"isPartOf\":{\"@id\":\"https:\/\/bahiaeconomica.com.br\/wp\/2023\/10\/25\/comitiva-da-prefeitura-vistoria-obras-e-discute-duplicacao-da-avenida-jorge-armado\/\"},\"author\":{\"name\":\"LUANA NEIVA\",\"@id\":\"https:\/\/bahiaeconomica.com.br\/wp\/#\/schema\/person\/1ce30764265540f754d66197c4212789\"},\"headline\":\"COMITIVA DA PREFEITURA VISTORIA OBRAS E DISCUTE DUPLICA\u00c7\u00c3O DA AVENIDA JORGE ARMADO\",\"datePublished\":\"2023-10-25T18:32:20+00:00\",\"dateModified\":\"2023-10-25T18:16:30+00:00\",\"mainEntityOfPage\":{\"@id\":\"https:\/\/bahiaeconomica.com.br\/wp\/2023\/10\/25\/comitiva-da-prefeitura-vistoria-obras-e-discute-duplicacao-da-avenida-jorge-armado\/\"},\"wordCount\":612,\"publisher\":{\"@id\":\"https:\/\/bahiaeconomica.com.br\/wp\/#organization\"},\"keywords\":[\"Jorge Amado\",\"prefeitura\",\"vistoria\"],\"articleSection\":[\"MUNIC\u00cdPIOS\"],\"inLanguage\":\"pt-BR\"},{\"@type\":\"WebPage\",\"@id\":\"https:\/\/bahiaeconomica.com.br\/wp\/2023\/10\/25\/comitiva-da-prefeitura-vistoria-obras-e-discute-duplicacao-da-avenida-jorge-armado\/\",\"url\":\"https:\/\/bahiaeconomica.com.br\/wp\/2023\/10\/25\/comitiva-da-prefeitura-vistoria-obras-e-discute-duplicacao-da-avenida-jorge-armado\/\",\"name\":\"COMITIVA DA PREFEITURA VISTORIA OBRAS E DISCUTE DUPLICA\u00c7\u00c3O DA AVENIDA JORGE ARMADO - Bahia Economica\",\"isPartOf\":{\"@id\":\"https:\/\/bahiaeconomica.com.br\/wp\/#website\"},\"datePublished\":\"2023-10-25T18:32:20+00:00\",\"dateModified\":\"2023-10-25T18:16:30+00:00\",\"description\":\"As obras alcan\u00e7ar\u00e3o 600 metros de extens\u00e3o da avenida, no trecho em que h\u00e1 uma pista de tr\u00e1fego em cada sentido, nos cruzamentos entre as ruas das Araras e Santo Ant\u00f4nio\",\"breadcrumb\":{\"@id\":\"https:\/\/bahiaeconomica.com.br\/wp\/2023\/10\/25\/comitiva-da-prefeitura-vistoria-obras-e-discute-duplicacao-da-avenida-jorge-armado\/#breadcrumb\"},\"inLanguage\":\"pt-BR\",\"potentialAction\":[{\"@type\":\"ReadAction\",\"target\":[\"https:\/\/bahiaeconomica.com.br\/wp\/2023\/10\/25\/comitiva-da-prefeitura-vistoria-obras-e-discute-duplicacao-da-avenida-jorge-armado\/\"]}]},{\"@type\":\"BreadcrumbList\",\"@id\":\"https:\/\/bahiaeconomica.com.br\/wp\/2023\/10\/25\/comitiva-da-prefeitura-vistoria-obras-e-discute-duplicacao-da-avenida-jorge-armado\/#breadcrumb\",\"itemListElement\":[{\"@type\":\"ListItem\",\"position\":1,\"name\":\"In\u00edcio\",\"item\":\"https:\/\/bahiaeconomica.com.br\/wp\/\"},{\"@type\":\"ListItem\",\"position\":2,\"name\":\"COMITIVA DA PREFEITURA VISTORIA OBRAS E DISCUTE DUPLICA\u00c7\u00c3O DA AVENIDA JORGE ARMADO\"}]},{\"@type\":\"WebSite\",\"@id\":\"https:\/\/bahiaeconomica.com.br\/wp\/#website\",\"url\":\"https:\/\/bahiaeconomica.com.br\/wp\/\",\"name\":\"Bahia Economica\",\"description\":\"O maior portal de Economia da Bahia\",\"publisher\":{\"@id\":\"https:\/\/bahiaeconomica.com.br\/wp\/#organization\"},\"potentialAction\":[{\"@type\":\"SearchAction\",\"target\":{\"@type\":\"EntryPoint\",\"urlTemplate\":\"https:\/\/bahiaeconomica.com.br\/wp\/?s={search_term_string}\"},\"query-input\":\"required name=search_term_string\"}],\"inLanguage\":\"pt-BR\"},{\"@type\":\"Organization\",\"@id\":\"https:\/\/bahiaeconomica.com.br\/wp\/#organization\",\"name\":\"Bahia Econ\u00f4mica\",\"url\":\"https:\/\/bahiaeconomica.com.br\/wp\/\",\"logo\":{\"@type\":\"ImageObject\",\"inLanguage\":\"pt-BR\",\"@id\":\"https:\/\/bahiaeconomica.com.br\/wp\/#\/schema\/logo\/image\/\",\"url\":\"https:\/\/bahiaeconomica.com.br\/wp\/wp-content\/uploads\/2020\/12\/cropped-BE.png\",\"contentUrl\":\"https:\/\/bahiaeconomica.com.br\/wp\/wp-content\/uploads\/2020\/12\/cropped-BE.png\",\"width\":512,\"height\":512,\"caption\":\"Bahia Econ\u00f4mica\"},\"image\":{\"@id\":\"https:\/\/bahiaeconomica.com.br\/wp\/#\/schema\/logo\/image\/\"},\"sameAs\":[\"https:\/\/www.facebook.com\/bahiaeconomica\"]},{\"@type\":\"Person\",\"@id\":\"https:\/\/bahiaeconomica.com.br\/wp\/#\/schema\/person\/1ce30764265540f754d66197c4212789\",\"name\":\"LUANA NEIVA\",\"sameAs\":[\"http:\/\/www.bahiaeconomica.com.br\"],\"url\":\"https:\/\/bahiaeconomica.com.br\/wp\/author\/luana-neiva\/\"}]}<\/script>\n<!-- \/ Yoast SEO plugin. -->","yoast_head_json":{"title":"COMITIVA DA PREFEITURA VISTORIA OBRAS E DISCUTE DUPLICA\u00c7\u00c3O DA AVENIDA JORGE ARMADO - Bahia Economica","description":"As obras alcan\u00e7ar\u00e3o 600 metros de extens\u00e3o da avenida, no trecho em que h\u00e1 uma pista de tr\u00e1fego em cada sentido, nos cruzamentos entre as ruas das Araras e Santo Ant\u00f4nio","robots":{"index":"index","follow":"follow","max-snippet":"max-snippet:-1","max-image-preview":"max-image-preview:large","max-video-preview":"max-video-preview:-1"},"canonical":"https:\/\/bahiaeconomica.com.br\/wp\/2023\/10\/25\/comitiva-da-prefeitura-vistoria-obras-e-discute-duplicacao-da-avenida-jorge-armado\/","og_locale":"pt_BR","og_type":"article","og_title":"COMITIVA DA PREFEITURA VISTORIA OBRAS E DISCUTE DUPLICA\u00c7\u00c3O DA AVENIDA JORGE ARMADO - Bahia Economica","og_description":"As obras alcan\u00e7ar\u00e3o 600 metros de extens\u00e3o da avenida, no trecho em que h\u00e1 uma pista de tr\u00e1fego em cada sentido, nos cruzamentos entre as ruas das Araras e Santo Ant\u00f4nio","og_url":"https:\/\/bahiaeconomica.com.br\/wp\/2023\/10\/25\/comitiva-da-prefeitura-vistoria-obras-e-discute-duplicacao-da-avenida-jorge-armado\/","og_site_name":"Bahia Economica","article_publisher":"https:\/\/www.facebook.com\/bahiaeconomica","article_published_time":"2023-10-25T18:32:20+00:00","article_modified_time":"2023-10-25T18:16:30+00:00","og_image":[{"width":1280,"height":897,"url":"https:\/\/bahiaeconomica.com.br\/wp\/wp-content\/uploads\/2023\/10\/25_10_2023_Prefeito_Bruno_Reis_Vistoria_Obras_Imbui_e_Boca_Do_Rio_Fotos_Valter_Pontes_Secom_PMS-1.jpeg","type":"image\/jpeg"}],"author":"LUANA NEIVA","twitter_card":"summary_large_image","twitter_misc":{"Escrito por":"LUANA NEIVA","Est. tempo de leitura":"3 minutos"},"schema":{"@context":"https:\/\/schema.org","@graph":[{"@type":"Article","@id":"https:\/\/bahiaeconomica.com.br\/wp\/2023\/10\/25\/comitiva-da-prefeitura-vistoria-obras-e-discute-duplicacao-da-avenida-jorge-armado\/#article","isPartOf":{"@id":"https:\/\/bahiaeconomica.com.br\/wp\/2023\/10\/25\/comitiva-da-prefeitura-vistoria-obras-e-discute-duplicacao-da-avenida-jorge-armado\/"},"author":{"name":"LUANA NEIVA","@id":"https:\/\/bahiaeconomica.com.br\/wp\/#\/schema\/person\/1ce30764265540f754d66197c4212789"},"headline":"COMITIVA DA PREFEITURA VISTORIA OBRAS E DISCUTE DUPLICA\u00c7\u00c3O DA AVENIDA JORGE ARMADO","datePublished":"2023-10-25T18:32:20+00:00","dateModified":"2023-10-25T18:16:30+00:00","mainEntityOfPage":{"@id":"https:\/\/bahiaeconomica.com.br\/wp\/2023\/10\/25\/comitiva-da-prefeitura-vistoria-obras-e-discute-duplicacao-da-avenida-jorge-armado\/"},"wordCount":612,"publisher":{"@id":"https:\/\/bahiaeconomica.com.br\/wp\/#organization"},"keywords":["Jorge Amado","prefeitura","vistoria"],"articleSection":["MUNIC\u00cdPIOS"],"inLanguage":"pt-BR"},{"@type":"WebPage","@id":"https:\/\/bahiaeconomica.com.br\/wp\/2023\/10\/25\/comitiva-da-prefeitura-vistoria-obras-e-discute-duplicacao-da-avenida-jorge-armado\/","url":"https:\/\/bahiaeconomica.com.br\/wp\/2023\/10\/25\/comitiva-da-prefeitura-vistoria-obras-e-discute-duplicacao-da-avenida-jorge-armado\/","name":"COMITIVA DA PREFEITURA VISTORIA OBRAS E DISCUTE DUPLICA\u00c7\u00c3O DA AVENIDA JORGE ARMADO - Bahia Economica","isPartOf":{"@id":"https:\/\/bahiaeconomica.com.br\/wp\/#website"},"datePublished":"2023-10-25T18:32:20+00:00","dateModified":"2023-10-25T18:16:30+00:00","description":"As obras alcan\u00e7ar\u00e3o 600 metros de extens\u00e3o da avenida, no trecho em que h\u00e1 uma pista de tr\u00e1fego em cada sentido, nos cruzamentos entre as ruas das Araras e Santo Ant\u00f4nio","breadcrumb":{"@id":"https:\/\/bahiaeconomica.com.br\/wp\/2023\/10\/25\/comitiva-da-prefeitura-vistoria-obras-e-discute-duplicacao-da-avenida-jorge-armado\/#breadcrumb"},"inLanguage":"pt-BR","potentialAction":[{"@type":"ReadAction","target":["https:\/\/bahiaeconomica.com.br\/wp\/2023\/10\/25\/comitiva-da-prefeitura-vistoria-obras-e-discute-duplicacao-da-avenida-jorge-armado\/"]}]},{"@type":"BreadcrumbList","@id":"https:\/\/bahiaeconomica.com.br\/wp\/2023\/10\/25\/comitiva-da-prefeitura-vistoria-obras-e-discute-duplicacao-da-avenida-jorge-armado\/#breadcrumb","itemListElement":[{"@type":"ListItem","position":1,"name":"In\u00edcio","item":"https:\/\/bahiaeconomica.com.br\/wp\/"},{"@type":"ListItem","position":2,"name":"COMITIVA DA PREFEITURA VISTORIA OBRAS E DISCUTE DUPLICA\u00c7\u00c3O DA AVENIDA JORGE ARMADO"}]},{"@type":"WebSite","@id":"https:\/\/bahiaeconomica.com.br\/wp\/#website","url":"https:\/\/bahiaeconomica.com.br\/wp\/","name":"Bahia Economica","description":"O maior portal de Economia da Bahia","publisher":{"@id":"https:\/\/bahiaeconomica.com.br\/wp\/#organization"},"potentialAction":[{"@type":"SearchAction","target":{"@type":"EntryPoint","urlTemplate":"https:\/\/bahiaeconomica.com.br\/wp\/?s={search_term_string}"},"query-input":"required name=search_term_string"}],"inLanguage":"pt-BR"},{"@type":"Organization","@id":"https:\/\/bahiaeconomica.com.br\/wp\/#organization","name":"Bahia Econ\u00f4mica","url":"https:\/\/bahiaeconomica.com.br\/wp\/","logo":{"@type":"ImageObject","inLanguage":"pt-BR","@id":"https:\/\/bahiaeconomica.com.br\/wp\/#\/schema\/logo\/image\/","url":"https:\/\/bahiaeconomica.com.br\/wp\/wp-content\/uploads\/2020\/12\/cropped-BE.png","contentUrl":"https:\/\/bahiaeconomica.com.br\/wp\/wp-content\/uploads\/2020\/12\/cropped-BE.png","width":512,"height":512,"caption":"Bahia Econ\u00f4mica"},"image":{"@id":"https:\/\/bahiaeconomica.com.br\/wp\/#\/schema\/logo\/image\/"},"sameAs":["https:\/\/www.facebook.com\/bahiaeconomica"]},{"@type":"Person","@id":"https:\/\/bahiaeconomica.com.br\/wp\/#\/schema\/person\/1ce30764265540f754d66197c4212789","name":"LUANA NEIVA","sameAs":["http:\/\/www.bahiaeconomica.com.br"],"url":"https:\/\/bahiaeconomica.com.br\/wp\/author\/luana-neiva\/"}]}},"views":28,"_links":{"self":[{"href":"https:\/\/bahiaeconomica.com.br\/wp\/wp-json\/wp\/v2\/posts\/772902"}],"collection":[{"href":"https:\/\/bahiaeconomica.com.br\/wp\/wp-json\/wp\/v2\/posts"}],"about":[{"href":"https:\/\/bahiaeconomica.com.br\/wp\/wp-json\/wp\/v2\/types\/post"}],"author":[{"embeddable":true,"href":"https:\/\/bahiaeconomica.com.br\/wp\/wp-json\/wp\/v2\/users\/17"}],"replies":[{"embeddable":true,"href":"https:\/\/bahiaeconomica.com.br\/wp\/wp-json\/wp\/v2\/comments?post=772902"}],"version-history":[{"count":1,"href":"https:\/\/bahiaeconomica.com.br\/wp\/wp-json\/wp\/v2\/posts\/772902\/revisions"}],"predecessor-version":[{"id":772904,"href":"https:\/\/bahiaeconomica.com.br\/wp\/wp-json\/wp\/v2\/posts\/772902\/revisions\/772904"}],"wp:featuredmedia":[{"embeddable":true,"href":"https:\/\/bahiaeconomica.com.br\/wp\/wp-json\/wp\/v2\/media\/772903"}],"wp:attachment":[{"href":"https:\/\/bahiaeconomica.com.br\/wp\/wp-json\/wp\/v2\/media?parent=772902"}],"wp:term":[{"taxonomy":"category","embeddable":true,"href":"https:\/\/bahiaeconomica.com.br\/wp\/wp-json\/wp\/v2\/categories?post=772902"},{"taxonomy":"post_tag","embeddable":true,"href":"https:\/\/bahiaeconomica.com.br\/wp\/wp-json\/wp\/v2\/tags?post=772902"}],"curies":[{"name":"wp","href":"https:\/\/api.w.org\/{rel}","templated":true}]}}