{"id":772746,"date":"2023-10-25T09:02:57","date_gmt":"2023-10-25T12:02:57","guid":{"rendered":"https:\/\/bahiaeconomica.com.br\/wp\/?p=772746"},"modified":"2023-10-25T09:23:07","modified_gmt":"2023-10-25T12:23:07","slug":"criadores-de-animais-relatam-prejuizo-de-mais-de-r-1-milhao-com-cancelamento-da-fenagro","status":"publish","type":"post","link":"https:\/\/bahiaeconomica.com.br\/wp\/2023\/10\/25\/criadores-de-animais-relatam-prejuizo-de-mais-de-r-1-milhao-com-cancelamento-da-fenagro\/","title":{"rendered":"CRIADORES DE ANIMAIS RELATAM PREJU\u00cdZO DE MAIS DE R$ 1 MILH\u00c3O COM CANCELAMENTO DA FENAGRO"},"content":{"rendered":"<p>Os membros das associa\u00e7\u00f5es de criadores de animais criticaram o an\u00fancio do cancelamento da 33\u00aa edi\u00e7\u00e3o da Feira Nacional da Agropecu\u00e1ria (Fenagro). Em entrevista ao Jornal Correio, o presidente da Associa\u00e7\u00e3o de Criadores de Cavalo Campolina da Bahia (ACCCBA), Nilton dos Anjos, o preju\u00edzo acumulado chega a R$ 1,1 milh\u00e3o.<\/p>\n<p>Diversos produtores investiram para estarem prontos para a feira em novembro. A ACCCBA estimava trazer 150 animais e pausaram a movimenta\u00e7\u00e3o de R$ 600 mil em neg\u00f3cios apostando que o leil\u00e3o do evento traria mais lucros. &#8220;Al\u00e9m do valor de neg\u00f3cios em torno de R$ 600 mil, com os gastos preparando os animais para o evento, numa estimativa de mais ou menos R$ 540 mil, teremos em torno de R$ 1,1 milh\u00e3o de preju\u00edzo&#8221;, explica Nilton.<\/p>\n<p>J\u00e1 a Associa\u00e7\u00e3o Baiana dos Criadores de Mangalarga (ABCM) vai deixar de trazer 70 animais que iram para o evento. Segundo o presidente da entidade, Thiago Faria, o custo por tr\u00e1s da prepara\u00e7\u00e3o para o projeto ir\u00e1 prejudicar tanto criadores quanto expositores. \u201cTerminou jogando fora toda a expectativa dos criadores e expositores que custearam tanto nesse per\u00edodo de pr\u00e9-exposi\u00e7\u00e3o para chegar praticamente na v\u00e9spera, que est\u00e1 faltando um m\u00eas, e receber essa not\u00edcia. Ent\u00e3o, a gente perde bastante possibilidades de eventos e neg\u00f3cios importantes\u201d, afirma.<\/p>\n<p>O an\u00fancio com a decis\u00e3o de cancelamento foi publicado pela Secretaria da Agricultura, Pecu\u00e1ria, Irriga\u00e7\u00e3o, Pesca e Aquicultura da Bahia (Seagri) nesta ter\u00e7a-feira (24), 22 dias depois de te confirmado, no \u00faltimo dia 3, que a feira seria realizada entre os dias 23 de novembro e 3 de dezembro.<\/p>\n<p>Em nota, o presidente da Federa\u00e7\u00e3o da Agricultura e Pecu\u00e1ria do Estado da Bahia (FAEB), Humberto Oliveira, al\u00e9m de destacar a surpresa com a not\u00edcia ap\u00f3s a confirma\u00e7\u00e3o da Seagri no in\u00edcio do m\u00eas, lamenta a decis\u00e3o e lembra do montante que deixar\u00e1 de ser movimentado no estado por conta da n\u00e3o realiza\u00e7\u00e3o da Fenagro. &#8220;Esperava-se, segundo expectativas dos \u00d3rg\u00e3os Governamentais, movimentar mais de R$ 150 milh\u00f5es em neg\u00f3cios na Fenagro 2023, al\u00e9m da parte de capacita\u00e7\u00e3o e dissemina\u00e7\u00e3o de conhecimento\u201d, conta.<\/p>\n<p>Thiago Faria resume a frustra\u00e7\u00e3o da categoria ao ressaltar que o evento est\u00e1 suspenso desde o per\u00edodo da pandemia de Covid-19: &#8220;\u00c9 muito triste essa not\u00edcia para a gente que est\u00e1 com a Fenagro desde a primeira edi\u00e7\u00e3o. Foram tr\u00eas anos da feira suspensa porque tivemos a pandemia e, ano passado, tamb\u00e9m foi cancelada. Esse ano, est\u00e1vamos com todo o intuito e expectativa de voltar para essa grande festa do agroneg\u00f3cio baiano e brasileiro\u201d.<\/p>\n<p>&#8220;A Seagri refor\u00e7a seu compromisso em seguir apoiando feiras e exposi\u00e7\u00f5es agropecu\u00e1rias por toda a Bahia, por entender a import\u00e2ncia dessas iniciativas para a agropecu\u00e1ria e a economia de nosso estado. Nesse sentido, ainda, informa que j\u00e1 iniciou as tratativas para, no pr\u00f3ximo ano, entregar uma edi\u00e7\u00e3o da Fenagro \u00e0 altura da tradi\u00e7\u00e3o do evento&#8221;, disse a secretaria em comunicado.<\/p>\n<p>Cr\u00e9dito: Divulga\u00e7\u00e3o<\/p>\n","protected":false},"excerpt":{"rendered":"<p>Os membros das associa\u00e7\u00f5es de criadores de animais criticaram o an\u00fancio do cancelamento da 33\u00aa edi\u00e7\u00e3o da Feira Nacional da Agropecu\u00e1ria (Fenagro). Em entrevista ao Jornal Correio, o presidente da Associa\u00e7\u00e3o de Criadores de Cavalo Campolina da Bahia (ACCCBA), Nilton dos Anjos, o preju\u00edzo acumulado chega a R$ 1,1 milh\u00e3o. Diversos produtores investiram para estarem [&hellip;]<\/p>\n","protected":false},"author":8,"featured_media":772747,"comment_status":"closed","ping_status":"closed","sticky":false,"template":"","format":"standard","meta":[],"categories":[14,3],"tags":[22040],"acf":[],"yoast_head":"<!-- This site is optimized with the Yoast SEO plugin v20.8 - https:\/\/yoast.com\/wordpress\/plugins\/seo\/ -->\n<title>CRIADORES DE ANIMAIS RELATAM PREJU\u00cdZO DE MAIS DE R$ 1 MILH\u00c3O COM CANCELAMENTO DA FENAGRO - Bahia Economica<\/title>\n<meta name=\"description\" content=\"O maior portal de Economia da Bahia DESTAQUE DO DIA, ECONOMIA \/ POL\u00cdTICA Bahia Economica\" \/>\n<meta name=\"robots\" content=\"index, follow, max-snippet:-1, max-image-preview:large, max-video-preview:-1\" \/>\n<link rel=\"canonical\" href=\"https:\/\/bahiaeconomica.com.br\/wp\/2023\/10\/25\/criadores-de-animais-relatam-prejuizo-de-mais-de-r-1-milhao-com-cancelamento-da-fenagro\/\" \/>\n<meta property=\"og:locale\" content=\"pt_BR\" \/>\n<meta property=\"og:type\" content=\"article\" \/>\n<meta property=\"og:title\" content=\"CRIADORES DE ANIMAIS RELATAM PREJU\u00cdZO DE MAIS DE R$ 1 MILH\u00c3O COM CANCELAMENTO DA FENAGRO - Bahia Economica\" \/>\n<meta property=\"og:description\" content=\"O maior portal de Economia da Bahia DESTAQUE DO DIA, ECONOMIA \/ POL\u00cdTICA Bahia Economica\" \/>\n<meta property=\"og:url\" content=\"https:\/\/bahiaeconomica.com.br\/wp\/2023\/10\/25\/criadores-de-animais-relatam-prejuizo-de-mais-de-r-1-milhao-com-cancelamento-da-fenagro\/\" \/>\n<meta property=\"og:site_name\" content=\"Bahia Economica\" \/>\n<meta property=\"article:publisher\" content=\"https:\/\/www.facebook.com\/bahiaeconomica\" \/>\n<meta property=\"article:published_time\" content=\"2023-10-25T12:02:57+00:00\" \/>\n<meta property=\"article:modified_time\" content=\"2023-10-25T12:23:07+00:00\" \/>\n<meta property=\"og:image\" content=\"https:\/\/bahiaeconomica.com.br\/wp\/wp-content\/uploads\/2023\/10\/fenagro.jpg\" \/>\n\t<meta property=\"og:image:width\" content=\"1200\" \/>\n\t<meta property=\"og:image:height\" content=\"800\" \/>\n\t<meta property=\"og:image:type\" content=\"image\/jpeg\" \/>\n<meta name=\"author\" content=\"JP\" \/>\n<meta name=\"twitter:card\" content=\"summary_large_image\" \/>\n<meta name=\"twitter:label1\" content=\"Escrito por\" \/>\n\t<meta name=\"twitter:data1\" content=\"JP\" \/>\n\t<meta name=\"twitter:label2\" content=\"Est. tempo de leitura\" \/>\n\t<meta name=\"twitter:data2\" content=\"3 minutos\" \/>\n<script type=\"application\/ld+json\" class=\"yoast-schema-graph\">{\"@context\":\"https:\/\/schema.org\",\"@graph\":[{\"@type\":\"Article\",\"@id\":\"https:\/\/bahiaeconomica.com.br\/wp\/2023\/10\/25\/criadores-de-animais-relatam-prejuizo-de-mais-de-r-1-milhao-com-cancelamento-da-fenagro\/#article\",\"isPartOf\":{\"@id\":\"https:\/\/bahiaeconomica.com.br\/wp\/2023\/10\/25\/criadores-de-animais-relatam-prejuizo-de-mais-de-r-1-milhao-com-cancelamento-da-fenagro\/\"},\"author\":{\"name\":\"JP\",\"@id\":\"https:\/\/bahiaeconomica.com.br\/wp\/#\/schema\/person\/c86d3a3f8960425a0f9d0e5245991f4e\"},\"headline\":\"CRIADORES DE ANIMAIS RELATAM PREJU\u00cdZO DE MAIS DE R$ 1 MILH\u00c3O COM CANCELAMENTO DA FENAGRO\",\"datePublished\":\"2023-10-25T12:02:57+00:00\",\"dateModified\":\"2023-10-25T12:23:07+00:00\",\"mainEntityOfPage\":{\"@id\":\"https:\/\/bahiaeconomica.com.br\/wp\/2023\/10\/25\/criadores-de-animais-relatam-prejuizo-de-mais-de-r-1-milhao-com-cancelamento-da-fenagro\/\"},\"wordCount\":542,\"publisher\":{\"@id\":\"https:\/\/bahiaeconomica.com.br\/wp\/#organization\"},\"keywords\":[\"Parque de Exposi\u00e7\u00f5es governo da Bahia Seagri Fenagro 30 anos Agropecu\u00e1ria\"],\"articleSection\":[\"DESTAQUE DO DIA\",\"ECONOMIA \/ POL\u00cdTICA\"],\"inLanguage\":\"pt-BR\"},{\"@type\":\"WebPage\",\"@id\":\"https:\/\/bahiaeconomica.com.br\/wp\/2023\/10\/25\/criadores-de-animais-relatam-prejuizo-de-mais-de-r-1-milhao-com-cancelamento-da-fenagro\/\",\"url\":\"https:\/\/bahiaeconomica.com.br\/wp\/2023\/10\/25\/criadores-de-animais-relatam-prejuizo-de-mais-de-r-1-milhao-com-cancelamento-da-fenagro\/\",\"name\":\"CRIADORES DE ANIMAIS RELATAM PREJU\u00cdZO DE MAIS DE R$ 1 MILH\u00c3O COM CANCELAMENTO DA FENAGRO - Bahia Economica\",\"isPartOf\":{\"@id\":\"https:\/\/bahiaeconomica.com.br\/wp\/#website\"},\"datePublished\":\"2023-10-25T12:02:57+00:00\",\"dateModified\":\"2023-10-25T12:23:07+00:00\",\"description\":\"O maior portal de Economia da Bahia DESTAQUE DO DIA, ECONOMIA \/ POL\u00cdTICA Bahia Economica\",\"breadcrumb\":{\"@id\":\"https:\/\/bahiaeconomica.com.br\/wp\/2023\/10\/25\/criadores-de-animais-relatam-prejuizo-de-mais-de-r-1-milhao-com-cancelamento-da-fenagro\/#breadcrumb\"},\"inLanguage\":\"pt-BR\",\"potentialAction\":[{\"@type\":\"ReadAction\",\"target\":[\"https:\/\/bahiaeconomica.com.br\/wp\/2023\/10\/25\/criadores-de-animais-relatam-prejuizo-de-mais-de-r-1-milhao-com-cancelamento-da-fenagro\/\"]}]},{\"@type\":\"BreadcrumbList\",\"@id\":\"https:\/\/bahiaeconomica.com.br\/wp\/2023\/10\/25\/criadores-de-animais-relatam-prejuizo-de-mais-de-r-1-milhao-com-cancelamento-da-fenagro\/#breadcrumb\",\"itemListElement\":[{\"@type\":\"ListItem\",\"position\":1,\"name\":\"In\u00edcio\",\"item\":\"https:\/\/bahiaeconomica.com.br\/wp\/\"},{\"@type\":\"ListItem\",\"position\":2,\"name\":\"CRIADORES DE ANIMAIS RELATAM PREJU\u00cdZO DE MAIS DE R$ 1 MILH\u00c3O COM CANCELAMENTO DA FENAGRO\"}]},{\"@type\":\"WebSite\",\"@id\":\"https:\/\/bahiaeconomica.com.br\/wp\/#website\",\"url\":\"https:\/\/bahiaeconomica.com.br\/wp\/\",\"name\":\"Bahia Economica\",\"description\":\"O maior portal de Economia da Bahia\",\"publisher\":{\"@id\":\"https:\/\/bahiaeconomica.com.br\/wp\/#organization\"},\"potentialAction\":[{\"@type\":\"SearchAction\",\"target\":{\"@type\":\"EntryPoint\",\"urlTemplate\":\"https:\/\/bahiaeconomica.com.br\/wp\/?s={search_term_string}\"},\"query-input\":\"required name=search_term_string\"}],\"inLanguage\":\"pt-BR\"},{\"@type\":\"Organization\",\"@id\":\"https:\/\/bahiaeconomica.com.br\/wp\/#organization\",\"name\":\"Bahia Econ\u00f4mica\",\"url\":\"https:\/\/bahiaeconomica.com.br\/wp\/\",\"logo\":{\"@type\":\"ImageObject\",\"inLanguage\":\"pt-BR\",\"@id\":\"https:\/\/bahiaeconomica.com.br\/wp\/#\/schema\/logo\/image\/\",\"url\":\"https:\/\/bahiaeconomica.com.br\/wp\/wp-content\/uploads\/2020\/12\/cropped-BE.png\",\"contentUrl\":\"https:\/\/bahiaeconomica.com.br\/wp\/wp-content\/uploads\/2020\/12\/cropped-BE.png\",\"width\":512,\"height\":512,\"caption\":\"Bahia Econ\u00f4mica\"},\"image\":{\"@id\":\"https:\/\/bahiaeconomica.com.br\/wp\/#\/schema\/logo\/image\/\"},\"sameAs\":[\"https:\/\/www.facebook.com\/bahiaeconomica\"]},{\"@type\":\"Person\",\"@id\":\"https:\/\/bahiaeconomica.com.br\/wp\/#\/schema\/person\/c86d3a3f8960425a0f9d0e5245991f4e\",\"name\":\"JP\",\"sameAs\":[\"https:\/\/bahiaeconomica.com.br\/wp\/beta\/\"],\"url\":\"https:\/\/bahiaeconomica.com.br\/wp\/author\/jp\/\"}]}<\/script>\n<!-- \/ Yoast SEO plugin. -->","yoast_head_json":{"title":"CRIADORES DE ANIMAIS RELATAM PREJU\u00cdZO DE MAIS DE R$ 1 MILH\u00c3O COM CANCELAMENTO DA FENAGRO - Bahia Economica","description":"O maior portal de Economia da Bahia DESTAQUE DO DIA, ECONOMIA \/ POL\u00cdTICA Bahia Economica","robots":{"index":"index","follow":"follow","max-snippet":"max-snippet:-1","max-image-preview":"max-image-preview:large","max-video-preview":"max-video-preview:-1"},"canonical":"https:\/\/bahiaeconomica.com.br\/wp\/2023\/10\/25\/criadores-de-animais-relatam-prejuizo-de-mais-de-r-1-milhao-com-cancelamento-da-fenagro\/","og_locale":"pt_BR","og_type":"article","og_title":"CRIADORES DE ANIMAIS RELATAM PREJU\u00cdZO DE MAIS DE R$ 1 MILH\u00c3O COM CANCELAMENTO DA FENAGRO - Bahia Economica","og_description":"O maior portal de Economia da Bahia DESTAQUE DO DIA, ECONOMIA \/ POL\u00cdTICA Bahia Economica","og_url":"https:\/\/bahiaeconomica.com.br\/wp\/2023\/10\/25\/criadores-de-animais-relatam-prejuizo-de-mais-de-r-1-milhao-com-cancelamento-da-fenagro\/","og_site_name":"Bahia Economica","article_publisher":"https:\/\/www.facebook.com\/bahiaeconomica","article_published_time":"2023-10-25T12:02:57+00:00","article_modified_time":"2023-10-25T12:23:07+00:00","og_image":[{"width":1200,"height":800,"url":"https:\/\/bahiaeconomica.com.br\/wp\/wp-content\/uploads\/2023\/10\/fenagro.jpg","type":"image\/jpeg"}],"author":"JP","twitter_card":"summary_large_image","twitter_misc":{"Escrito por":"JP","Est. tempo de leitura":"3 minutos"},"schema":{"@context":"https:\/\/schema.org","@graph":[{"@type":"Article","@id":"https:\/\/bahiaeconomica.com.br\/wp\/2023\/10\/25\/criadores-de-animais-relatam-prejuizo-de-mais-de-r-1-milhao-com-cancelamento-da-fenagro\/#article","isPartOf":{"@id":"https:\/\/bahiaeconomica.com.br\/wp\/2023\/10\/25\/criadores-de-animais-relatam-prejuizo-de-mais-de-r-1-milhao-com-cancelamento-da-fenagro\/"},"author":{"name":"JP","@id":"https:\/\/bahiaeconomica.com.br\/wp\/#\/schema\/person\/c86d3a3f8960425a0f9d0e5245991f4e"},"headline":"CRIADORES DE ANIMAIS RELATAM PREJU\u00cdZO DE MAIS DE R$ 1 MILH\u00c3O COM CANCELAMENTO DA FENAGRO","datePublished":"2023-10-25T12:02:57+00:00","dateModified":"2023-10-25T12:23:07+00:00","mainEntityOfPage":{"@id":"https:\/\/bahiaeconomica.com.br\/wp\/2023\/10\/25\/criadores-de-animais-relatam-prejuizo-de-mais-de-r-1-milhao-com-cancelamento-da-fenagro\/"},"wordCount":542,"publisher":{"@id":"https:\/\/bahiaeconomica.com.br\/wp\/#organization"},"keywords":["Parque de Exposi\u00e7\u00f5es governo da Bahia Seagri Fenagro 30 anos Agropecu\u00e1ria"],"articleSection":["DESTAQUE DO DIA","ECONOMIA \/ POL\u00cdTICA"],"inLanguage":"pt-BR"},{"@type":"WebPage","@id":"https:\/\/bahiaeconomica.com.br\/wp\/2023\/10\/25\/criadores-de-animais-relatam-prejuizo-de-mais-de-r-1-milhao-com-cancelamento-da-fenagro\/","url":"https:\/\/bahiaeconomica.com.br\/wp\/2023\/10\/25\/criadores-de-animais-relatam-prejuizo-de-mais-de-r-1-milhao-com-cancelamento-da-fenagro\/","name":"CRIADORES DE ANIMAIS RELATAM PREJU\u00cdZO DE MAIS DE R$ 1 MILH\u00c3O COM CANCELAMENTO DA FENAGRO - Bahia Economica","isPartOf":{"@id":"https:\/\/bahiaeconomica.com.br\/wp\/#website"},"datePublished":"2023-10-25T12:02:57+00:00","dateModified":"2023-10-25T12:23:07+00:00","description":"O maior portal de Economia da Bahia DESTAQUE DO DIA, ECONOMIA \/ POL\u00cdTICA Bahia Economica","breadcrumb":{"@id":"https:\/\/bahiaeconomica.com.br\/wp\/2023\/10\/25\/criadores-de-animais-relatam-prejuizo-de-mais-de-r-1-milhao-com-cancelamento-da-fenagro\/#breadcrumb"},"inLanguage":"pt-BR","potentialAction":[{"@type":"ReadAction","target":["https:\/\/bahiaeconomica.com.br\/wp\/2023\/10\/25\/criadores-de-animais-relatam-prejuizo-de-mais-de-r-1-milhao-com-cancelamento-da-fenagro\/"]}]},{"@type":"BreadcrumbList","@id":"https:\/\/bahiaeconomica.com.br\/wp\/2023\/10\/25\/criadores-de-animais-relatam-prejuizo-de-mais-de-r-1-milhao-com-cancelamento-da-fenagro\/#breadcrumb","itemListElement":[{"@type":"ListItem","position":1,"name":"In\u00edcio","item":"https:\/\/bahiaeconomica.com.br\/wp\/"},{"@type":"ListItem","position":2,"name":"CRIADORES DE ANIMAIS RELATAM PREJU\u00cdZO DE MAIS DE R$ 1 MILH\u00c3O COM CANCELAMENTO DA FENAGRO"}]},{"@type":"WebSite","@id":"https:\/\/bahiaeconomica.com.br\/wp\/#website","url":"https:\/\/bahiaeconomica.com.br\/wp\/","name":"Bahia Economica","description":"O maior portal de Economia da Bahia","publisher":{"@id":"https:\/\/bahiaeconomica.com.br\/wp\/#organization"},"potentialAction":[{"@type":"SearchAction","target":{"@type":"EntryPoint","urlTemplate":"https:\/\/bahiaeconomica.com.br\/wp\/?s={search_term_string}"},"query-input":"required name=search_term_string"}],"inLanguage":"pt-BR"},{"@type":"Organization","@id":"https:\/\/bahiaeconomica.com.br\/wp\/#organization","name":"Bahia Econ\u00f4mica","url":"https:\/\/bahiaeconomica.com.br\/wp\/","logo":{"@type":"ImageObject","inLanguage":"pt-BR","@id":"https:\/\/bahiaeconomica.com.br\/wp\/#\/schema\/logo\/image\/","url":"https:\/\/bahiaeconomica.com.br\/wp\/wp-content\/uploads\/2020\/12\/cropped-BE.png","contentUrl":"https:\/\/bahiaeconomica.com.br\/wp\/wp-content\/uploads\/2020\/12\/cropped-BE.png","width":512,"height":512,"caption":"Bahia Econ\u00f4mica"},"image":{"@id":"https:\/\/bahiaeconomica.com.br\/wp\/#\/schema\/logo\/image\/"},"sameAs":["https:\/\/www.facebook.com\/bahiaeconomica"]},{"@type":"Person","@id":"https:\/\/bahiaeconomica.com.br\/wp\/#\/schema\/person\/c86d3a3f8960425a0f9d0e5245991f4e","name":"JP","sameAs":["https:\/\/bahiaeconomica.com.br\/wp\/beta\/"],"url":"https:\/\/bahiaeconomica.com.br\/wp\/author\/jp\/"}]}},"views":88,"_links":{"self":[{"href":"https:\/\/bahiaeconomica.com.br\/wp\/wp-json\/wp\/v2\/posts\/772746"}],"collection":[{"href":"https:\/\/bahiaeconomica.com.br\/wp\/wp-json\/wp\/v2\/posts"}],"about":[{"href":"https:\/\/bahiaeconomica.com.br\/wp\/wp-json\/wp\/v2\/types\/post"}],"author":[{"embeddable":true,"href":"https:\/\/bahiaeconomica.com.br\/wp\/wp-json\/wp\/v2\/users\/8"}],"replies":[{"embeddable":true,"href":"https:\/\/bahiaeconomica.com.br\/wp\/wp-json\/wp\/v2\/comments?post=772746"}],"version-history":[{"count":1,"href":"https:\/\/bahiaeconomica.com.br\/wp\/wp-json\/wp\/v2\/posts\/772746\/revisions"}],"predecessor-version":[{"id":772750,"href":"https:\/\/bahiaeconomica.com.br\/wp\/wp-json\/wp\/v2\/posts\/772746\/revisions\/772750"}],"wp:featuredmedia":[{"embeddable":true,"href":"https:\/\/bahiaeconomica.com.br\/wp\/wp-json\/wp\/v2\/media\/772747"}],"wp:attachment":[{"href":"https:\/\/bahiaeconomica.com.br\/wp\/wp-json\/wp\/v2\/media?parent=772746"}],"wp:term":[{"taxonomy":"category","embeddable":true,"href":"https:\/\/bahiaeconomica.com.br\/wp\/wp-json\/wp\/v2\/categories?post=772746"},{"taxonomy":"post_tag","embeddable":true,"href":"https:\/\/bahiaeconomica.com.br\/wp\/wp-json\/wp\/v2\/tags?post=772746"}],"curies":[{"name":"wp","href":"https:\/\/api.w.org\/{rel}","templated":true}]}}