{"id":772261,"date":"2023-10-23T16:38:26","date_gmt":"2023-10-23T19:38:26","guid":{"rendered":"https:\/\/bahiaeconomica.com.br\/wp\/?p=772261"},"modified":"2023-10-23T17:00:00","modified_gmt":"2023-10-23T20:00:00","slug":"baiano-keno-marley-estreia-no-pan-americano-com-vitoria-e-medalha-no-boxe","status":"publish","type":"post","link":"https:\/\/bahiaeconomica.com.br\/wp\/2023\/10\/23\/baiano-keno-marley-estreia-no-pan-americano-com-vitoria-e-medalha-no-boxe\/","title":{"rendered":"BAIANO KENO MARLEY ESTREIA NO PAN-AMERICANO COM VIT\u00d3RIA E MEDALHA NO BOXE"},"content":{"rendered":"<p>O pugilista baiano Keno Marley entreou com vit\u00f3ria, no in\u00edcio da tarde desta segunda-feira (23), os Jogos Pan-Americanos de Santiago, no Chile, e garantiu presen\u00e7a na semifinal na categoria at\u00e9 92kg, ao vencer o equatoriano Marlon Hurtado, por pontos, ap\u00f3s tr\u00eas assaltos, em decis\u00e3o un\u00e2nime dos cinco jurados.<\/p>\n<p>Agora, Keno vai disputar uma vaga na final com a medalha de bronze garantida, j\u00e1 que no boxe n\u00e3o h\u00e1 disputa de terceiro lugar e os perdedores na semifinal j\u00e1 garantem a premia\u00e7\u00e3o.<\/p>\n<p>Nas semifinais dos Jogos Pan-Americanos, Keno Marley ir\u00e1 enfrentar o canadense Bryan Colwell, que sofreu para superar Yakita Aska, de Ant\u00edgua e Barbuda, em decis\u00e3o dividida dos jurados, pelas quartas de final. A outra semifinal ser\u00e1 entre o cubano J\u00falio C\u00e9sar Peraza e o equatoriano Julio C\u00e9sar Torres.<\/p>\n<p><strong>Foto: IBA\/Divulga\u00e7\u00e3o<\/strong><\/p>\n","protected":false},"excerpt":{"rendered":"<p>O pugilista baiano Keno Marley entreou com vit\u00f3ria, no in\u00edcio da tarde desta segunda-feira (23), os Jogos Pan-Americanos de Santiago, no Chile, e garantiu presen\u00e7a na semifinal na categoria at\u00e9 92kg, ao vencer o equatoriano Marlon Hurtado, por pontos, ap\u00f3s tr\u00eas assaltos, em decis\u00e3o un\u00e2nime dos cinco jurados. Agora, Keno vai disputar uma vaga na [&hellip;]<\/p>\n","protected":false},"author":18,"featured_media":772266,"comment_status":"closed","ping_status":"closed","sticky":false,"template":"","format":"standard","meta":[],"categories":[4486],"tags":[21967,1423,1007,21965,20332,11475,21966,20981],"acf":[],"yoast_head":"<!-- This site is optimized with the Yoast SEO plugin v20.8 - https:\/\/yoast.com\/wordpress\/plugins\/seo\/ -->\n<title>BAIANO KENO MARLEY ESTREIA NO PAN-AMERICANO COM VIT\u00d3RIA E MEDALHA NO BOXE - Bahia Economica<\/title>\n<meta name=\"description\" content=\"O maior portal de Economia da Bahia Esporte Bahia Economica O pugilista baiano Keno Marley entreou com vit\u00f3ria, no in\u00edcio da tarde desta\" \/>\n<meta name=\"robots\" content=\"index, follow, max-snippet:-1, max-image-preview:large, max-video-preview:-1\" \/>\n<link rel=\"canonical\" href=\"https:\/\/bahiaeconomica.com.br\/wp\/2023\/10\/23\/baiano-keno-marley-estreia-no-pan-americano-com-vitoria-e-medalha-no-boxe\/\" \/>\n<meta property=\"og:locale\" content=\"pt_BR\" \/>\n<meta property=\"og:type\" content=\"article\" \/>\n<meta property=\"og:title\" content=\"BAIANO KENO MARLEY ESTREIA NO PAN-AMERICANO COM VIT\u00d3RIA E MEDALHA NO BOXE - Bahia Economica\" \/>\n<meta property=\"og:description\" content=\"O maior portal de Economia da Bahia Esporte Bahia Economica O pugilista baiano Keno Marley entreou com vit\u00f3ria, no in\u00edcio da tarde desta\" \/>\n<meta property=\"og:url\" content=\"https:\/\/bahiaeconomica.com.br\/wp\/2023\/10\/23\/baiano-keno-marley-estreia-no-pan-americano-com-vitoria-e-medalha-no-boxe\/\" \/>\n<meta property=\"og:site_name\" content=\"Bahia Economica\" \/>\n<meta property=\"article:publisher\" content=\"https:\/\/www.facebook.com\/bahiaeconomica\" \/>\n<meta property=\"article:published_time\" content=\"2023-10-23T19:38:26+00:00\" \/>\n<meta property=\"article:modified_time\" content=\"2023-10-23T20:00:00+00:00\" \/>\n<meta property=\"og:image\" content=\"https:\/\/bahiaeconomica.com.br\/wp\/wp-content\/uploads\/2023\/10\/71e7a2af-d904-40f2-8a39-805412bdcbda.jpg\" \/>\n\t<meta property=\"og:image:width\" content=\"600\" \/>\n\t<meta property=\"og:image:height\" content=\"373\" \/>\n\t<meta property=\"og:image:type\" content=\"image\/jpeg\" \/>\n<meta name=\"author\" content=\"Emily Oliveira\" \/>\n<meta name=\"twitter:card\" content=\"summary_large_image\" \/>\n<meta name=\"twitter:label1\" content=\"Escrito por\" \/>\n\t<meta name=\"twitter:data1\" content=\"Emily Oliveira\" \/>\n\t<meta name=\"twitter:label2\" content=\"Est. tempo de leitura\" \/>\n\t<meta name=\"twitter:data2\" content=\"1 minuto\" \/>\n<script type=\"application\/ld+json\" class=\"yoast-schema-graph\">{\"@context\":\"https:\/\/schema.org\",\"@graph\":[{\"@type\":\"Article\",\"@id\":\"https:\/\/bahiaeconomica.com.br\/wp\/2023\/10\/23\/baiano-keno-marley-estreia-no-pan-americano-com-vitoria-e-medalha-no-boxe\/#article\",\"isPartOf\":{\"@id\":\"https:\/\/bahiaeconomica.com.br\/wp\/2023\/10\/23\/baiano-keno-marley-estreia-no-pan-americano-com-vitoria-e-medalha-no-boxe\/\"},\"author\":{\"name\":\"Emily Oliveira\",\"@id\":\"https:\/\/bahiaeconomica.com.br\/wp\/#\/schema\/person\/547396bb3b39ebb828ab5807d982c42f\"},\"headline\":\"BAIANO KENO MARLEY ESTREIA NO PAN-AMERICANO COM VIT\u00d3RIA E MEDALHA NO BOXE\",\"datePublished\":\"2023-10-23T19:38:26+00:00\",\"dateModified\":\"2023-10-23T20:00:00+00:00\",\"mainEntityOfPage\":{\"@id\":\"https:\/\/bahiaeconomica.com.br\/wp\/2023\/10\/23\/baiano-keno-marley-estreia-no-pan-americano-com-vitoria-e-medalha-no-boxe\/\"},\"wordCount\":159,\"publisher\":{\"@id\":\"https:\/\/bahiaeconomica.com.br\/wp\/#organization\"},\"keywords\":[\"box\",\"chile\",\"esporte\",\"keno marley\",\"medalha de bronze\",\"Pan-Americano\",\"pugilista baiano\",\"santiago\"],\"articleSection\":[\"Esporte\"],\"inLanguage\":\"pt-BR\"},{\"@type\":\"WebPage\",\"@id\":\"https:\/\/bahiaeconomica.com.br\/wp\/2023\/10\/23\/baiano-keno-marley-estreia-no-pan-americano-com-vitoria-e-medalha-no-boxe\/\",\"url\":\"https:\/\/bahiaeconomica.com.br\/wp\/2023\/10\/23\/baiano-keno-marley-estreia-no-pan-americano-com-vitoria-e-medalha-no-boxe\/\",\"name\":\"BAIANO KENO MARLEY ESTREIA NO PAN-AMERICANO COM VIT\u00d3RIA E MEDALHA NO BOXE - Bahia Economica\",\"isPartOf\":{\"@id\":\"https:\/\/bahiaeconomica.com.br\/wp\/#website\"},\"datePublished\":\"2023-10-23T19:38:26+00:00\",\"dateModified\":\"2023-10-23T20:00:00+00:00\",\"description\":\"O maior portal de Economia da Bahia Esporte Bahia Economica O pugilista baiano Keno Marley entreou com vit\u00f3ria, no in\u00edcio da tarde desta\",\"breadcrumb\":{\"@id\":\"https:\/\/bahiaeconomica.com.br\/wp\/2023\/10\/23\/baiano-keno-marley-estreia-no-pan-americano-com-vitoria-e-medalha-no-boxe\/#breadcrumb\"},\"inLanguage\":\"pt-BR\",\"potentialAction\":[{\"@type\":\"ReadAction\",\"target\":[\"https:\/\/bahiaeconomica.com.br\/wp\/2023\/10\/23\/baiano-keno-marley-estreia-no-pan-americano-com-vitoria-e-medalha-no-boxe\/\"]}]},{\"@type\":\"BreadcrumbList\",\"@id\":\"https:\/\/bahiaeconomica.com.br\/wp\/2023\/10\/23\/baiano-keno-marley-estreia-no-pan-americano-com-vitoria-e-medalha-no-boxe\/#breadcrumb\",\"itemListElement\":[{\"@type\":\"ListItem\",\"position\":1,\"name\":\"In\u00edcio\",\"item\":\"https:\/\/bahiaeconomica.com.br\/wp\/\"},{\"@type\":\"ListItem\",\"position\":2,\"name\":\"BAIANO KENO MARLEY ESTREIA NO PAN-AMERICANO COM VIT\u00d3RIA E MEDALHA NO BOXE\"}]},{\"@type\":\"WebSite\",\"@id\":\"https:\/\/bahiaeconomica.com.br\/wp\/#website\",\"url\":\"https:\/\/bahiaeconomica.com.br\/wp\/\",\"name\":\"Bahia Economica\",\"description\":\"O maior portal de Economia da Bahia\",\"publisher\":{\"@id\":\"https:\/\/bahiaeconomica.com.br\/wp\/#organization\"},\"potentialAction\":[{\"@type\":\"SearchAction\",\"target\":{\"@type\":\"EntryPoint\",\"urlTemplate\":\"https:\/\/bahiaeconomica.com.br\/wp\/?s={search_term_string}\"},\"query-input\":\"required name=search_term_string\"}],\"inLanguage\":\"pt-BR\"},{\"@type\":\"Organization\",\"@id\":\"https:\/\/bahiaeconomica.com.br\/wp\/#organization\",\"name\":\"Bahia Econ\u00f4mica\",\"url\":\"https:\/\/bahiaeconomica.com.br\/wp\/\",\"logo\":{\"@type\":\"ImageObject\",\"inLanguage\":\"pt-BR\",\"@id\":\"https:\/\/bahiaeconomica.com.br\/wp\/#\/schema\/logo\/image\/\",\"url\":\"https:\/\/bahiaeconomica.com.br\/wp\/wp-content\/uploads\/2020\/12\/cropped-BE.png\",\"contentUrl\":\"https:\/\/bahiaeconomica.com.br\/wp\/wp-content\/uploads\/2020\/12\/cropped-BE.png\",\"width\":512,\"height\":512,\"caption\":\"Bahia Econ\u00f4mica\"},\"image\":{\"@id\":\"https:\/\/bahiaeconomica.com.br\/wp\/#\/schema\/logo\/image\/\"},\"sameAs\":[\"https:\/\/www.facebook.com\/bahiaeconomica\"]},{\"@type\":\"Person\",\"@id\":\"https:\/\/bahiaeconomica.com.br\/wp\/#\/schema\/person\/547396bb3b39ebb828ab5807d982c42f\",\"name\":\"Emily Oliveira\",\"sameAs\":[\"https:\/\/bahiaeconomica.com.br\/wp\/\"],\"url\":\"https:\/\/bahiaeconomica.com.br\/wp\/author\/emily-oliveira\/\"}]}<\/script>\n<!-- \/ Yoast SEO plugin. -->","yoast_head_json":{"title":"BAIANO KENO MARLEY ESTREIA NO PAN-AMERICANO COM VIT\u00d3RIA E MEDALHA NO BOXE - Bahia Economica","description":"O maior portal de Economia da Bahia Esporte Bahia Economica O pugilista baiano Keno Marley entreou com vit\u00f3ria, no in\u00edcio da tarde desta","robots":{"index":"index","follow":"follow","max-snippet":"max-snippet:-1","max-image-preview":"max-image-preview:large","max-video-preview":"max-video-preview:-1"},"canonical":"https:\/\/bahiaeconomica.com.br\/wp\/2023\/10\/23\/baiano-keno-marley-estreia-no-pan-americano-com-vitoria-e-medalha-no-boxe\/","og_locale":"pt_BR","og_type":"article","og_title":"BAIANO KENO MARLEY ESTREIA NO PAN-AMERICANO COM VIT\u00d3RIA E MEDALHA NO BOXE - Bahia Economica","og_description":"O maior portal de Economia da Bahia Esporte Bahia Economica O pugilista baiano Keno Marley entreou com vit\u00f3ria, no in\u00edcio da tarde desta","og_url":"https:\/\/bahiaeconomica.com.br\/wp\/2023\/10\/23\/baiano-keno-marley-estreia-no-pan-americano-com-vitoria-e-medalha-no-boxe\/","og_site_name":"Bahia Economica","article_publisher":"https:\/\/www.facebook.com\/bahiaeconomica","article_published_time":"2023-10-23T19:38:26+00:00","article_modified_time":"2023-10-23T20:00:00+00:00","og_image":[{"width":600,"height":373,"url":"https:\/\/bahiaeconomica.com.br\/wp\/wp-content\/uploads\/2023\/10\/71e7a2af-d904-40f2-8a39-805412bdcbda.jpg","type":"image\/jpeg"}],"author":"Emily Oliveira","twitter_card":"summary_large_image","twitter_misc":{"Escrito por":"Emily Oliveira","Est. tempo de leitura":"1 minuto"},"schema":{"@context":"https:\/\/schema.org","@graph":[{"@type":"Article","@id":"https:\/\/bahiaeconomica.com.br\/wp\/2023\/10\/23\/baiano-keno-marley-estreia-no-pan-americano-com-vitoria-e-medalha-no-boxe\/#article","isPartOf":{"@id":"https:\/\/bahiaeconomica.com.br\/wp\/2023\/10\/23\/baiano-keno-marley-estreia-no-pan-americano-com-vitoria-e-medalha-no-boxe\/"},"author":{"name":"Emily Oliveira","@id":"https:\/\/bahiaeconomica.com.br\/wp\/#\/schema\/person\/547396bb3b39ebb828ab5807d982c42f"},"headline":"BAIANO KENO MARLEY ESTREIA NO PAN-AMERICANO COM VIT\u00d3RIA E MEDALHA NO BOXE","datePublished":"2023-10-23T19:38:26+00:00","dateModified":"2023-10-23T20:00:00+00:00","mainEntityOfPage":{"@id":"https:\/\/bahiaeconomica.com.br\/wp\/2023\/10\/23\/baiano-keno-marley-estreia-no-pan-americano-com-vitoria-e-medalha-no-boxe\/"},"wordCount":159,"publisher":{"@id":"https:\/\/bahiaeconomica.com.br\/wp\/#organization"},"keywords":["box","chile","esporte","keno marley","medalha de bronze","Pan-Americano","pugilista baiano","santiago"],"articleSection":["Esporte"],"inLanguage":"pt-BR"},{"@type":"WebPage","@id":"https:\/\/bahiaeconomica.com.br\/wp\/2023\/10\/23\/baiano-keno-marley-estreia-no-pan-americano-com-vitoria-e-medalha-no-boxe\/","url":"https:\/\/bahiaeconomica.com.br\/wp\/2023\/10\/23\/baiano-keno-marley-estreia-no-pan-americano-com-vitoria-e-medalha-no-boxe\/","name":"BAIANO KENO MARLEY ESTREIA NO PAN-AMERICANO COM VIT\u00d3RIA E MEDALHA NO BOXE - Bahia Economica","isPartOf":{"@id":"https:\/\/bahiaeconomica.com.br\/wp\/#website"},"datePublished":"2023-10-23T19:38:26+00:00","dateModified":"2023-10-23T20:00:00+00:00","description":"O maior portal de Economia da Bahia Esporte Bahia Economica O pugilista baiano Keno Marley entreou com vit\u00f3ria, no in\u00edcio da tarde desta","breadcrumb":{"@id":"https:\/\/bahiaeconomica.com.br\/wp\/2023\/10\/23\/baiano-keno-marley-estreia-no-pan-americano-com-vitoria-e-medalha-no-boxe\/#breadcrumb"},"inLanguage":"pt-BR","potentialAction":[{"@type":"ReadAction","target":["https:\/\/bahiaeconomica.com.br\/wp\/2023\/10\/23\/baiano-keno-marley-estreia-no-pan-americano-com-vitoria-e-medalha-no-boxe\/"]}]},{"@type":"BreadcrumbList","@id":"https:\/\/bahiaeconomica.com.br\/wp\/2023\/10\/23\/baiano-keno-marley-estreia-no-pan-americano-com-vitoria-e-medalha-no-boxe\/#breadcrumb","itemListElement":[{"@type":"ListItem","position":1,"name":"In\u00edcio","item":"https:\/\/bahiaeconomica.com.br\/wp\/"},{"@type":"ListItem","position":2,"name":"BAIANO KENO MARLEY ESTREIA NO PAN-AMERICANO COM VIT\u00d3RIA E MEDALHA NO BOXE"}]},{"@type":"WebSite","@id":"https:\/\/bahiaeconomica.com.br\/wp\/#website","url":"https:\/\/bahiaeconomica.com.br\/wp\/","name":"Bahia Economica","description":"O maior portal de Economia da Bahia","publisher":{"@id":"https:\/\/bahiaeconomica.com.br\/wp\/#organization"},"potentialAction":[{"@type":"SearchAction","target":{"@type":"EntryPoint","urlTemplate":"https:\/\/bahiaeconomica.com.br\/wp\/?s={search_term_string}"},"query-input":"required name=search_term_string"}],"inLanguage":"pt-BR"},{"@type":"Organization","@id":"https:\/\/bahiaeconomica.com.br\/wp\/#organization","name":"Bahia Econ\u00f4mica","url":"https:\/\/bahiaeconomica.com.br\/wp\/","logo":{"@type":"ImageObject","inLanguage":"pt-BR","@id":"https:\/\/bahiaeconomica.com.br\/wp\/#\/schema\/logo\/image\/","url":"https:\/\/bahiaeconomica.com.br\/wp\/wp-content\/uploads\/2020\/12\/cropped-BE.png","contentUrl":"https:\/\/bahiaeconomica.com.br\/wp\/wp-content\/uploads\/2020\/12\/cropped-BE.png","width":512,"height":512,"caption":"Bahia Econ\u00f4mica"},"image":{"@id":"https:\/\/bahiaeconomica.com.br\/wp\/#\/schema\/logo\/image\/"},"sameAs":["https:\/\/www.facebook.com\/bahiaeconomica"]},{"@type":"Person","@id":"https:\/\/bahiaeconomica.com.br\/wp\/#\/schema\/person\/547396bb3b39ebb828ab5807d982c42f","name":"Emily Oliveira","sameAs":["https:\/\/bahiaeconomica.com.br\/wp\/"],"url":"https:\/\/bahiaeconomica.com.br\/wp\/author\/emily-oliveira\/"}]}},"views":11,"_links":{"self":[{"href":"https:\/\/bahiaeconomica.com.br\/wp\/wp-json\/wp\/v2\/posts\/772261"}],"collection":[{"href":"https:\/\/bahiaeconomica.com.br\/wp\/wp-json\/wp\/v2\/posts"}],"about":[{"href":"https:\/\/bahiaeconomica.com.br\/wp\/wp-json\/wp\/v2\/types\/post"}],"author":[{"embeddable":true,"href":"https:\/\/bahiaeconomica.com.br\/wp\/wp-json\/wp\/v2\/users\/18"}],"replies":[{"embeddable":true,"href":"https:\/\/bahiaeconomica.com.br\/wp\/wp-json\/wp\/v2\/comments?post=772261"}],"version-history":[{"count":1,"href":"https:\/\/bahiaeconomica.com.br\/wp\/wp-json\/wp\/v2\/posts\/772261\/revisions"}],"predecessor-version":[{"id":772268,"href":"https:\/\/bahiaeconomica.com.br\/wp\/wp-json\/wp\/v2\/posts\/772261\/revisions\/772268"}],"wp:featuredmedia":[{"embeddable":true,"href":"https:\/\/bahiaeconomica.com.br\/wp\/wp-json\/wp\/v2\/media\/772266"}],"wp:attachment":[{"href":"https:\/\/bahiaeconomica.com.br\/wp\/wp-json\/wp\/v2\/media?parent=772261"}],"wp:term":[{"taxonomy":"category","embeddable":true,"href":"https:\/\/bahiaeconomica.com.br\/wp\/wp-json\/wp\/v2\/categories?post=772261"},{"taxonomy":"post_tag","embeddable":true,"href":"https:\/\/bahiaeconomica.com.br\/wp\/wp-json\/wp\/v2\/tags?post=772261"}],"curies":[{"name":"wp","href":"https:\/\/api.w.org\/{rel}","templated":true}]}}