{"id":772045,"date":"2023-10-23T08:57:15","date_gmt":"2023-10-23T11:57:15","guid":{"rendered":"https:\/\/bahiaeconomica.com.br\/wp\/?p=772045"},"modified":"2023-10-23T06:51:27","modified_gmt":"2023-10-23T09:51:27","slug":"bahia-recebe-feira-de-franquias-do-dia-27-ao-dia-29","status":"publish","type":"post","link":"https:\/\/bahiaeconomica.com.br\/wp\/2023\/10\/23\/bahia-recebe-feira-de-franquias-do-dia-27-ao-dia-29\/","title":{"rendered":"BAHIA RECEBE FEIRA DE FRANQUIAS DO DIA 27 AO DIA 29"},"content":{"rendered":"<p>O ramo do empreendedorismo \u00e9 um dos mais promissores no estado desde do fim da pandemia do covid-19. No segundo semestre, de acordo com a Associa\u00e7\u00e3o Brasileira de Franchising (ABF), o segmento faturou no estado mais de R$ 2 bilh\u00f5es. O engajamento da categoria, que enche os olhos de quem sonha em trabalhar com um neg\u00f3cio j\u00e1 formatado e consolidado no mercado, pode ser aproveitado atrav\u00e9s de boas negocia\u00e7\u00f5es na Feira da Franquia, que acontece de 27 a 29 de outubro, no Shopping Bela Vista, em Salvador.<\/p>\n<p>O evento traz para a capital baiana expositores do Brasil inteiro, que apresentam para o p\u00fablico franquias para os mais variados gostos e bolsos, com neg\u00f3cios de R$ 9 mil a cerca de R$ 1,2 milh\u00e3o. \u201cA Feira da Franquia ajuda a desmistificar a ideia de que franquia \u00e9 algo caro e inacess\u00edvel para a grande parcela da popula\u00e7\u00e3o. No evento, os participantes v\u00e3o conhecer modelos de neg\u00f3cios para todo tipo de empreendedor e investidor, al\u00e9m de assistirem palestras sobre grandes nomes do setor\u201d, explica o organizador da Feira, Arvid Auras.<\/p>\n<p>Para quem busca fazer um investimento inicial baixo no setor de franchising h\u00e1 op\u00e7\u00f5es como: Flairar, marca de aromatizantes de ambientes, que tem op\u00e7\u00f5es de investimento a partir de R$6.000, e a Abertura Legal, uma franquia de legaliza\u00e7\u00e3o de empresas e de contabilidade &#8211; com op\u00e7\u00f5es de investimentos a partir de R$10.000, entre outras empresas.<\/p>\n<p>A a\u00e7\u00e3o tamb\u00e9m ser\u00e1 espa\u00e7o para novas franquias se lan\u00e7arem no mercado, como as marcas baianas: Resoluta Laborat\u00f3rios, empresa focada em oferecer servi\u00e7os de excel\u00eancia em diagn\u00f3stico laboratorial; e Reativare, uma rede de academias terap\u00eauticas especializada em idosos e pessoas com necessidades de reabilita\u00e7\u00e3o f\u00edsica, motora e cognitiva. A FOGUERA BURGER, primeira micro-hamburgueria do planeta com autossufici\u00eancia energ\u00e9tica por operar com placas solares no teto e gerar sua pr\u00f3pria energia solar, \u00e9 mais um destaque que estar\u00e1 presente no evento.<\/p>\n","protected":false},"excerpt":{"rendered":"<p>O ramo do empreendedorismo \u00e9 um dos mais promissores no estado desde do fim da pandemia do covid-19. No segundo semestre, de acordo com a Associa\u00e7\u00e3o Brasileira de Franchising (ABF), o segmento faturou no estado mais de R$ 2 bilh\u00f5es. O engajamento da categoria, que enche os olhos de quem sonha em trabalhar com um [&hellip;]<\/p>\n","protected":false},"author":8,"featured_media":772046,"comment_status":"closed","ping_status":"closed","sticky":false,"template":"","format":"standard","meta":[],"categories":[7,14,3],"tags":[85,21932,100],"acf":[],"yoast_head":"<!-- This site is optimized with the Yoast SEO plugin v20.8 - https:\/\/yoast.com\/wordpress\/plugins\/seo\/ -->\n<title>BAHIA RECEBE FEIRA DE FRANQUIAS DO DIA 27 AO DIA 29 - Bahia Economica<\/title>\n<meta name=\"description\" content=\"O maior portal de Economia da Bahia BAHIA INVEST, DESTAQUE DO DIA, ECONOMIA \/ POL\u00cdTICA Bahia Economica O ramo do empreendedorismo \u00e9 um dos mais promissores no estado\" \/>\n<meta name=\"robots\" content=\"index, follow, max-snippet:-1, max-image-preview:large, max-video-preview:-1\" \/>\n<link rel=\"canonical\" href=\"https:\/\/bahiaeconomica.com.br\/wp\/2023\/10\/23\/bahia-recebe-feira-de-franquias-do-dia-27-ao-dia-29\/\" \/>\n<meta property=\"og:locale\" content=\"pt_BR\" \/>\n<meta property=\"og:type\" content=\"article\" \/>\n<meta property=\"og:title\" content=\"BAHIA RECEBE FEIRA DE FRANQUIAS DO DIA 27 AO DIA 29 - Bahia Economica\" \/>\n<meta property=\"og:description\" content=\"O maior portal de Economia da Bahia BAHIA INVEST, DESTAQUE DO DIA, ECONOMIA \/ POL\u00cdTICA Bahia Economica O ramo do empreendedorismo \u00e9 um dos mais promissores no estado\" \/>\n<meta property=\"og:url\" content=\"https:\/\/bahiaeconomica.com.br\/wp\/2023\/10\/23\/bahia-recebe-feira-de-franquias-do-dia-27-ao-dia-29\/\" \/>\n<meta property=\"og:site_name\" content=\"Bahia Economica\" \/>\n<meta property=\"article:publisher\" content=\"https:\/\/www.facebook.com\/bahiaeconomica\" \/>\n<meta property=\"article:published_time\" content=\"2023-10-23T11:57:15+00:00\" \/>\n<meta property=\"article:modified_time\" content=\"2023-10-23T09:51:27+00:00\" \/>\n<meta property=\"og:image\" content=\"https:\/\/bahiaeconomica.com.br\/wp\/wp-content\/uploads\/2023\/10\/f07c9ed2-eec8-45c0-848c-cf85a37bc316.jpg\" \/>\n\t<meta property=\"og:image:width\" content=\"600\" \/>\n\t<meta property=\"og:image:height\" content=\"450\" \/>\n\t<meta property=\"og:image:type\" content=\"image\/jpeg\" \/>\n<meta name=\"author\" content=\"JP\" \/>\n<meta name=\"twitter:card\" content=\"summary_large_image\" \/>\n<meta name=\"twitter:label1\" content=\"Escrito por\" \/>\n\t<meta name=\"twitter:data1\" content=\"JP\" \/>\n\t<meta name=\"twitter:label2\" content=\"Est. tempo de leitura\" \/>\n\t<meta name=\"twitter:data2\" content=\"2 minutos\" \/>\n<script type=\"application\/ld+json\" class=\"yoast-schema-graph\">{\"@context\":\"https:\/\/schema.org\",\"@graph\":[{\"@type\":\"Article\",\"@id\":\"https:\/\/bahiaeconomica.com.br\/wp\/2023\/10\/23\/bahia-recebe-feira-de-franquias-do-dia-27-ao-dia-29\/#article\",\"isPartOf\":{\"@id\":\"https:\/\/bahiaeconomica.com.br\/wp\/2023\/10\/23\/bahia-recebe-feira-de-franquias-do-dia-27-ao-dia-29\/\"},\"author\":{\"name\":\"JP\",\"@id\":\"https:\/\/bahiaeconomica.com.br\/wp\/#\/schema\/person\/c86d3a3f8960425a0f9d0e5245991f4e\"},\"headline\":\"BAHIA RECEBE FEIRA DE FRANQUIAS DO DIA 27 AO DIA 29\",\"datePublished\":\"2023-10-23T11:57:15+00:00\",\"dateModified\":\"2023-10-23T09:51:27+00:00\",\"mainEntityOfPage\":{\"@id\":\"https:\/\/bahiaeconomica.com.br\/wp\/2023\/10\/23\/bahia-recebe-feira-de-franquias-do-dia-27-ao-dia-29\/\"},\"wordCount\":345,\"publisher\":{\"@id\":\"https:\/\/bahiaeconomica.com.br\/wp\/#organization\"},\"keywords\":[\"Bahia\",\"franquia\",\"Pol\u00edtica\"],\"articleSection\":[\"BAHIA INVEST\",\"DESTAQUE DO DIA\",\"ECONOMIA \/ POL\u00cdTICA\"],\"inLanguage\":\"pt-BR\"},{\"@type\":\"WebPage\",\"@id\":\"https:\/\/bahiaeconomica.com.br\/wp\/2023\/10\/23\/bahia-recebe-feira-de-franquias-do-dia-27-ao-dia-29\/\",\"url\":\"https:\/\/bahiaeconomica.com.br\/wp\/2023\/10\/23\/bahia-recebe-feira-de-franquias-do-dia-27-ao-dia-29\/\",\"name\":\"BAHIA RECEBE FEIRA DE FRANQUIAS DO DIA 27 AO DIA 29 - Bahia Economica\",\"isPartOf\":{\"@id\":\"https:\/\/bahiaeconomica.com.br\/wp\/#website\"},\"datePublished\":\"2023-10-23T11:57:15+00:00\",\"dateModified\":\"2023-10-23T09:51:27+00:00\",\"description\":\"O maior portal de Economia da Bahia BAHIA INVEST, DESTAQUE DO DIA, ECONOMIA \/ POL\u00cdTICA Bahia Economica O ramo do empreendedorismo \u00e9 um dos mais promissores no estado\",\"breadcrumb\":{\"@id\":\"https:\/\/bahiaeconomica.com.br\/wp\/2023\/10\/23\/bahia-recebe-feira-de-franquias-do-dia-27-ao-dia-29\/#breadcrumb\"},\"inLanguage\":\"pt-BR\",\"potentialAction\":[{\"@type\":\"ReadAction\",\"target\":[\"https:\/\/bahiaeconomica.com.br\/wp\/2023\/10\/23\/bahia-recebe-feira-de-franquias-do-dia-27-ao-dia-29\/\"]}]},{\"@type\":\"BreadcrumbList\",\"@id\":\"https:\/\/bahiaeconomica.com.br\/wp\/2023\/10\/23\/bahia-recebe-feira-de-franquias-do-dia-27-ao-dia-29\/#breadcrumb\",\"itemListElement\":[{\"@type\":\"ListItem\",\"position\":1,\"name\":\"In\u00edcio\",\"item\":\"https:\/\/bahiaeconomica.com.br\/wp\/\"},{\"@type\":\"ListItem\",\"position\":2,\"name\":\"BAHIA RECEBE FEIRA DE FRANQUIAS DO DIA 27 AO DIA 29\"}]},{\"@type\":\"WebSite\",\"@id\":\"https:\/\/bahiaeconomica.com.br\/wp\/#website\",\"url\":\"https:\/\/bahiaeconomica.com.br\/wp\/\",\"name\":\"Bahia Economica\",\"description\":\"O maior portal de Economia da Bahia\",\"publisher\":{\"@id\":\"https:\/\/bahiaeconomica.com.br\/wp\/#organization\"},\"potentialAction\":[{\"@type\":\"SearchAction\",\"target\":{\"@type\":\"EntryPoint\",\"urlTemplate\":\"https:\/\/bahiaeconomica.com.br\/wp\/?s={search_term_string}\"},\"query-input\":\"required name=search_term_string\"}],\"inLanguage\":\"pt-BR\"},{\"@type\":\"Organization\",\"@id\":\"https:\/\/bahiaeconomica.com.br\/wp\/#organization\",\"name\":\"Bahia Econ\u00f4mica\",\"url\":\"https:\/\/bahiaeconomica.com.br\/wp\/\",\"logo\":{\"@type\":\"ImageObject\",\"inLanguage\":\"pt-BR\",\"@id\":\"https:\/\/bahiaeconomica.com.br\/wp\/#\/schema\/logo\/image\/\",\"url\":\"https:\/\/bahiaeconomica.com.br\/wp\/wp-content\/uploads\/2020\/12\/cropped-BE.png\",\"contentUrl\":\"https:\/\/bahiaeconomica.com.br\/wp\/wp-content\/uploads\/2020\/12\/cropped-BE.png\",\"width\":512,\"height\":512,\"caption\":\"Bahia Econ\u00f4mica\"},\"image\":{\"@id\":\"https:\/\/bahiaeconomica.com.br\/wp\/#\/schema\/logo\/image\/\"},\"sameAs\":[\"https:\/\/www.facebook.com\/bahiaeconomica\"]},{\"@type\":\"Person\",\"@id\":\"https:\/\/bahiaeconomica.com.br\/wp\/#\/schema\/person\/c86d3a3f8960425a0f9d0e5245991f4e\",\"name\":\"JP\",\"sameAs\":[\"https:\/\/bahiaeconomica.com.br\/wp\/beta\/\"],\"url\":\"https:\/\/bahiaeconomica.com.br\/wp\/author\/jp\/\"}]}<\/script>\n<!-- \/ Yoast SEO plugin. -->","yoast_head_json":{"title":"BAHIA RECEBE FEIRA DE FRANQUIAS DO DIA 27 AO DIA 29 - Bahia Economica","description":"O maior portal de Economia da Bahia BAHIA INVEST, DESTAQUE DO DIA, ECONOMIA \/ POL\u00cdTICA Bahia Economica O ramo do empreendedorismo \u00e9 um dos mais promissores no estado","robots":{"index":"index","follow":"follow","max-snippet":"max-snippet:-1","max-image-preview":"max-image-preview:large","max-video-preview":"max-video-preview:-1"},"canonical":"https:\/\/bahiaeconomica.com.br\/wp\/2023\/10\/23\/bahia-recebe-feira-de-franquias-do-dia-27-ao-dia-29\/","og_locale":"pt_BR","og_type":"article","og_title":"BAHIA RECEBE FEIRA DE FRANQUIAS DO DIA 27 AO DIA 29 - Bahia Economica","og_description":"O maior portal de Economia da Bahia BAHIA INVEST, DESTAQUE DO DIA, ECONOMIA \/ POL\u00cdTICA Bahia Economica O ramo do empreendedorismo \u00e9 um dos mais promissores no estado","og_url":"https:\/\/bahiaeconomica.com.br\/wp\/2023\/10\/23\/bahia-recebe-feira-de-franquias-do-dia-27-ao-dia-29\/","og_site_name":"Bahia Economica","article_publisher":"https:\/\/www.facebook.com\/bahiaeconomica","article_published_time":"2023-10-23T11:57:15+00:00","article_modified_time":"2023-10-23T09:51:27+00:00","og_image":[{"width":600,"height":450,"url":"https:\/\/bahiaeconomica.com.br\/wp\/wp-content\/uploads\/2023\/10\/f07c9ed2-eec8-45c0-848c-cf85a37bc316.jpg","type":"image\/jpeg"}],"author":"JP","twitter_card":"summary_large_image","twitter_misc":{"Escrito por":"JP","Est. tempo de leitura":"2 minutos"},"schema":{"@context":"https:\/\/schema.org","@graph":[{"@type":"Article","@id":"https:\/\/bahiaeconomica.com.br\/wp\/2023\/10\/23\/bahia-recebe-feira-de-franquias-do-dia-27-ao-dia-29\/#article","isPartOf":{"@id":"https:\/\/bahiaeconomica.com.br\/wp\/2023\/10\/23\/bahia-recebe-feira-de-franquias-do-dia-27-ao-dia-29\/"},"author":{"name":"JP","@id":"https:\/\/bahiaeconomica.com.br\/wp\/#\/schema\/person\/c86d3a3f8960425a0f9d0e5245991f4e"},"headline":"BAHIA RECEBE FEIRA DE FRANQUIAS DO DIA 27 AO DIA 29","datePublished":"2023-10-23T11:57:15+00:00","dateModified":"2023-10-23T09:51:27+00:00","mainEntityOfPage":{"@id":"https:\/\/bahiaeconomica.com.br\/wp\/2023\/10\/23\/bahia-recebe-feira-de-franquias-do-dia-27-ao-dia-29\/"},"wordCount":345,"publisher":{"@id":"https:\/\/bahiaeconomica.com.br\/wp\/#organization"},"keywords":["Bahia","franquia","Pol\u00edtica"],"articleSection":["BAHIA INVEST","DESTAQUE DO DIA","ECONOMIA \/ POL\u00cdTICA"],"inLanguage":"pt-BR"},{"@type":"WebPage","@id":"https:\/\/bahiaeconomica.com.br\/wp\/2023\/10\/23\/bahia-recebe-feira-de-franquias-do-dia-27-ao-dia-29\/","url":"https:\/\/bahiaeconomica.com.br\/wp\/2023\/10\/23\/bahia-recebe-feira-de-franquias-do-dia-27-ao-dia-29\/","name":"BAHIA RECEBE FEIRA DE FRANQUIAS DO DIA 27 AO DIA 29 - Bahia Economica","isPartOf":{"@id":"https:\/\/bahiaeconomica.com.br\/wp\/#website"},"datePublished":"2023-10-23T11:57:15+00:00","dateModified":"2023-10-23T09:51:27+00:00","description":"O maior portal de Economia da Bahia BAHIA INVEST, DESTAQUE DO DIA, ECONOMIA \/ POL\u00cdTICA Bahia Economica O ramo do empreendedorismo \u00e9 um dos mais promissores no estado","breadcrumb":{"@id":"https:\/\/bahiaeconomica.com.br\/wp\/2023\/10\/23\/bahia-recebe-feira-de-franquias-do-dia-27-ao-dia-29\/#breadcrumb"},"inLanguage":"pt-BR","potentialAction":[{"@type":"ReadAction","target":["https:\/\/bahiaeconomica.com.br\/wp\/2023\/10\/23\/bahia-recebe-feira-de-franquias-do-dia-27-ao-dia-29\/"]}]},{"@type":"BreadcrumbList","@id":"https:\/\/bahiaeconomica.com.br\/wp\/2023\/10\/23\/bahia-recebe-feira-de-franquias-do-dia-27-ao-dia-29\/#breadcrumb","itemListElement":[{"@type":"ListItem","position":1,"name":"In\u00edcio","item":"https:\/\/bahiaeconomica.com.br\/wp\/"},{"@type":"ListItem","position":2,"name":"BAHIA RECEBE FEIRA DE FRANQUIAS DO DIA 27 AO DIA 29"}]},{"@type":"WebSite","@id":"https:\/\/bahiaeconomica.com.br\/wp\/#website","url":"https:\/\/bahiaeconomica.com.br\/wp\/","name":"Bahia Economica","description":"O maior portal de Economia da Bahia","publisher":{"@id":"https:\/\/bahiaeconomica.com.br\/wp\/#organization"},"potentialAction":[{"@type":"SearchAction","target":{"@type":"EntryPoint","urlTemplate":"https:\/\/bahiaeconomica.com.br\/wp\/?s={search_term_string}"},"query-input":"required name=search_term_string"}],"inLanguage":"pt-BR"},{"@type":"Organization","@id":"https:\/\/bahiaeconomica.com.br\/wp\/#organization","name":"Bahia Econ\u00f4mica","url":"https:\/\/bahiaeconomica.com.br\/wp\/","logo":{"@type":"ImageObject","inLanguage":"pt-BR","@id":"https:\/\/bahiaeconomica.com.br\/wp\/#\/schema\/logo\/image\/","url":"https:\/\/bahiaeconomica.com.br\/wp\/wp-content\/uploads\/2020\/12\/cropped-BE.png","contentUrl":"https:\/\/bahiaeconomica.com.br\/wp\/wp-content\/uploads\/2020\/12\/cropped-BE.png","width":512,"height":512,"caption":"Bahia Econ\u00f4mica"},"image":{"@id":"https:\/\/bahiaeconomica.com.br\/wp\/#\/schema\/logo\/image\/"},"sameAs":["https:\/\/www.facebook.com\/bahiaeconomica"]},{"@type":"Person","@id":"https:\/\/bahiaeconomica.com.br\/wp\/#\/schema\/person\/c86d3a3f8960425a0f9d0e5245991f4e","name":"JP","sameAs":["https:\/\/bahiaeconomica.com.br\/wp\/beta\/"],"url":"https:\/\/bahiaeconomica.com.br\/wp\/author\/jp\/"}]}},"views":383,"_links":{"self":[{"href":"https:\/\/bahiaeconomica.com.br\/wp\/wp-json\/wp\/v2\/posts\/772045"}],"collection":[{"href":"https:\/\/bahiaeconomica.com.br\/wp\/wp-json\/wp\/v2\/posts"}],"about":[{"href":"https:\/\/bahiaeconomica.com.br\/wp\/wp-json\/wp\/v2\/types\/post"}],"author":[{"embeddable":true,"href":"https:\/\/bahiaeconomica.com.br\/wp\/wp-json\/wp\/v2\/users\/8"}],"replies":[{"embeddable":true,"href":"https:\/\/bahiaeconomica.com.br\/wp\/wp-json\/wp\/v2\/comments?post=772045"}],"version-history":[{"count":1,"href":"https:\/\/bahiaeconomica.com.br\/wp\/wp-json\/wp\/v2\/posts\/772045\/revisions"}],"predecessor-version":[{"id":772047,"href":"https:\/\/bahiaeconomica.com.br\/wp\/wp-json\/wp\/v2\/posts\/772045\/revisions\/772047"}],"wp:featuredmedia":[{"embeddable":true,"href":"https:\/\/bahiaeconomica.com.br\/wp\/wp-json\/wp\/v2\/media\/772046"}],"wp:attachment":[{"href":"https:\/\/bahiaeconomica.com.br\/wp\/wp-json\/wp\/v2\/media?parent=772045"}],"wp:term":[{"taxonomy":"category","embeddable":true,"href":"https:\/\/bahiaeconomica.com.br\/wp\/wp-json\/wp\/v2\/categories?post=772045"},{"taxonomy":"post_tag","embeddable":true,"href":"https:\/\/bahiaeconomica.com.br\/wp\/wp-json\/wp\/v2\/tags?post=772045"}],"curies":[{"name":"wp","href":"https:\/\/api.w.org\/{rel}","templated":true}]}}