{"id":771646,"date":"2023-10-20T07:00:43","date_gmt":"2023-10-20T10:00:43","guid":{"rendered":"https:\/\/bahiaeconomica.com.br\/wp\/?p=771646"},"modified":"2023-10-20T06:54:32","modified_gmt":"2023-10-20T09:54:32","slug":"verao-salvador-espera-receber-34-milhoes-de-visitantes-e-promete-muita-festa-e-alegria","status":"publish","type":"post","link":"https:\/\/bahiaeconomica.com.br\/wp\/2023\/10\/20\/verao-salvador-espera-receber-34-milhoes-de-visitantes-e-promete-muita-festa-e-alegria\/","title":{"rendered":"VER\u00c3O: SALVADOR ESPERA RECEBER 3,4 MILH\u00d5ES DE VISITANTES E PROMETE MUITA FESTA E ALEGRIA"},"content":{"rendered":"<p>O Ver\u00e3o sem d\u00favidas \u00e9 a esta\u00e7\u00e3o do ano mais esperada para quem trabalha com turismo na capital. Segundo proje\u00e7\u00e3o da Secretaria Municipal de Cultura e Turismo (Secult) o ver\u00e3o de 2024 deve concretizar a retomada do setor. No per\u00edodo, Salvador espera receber 3,4 milh\u00f5es de visitantes com di\u00e1rias que chegam a ficar 80% mais caras.<\/p>\n<p>Para demarcar a posi\u00e7\u00e3o da capital baiana como destino desejado em todo o pa\u00eds, a prefeitura da cidade lan\u00e7ou o Festival Virada Salvador 2024 em um evento em S\u00e3o Paulo. A programa\u00e7\u00e3o da festa de r\u00e9veillon, que tradicionalmente ocorre na Boca do Rio, ter\u00e1 12 horas ininterruptas de m\u00fasicas e mais de 485 artistas entre os dias 28 de dezembro e 1\u00ba de janeiro. O prefeito Bruno Reis tamb\u00e9m anunciou o Viva Ver\u00e3o Salvador, encontro de grandes nomes da m\u00fasica nacional que acontecer\u00e1 depois do Carnaval, mas que ainda n\u00e3o teve detalhes divulgados.<\/p>\n<p>As divulga\u00e7\u00f5es realizadas no centro financeiro do pa\u00eds t\u00eam como objetivo atrair investimentos de patrocinadores que tornem as festas sustent\u00e1veis e visitantes, como explica Pedro Tourinho, secret\u00e1rio \u00e0 frente da Secult. \u201cNosso esfor\u00e7o \u00e9 para divulgar as programa\u00e7\u00f5es o quanto antes. Assim as pessoas t\u00eam tempo para se programar, ent\u00e3o estamos cada vez mais puxando para mais cedo esse trabalho que demanda muita articula\u00e7\u00e3o\u201d, afirma em entrevista ao Jornal Correio.<\/p>\n<p>Portal : https:\/\/www.melhoresdestinos.com.br\/aeroporto-salvador.html<\/p>\n","protected":false},"excerpt":{"rendered":"<p>O Ver\u00e3o sem d\u00favidas \u00e9 a esta\u00e7\u00e3o do ano mais esperada para quem trabalha com turismo na capital. Segundo proje\u00e7\u00e3o da Secretaria Municipal de Cultura e Turismo (Secult) o ver\u00e3o de 2024 deve concretizar a retomada do setor. No per\u00edodo, Salvador espera receber 3,4 milh\u00f5es de visitantes com di\u00e1rias que chegam a ficar 80% mais [&hellip;]<\/p>\n","protected":false},"author":8,"featured_media":771647,"comment_status":"closed","ping_status":"closed","sticky":false,"template":"","format":"standard","meta":[],"categories":[14,3],"tags":[85,100,2097,442],"acf":[],"yoast_head":"<!-- This site is optimized with the Yoast SEO plugin v20.8 - https:\/\/yoast.com\/wordpress\/plugins\/seo\/ -->\n<title>VER\u00c3O: SALVADOR ESPERA RECEBER 3,4 MILH\u00d5ES DE VISITANTES E PROMETE MUITA FESTA E ALEGRIA - Bahia Economica<\/title>\n<meta name=\"description\" content=\"O maior portal de Economia da Bahia DESTAQUE DO DIA, ECONOMIA \/ POL\u00cdTICA Bahia Economica O Ver\u00e3o sem d\u00favidas \u00e9 a esta\u00e7\u00e3o do ano mais esperada para quem\" \/>\n<meta name=\"robots\" content=\"index, follow, max-snippet:-1, max-image-preview:large, max-video-preview:-1\" \/>\n<link rel=\"canonical\" href=\"https:\/\/bahiaeconomica.com.br\/wp\/2023\/10\/20\/verao-salvador-espera-receber-34-milhoes-de-visitantes-e-promete-muita-festa-e-alegria\/\" \/>\n<meta property=\"og:locale\" content=\"pt_BR\" \/>\n<meta property=\"og:type\" content=\"article\" \/>\n<meta property=\"og:title\" content=\"VER\u00c3O: SALVADOR ESPERA RECEBER 3,4 MILH\u00d5ES DE VISITANTES E PROMETE MUITA FESTA E ALEGRIA - Bahia Economica\" \/>\n<meta property=\"og:description\" content=\"O maior portal de Economia da Bahia DESTAQUE DO DIA, ECONOMIA \/ POL\u00cdTICA Bahia Economica O Ver\u00e3o sem d\u00favidas \u00e9 a esta\u00e7\u00e3o do ano mais esperada para quem\" \/>\n<meta property=\"og:url\" content=\"https:\/\/bahiaeconomica.com.br\/wp\/2023\/10\/20\/verao-salvador-espera-receber-34-milhoes-de-visitantes-e-promete-muita-festa-e-alegria\/\" \/>\n<meta property=\"og:site_name\" content=\"Bahia Economica\" \/>\n<meta property=\"article:publisher\" content=\"https:\/\/www.facebook.com\/bahiaeconomica\" \/>\n<meta property=\"article:published_time\" content=\"2023-10-20T10:00:43+00:00\" \/>\n<meta property=\"article:modified_time\" content=\"2023-10-20T09:54:32+00:00\" \/>\n<meta property=\"og:image\" content=\"https:\/\/bahiaeconomica.com.br\/wp\/wp-content\/uploads\/2023\/10\/aeroporto-salvador-check-in-scaled-1.jpeg\" \/>\n\t<meta property=\"og:image:width\" content=\"2560\" \/>\n\t<meta property=\"og:image:height\" content=\"1920\" \/>\n\t<meta property=\"og:image:type\" content=\"image\/jpeg\" \/>\n<meta name=\"author\" content=\"JP\" \/>\n<meta name=\"twitter:card\" content=\"summary_large_image\" \/>\n<meta name=\"twitter:label1\" content=\"Escrito por\" \/>\n\t<meta name=\"twitter:data1\" content=\"JP\" \/>\n\t<meta name=\"twitter:label2\" content=\"Est. tempo de leitura\" \/>\n\t<meta name=\"twitter:data2\" content=\"2 minutos\" \/>\n<script type=\"application\/ld+json\" class=\"yoast-schema-graph\">{\"@context\":\"https:\/\/schema.org\",\"@graph\":[{\"@type\":\"Article\",\"@id\":\"https:\/\/bahiaeconomica.com.br\/wp\/2023\/10\/20\/verao-salvador-espera-receber-34-milhoes-de-visitantes-e-promete-muita-festa-e-alegria\/#article\",\"isPartOf\":{\"@id\":\"https:\/\/bahiaeconomica.com.br\/wp\/2023\/10\/20\/verao-salvador-espera-receber-34-milhoes-de-visitantes-e-promete-muita-festa-e-alegria\/\"},\"author\":{\"name\":\"JP\",\"@id\":\"https:\/\/bahiaeconomica.com.br\/wp\/#\/schema\/person\/c86d3a3f8960425a0f9d0e5245991f4e\"},\"headline\":\"VER\u00c3O: SALVADOR ESPERA RECEBER 3,4 MILH\u00d5ES DE VISITANTES E PROMETE MUITA FESTA E ALEGRIA\",\"datePublished\":\"2023-10-20T10:00:43+00:00\",\"dateModified\":\"2023-10-20T09:54:32+00:00\",\"mainEntityOfPage\":{\"@id\":\"https:\/\/bahiaeconomica.com.br\/wp\/2023\/10\/20\/verao-salvador-espera-receber-34-milhoes-de-visitantes-e-promete-muita-festa-e-alegria\/\"},\"wordCount\":260,\"publisher\":{\"@id\":\"https:\/\/bahiaeconomica.com.br\/wp\/#organization\"},\"keywords\":[\"Bahia\",\"Pol\u00edtica\",\"setor\",\"Turismo\"],\"articleSection\":[\"DESTAQUE DO DIA\",\"ECONOMIA \/ POL\u00cdTICA\"],\"inLanguage\":\"pt-BR\"},{\"@type\":\"WebPage\",\"@id\":\"https:\/\/bahiaeconomica.com.br\/wp\/2023\/10\/20\/verao-salvador-espera-receber-34-milhoes-de-visitantes-e-promete-muita-festa-e-alegria\/\",\"url\":\"https:\/\/bahiaeconomica.com.br\/wp\/2023\/10\/20\/verao-salvador-espera-receber-34-milhoes-de-visitantes-e-promete-muita-festa-e-alegria\/\",\"name\":\"VER\u00c3O: SALVADOR ESPERA RECEBER 3,4 MILH\u00d5ES DE VISITANTES E PROMETE MUITA FESTA E ALEGRIA - Bahia Economica\",\"isPartOf\":{\"@id\":\"https:\/\/bahiaeconomica.com.br\/wp\/#website\"},\"datePublished\":\"2023-10-20T10:00:43+00:00\",\"dateModified\":\"2023-10-20T09:54:32+00:00\",\"description\":\"O maior portal de Economia da Bahia DESTAQUE DO DIA, ECONOMIA \/ POL\u00cdTICA Bahia Economica O Ver\u00e3o sem d\u00favidas \u00e9 a esta\u00e7\u00e3o do ano mais esperada para quem\",\"breadcrumb\":{\"@id\":\"https:\/\/bahiaeconomica.com.br\/wp\/2023\/10\/20\/verao-salvador-espera-receber-34-milhoes-de-visitantes-e-promete-muita-festa-e-alegria\/#breadcrumb\"},\"inLanguage\":\"pt-BR\",\"potentialAction\":[{\"@type\":\"ReadAction\",\"target\":[\"https:\/\/bahiaeconomica.com.br\/wp\/2023\/10\/20\/verao-salvador-espera-receber-34-milhoes-de-visitantes-e-promete-muita-festa-e-alegria\/\"]}]},{\"@type\":\"BreadcrumbList\",\"@id\":\"https:\/\/bahiaeconomica.com.br\/wp\/2023\/10\/20\/verao-salvador-espera-receber-34-milhoes-de-visitantes-e-promete-muita-festa-e-alegria\/#breadcrumb\",\"itemListElement\":[{\"@type\":\"ListItem\",\"position\":1,\"name\":\"In\u00edcio\",\"item\":\"https:\/\/bahiaeconomica.com.br\/wp\/\"},{\"@type\":\"ListItem\",\"position\":2,\"name\":\"VER\u00c3O: SALVADOR ESPERA RECEBER 3,4 MILH\u00d5ES DE VISITANTES E PROMETE MUITA FESTA E ALEGRIA\"}]},{\"@type\":\"WebSite\",\"@id\":\"https:\/\/bahiaeconomica.com.br\/wp\/#website\",\"url\":\"https:\/\/bahiaeconomica.com.br\/wp\/\",\"name\":\"Bahia Economica\",\"description\":\"O maior portal de Economia da Bahia\",\"publisher\":{\"@id\":\"https:\/\/bahiaeconomica.com.br\/wp\/#organization\"},\"potentialAction\":[{\"@type\":\"SearchAction\",\"target\":{\"@type\":\"EntryPoint\",\"urlTemplate\":\"https:\/\/bahiaeconomica.com.br\/wp\/?s={search_term_string}\"},\"query-input\":\"required name=search_term_string\"}],\"inLanguage\":\"pt-BR\"},{\"@type\":\"Organization\",\"@id\":\"https:\/\/bahiaeconomica.com.br\/wp\/#organization\",\"name\":\"Bahia Econ\u00f4mica\",\"url\":\"https:\/\/bahiaeconomica.com.br\/wp\/\",\"logo\":{\"@type\":\"ImageObject\",\"inLanguage\":\"pt-BR\",\"@id\":\"https:\/\/bahiaeconomica.com.br\/wp\/#\/schema\/logo\/image\/\",\"url\":\"https:\/\/bahiaeconomica.com.br\/wp\/wp-content\/uploads\/2020\/12\/cropped-BE.png\",\"contentUrl\":\"https:\/\/bahiaeconomica.com.br\/wp\/wp-content\/uploads\/2020\/12\/cropped-BE.png\",\"width\":512,\"height\":512,\"caption\":\"Bahia Econ\u00f4mica\"},\"image\":{\"@id\":\"https:\/\/bahiaeconomica.com.br\/wp\/#\/schema\/logo\/image\/\"},\"sameAs\":[\"https:\/\/www.facebook.com\/bahiaeconomica\"]},{\"@type\":\"Person\",\"@id\":\"https:\/\/bahiaeconomica.com.br\/wp\/#\/schema\/person\/c86d3a3f8960425a0f9d0e5245991f4e\",\"name\":\"JP\",\"sameAs\":[\"https:\/\/bahiaeconomica.com.br\/wp\/beta\/\"],\"url\":\"https:\/\/bahiaeconomica.com.br\/wp\/author\/jp\/\"}]}<\/script>\n<!-- \/ Yoast SEO plugin. -->","yoast_head_json":{"title":"VER\u00c3O: SALVADOR ESPERA RECEBER 3,4 MILH\u00d5ES DE VISITANTES E PROMETE MUITA FESTA E ALEGRIA - Bahia Economica","description":"O maior portal de Economia da Bahia DESTAQUE DO DIA, ECONOMIA \/ POL\u00cdTICA Bahia Economica O Ver\u00e3o sem d\u00favidas \u00e9 a esta\u00e7\u00e3o do ano mais esperada para quem","robots":{"index":"index","follow":"follow","max-snippet":"max-snippet:-1","max-image-preview":"max-image-preview:large","max-video-preview":"max-video-preview:-1"},"canonical":"https:\/\/bahiaeconomica.com.br\/wp\/2023\/10\/20\/verao-salvador-espera-receber-34-milhoes-de-visitantes-e-promete-muita-festa-e-alegria\/","og_locale":"pt_BR","og_type":"article","og_title":"VER\u00c3O: SALVADOR ESPERA RECEBER 3,4 MILH\u00d5ES DE VISITANTES E PROMETE MUITA FESTA E ALEGRIA - Bahia Economica","og_description":"O maior portal de Economia da Bahia DESTAQUE DO DIA, ECONOMIA \/ POL\u00cdTICA Bahia Economica O Ver\u00e3o sem d\u00favidas \u00e9 a esta\u00e7\u00e3o do ano mais esperada para quem","og_url":"https:\/\/bahiaeconomica.com.br\/wp\/2023\/10\/20\/verao-salvador-espera-receber-34-milhoes-de-visitantes-e-promete-muita-festa-e-alegria\/","og_site_name":"Bahia Economica","article_publisher":"https:\/\/www.facebook.com\/bahiaeconomica","article_published_time":"2023-10-20T10:00:43+00:00","article_modified_time":"2023-10-20T09:54:32+00:00","og_image":[{"width":2560,"height":1920,"url":"https:\/\/bahiaeconomica.com.br\/wp\/wp-content\/uploads\/2023\/10\/aeroporto-salvador-check-in-scaled-1.jpeg","type":"image\/jpeg"}],"author":"JP","twitter_card":"summary_large_image","twitter_misc":{"Escrito por":"JP","Est. tempo de leitura":"2 minutos"},"schema":{"@context":"https:\/\/schema.org","@graph":[{"@type":"Article","@id":"https:\/\/bahiaeconomica.com.br\/wp\/2023\/10\/20\/verao-salvador-espera-receber-34-milhoes-de-visitantes-e-promete-muita-festa-e-alegria\/#article","isPartOf":{"@id":"https:\/\/bahiaeconomica.com.br\/wp\/2023\/10\/20\/verao-salvador-espera-receber-34-milhoes-de-visitantes-e-promete-muita-festa-e-alegria\/"},"author":{"name":"JP","@id":"https:\/\/bahiaeconomica.com.br\/wp\/#\/schema\/person\/c86d3a3f8960425a0f9d0e5245991f4e"},"headline":"VER\u00c3O: SALVADOR ESPERA RECEBER 3,4 MILH\u00d5ES DE VISITANTES E PROMETE MUITA FESTA E ALEGRIA","datePublished":"2023-10-20T10:00:43+00:00","dateModified":"2023-10-20T09:54:32+00:00","mainEntityOfPage":{"@id":"https:\/\/bahiaeconomica.com.br\/wp\/2023\/10\/20\/verao-salvador-espera-receber-34-milhoes-de-visitantes-e-promete-muita-festa-e-alegria\/"},"wordCount":260,"publisher":{"@id":"https:\/\/bahiaeconomica.com.br\/wp\/#organization"},"keywords":["Bahia","Pol\u00edtica","setor","Turismo"],"articleSection":["DESTAQUE DO DIA","ECONOMIA \/ POL\u00cdTICA"],"inLanguage":"pt-BR"},{"@type":"WebPage","@id":"https:\/\/bahiaeconomica.com.br\/wp\/2023\/10\/20\/verao-salvador-espera-receber-34-milhoes-de-visitantes-e-promete-muita-festa-e-alegria\/","url":"https:\/\/bahiaeconomica.com.br\/wp\/2023\/10\/20\/verao-salvador-espera-receber-34-milhoes-de-visitantes-e-promete-muita-festa-e-alegria\/","name":"VER\u00c3O: SALVADOR ESPERA RECEBER 3,4 MILH\u00d5ES DE VISITANTES E PROMETE MUITA FESTA E ALEGRIA - Bahia Economica","isPartOf":{"@id":"https:\/\/bahiaeconomica.com.br\/wp\/#website"},"datePublished":"2023-10-20T10:00:43+00:00","dateModified":"2023-10-20T09:54:32+00:00","description":"O maior portal de Economia da Bahia DESTAQUE DO DIA, ECONOMIA \/ POL\u00cdTICA Bahia Economica O Ver\u00e3o sem d\u00favidas \u00e9 a esta\u00e7\u00e3o do ano mais esperada para quem","breadcrumb":{"@id":"https:\/\/bahiaeconomica.com.br\/wp\/2023\/10\/20\/verao-salvador-espera-receber-34-milhoes-de-visitantes-e-promete-muita-festa-e-alegria\/#breadcrumb"},"inLanguage":"pt-BR","potentialAction":[{"@type":"ReadAction","target":["https:\/\/bahiaeconomica.com.br\/wp\/2023\/10\/20\/verao-salvador-espera-receber-34-milhoes-de-visitantes-e-promete-muita-festa-e-alegria\/"]}]},{"@type":"BreadcrumbList","@id":"https:\/\/bahiaeconomica.com.br\/wp\/2023\/10\/20\/verao-salvador-espera-receber-34-milhoes-de-visitantes-e-promete-muita-festa-e-alegria\/#breadcrumb","itemListElement":[{"@type":"ListItem","position":1,"name":"In\u00edcio","item":"https:\/\/bahiaeconomica.com.br\/wp\/"},{"@type":"ListItem","position":2,"name":"VER\u00c3O: SALVADOR ESPERA RECEBER 3,4 MILH\u00d5ES DE VISITANTES E PROMETE MUITA FESTA E ALEGRIA"}]},{"@type":"WebSite","@id":"https:\/\/bahiaeconomica.com.br\/wp\/#website","url":"https:\/\/bahiaeconomica.com.br\/wp\/","name":"Bahia Economica","description":"O maior portal de Economia da Bahia","publisher":{"@id":"https:\/\/bahiaeconomica.com.br\/wp\/#organization"},"potentialAction":[{"@type":"SearchAction","target":{"@type":"EntryPoint","urlTemplate":"https:\/\/bahiaeconomica.com.br\/wp\/?s={search_term_string}"},"query-input":"required name=search_term_string"}],"inLanguage":"pt-BR"},{"@type":"Organization","@id":"https:\/\/bahiaeconomica.com.br\/wp\/#organization","name":"Bahia Econ\u00f4mica","url":"https:\/\/bahiaeconomica.com.br\/wp\/","logo":{"@type":"ImageObject","inLanguage":"pt-BR","@id":"https:\/\/bahiaeconomica.com.br\/wp\/#\/schema\/logo\/image\/","url":"https:\/\/bahiaeconomica.com.br\/wp\/wp-content\/uploads\/2020\/12\/cropped-BE.png","contentUrl":"https:\/\/bahiaeconomica.com.br\/wp\/wp-content\/uploads\/2020\/12\/cropped-BE.png","width":512,"height":512,"caption":"Bahia Econ\u00f4mica"},"image":{"@id":"https:\/\/bahiaeconomica.com.br\/wp\/#\/schema\/logo\/image\/"},"sameAs":["https:\/\/www.facebook.com\/bahiaeconomica"]},{"@type":"Person","@id":"https:\/\/bahiaeconomica.com.br\/wp\/#\/schema\/person\/c86d3a3f8960425a0f9d0e5245991f4e","name":"JP","sameAs":["https:\/\/bahiaeconomica.com.br\/wp\/beta\/"],"url":"https:\/\/bahiaeconomica.com.br\/wp\/author\/jp\/"}]}},"views":65,"_links":{"self":[{"href":"https:\/\/bahiaeconomica.com.br\/wp\/wp-json\/wp\/v2\/posts\/771646"}],"collection":[{"href":"https:\/\/bahiaeconomica.com.br\/wp\/wp-json\/wp\/v2\/posts"}],"about":[{"href":"https:\/\/bahiaeconomica.com.br\/wp\/wp-json\/wp\/v2\/types\/post"}],"author":[{"embeddable":true,"href":"https:\/\/bahiaeconomica.com.br\/wp\/wp-json\/wp\/v2\/users\/8"}],"replies":[{"embeddable":true,"href":"https:\/\/bahiaeconomica.com.br\/wp\/wp-json\/wp\/v2\/comments?post=771646"}],"version-history":[{"count":1,"href":"https:\/\/bahiaeconomica.com.br\/wp\/wp-json\/wp\/v2\/posts\/771646\/revisions"}],"predecessor-version":[{"id":771648,"href":"https:\/\/bahiaeconomica.com.br\/wp\/wp-json\/wp\/v2\/posts\/771646\/revisions\/771648"}],"wp:featuredmedia":[{"embeddable":true,"href":"https:\/\/bahiaeconomica.com.br\/wp\/wp-json\/wp\/v2\/media\/771647"}],"wp:attachment":[{"href":"https:\/\/bahiaeconomica.com.br\/wp\/wp-json\/wp\/v2\/media?parent=771646"}],"wp:term":[{"taxonomy":"category","embeddable":true,"href":"https:\/\/bahiaeconomica.com.br\/wp\/wp-json\/wp\/v2\/categories?post=771646"},{"taxonomy":"post_tag","embeddable":true,"href":"https:\/\/bahiaeconomica.com.br\/wp\/wp-json\/wp\/v2\/tags?post=771646"}],"curies":[{"name":"wp","href":"https:\/\/api.w.org\/{rel}","templated":true}]}}