{"id":771535,"date":"2023-10-19T17:00:52","date_gmt":"2023-10-19T20:00:52","guid":{"rendered":"https:\/\/bahiaeconomica.com.br\/wp\/?p=771535"},"modified":"2023-10-19T17:27:29","modified_gmt":"2023-10-19T20:27:29","slug":"empresa-chinesa-vai-vender-carro-eletrico-pelo-mercado-livre","status":"publish","type":"post","link":"https:\/\/bahiaeconomica.com.br\/wp\/2023\/10\/19\/empresa-chinesa-vai-vender-carro-eletrico-pelo-mercado-livre\/","title":{"rendered":"EMPRESA CHINESA VAI VENDER CARRO EL\u00c9TRICO PELO MERCADO LIVRE. VEJA OS PRE\u00c7OS"},"content":{"rendered":"<p>J\u00e1 pensou em comprar um carro el\u00e9trico pela internet, atrav\u00e9s do Mercado Livre. <!--more-->Pois \u00e9 o que pretende fazer a empresa \u00a0chinesa Great Wall Motor (GWM) que firmou parceria com o Mercado Livre para comercializar os ve\u00edculos pela internet.<\/p>\n<p>Vai funcionar assim: Pelo site do Mercado Livre, o consumidor pode escolher o modelo e a cor, mediante um adiantamento de R$ 9 mil. Ap\u00f3s feito o dep\u00f3sito, o cliente tem tr\u00eas meses para desistir da compra, e o dinheiro ser\u00e1 devolvido na \u00edntegra.<\/p>\n<p>Se for em frente com o neg\u00f3cio, o carro \u00e9 entregue na casa dele, n\u00e3o importa onde more.\u00a0 Segundo a empresa, o \u00edndice de desist\u00eancia \u00e9 baixo, em torno de 6%. A concession\u00e1ria mais pr\u00f3xima entrar\u00e1 em contato com o interessado para oferecer condi\u00e7\u00f5es de financiamento.<\/p>\n<p>A GWM est\u00e1 expandindo tamb\u00e9m a rede de concession\u00e1rias e acelerando investimentos na f\u00e1brica que comprou da Mercedes-Benz em Iracem\u00e1polis, no estado de S\u00e3o Paulo.<\/p>\n<p>A empresa pretende oferecer dez modelos de carros el\u00e9tricos para o Brasil e alcan\u00e7ar a marca de cem mil unidades vendidas no pa\u00eds em 2026.<\/p>\n<p>O primeiro carro el\u00e9trico da marca trazido ao Brasil, o h\u00edbrido Haval 6, come\u00e7ou a ser vendido por aqui em abril e j\u00e1 soma mais de cinco mil unidades entregues e custa \u00a0entre R$ 215 mil e R$ 315 mil.<\/p>\n<p>Mas o carro chefe ser\u00e1 o Jaguar I-Pace, um SUV baixo e largo com a traseira de um hatchback. \u00c9 t\u00e3o esportivo de dirigir quanto qualquer outro Jaguar. Pre\u00e7o de partida: mais de R$ 346 mil.<\/p>\n<p>&nbsp;<\/p>\n<p><img decoding=\"async\" class=\" wp-image-771536 aligncenter\" src=\"https:\/\/bahiaeconomica.com.br\/wp\/wp-content\/uploads\/2023\/10\/Jaguar-Ipace-300x206.webp\" alt=\"\" width=\"371\" height=\"255\" srcset=\"https:\/\/bahiaeconomica.com.br\/wp\/wp-content\/uploads\/2023\/10\/Jaguar-Ipace-300x206.webp 300w, https:\/\/bahiaeconomica.com.br\/wp\/wp-content\/uploads\/2023\/10\/Jaguar-Ipace-1024x703.webp 1024w, https:\/\/bahiaeconomica.com.br\/wp\/wp-content\/uploads\/2023\/10\/Jaguar-Ipace-768x528.webp 768w, https:\/\/bahiaeconomica.com.br\/wp\/wp-content\/uploads\/2023\/10\/Jaguar-Ipace-1536x1055.webp 1536w, https:\/\/bahiaeconomica.com.br\/wp\/wp-content\/uploads\/2023\/10\/Jaguar-Ipace.webp 1584w\" sizes=\"(max-width: 371px) 100vw, 371px\" \/><\/p>\n","protected":false},"excerpt":{"rendered":"<p>J\u00e1 pensou em comprar um carro el\u00e9trico pela internet, atrav\u00e9s do Mercado Livre.<\/p>\n","protected":false},"author":1,"featured_media":771540,"comment_status":"closed","ping_status":"closed","sticky":false,"template":"","format":"standard","meta":[],"categories":[14,3],"tags":[2337,2247,3833,1161,21851,1718],"acf":[],"yoast_head":"<!-- This site is optimized with the Yoast SEO plugin v20.8 - https:\/\/yoast.com\/wordpress\/plugins\/seo\/ -->\n<title>EMPRESA CHINESA VAI VENDER CARRO EL\u00c9TRICO PELO MERCADO LIVRE. VEJA OS PRE\u00c7OS - Bahia Economica<\/title>\n<meta name=\"description\" content=\"O maior portal de Economia da Bahia DESTAQUE DO DIA, ECONOMIA \/ POL\u00cdTICA Bahia Economica\" \/>\n<meta name=\"robots\" content=\"index, follow, max-snippet:-1, max-image-preview:large, max-video-preview:-1\" \/>\n<link rel=\"canonical\" href=\"https:\/\/bahiaeconomica.com.br\/wp\/2023\/10\/19\/empresa-chinesa-vai-vender-carro-eletrico-pelo-mercado-livre\/\" \/>\n<meta property=\"og:locale\" content=\"pt_BR\" \/>\n<meta property=\"og:type\" content=\"article\" \/>\n<meta property=\"og:title\" content=\"EMPRESA CHINESA VAI VENDER CARRO EL\u00c9TRICO PELO MERCADO LIVRE. VEJA OS PRE\u00c7OS - Bahia Economica\" \/>\n<meta property=\"og:description\" content=\"O maior portal de Economia da Bahia DESTAQUE DO DIA, ECONOMIA \/ POL\u00cdTICA Bahia Economica\" \/>\n<meta property=\"og:url\" content=\"https:\/\/bahiaeconomica.com.br\/wp\/2023\/10\/19\/empresa-chinesa-vai-vender-carro-eletrico-pelo-mercado-livre\/\" \/>\n<meta property=\"og:site_name\" content=\"Bahia Economica\" \/>\n<meta property=\"article:publisher\" content=\"https:\/\/www.facebook.com\/bahiaeconomica\" \/>\n<meta property=\"article:published_time\" content=\"2023-10-19T20:00:52+00:00\" \/>\n<meta property=\"article:modified_time\" content=\"2023-10-19T20:27:29+00:00\" \/>\n<meta property=\"og:image\" content=\"https:\/\/bahiaeconomica.com.br\/wp\/wp-content\/uploads\/2023\/10\/haval.webp\" \/>\n\t<meta property=\"og:image:width\" content=\"888\" \/>\n\t<meta property=\"og:image:height\" content=\"590\" \/>\n\t<meta property=\"og:image:type\" content=\"image\/webp\" \/>\n<meta name=\"author\" content=\"admin\" \/>\n<meta name=\"twitter:card\" content=\"summary_large_image\" \/>\n<meta name=\"twitter:label1\" content=\"Escrito por\" \/>\n\t<meta name=\"twitter:data1\" content=\"admin\" \/>\n\t<meta name=\"twitter:label2\" content=\"Est. tempo de leitura\" \/>\n\t<meta name=\"twitter:data2\" content=\"2 minutos\" \/>\n<script type=\"application\/ld+json\" class=\"yoast-schema-graph\">{\"@context\":\"https:\/\/schema.org\",\"@graph\":[{\"@type\":\"Article\",\"@id\":\"https:\/\/bahiaeconomica.com.br\/wp\/2023\/10\/19\/empresa-chinesa-vai-vender-carro-eletrico-pelo-mercado-livre\/#article\",\"isPartOf\":{\"@id\":\"https:\/\/bahiaeconomica.com.br\/wp\/2023\/10\/19\/empresa-chinesa-vai-vender-carro-eletrico-pelo-mercado-livre\/\"},\"author\":{\"name\":\"admin\",\"@id\":\"https:\/\/bahiaeconomica.com.br\/wp\/#\/schema\/person\/cb1ab5ba96ad3d9390805381c76284ec\"},\"headline\":\"EMPRESA CHINESA VAI VENDER CARRO EL\u00c9TRICO PELO MERCADO LIVRE. VEJA OS PRE\u00c7OS\",\"datePublished\":\"2023-10-19T20:00:52+00:00\",\"dateModified\":\"2023-10-19T20:27:29+00:00\",\"mainEntityOfPage\":{\"@id\":\"https:\/\/bahiaeconomica.com.br\/wp\/2023\/10\/19\/empresa-chinesa-vai-vender-carro-eletrico-pelo-mercado-livre\/\"},\"wordCount\":284,\"publisher\":{\"@id\":\"https:\/\/bahiaeconomica.com.br\/wp\/#organization\"},\"keywords\":[\"carro\",\"eletrico\",\"livre\",\"mercado\",\"pelo\",\"venda\"],\"articleSection\":[\"DESTAQUE DO DIA\",\"ECONOMIA \/ POL\u00cdTICA\"],\"inLanguage\":\"pt-BR\"},{\"@type\":\"WebPage\",\"@id\":\"https:\/\/bahiaeconomica.com.br\/wp\/2023\/10\/19\/empresa-chinesa-vai-vender-carro-eletrico-pelo-mercado-livre\/\",\"url\":\"https:\/\/bahiaeconomica.com.br\/wp\/2023\/10\/19\/empresa-chinesa-vai-vender-carro-eletrico-pelo-mercado-livre\/\",\"name\":\"EMPRESA CHINESA VAI VENDER CARRO EL\u00c9TRICO PELO MERCADO LIVRE. VEJA OS PRE\u00c7OS - Bahia Economica\",\"isPartOf\":{\"@id\":\"https:\/\/bahiaeconomica.com.br\/wp\/#website\"},\"datePublished\":\"2023-10-19T20:00:52+00:00\",\"dateModified\":\"2023-10-19T20:27:29+00:00\",\"description\":\"O maior portal de Economia da Bahia DESTAQUE DO DIA, ECONOMIA \/ POL\u00cdTICA Bahia Economica\",\"breadcrumb\":{\"@id\":\"https:\/\/bahiaeconomica.com.br\/wp\/2023\/10\/19\/empresa-chinesa-vai-vender-carro-eletrico-pelo-mercado-livre\/#breadcrumb\"},\"inLanguage\":\"pt-BR\",\"potentialAction\":[{\"@type\":\"ReadAction\",\"target\":[\"https:\/\/bahiaeconomica.com.br\/wp\/2023\/10\/19\/empresa-chinesa-vai-vender-carro-eletrico-pelo-mercado-livre\/\"]}]},{\"@type\":\"BreadcrumbList\",\"@id\":\"https:\/\/bahiaeconomica.com.br\/wp\/2023\/10\/19\/empresa-chinesa-vai-vender-carro-eletrico-pelo-mercado-livre\/#breadcrumb\",\"itemListElement\":[{\"@type\":\"ListItem\",\"position\":1,\"name\":\"In\u00edcio\",\"item\":\"https:\/\/bahiaeconomica.com.br\/wp\/\"},{\"@type\":\"ListItem\",\"position\":2,\"name\":\"EMPRESA CHINESA VAI VENDER CARRO EL\u00c9TRICO PELO MERCADO LIVRE. VEJA OS PRE\u00c7OS\"}]},{\"@type\":\"WebSite\",\"@id\":\"https:\/\/bahiaeconomica.com.br\/wp\/#website\",\"url\":\"https:\/\/bahiaeconomica.com.br\/wp\/\",\"name\":\"Bahia Economica\",\"description\":\"O maior portal de Economia da Bahia\",\"publisher\":{\"@id\":\"https:\/\/bahiaeconomica.com.br\/wp\/#organization\"},\"potentialAction\":[{\"@type\":\"SearchAction\",\"target\":{\"@type\":\"EntryPoint\",\"urlTemplate\":\"https:\/\/bahiaeconomica.com.br\/wp\/?s={search_term_string}\"},\"query-input\":\"required name=search_term_string\"}],\"inLanguage\":\"pt-BR\"},{\"@type\":\"Organization\",\"@id\":\"https:\/\/bahiaeconomica.com.br\/wp\/#organization\",\"name\":\"Bahia Econ\u00f4mica\",\"url\":\"https:\/\/bahiaeconomica.com.br\/wp\/\",\"logo\":{\"@type\":\"ImageObject\",\"inLanguage\":\"pt-BR\",\"@id\":\"https:\/\/bahiaeconomica.com.br\/wp\/#\/schema\/logo\/image\/\",\"url\":\"https:\/\/bahiaeconomica.com.br\/wp\/wp-content\/uploads\/2020\/12\/cropped-BE.png\",\"contentUrl\":\"https:\/\/bahiaeconomica.com.br\/wp\/wp-content\/uploads\/2020\/12\/cropped-BE.png\",\"width\":512,\"height\":512,\"caption\":\"Bahia Econ\u00f4mica\"},\"image\":{\"@id\":\"https:\/\/bahiaeconomica.com.br\/wp\/#\/schema\/logo\/image\/\"},\"sameAs\":[\"https:\/\/www.facebook.com\/bahiaeconomica\"]},{\"@type\":\"Person\",\"@id\":\"https:\/\/bahiaeconomica.com.br\/wp\/#\/schema\/person\/cb1ab5ba96ad3d9390805381c76284ec\",\"name\":\"admin\",\"url\":\"https:\/\/bahiaeconomica.com.br\/wp\/author\/admin\/\"}]}<\/script>\n<!-- \/ Yoast SEO plugin. -->","yoast_head_json":{"title":"EMPRESA CHINESA VAI VENDER CARRO EL\u00c9TRICO PELO MERCADO LIVRE. VEJA OS PRE\u00c7OS - Bahia Economica","description":"O maior portal de Economia da Bahia DESTAQUE DO DIA, ECONOMIA \/ POL\u00cdTICA Bahia Economica","robots":{"index":"index","follow":"follow","max-snippet":"max-snippet:-1","max-image-preview":"max-image-preview:large","max-video-preview":"max-video-preview:-1"},"canonical":"https:\/\/bahiaeconomica.com.br\/wp\/2023\/10\/19\/empresa-chinesa-vai-vender-carro-eletrico-pelo-mercado-livre\/","og_locale":"pt_BR","og_type":"article","og_title":"EMPRESA CHINESA VAI VENDER CARRO EL\u00c9TRICO PELO MERCADO LIVRE. VEJA OS PRE\u00c7OS - Bahia Economica","og_description":"O maior portal de Economia da Bahia DESTAQUE DO DIA, ECONOMIA \/ POL\u00cdTICA Bahia Economica","og_url":"https:\/\/bahiaeconomica.com.br\/wp\/2023\/10\/19\/empresa-chinesa-vai-vender-carro-eletrico-pelo-mercado-livre\/","og_site_name":"Bahia Economica","article_publisher":"https:\/\/www.facebook.com\/bahiaeconomica","article_published_time":"2023-10-19T20:00:52+00:00","article_modified_time":"2023-10-19T20:27:29+00:00","og_image":[{"width":888,"height":590,"url":"https:\/\/bahiaeconomica.com.br\/wp\/wp-content\/uploads\/2023\/10\/haval.webp","type":"image\/webp"}],"author":"admin","twitter_card":"summary_large_image","twitter_misc":{"Escrito por":"admin","Est. tempo de leitura":"2 minutos"},"schema":{"@context":"https:\/\/schema.org","@graph":[{"@type":"Article","@id":"https:\/\/bahiaeconomica.com.br\/wp\/2023\/10\/19\/empresa-chinesa-vai-vender-carro-eletrico-pelo-mercado-livre\/#article","isPartOf":{"@id":"https:\/\/bahiaeconomica.com.br\/wp\/2023\/10\/19\/empresa-chinesa-vai-vender-carro-eletrico-pelo-mercado-livre\/"},"author":{"name":"admin","@id":"https:\/\/bahiaeconomica.com.br\/wp\/#\/schema\/person\/cb1ab5ba96ad3d9390805381c76284ec"},"headline":"EMPRESA CHINESA VAI VENDER CARRO EL\u00c9TRICO PELO MERCADO LIVRE. VEJA OS PRE\u00c7OS","datePublished":"2023-10-19T20:00:52+00:00","dateModified":"2023-10-19T20:27:29+00:00","mainEntityOfPage":{"@id":"https:\/\/bahiaeconomica.com.br\/wp\/2023\/10\/19\/empresa-chinesa-vai-vender-carro-eletrico-pelo-mercado-livre\/"},"wordCount":284,"publisher":{"@id":"https:\/\/bahiaeconomica.com.br\/wp\/#organization"},"keywords":["carro","eletrico","livre","mercado","pelo","venda"],"articleSection":["DESTAQUE DO DIA","ECONOMIA \/ POL\u00cdTICA"],"inLanguage":"pt-BR"},{"@type":"WebPage","@id":"https:\/\/bahiaeconomica.com.br\/wp\/2023\/10\/19\/empresa-chinesa-vai-vender-carro-eletrico-pelo-mercado-livre\/","url":"https:\/\/bahiaeconomica.com.br\/wp\/2023\/10\/19\/empresa-chinesa-vai-vender-carro-eletrico-pelo-mercado-livre\/","name":"EMPRESA CHINESA VAI VENDER CARRO EL\u00c9TRICO PELO MERCADO LIVRE. VEJA OS PRE\u00c7OS - Bahia Economica","isPartOf":{"@id":"https:\/\/bahiaeconomica.com.br\/wp\/#website"},"datePublished":"2023-10-19T20:00:52+00:00","dateModified":"2023-10-19T20:27:29+00:00","description":"O maior portal de Economia da Bahia DESTAQUE DO DIA, ECONOMIA \/ POL\u00cdTICA Bahia Economica","breadcrumb":{"@id":"https:\/\/bahiaeconomica.com.br\/wp\/2023\/10\/19\/empresa-chinesa-vai-vender-carro-eletrico-pelo-mercado-livre\/#breadcrumb"},"inLanguage":"pt-BR","potentialAction":[{"@type":"ReadAction","target":["https:\/\/bahiaeconomica.com.br\/wp\/2023\/10\/19\/empresa-chinesa-vai-vender-carro-eletrico-pelo-mercado-livre\/"]}]},{"@type":"BreadcrumbList","@id":"https:\/\/bahiaeconomica.com.br\/wp\/2023\/10\/19\/empresa-chinesa-vai-vender-carro-eletrico-pelo-mercado-livre\/#breadcrumb","itemListElement":[{"@type":"ListItem","position":1,"name":"In\u00edcio","item":"https:\/\/bahiaeconomica.com.br\/wp\/"},{"@type":"ListItem","position":2,"name":"EMPRESA CHINESA VAI VENDER CARRO EL\u00c9TRICO PELO MERCADO LIVRE. VEJA OS PRE\u00c7OS"}]},{"@type":"WebSite","@id":"https:\/\/bahiaeconomica.com.br\/wp\/#website","url":"https:\/\/bahiaeconomica.com.br\/wp\/","name":"Bahia Economica","description":"O maior portal de Economia da Bahia","publisher":{"@id":"https:\/\/bahiaeconomica.com.br\/wp\/#organization"},"potentialAction":[{"@type":"SearchAction","target":{"@type":"EntryPoint","urlTemplate":"https:\/\/bahiaeconomica.com.br\/wp\/?s={search_term_string}"},"query-input":"required name=search_term_string"}],"inLanguage":"pt-BR"},{"@type":"Organization","@id":"https:\/\/bahiaeconomica.com.br\/wp\/#organization","name":"Bahia Econ\u00f4mica","url":"https:\/\/bahiaeconomica.com.br\/wp\/","logo":{"@type":"ImageObject","inLanguage":"pt-BR","@id":"https:\/\/bahiaeconomica.com.br\/wp\/#\/schema\/logo\/image\/","url":"https:\/\/bahiaeconomica.com.br\/wp\/wp-content\/uploads\/2020\/12\/cropped-BE.png","contentUrl":"https:\/\/bahiaeconomica.com.br\/wp\/wp-content\/uploads\/2020\/12\/cropped-BE.png","width":512,"height":512,"caption":"Bahia Econ\u00f4mica"},"image":{"@id":"https:\/\/bahiaeconomica.com.br\/wp\/#\/schema\/logo\/image\/"},"sameAs":["https:\/\/www.facebook.com\/bahiaeconomica"]},{"@type":"Person","@id":"https:\/\/bahiaeconomica.com.br\/wp\/#\/schema\/person\/cb1ab5ba96ad3d9390805381c76284ec","name":"admin","url":"https:\/\/bahiaeconomica.com.br\/wp\/author\/admin\/"}]}},"views":12317,"_links":{"self":[{"href":"https:\/\/bahiaeconomica.com.br\/wp\/wp-json\/wp\/v2\/posts\/771535"}],"collection":[{"href":"https:\/\/bahiaeconomica.com.br\/wp\/wp-json\/wp\/v2\/posts"}],"about":[{"href":"https:\/\/bahiaeconomica.com.br\/wp\/wp-json\/wp\/v2\/types\/post"}],"author":[{"embeddable":true,"href":"https:\/\/bahiaeconomica.com.br\/wp\/wp-json\/wp\/v2\/users\/1"}],"replies":[{"embeddable":true,"href":"https:\/\/bahiaeconomica.com.br\/wp\/wp-json\/wp\/v2\/comments?post=771535"}],"version-history":[{"count":2,"href":"https:\/\/bahiaeconomica.com.br\/wp\/wp-json\/wp\/v2\/posts\/771535\/revisions"}],"predecessor-version":[{"id":771568,"href":"https:\/\/bahiaeconomica.com.br\/wp\/wp-json\/wp\/v2\/posts\/771535\/revisions\/771568"}],"wp:featuredmedia":[{"embeddable":true,"href":"https:\/\/bahiaeconomica.com.br\/wp\/wp-json\/wp\/v2\/media\/771540"}],"wp:attachment":[{"href":"https:\/\/bahiaeconomica.com.br\/wp\/wp-json\/wp\/v2\/media?parent=771535"}],"wp:term":[{"taxonomy":"category","embeddable":true,"href":"https:\/\/bahiaeconomica.com.br\/wp\/wp-json\/wp\/v2\/categories?post=771535"},{"taxonomy":"post_tag","embeddable":true,"href":"https:\/\/bahiaeconomica.com.br\/wp\/wp-json\/wp\/v2\/tags?post=771535"}],"curies":[{"name":"wp","href":"https:\/\/api.w.org\/{rel}","templated":true}]}}