{"id":771522,"date":"2023-10-19T15:38:00","date_gmt":"2023-10-19T18:38:00","guid":{"rendered":"https:\/\/bahiaeconomica.com.br\/wp\/?p=771522"},"modified":"2023-10-19T15:56:52","modified_gmt":"2023-10-19T18:56:52","slug":"vitoria-faz-convocacao-de-22-jogadores-para-duelo-contra-o-sampaio-correa","status":"publish","type":"post","link":"https:\/\/bahiaeconomica.com.br\/wp\/2023\/10\/19\/vitoria-faz-convocacao-de-22-jogadores-para-duelo-contra-o-sampaio-correa\/","title":{"rendered":"VIT\u00d3RIA FAZ CONVOCA\u00c7\u00c3O DE 22 JOGADORES PARA DUELO CONTRA O SAMPAIO CORR\u00caA"},"content":{"rendered":"<p>Vinte e dois jogadores do Vit\u00f3ria j\u00e1 est\u00e3o preparados e aguardam o embarque para S\u00e3o Lu\u00eds, onde vai aconteceu o jogo contra o Sampaio Corr\u00eaa, marcado para sexta-feira (20), \u00e0s 19h, no est\u00e1dio Castel\u00e3o, v\u00e1lido pela 33\u00aa rodada da S\u00e9rie B do Campeonato Brasileiro.<\/p>\n<p>Por causa da suspeita de h\u00e9rnia abdominal, o zagueiro Yan Souto ficou em Salvador para realizar tratamento. Em fase final de recupera\u00e7\u00e3o, o lateral Zeca s\u00f3 estar\u00e1 \u00e0 disposi\u00e7\u00e3o para o jogo contra o Juventude, na pr\u00f3xima rodada. Por suspens\u00e3o, Wagner Leonardo n\u00e3o joga e ser\u00e1 substitu\u00eddo por Jo\u00e3o Victor.<\/p>\n<p>Outro atleta que tamb\u00e9m ficar\u00e1 de fora do duelo \u00e9 o goleiro Thiago Rodrigues, por ter utilizado um medicamento que est\u00e1 na lista da Ag\u00eancia Mundial Antidoping (Wada). Por outro lado, o volante Matheus Trindade est\u00e1 recuperado e ser\u00e1 op\u00e7\u00e3o para L\u00e9o Cond\u00e9.<\/p>\n<p>O Vit\u00f3ria lidera a S\u00e9rie B do Campeonato Brasileiro, com 61 pontos somados em 32 jogos disputados.<\/p>\n<h2><strong>Confira a lista\u00a0<\/strong><\/h2>\n<p>Goleiros: Dalton e Lucas Arcanjo<\/p>\n<p>Zagueiros: Camutanga, Jo\u00e3o Victor e Marco Ant\u00f4nio<\/p>\n<p>Laterais: \u00c9dson Lucas, Felippe Borges e Railan<\/p>\n<p>Volantes: Dudu, L\u00e9o Gomes, Matheus Trindade e Rodrigo Andrade<\/p>\n<p>Meias: Geg\u00ea e Giovanni Augusto<\/p>\n<p>Atacantes: Iury Castilho, L\u00e9o Gamalho, Matheusinho e Osvaldo<\/p>\n<p><strong>Foto: Victor Ferreira\/EC Vitoria<\/strong><\/p>\n","protected":false},"excerpt":{"rendered":"<p>Vinte e dois jogadores do Vit\u00f3ria j\u00e1 est\u00e3o preparados e aguardam o embarque para S\u00e3o Lu\u00eds, onde vai aconteceu o jogo contra o Sampaio Corr\u00eaa, marcado para sexta-feira (20), \u00e0s 19h, no est\u00e1dio Castel\u00e3o, v\u00e1lido pela 33\u00aa rodada da S\u00e9rie B do Campeonato Brasileiro. Por causa da suspeita de h\u00e9rnia abdominal, o zagueiro Yan Souto [&hellip;]<\/p>\n","protected":false},"author":18,"featured_media":771526,"comment_status":"closed","ping_status":"closed","sticky":false,"template":"","format":"standard","meta":[],"categories":[4486],"tags":[21845,21846,1002],"acf":[],"yoast_head":"<!-- This site is optimized with the Yoast SEO plugin v20.8 - https:\/\/yoast.com\/wordpress\/plugins\/seo\/ -->\n<title>VIT\u00d3RIA FAZ CONVOCA\u00c7\u00c3O DE 22 JOGADORES PARA DUELO CONTRA O SAMPAIO CORR\u00caA - Bahia Economica<\/title>\n<meta name=\"description\" content=\"O maior portal de Economia da Bahia Esporte Bahia Economica Vinte e dois jogadores do Vit\u00f3ria j\u00e1 est\u00e3o preparados e aguardam\" \/>\n<meta name=\"robots\" content=\"index, follow, max-snippet:-1, max-image-preview:large, max-video-preview:-1\" \/>\n<link rel=\"canonical\" href=\"https:\/\/bahiaeconomica.com.br\/wp\/2023\/10\/19\/vitoria-faz-convocacao-de-22-jogadores-para-duelo-contra-o-sampaio-correa\/\" \/>\n<meta property=\"og:locale\" content=\"pt_BR\" \/>\n<meta property=\"og:type\" content=\"article\" \/>\n<meta property=\"og:title\" content=\"VIT\u00d3RIA FAZ CONVOCA\u00c7\u00c3O DE 22 JOGADORES PARA DUELO CONTRA O SAMPAIO CORR\u00caA - Bahia Economica\" \/>\n<meta property=\"og:description\" content=\"O maior portal de Economia da Bahia Esporte Bahia Economica Vinte e dois jogadores do Vit\u00f3ria j\u00e1 est\u00e3o preparados e aguardam\" \/>\n<meta property=\"og:url\" content=\"https:\/\/bahiaeconomica.com.br\/wp\/2023\/10\/19\/vitoria-faz-convocacao-de-22-jogadores-para-duelo-contra-o-sampaio-correa\/\" \/>\n<meta property=\"og:site_name\" content=\"Bahia Economica\" \/>\n<meta property=\"article:publisher\" content=\"https:\/\/www.facebook.com\/bahiaeconomica\" \/>\n<meta property=\"article:published_time\" content=\"2023-10-19T18:38:00+00:00\" \/>\n<meta property=\"article:modified_time\" content=\"2023-10-19T18:56:52+00:00\" \/>\n<meta property=\"og:image\" content=\"https:\/\/bahiaeconomica.com.br\/wp\/wp-content\/uploads\/2023\/10\/Vitoria-convoca-22-jogadores-para-o-jogo-contra-o-0124607800202310191442-ScaleDownProportional.webp\" \/>\n\t<meta property=\"og:image:width\" content=\"1069\" \/>\n\t<meta property=\"og:image:height\" content=\"710\" \/>\n\t<meta property=\"og:image:type\" content=\"image\/webp\" \/>\n<meta name=\"author\" content=\"Emily Oliveira\" \/>\n<meta name=\"twitter:card\" content=\"summary_large_image\" \/>\n<meta name=\"twitter:label1\" content=\"Escrito por\" \/>\n\t<meta name=\"twitter:data1\" content=\"Emily Oliveira\" \/>\n\t<meta name=\"twitter:label2\" content=\"Est. tempo de leitura\" \/>\n\t<meta name=\"twitter:data2\" content=\"2 minutos\" \/>\n<script type=\"application\/ld+json\" class=\"yoast-schema-graph\">{\"@context\":\"https:\/\/schema.org\",\"@graph\":[{\"@type\":\"Article\",\"@id\":\"https:\/\/bahiaeconomica.com.br\/wp\/2023\/10\/19\/vitoria-faz-convocacao-de-22-jogadores-para-duelo-contra-o-sampaio-correa\/#article\",\"isPartOf\":{\"@id\":\"https:\/\/bahiaeconomica.com.br\/wp\/2023\/10\/19\/vitoria-faz-convocacao-de-22-jogadores-para-duelo-contra-o-sampaio-correa\/\"},\"author\":{\"name\":\"Emily Oliveira\",\"@id\":\"https:\/\/bahiaeconomica.com.br\/wp\/#\/schema\/person\/547396bb3b39ebb828ab5807d982c42f\"},\"headline\":\"VIT\u00d3RIA FAZ CONVOCA\u00c7\u00c3O DE 22 JOGADORES PARA DUELO CONTRA O SAMPAIO CORR\u00caA\",\"datePublished\":\"2023-10-19T18:38:00+00:00\",\"dateModified\":\"2023-10-19T18:56:52+00:00\",\"mainEntityOfPage\":{\"@id\":\"https:\/\/bahiaeconomica.com.br\/wp\/2023\/10\/19\/vitoria-faz-convocacao-de-22-jogadores-para-duelo-contra-o-sampaio-correa\/\"},\"wordCount\":238,\"publisher\":{\"@id\":\"https:\/\/bahiaeconomica.com.br\/wp\/#organization\"},\"keywords\":[\"convoca\u00e7\u00e3o de jogadores\",\"jogadores convocados\",\"vitoria\"],\"articleSection\":[\"Esporte\"],\"inLanguage\":\"pt-BR\"},{\"@type\":\"WebPage\",\"@id\":\"https:\/\/bahiaeconomica.com.br\/wp\/2023\/10\/19\/vitoria-faz-convocacao-de-22-jogadores-para-duelo-contra-o-sampaio-correa\/\",\"url\":\"https:\/\/bahiaeconomica.com.br\/wp\/2023\/10\/19\/vitoria-faz-convocacao-de-22-jogadores-para-duelo-contra-o-sampaio-correa\/\",\"name\":\"VIT\u00d3RIA FAZ CONVOCA\u00c7\u00c3O DE 22 JOGADORES PARA DUELO CONTRA O SAMPAIO CORR\u00caA - Bahia Economica\",\"isPartOf\":{\"@id\":\"https:\/\/bahiaeconomica.com.br\/wp\/#website\"},\"datePublished\":\"2023-10-19T18:38:00+00:00\",\"dateModified\":\"2023-10-19T18:56:52+00:00\",\"description\":\"O maior portal de Economia da Bahia Esporte Bahia Economica Vinte e dois jogadores do Vit\u00f3ria j\u00e1 est\u00e3o preparados e aguardam\",\"breadcrumb\":{\"@id\":\"https:\/\/bahiaeconomica.com.br\/wp\/2023\/10\/19\/vitoria-faz-convocacao-de-22-jogadores-para-duelo-contra-o-sampaio-correa\/#breadcrumb\"},\"inLanguage\":\"pt-BR\",\"potentialAction\":[{\"@type\":\"ReadAction\",\"target\":[\"https:\/\/bahiaeconomica.com.br\/wp\/2023\/10\/19\/vitoria-faz-convocacao-de-22-jogadores-para-duelo-contra-o-sampaio-correa\/\"]}]},{\"@type\":\"BreadcrumbList\",\"@id\":\"https:\/\/bahiaeconomica.com.br\/wp\/2023\/10\/19\/vitoria-faz-convocacao-de-22-jogadores-para-duelo-contra-o-sampaio-correa\/#breadcrumb\",\"itemListElement\":[{\"@type\":\"ListItem\",\"position\":1,\"name\":\"In\u00edcio\",\"item\":\"https:\/\/bahiaeconomica.com.br\/wp\/\"},{\"@type\":\"ListItem\",\"position\":2,\"name\":\"VIT\u00d3RIA FAZ CONVOCA\u00c7\u00c3O DE 22 JOGADORES PARA DUELO CONTRA O SAMPAIO CORR\u00caA\"}]},{\"@type\":\"WebSite\",\"@id\":\"https:\/\/bahiaeconomica.com.br\/wp\/#website\",\"url\":\"https:\/\/bahiaeconomica.com.br\/wp\/\",\"name\":\"Bahia Economica\",\"description\":\"O maior portal de Economia da Bahia\",\"publisher\":{\"@id\":\"https:\/\/bahiaeconomica.com.br\/wp\/#organization\"},\"potentialAction\":[{\"@type\":\"SearchAction\",\"target\":{\"@type\":\"EntryPoint\",\"urlTemplate\":\"https:\/\/bahiaeconomica.com.br\/wp\/?s={search_term_string}\"},\"query-input\":\"required name=search_term_string\"}],\"inLanguage\":\"pt-BR\"},{\"@type\":\"Organization\",\"@id\":\"https:\/\/bahiaeconomica.com.br\/wp\/#organization\",\"name\":\"Bahia Econ\u00f4mica\",\"url\":\"https:\/\/bahiaeconomica.com.br\/wp\/\",\"logo\":{\"@type\":\"ImageObject\",\"inLanguage\":\"pt-BR\",\"@id\":\"https:\/\/bahiaeconomica.com.br\/wp\/#\/schema\/logo\/image\/\",\"url\":\"https:\/\/bahiaeconomica.com.br\/wp\/wp-content\/uploads\/2020\/12\/cropped-BE.png\",\"contentUrl\":\"https:\/\/bahiaeconomica.com.br\/wp\/wp-content\/uploads\/2020\/12\/cropped-BE.png\",\"width\":512,\"height\":512,\"caption\":\"Bahia Econ\u00f4mica\"},\"image\":{\"@id\":\"https:\/\/bahiaeconomica.com.br\/wp\/#\/schema\/logo\/image\/\"},\"sameAs\":[\"https:\/\/www.facebook.com\/bahiaeconomica\"]},{\"@type\":\"Person\",\"@id\":\"https:\/\/bahiaeconomica.com.br\/wp\/#\/schema\/person\/547396bb3b39ebb828ab5807d982c42f\",\"name\":\"Emily Oliveira\",\"sameAs\":[\"https:\/\/bahiaeconomica.com.br\/wp\/\"],\"url\":\"https:\/\/bahiaeconomica.com.br\/wp\/author\/emily-oliveira\/\"}]}<\/script>\n<!-- \/ Yoast SEO plugin. -->","yoast_head_json":{"title":"VIT\u00d3RIA FAZ CONVOCA\u00c7\u00c3O DE 22 JOGADORES PARA DUELO CONTRA O SAMPAIO CORR\u00caA - Bahia Economica","description":"O maior portal de Economia da Bahia Esporte Bahia Economica Vinte e dois jogadores do Vit\u00f3ria j\u00e1 est\u00e3o preparados e aguardam","robots":{"index":"index","follow":"follow","max-snippet":"max-snippet:-1","max-image-preview":"max-image-preview:large","max-video-preview":"max-video-preview:-1"},"canonical":"https:\/\/bahiaeconomica.com.br\/wp\/2023\/10\/19\/vitoria-faz-convocacao-de-22-jogadores-para-duelo-contra-o-sampaio-correa\/","og_locale":"pt_BR","og_type":"article","og_title":"VIT\u00d3RIA FAZ CONVOCA\u00c7\u00c3O DE 22 JOGADORES PARA DUELO CONTRA O SAMPAIO CORR\u00caA - Bahia Economica","og_description":"O maior portal de Economia da Bahia Esporte Bahia Economica Vinte e dois jogadores do Vit\u00f3ria j\u00e1 est\u00e3o preparados e aguardam","og_url":"https:\/\/bahiaeconomica.com.br\/wp\/2023\/10\/19\/vitoria-faz-convocacao-de-22-jogadores-para-duelo-contra-o-sampaio-correa\/","og_site_name":"Bahia Economica","article_publisher":"https:\/\/www.facebook.com\/bahiaeconomica","article_published_time":"2023-10-19T18:38:00+00:00","article_modified_time":"2023-10-19T18:56:52+00:00","og_image":[{"width":1069,"height":710,"url":"https:\/\/bahiaeconomica.com.br\/wp\/wp-content\/uploads\/2023\/10\/Vitoria-convoca-22-jogadores-para-o-jogo-contra-o-0124607800202310191442-ScaleDownProportional.webp","type":"image\/webp"}],"author":"Emily Oliveira","twitter_card":"summary_large_image","twitter_misc":{"Escrito por":"Emily Oliveira","Est. tempo de leitura":"2 minutos"},"schema":{"@context":"https:\/\/schema.org","@graph":[{"@type":"Article","@id":"https:\/\/bahiaeconomica.com.br\/wp\/2023\/10\/19\/vitoria-faz-convocacao-de-22-jogadores-para-duelo-contra-o-sampaio-correa\/#article","isPartOf":{"@id":"https:\/\/bahiaeconomica.com.br\/wp\/2023\/10\/19\/vitoria-faz-convocacao-de-22-jogadores-para-duelo-contra-o-sampaio-correa\/"},"author":{"name":"Emily Oliveira","@id":"https:\/\/bahiaeconomica.com.br\/wp\/#\/schema\/person\/547396bb3b39ebb828ab5807d982c42f"},"headline":"VIT\u00d3RIA FAZ CONVOCA\u00c7\u00c3O DE 22 JOGADORES PARA DUELO CONTRA O SAMPAIO CORR\u00caA","datePublished":"2023-10-19T18:38:00+00:00","dateModified":"2023-10-19T18:56:52+00:00","mainEntityOfPage":{"@id":"https:\/\/bahiaeconomica.com.br\/wp\/2023\/10\/19\/vitoria-faz-convocacao-de-22-jogadores-para-duelo-contra-o-sampaio-correa\/"},"wordCount":238,"publisher":{"@id":"https:\/\/bahiaeconomica.com.br\/wp\/#organization"},"keywords":["convoca\u00e7\u00e3o de jogadores","jogadores convocados","vitoria"],"articleSection":["Esporte"],"inLanguage":"pt-BR"},{"@type":"WebPage","@id":"https:\/\/bahiaeconomica.com.br\/wp\/2023\/10\/19\/vitoria-faz-convocacao-de-22-jogadores-para-duelo-contra-o-sampaio-correa\/","url":"https:\/\/bahiaeconomica.com.br\/wp\/2023\/10\/19\/vitoria-faz-convocacao-de-22-jogadores-para-duelo-contra-o-sampaio-correa\/","name":"VIT\u00d3RIA FAZ CONVOCA\u00c7\u00c3O DE 22 JOGADORES PARA DUELO CONTRA O SAMPAIO CORR\u00caA - Bahia Economica","isPartOf":{"@id":"https:\/\/bahiaeconomica.com.br\/wp\/#website"},"datePublished":"2023-10-19T18:38:00+00:00","dateModified":"2023-10-19T18:56:52+00:00","description":"O maior portal de Economia da Bahia Esporte Bahia Economica Vinte e dois jogadores do Vit\u00f3ria j\u00e1 est\u00e3o preparados e aguardam","breadcrumb":{"@id":"https:\/\/bahiaeconomica.com.br\/wp\/2023\/10\/19\/vitoria-faz-convocacao-de-22-jogadores-para-duelo-contra-o-sampaio-correa\/#breadcrumb"},"inLanguage":"pt-BR","potentialAction":[{"@type":"ReadAction","target":["https:\/\/bahiaeconomica.com.br\/wp\/2023\/10\/19\/vitoria-faz-convocacao-de-22-jogadores-para-duelo-contra-o-sampaio-correa\/"]}]},{"@type":"BreadcrumbList","@id":"https:\/\/bahiaeconomica.com.br\/wp\/2023\/10\/19\/vitoria-faz-convocacao-de-22-jogadores-para-duelo-contra-o-sampaio-correa\/#breadcrumb","itemListElement":[{"@type":"ListItem","position":1,"name":"In\u00edcio","item":"https:\/\/bahiaeconomica.com.br\/wp\/"},{"@type":"ListItem","position":2,"name":"VIT\u00d3RIA FAZ CONVOCA\u00c7\u00c3O DE 22 JOGADORES PARA DUELO CONTRA O SAMPAIO CORR\u00caA"}]},{"@type":"WebSite","@id":"https:\/\/bahiaeconomica.com.br\/wp\/#website","url":"https:\/\/bahiaeconomica.com.br\/wp\/","name":"Bahia Economica","description":"O maior portal de Economia da Bahia","publisher":{"@id":"https:\/\/bahiaeconomica.com.br\/wp\/#organization"},"potentialAction":[{"@type":"SearchAction","target":{"@type":"EntryPoint","urlTemplate":"https:\/\/bahiaeconomica.com.br\/wp\/?s={search_term_string}"},"query-input":"required name=search_term_string"}],"inLanguage":"pt-BR"},{"@type":"Organization","@id":"https:\/\/bahiaeconomica.com.br\/wp\/#organization","name":"Bahia Econ\u00f4mica","url":"https:\/\/bahiaeconomica.com.br\/wp\/","logo":{"@type":"ImageObject","inLanguage":"pt-BR","@id":"https:\/\/bahiaeconomica.com.br\/wp\/#\/schema\/logo\/image\/","url":"https:\/\/bahiaeconomica.com.br\/wp\/wp-content\/uploads\/2020\/12\/cropped-BE.png","contentUrl":"https:\/\/bahiaeconomica.com.br\/wp\/wp-content\/uploads\/2020\/12\/cropped-BE.png","width":512,"height":512,"caption":"Bahia Econ\u00f4mica"},"image":{"@id":"https:\/\/bahiaeconomica.com.br\/wp\/#\/schema\/logo\/image\/"},"sameAs":["https:\/\/www.facebook.com\/bahiaeconomica"]},{"@type":"Person","@id":"https:\/\/bahiaeconomica.com.br\/wp\/#\/schema\/person\/547396bb3b39ebb828ab5807d982c42f","name":"Emily Oliveira","sameAs":["https:\/\/bahiaeconomica.com.br\/wp\/"],"url":"https:\/\/bahiaeconomica.com.br\/wp\/author\/emily-oliveira\/"}]}},"views":11,"_links":{"self":[{"href":"https:\/\/bahiaeconomica.com.br\/wp\/wp-json\/wp\/v2\/posts\/771522"}],"collection":[{"href":"https:\/\/bahiaeconomica.com.br\/wp\/wp-json\/wp\/v2\/posts"}],"about":[{"href":"https:\/\/bahiaeconomica.com.br\/wp\/wp-json\/wp\/v2\/types\/post"}],"author":[{"embeddable":true,"href":"https:\/\/bahiaeconomica.com.br\/wp\/wp-json\/wp\/v2\/users\/18"}],"replies":[{"embeddable":true,"href":"https:\/\/bahiaeconomica.com.br\/wp\/wp-json\/wp\/v2\/comments?post=771522"}],"version-history":[{"count":2,"href":"https:\/\/bahiaeconomica.com.br\/wp\/wp-json\/wp\/v2\/posts\/771522\/revisions"}],"predecessor-version":[{"id":771529,"href":"https:\/\/bahiaeconomica.com.br\/wp\/wp-json\/wp\/v2\/posts\/771522\/revisions\/771529"}],"wp:featuredmedia":[{"embeddable":true,"href":"https:\/\/bahiaeconomica.com.br\/wp\/wp-json\/wp\/v2\/media\/771526"}],"wp:attachment":[{"href":"https:\/\/bahiaeconomica.com.br\/wp\/wp-json\/wp\/v2\/media?parent=771522"}],"wp:term":[{"taxonomy":"category","embeddable":true,"href":"https:\/\/bahiaeconomica.com.br\/wp\/wp-json\/wp\/v2\/categories?post=771522"},{"taxonomy":"post_tag","embeddable":true,"href":"https:\/\/bahiaeconomica.com.br\/wp\/wp-json\/wp\/v2\/tags?post=771522"}],"curies":[{"name":"wp","href":"https:\/\/api.w.org\/{rel}","templated":true}]}}