{"id":771433,"date":"2023-10-19T11:51:20","date_gmt":"2023-10-19T14:51:20","guid":{"rendered":"https:\/\/bahiaeconomica.com.br\/wp\/?p=771433"},"modified":"2023-10-19T11:51:20","modified_gmt":"2023-10-19T14:51:20","slug":"outubro-rosa-campanha-do-instituto-sabin-arrecadara-lencos-para-pacientes-das-osid","status":"publish","type":"post","link":"https:\/\/bahiaeconomica.com.br\/wp\/2023\/10\/19\/outubro-rosa-campanha-do-instituto-sabin-arrecadara-lencos-para-pacientes-das-osid\/","title":{"rendered":"\u2018OUTUBRO ROSA\u2019: CAMPANHA DO INSTITUTO SABIN ARRECADAR\u00c1 LEN\u00c7OS PARA PACIENTES DAS OSID"},"content":{"rendered":"<p>A partir desta sexta-feira, 20, as unidades do Sabin Diagn\u00f3stico e Sa\u00fade em Salvador, Cama\u00e7ari, Lauro de Freitas e Santo Ant\u00f4nio de Jesus ter\u00e3o postos para receber doa\u00e7\u00f5es de len\u00e7os, que ser\u00e3o distribu\u00eddos, posteriormente, para as pacientes das Obras Sociais Irm\u00e3 Dulce (Osid). A iniciativa \u2013 promovida pelo Instituto Sabin, Organiza\u00e7\u00e3o Social de Interesse P\u00fablico (Oscip) respons\u00e1vel pelo investimento social do Grupo Sabin \u2013 faz parte da campanha \u201cOutubro Rosa\u201d, que \u00e9 um movimento internacional de conscientiza\u00e7\u00e3o para o controle do c\u00e2ncer de mama, e seguir\u00e1 at\u00e9 o dia 10 de novembro.<\/p>\n<p>Paralelamente \u00e0 arrecada\u00e7\u00e3o nas unidades, o Instituto Sabin, em parceria com a organiza\u00e7\u00e3o M\u00e3os Solid\u00e1rias, tamb\u00e9m far\u00e1 doa\u00e7\u00e3o de len\u00e7os confeccionados pelas detentas da Unidade Prisional Regional Feminina de Luzi\u00e2nia, em Goi\u00e1s, dentro de um projeto de ressocializa\u00e7\u00e3o, e por alunas do Instituto M\u00e3os Solid\u00e1rias, que promove cursos profissionalizantes para pessoas em vulnerabilidade social. A doa\u00e7\u00e3o ser\u00e1 destinada \u00e0 Osid, em Salvador, e ao Abrigo de Idosos S\u00e3o Jo\u00e3o Batista, em Barreiras, no oeste do estado.<\/p>\n<p>\u201cDurante a campanha, o Sabin ainda ir\u00e1 doar, para algumas institui\u00e7\u00f5es sociais, vouchers para exames laboratoriais. A inten\u00e7\u00e3o \u00e9, al\u00e9m de conscientizar sobre a import\u00e2ncia do controle do c\u00e2ncer de mama, contribuir para que as pessoas possam ter um diagn\u00f3stico da doen\u00e7a, podendo iniciar o tratamento o quanto antes\u201d, afirmou Agnaluce Moreira, gestora regional do Sabin em Salvador, enfatizando que a empresa ir\u00e1 promover uma s\u00e9rie de a\u00e7\u00f5es internas de conscientiza\u00e7\u00e3o com os colaboradores, como oficinas de autocuidados e programa\u00e7\u00e3o de lives sobre aten\u00e7\u00e3o com a sa\u00fade.<\/p>\n<p>Preven\u00e7\u00e3o \u00e9 a palavra-chave<\/p>\n<p>Dados do Instituto Nacional de C\u00e2ncer (Inca), \u00f3rg\u00e3o auxiliar do Minist\u00e9rio da Sa\u00fade para a preven\u00e7\u00e3o e controle dessa doen\u00e7a no Brasil, estimam 73.610 novos casos de c\u00e2ncer de mama em 2023, sendo o tipo de neoplasia que mais acomete as mulheres. A doen\u00e7a, inclusive, ocupa a primeira posi\u00e7\u00e3o em mortalidade por c\u00e2ncer deste p\u00fablico no pa\u00eds, com 18.139 perdas no ano de 2021.<\/p>\n<p>O Inca informa que n\u00e3o h\u00e1 uma causa \u00fanica para o surgimento do c\u00e2ncer de mama, mas aponta alguns sinais e sintomas que podem indicar a manifesta\u00e7\u00e3o da enfermidade, como caro\u00e7o (n\u00f3dulo), geralmente endurecido, fixo e indolor; pele da mama avermelhada ou parecida com casca de laranja; e altera\u00e7\u00f5es no bico do peito, com sa\u00edda espont\u00e2nea de l\u00edquido de um dos mamilos, al\u00e9m de pequenos n\u00f3dulos no pesco\u00e7o ou na regi\u00e3o das axilas.<\/p>\n<p>A radiologista Carolina Neves, gestora m\u00e9dica do Servi\u00e7o de Imagem do Sabin, destaca que a preven\u00e7\u00e3o \u00e9 a palavra-chave para identifica\u00e7\u00e3o e tratamento da doen\u00e7a e passa pela conscientiza\u00e7\u00e3o da popula\u00e7\u00e3o de que o c\u00e2ncer de mama impacta significativamente a sociedade. \u201cA preven\u00e7\u00e3o implica evitar fatores de risco, como sedentarismo, alimenta\u00e7\u00e3o inadequada e a consequente obesidade; passa tamb\u00e9m pela compreens\u00e3o de que um hist\u00f3rico familiar de c\u00e2ncer de mama e\/ou ov\u00e1rio deve levar qualquer mulher a discutir o risco com seus m\u00e9dicos e passa pela ader\u00eancia aos exames de rotina\u201d, pontua.<\/p>\n<p>Ela salienta ainda que a mamografia, de forma mais ampla, continua sendo a melhor e mais eficiente ferramenta para permitir um diagn\u00f3stico precoce. \u201cEste exame permite diagnosticar les\u00f5es antes de elas se tornarem palp\u00e1veis, em uma fase em que, se tudo for feito sem atrasos, a chance de cura se aproxima de 100%\u201d, informa a m\u00e9dica, acrescentando que a recomenda\u00e7\u00e3o para os pacientes com risco mais elevado, com hist\u00f3ria familiar de c\u00e2ncer de mama, inclui tamb\u00e9m a realiza\u00e7\u00e3o de ultrassonografia e resson\u00e2ncia das mamas. \u201cAs mulheres devem ter orienta\u00e7\u00e3o individualizada, seja por seu mastologista ou ginecologista. Afinal de contas, a melhor prepara\u00e7\u00e3o para o amanh\u00e3 \u00e9 fazer o melhor hoje\u201d, salienta.<\/p>\n<p>Foto: Acervo Sabin<\/p>\n","protected":false},"excerpt":{"rendered":"<p>A partir desta sexta-feira, 20, as unidades do Sabin Diagn\u00f3stico e Sa\u00fade em Salvador, Cama\u00e7ari, Lauro de Freitas e Santo Ant\u00f4nio de Jesus ter\u00e3o postos para receber doa\u00e7\u00f5es de len\u00e7os, que ser\u00e3o distribu\u00eddos, posteriormente, para as pacientes das Obras Sociais Irm\u00e3 Dulce (Osid). A iniciativa \u2013 promovida pelo Instituto Sabin, Organiza\u00e7\u00e3o Social de Interesse P\u00fablico [&hellip;]<\/p>\n","protected":false},"author":8,"featured_media":771435,"comment_status":"closed","ping_status":"closed","sticky":false,"template":"","format":"standard","meta":[],"categories":[21],"tags":[4704,100,3916],"acf":[],"yoast_head":"<!-- This site is optimized with the Yoast SEO plugin v20.8 - https:\/\/yoast.com\/wordpress\/plugins\/seo\/ -->\n<title>\u2018OUTUBRO ROSA\u2019: CAMPANHA DO INSTITUTO SABIN ARRECADAR\u00c1 LEN\u00c7OS PARA PACIENTES DAS OSID - Bahia Economica<\/title>\n<meta name=\"description\" content=\"O maior portal de Economia da Bahia Sa\u00fade \/ Educa\u00e7\u00e3o Bahia Economica A partir desta sexta-feira, 20, as unidades do Sabin Diagn\u00f3stico\" \/>\n<meta name=\"robots\" content=\"index, follow, max-snippet:-1, max-image-preview:large, max-video-preview:-1\" \/>\n<link rel=\"canonical\" href=\"https:\/\/bahiaeconomica.com.br\/wp\/2023\/10\/19\/outubro-rosa-campanha-do-instituto-sabin-arrecadara-lencos-para-pacientes-das-osid\/\" \/>\n<meta property=\"og:locale\" content=\"pt_BR\" \/>\n<meta property=\"og:type\" content=\"article\" \/>\n<meta property=\"og:title\" content=\"\u2018OUTUBRO ROSA\u2019: CAMPANHA DO INSTITUTO SABIN ARRECADAR\u00c1 LEN\u00c7OS PARA PACIENTES DAS OSID - Bahia Economica\" \/>\n<meta property=\"og:description\" content=\"O maior portal de Economia da Bahia Sa\u00fade \/ Educa\u00e7\u00e3o Bahia Economica A partir desta sexta-feira, 20, as unidades do Sabin Diagn\u00f3stico\" \/>\n<meta property=\"og:url\" content=\"https:\/\/bahiaeconomica.com.br\/wp\/2023\/10\/19\/outubro-rosa-campanha-do-instituto-sabin-arrecadara-lencos-para-pacientes-das-osid\/\" \/>\n<meta property=\"og:site_name\" content=\"Bahia Economica\" \/>\n<meta property=\"article:publisher\" content=\"https:\/\/www.facebook.com\/bahiaeconomica\" \/>\n<meta property=\"article:published_time\" content=\"2023-10-19T14:51:20+00:00\" \/>\n<meta property=\"og:image\" content=\"https:\/\/bahiaeconomica.com.br\/wp\/wp-content\/uploads\/2023\/10\/WhatsApp-Image-2023-10-19-at-08.44.42.jpeg\" \/>\n\t<meta property=\"og:image:width\" content=\"1182\" \/>\n\t<meta property=\"og:image:height\" content=\"860\" \/>\n\t<meta property=\"og:image:type\" content=\"image\/jpeg\" \/>\n<meta name=\"author\" content=\"JP\" \/>\n<meta name=\"twitter:card\" content=\"summary_large_image\" \/>\n<meta name=\"twitter:label1\" content=\"Escrito por\" \/>\n\t<meta name=\"twitter:data1\" content=\"JP\" \/>\n\t<meta name=\"twitter:label2\" content=\"Est. tempo de leitura\" \/>\n\t<meta name=\"twitter:data2\" content=\"4 minutos\" \/>\n<script type=\"application\/ld+json\" class=\"yoast-schema-graph\">{\"@context\":\"https:\/\/schema.org\",\"@graph\":[{\"@type\":\"Article\",\"@id\":\"https:\/\/bahiaeconomica.com.br\/wp\/2023\/10\/19\/outubro-rosa-campanha-do-instituto-sabin-arrecadara-lencos-para-pacientes-das-osid\/#article\",\"isPartOf\":{\"@id\":\"https:\/\/bahiaeconomica.com.br\/wp\/2023\/10\/19\/outubro-rosa-campanha-do-instituto-sabin-arrecadara-lencos-para-pacientes-das-osid\/\"},\"author\":{\"name\":\"JP\",\"@id\":\"https:\/\/bahiaeconomica.com.br\/wp\/#\/schema\/person\/c86d3a3f8960425a0f9d0e5245991f4e\"},\"headline\":\"\u2018OUTUBRO ROSA\u2019: CAMPANHA DO INSTITUTO SABIN ARRECADAR\u00c1 LEN\u00c7OS PARA PACIENTES DAS OSID\",\"datePublished\":\"2023-10-19T14:51:20+00:00\",\"dateModified\":\"2023-10-19T14:51:20+00:00\",\"mainEntityOfPage\":{\"@id\":\"https:\/\/bahiaeconomica.com.br\/wp\/2023\/10\/19\/outubro-rosa-campanha-do-instituto-sabin-arrecadara-lencos-para-pacientes-das-osid\/\"},\"wordCount\":696,\"publisher\":{\"@id\":\"https:\/\/bahiaeconomica.com.br\/wp\/#organization\"},\"keywords\":[\"Acervo\",\"Pol\u00edtica\",\"Sabin\"],\"articleSection\":[\"Sa\u00fade \/ Educa\u00e7\u00e3o\"],\"inLanguage\":\"pt-BR\"},{\"@type\":\"WebPage\",\"@id\":\"https:\/\/bahiaeconomica.com.br\/wp\/2023\/10\/19\/outubro-rosa-campanha-do-instituto-sabin-arrecadara-lencos-para-pacientes-das-osid\/\",\"url\":\"https:\/\/bahiaeconomica.com.br\/wp\/2023\/10\/19\/outubro-rosa-campanha-do-instituto-sabin-arrecadara-lencos-para-pacientes-das-osid\/\",\"name\":\"\u2018OUTUBRO ROSA\u2019: CAMPANHA DO INSTITUTO SABIN ARRECADAR\u00c1 LEN\u00c7OS PARA PACIENTES DAS OSID - Bahia Economica\",\"isPartOf\":{\"@id\":\"https:\/\/bahiaeconomica.com.br\/wp\/#website\"},\"datePublished\":\"2023-10-19T14:51:20+00:00\",\"dateModified\":\"2023-10-19T14:51:20+00:00\",\"description\":\"O maior portal de Economia da Bahia Sa\u00fade \/ Educa\u00e7\u00e3o Bahia Economica A partir desta sexta-feira, 20, as unidades do Sabin Diagn\u00f3stico\",\"breadcrumb\":{\"@id\":\"https:\/\/bahiaeconomica.com.br\/wp\/2023\/10\/19\/outubro-rosa-campanha-do-instituto-sabin-arrecadara-lencos-para-pacientes-das-osid\/#breadcrumb\"},\"inLanguage\":\"pt-BR\",\"potentialAction\":[{\"@type\":\"ReadAction\",\"target\":[\"https:\/\/bahiaeconomica.com.br\/wp\/2023\/10\/19\/outubro-rosa-campanha-do-instituto-sabin-arrecadara-lencos-para-pacientes-das-osid\/\"]}]},{\"@type\":\"BreadcrumbList\",\"@id\":\"https:\/\/bahiaeconomica.com.br\/wp\/2023\/10\/19\/outubro-rosa-campanha-do-instituto-sabin-arrecadara-lencos-para-pacientes-das-osid\/#breadcrumb\",\"itemListElement\":[{\"@type\":\"ListItem\",\"position\":1,\"name\":\"In\u00edcio\",\"item\":\"https:\/\/bahiaeconomica.com.br\/wp\/\"},{\"@type\":\"ListItem\",\"position\":2,\"name\":\"\u2018OUTUBRO ROSA\u2019: CAMPANHA DO INSTITUTO SABIN ARRECADAR\u00c1 LEN\u00c7OS PARA PACIENTES DAS OSID\"}]},{\"@type\":\"WebSite\",\"@id\":\"https:\/\/bahiaeconomica.com.br\/wp\/#website\",\"url\":\"https:\/\/bahiaeconomica.com.br\/wp\/\",\"name\":\"Bahia Economica\",\"description\":\"O maior portal de Economia da Bahia\",\"publisher\":{\"@id\":\"https:\/\/bahiaeconomica.com.br\/wp\/#organization\"},\"potentialAction\":[{\"@type\":\"SearchAction\",\"target\":{\"@type\":\"EntryPoint\",\"urlTemplate\":\"https:\/\/bahiaeconomica.com.br\/wp\/?s={search_term_string}\"},\"query-input\":\"required name=search_term_string\"}],\"inLanguage\":\"pt-BR\"},{\"@type\":\"Organization\",\"@id\":\"https:\/\/bahiaeconomica.com.br\/wp\/#organization\",\"name\":\"Bahia Econ\u00f4mica\",\"url\":\"https:\/\/bahiaeconomica.com.br\/wp\/\",\"logo\":{\"@type\":\"ImageObject\",\"inLanguage\":\"pt-BR\",\"@id\":\"https:\/\/bahiaeconomica.com.br\/wp\/#\/schema\/logo\/image\/\",\"url\":\"https:\/\/bahiaeconomica.com.br\/wp\/wp-content\/uploads\/2020\/12\/cropped-BE.png\",\"contentUrl\":\"https:\/\/bahiaeconomica.com.br\/wp\/wp-content\/uploads\/2020\/12\/cropped-BE.png\",\"width\":512,\"height\":512,\"caption\":\"Bahia Econ\u00f4mica\"},\"image\":{\"@id\":\"https:\/\/bahiaeconomica.com.br\/wp\/#\/schema\/logo\/image\/\"},\"sameAs\":[\"https:\/\/www.facebook.com\/bahiaeconomica\"]},{\"@type\":\"Person\",\"@id\":\"https:\/\/bahiaeconomica.com.br\/wp\/#\/schema\/person\/c86d3a3f8960425a0f9d0e5245991f4e\",\"name\":\"JP\",\"sameAs\":[\"https:\/\/bahiaeconomica.com.br\/wp\/beta\/\"],\"url\":\"https:\/\/bahiaeconomica.com.br\/wp\/author\/jp\/\"}]}<\/script>\n<!-- \/ Yoast SEO plugin. -->","yoast_head_json":{"title":"\u2018OUTUBRO ROSA\u2019: CAMPANHA DO INSTITUTO SABIN ARRECADAR\u00c1 LEN\u00c7OS PARA PACIENTES DAS OSID - Bahia Economica","description":"O maior portal de Economia da Bahia Sa\u00fade \/ Educa\u00e7\u00e3o Bahia Economica A partir desta sexta-feira, 20, as unidades do Sabin Diagn\u00f3stico","robots":{"index":"index","follow":"follow","max-snippet":"max-snippet:-1","max-image-preview":"max-image-preview:large","max-video-preview":"max-video-preview:-1"},"canonical":"https:\/\/bahiaeconomica.com.br\/wp\/2023\/10\/19\/outubro-rosa-campanha-do-instituto-sabin-arrecadara-lencos-para-pacientes-das-osid\/","og_locale":"pt_BR","og_type":"article","og_title":"\u2018OUTUBRO ROSA\u2019: CAMPANHA DO INSTITUTO SABIN ARRECADAR\u00c1 LEN\u00c7OS PARA PACIENTES DAS OSID - Bahia Economica","og_description":"O maior portal de Economia da Bahia Sa\u00fade \/ Educa\u00e7\u00e3o Bahia Economica A partir desta sexta-feira, 20, as unidades do Sabin Diagn\u00f3stico","og_url":"https:\/\/bahiaeconomica.com.br\/wp\/2023\/10\/19\/outubro-rosa-campanha-do-instituto-sabin-arrecadara-lencos-para-pacientes-das-osid\/","og_site_name":"Bahia Economica","article_publisher":"https:\/\/www.facebook.com\/bahiaeconomica","article_published_time":"2023-10-19T14:51:20+00:00","og_image":[{"width":1182,"height":860,"url":"https:\/\/bahiaeconomica.com.br\/wp\/wp-content\/uploads\/2023\/10\/WhatsApp-Image-2023-10-19-at-08.44.42.jpeg","type":"image\/jpeg"}],"author":"JP","twitter_card":"summary_large_image","twitter_misc":{"Escrito por":"JP","Est. tempo de leitura":"4 minutos"},"schema":{"@context":"https:\/\/schema.org","@graph":[{"@type":"Article","@id":"https:\/\/bahiaeconomica.com.br\/wp\/2023\/10\/19\/outubro-rosa-campanha-do-instituto-sabin-arrecadara-lencos-para-pacientes-das-osid\/#article","isPartOf":{"@id":"https:\/\/bahiaeconomica.com.br\/wp\/2023\/10\/19\/outubro-rosa-campanha-do-instituto-sabin-arrecadara-lencos-para-pacientes-das-osid\/"},"author":{"name":"JP","@id":"https:\/\/bahiaeconomica.com.br\/wp\/#\/schema\/person\/c86d3a3f8960425a0f9d0e5245991f4e"},"headline":"\u2018OUTUBRO ROSA\u2019: CAMPANHA DO INSTITUTO SABIN ARRECADAR\u00c1 LEN\u00c7OS PARA PACIENTES DAS OSID","datePublished":"2023-10-19T14:51:20+00:00","dateModified":"2023-10-19T14:51:20+00:00","mainEntityOfPage":{"@id":"https:\/\/bahiaeconomica.com.br\/wp\/2023\/10\/19\/outubro-rosa-campanha-do-instituto-sabin-arrecadara-lencos-para-pacientes-das-osid\/"},"wordCount":696,"publisher":{"@id":"https:\/\/bahiaeconomica.com.br\/wp\/#organization"},"keywords":["Acervo","Pol\u00edtica","Sabin"],"articleSection":["Sa\u00fade \/ Educa\u00e7\u00e3o"],"inLanguage":"pt-BR"},{"@type":"WebPage","@id":"https:\/\/bahiaeconomica.com.br\/wp\/2023\/10\/19\/outubro-rosa-campanha-do-instituto-sabin-arrecadara-lencos-para-pacientes-das-osid\/","url":"https:\/\/bahiaeconomica.com.br\/wp\/2023\/10\/19\/outubro-rosa-campanha-do-instituto-sabin-arrecadara-lencos-para-pacientes-das-osid\/","name":"\u2018OUTUBRO ROSA\u2019: CAMPANHA DO INSTITUTO SABIN ARRECADAR\u00c1 LEN\u00c7OS PARA PACIENTES DAS OSID - Bahia Economica","isPartOf":{"@id":"https:\/\/bahiaeconomica.com.br\/wp\/#website"},"datePublished":"2023-10-19T14:51:20+00:00","dateModified":"2023-10-19T14:51:20+00:00","description":"O maior portal de Economia da Bahia Sa\u00fade \/ Educa\u00e7\u00e3o Bahia Economica A partir desta sexta-feira, 20, as unidades do Sabin Diagn\u00f3stico","breadcrumb":{"@id":"https:\/\/bahiaeconomica.com.br\/wp\/2023\/10\/19\/outubro-rosa-campanha-do-instituto-sabin-arrecadara-lencos-para-pacientes-das-osid\/#breadcrumb"},"inLanguage":"pt-BR","potentialAction":[{"@type":"ReadAction","target":["https:\/\/bahiaeconomica.com.br\/wp\/2023\/10\/19\/outubro-rosa-campanha-do-instituto-sabin-arrecadara-lencos-para-pacientes-das-osid\/"]}]},{"@type":"BreadcrumbList","@id":"https:\/\/bahiaeconomica.com.br\/wp\/2023\/10\/19\/outubro-rosa-campanha-do-instituto-sabin-arrecadara-lencos-para-pacientes-das-osid\/#breadcrumb","itemListElement":[{"@type":"ListItem","position":1,"name":"In\u00edcio","item":"https:\/\/bahiaeconomica.com.br\/wp\/"},{"@type":"ListItem","position":2,"name":"\u2018OUTUBRO ROSA\u2019: CAMPANHA DO INSTITUTO SABIN ARRECADAR\u00c1 LEN\u00c7OS PARA PACIENTES DAS OSID"}]},{"@type":"WebSite","@id":"https:\/\/bahiaeconomica.com.br\/wp\/#website","url":"https:\/\/bahiaeconomica.com.br\/wp\/","name":"Bahia Economica","description":"O maior portal de Economia da Bahia","publisher":{"@id":"https:\/\/bahiaeconomica.com.br\/wp\/#organization"},"potentialAction":[{"@type":"SearchAction","target":{"@type":"EntryPoint","urlTemplate":"https:\/\/bahiaeconomica.com.br\/wp\/?s={search_term_string}"},"query-input":"required name=search_term_string"}],"inLanguage":"pt-BR"},{"@type":"Organization","@id":"https:\/\/bahiaeconomica.com.br\/wp\/#organization","name":"Bahia Econ\u00f4mica","url":"https:\/\/bahiaeconomica.com.br\/wp\/","logo":{"@type":"ImageObject","inLanguage":"pt-BR","@id":"https:\/\/bahiaeconomica.com.br\/wp\/#\/schema\/logo\/image\/","url":"https:\/\/bahiaeconomica.com.br\/wp\/wp-content\/uploads\/2020\/12\/cropped-BE.png","contentUrl":"https:\/\/bahiaeconomica.com.br\/wp\/wp-content\/uploads\/2020\/12\/cropped-BE.png","width":512,"height":512,"caption":"Bahia Econ\u00f4mica"},"image":{"@id":"https:\/\/bahiaeconomica.com.br\/wp\/#\/schema\/logo\/image\/"},"sameAs":["https:\/\/www.facebook.com\/bahiaeconomica"]},{"@type":"Person","@id":"https:\/\/bahiaeconomica.com.br\/wp\/#\/schema\/person\/c86d3a3f8960425a0f9d0e5245991f4e","name":"JP","sameAs":["https:\/\/bahiaeconomica.com.br\/wp\/beta\/"],"url":"https:\/\/bahiaeconomica.com.br\/wp\/author\/jp\/"}]}},"views":24,"_links":{"self":[{"href":"https:\/\/bahiaeconomica.com.br\/wp\/wp-json\/wp\/v2\/posts\/771433"}],"collection":[{"href":"https:\/\/bahiaeconomica.com.br\/wp\/wp-json\/wp\/v2\/posts"}],"about":[{"href":"https:\/\/bahiaeconomica.com.br\/wp\/wp-json\/wp\/v2\/types\/post"}],"author":[{"embeddable":true,"href":"https:\/\/bahiaeconomica.com.br\/wp\/wp-json\/wp\/v2\/users\/8"}],"replies":[{"embeddable":true,"href":"https:\/\/bahiaeconomica.com.br\/wp\/wp-json\/wp\/v2\/comments?post=771433"}],"version-history":[{"count":1,"href":"https:\/\/bahiaeconomica.com.br\/wp\/wp-json\/wp\/v2\/posts\/771433\/revisions"}],"predecessor-version":[{"id":771436,"href":"https:\/\/bahiaeconomica.com.br\/wp\/wp-json\/wp\/v2\/posts\/771433\/revisions\/771436"}],"wp:featuredmedia":[{"embeddable":true,"href":"https:\/\/bahiaeconomica.com.br\/wp\/wp-json\/wp\/v2\/media\/771435"}],"wp:attachment":[{"href":"https:\/\/bahiaeconomica.com.br\/wp\/wp-json\/wp\/v2\/media?parent=771433"}],"wp:term":[{"taxonomy":"category","embeddable":true,"href":"https:\/\/bahiaeconomica.com.br\/wp\/wp-json\/wp\/v2\/categories?post=771433"},{"taxonomy":"post_tag","embeddable":true,"href":"https:\/\/bahiaeconomica.com.br\/wp\/wp-json\/wp\/v2\/tags?post=771433"}],"curies":[{"name":"wp","href":"https:\/\/api.w.org\/{rel}","templated":true}]}}