{"id":770134,"date":"2023-10-13T15:33:29","date_gmt":"2023-10-13T18:33:29","guid":{"rendered":"https:\/\/bahiaeconomica.com.br\/wp\/?p=770134"},"modified":"2023-10-13T15:33:29","modified_gmt":"2023-10-13T18:33:29","slug":"marta-rodrigues-apresenta-projeto-para-extinguir-limite-de-meia-passagem-estudantil","status":"publish","type":"post","link":"https:\/\/bahiaeconomica.com.br\/wp\/2023\/10\/13\/marta-rodrigues-apresenta-projeto-para-extinguir-limite-de-meia-passagem-estudantil\/","title":{"rendered":"MARTA RODRIGUES APRESENTA PROJETO PARA EXTINGUIR LIMITE DE MEIA PASSAGEM ESTUDANTIL"},"content":{"rendered":"<p>A vereadora de Salvador, Marta Rodrigues (PT), apresentou dois projetos de indica\u00e7\u00e3o \u00e0 prefeitura de Salvador para que sejam realizadas a\u00e7\u00f5es de melhorias para os passageiros do sistema de transporte p\u00fablico. O PIN 200\/2023 pede que seja extinta a limita\u00e7\u00e3o de uso di\u00e1rio e mensal das meias-passagens estudantis e o PIN 201\/2023 solicita o aumento de duas horas para tr\u00eas horas do prazo para o passageiro fazer integra\u00e7\u00e3o nos \u00f4nibus.<\/p>\n<p>De acordo com a parlamentar, as altera\u00e7\u00f5es de linha que a prefeitura vem fazendo na cidade tem causado transtornos \u00e0 popula\u00e7\u00e3o, como, por exemplo, ter que pegar mais ve\u00edculos para chegar ao destino. \u201cAo inv\u00e9s de ajudar, de agilizar o tempo, as modifica\u00e7\u00f5es da prefeitura est\u00e3o atrasando a vida do povo. A cidade vive engarrafada porque a prefeitura n\u00e3o realiza grandes obras de mobilidade urbana, e o usu\u00e1rio do sistema de transporte as vezes sequer consegue fazer a integra\u00e7\u00e3o\u201d, disse.<\/p>\n<p>A vereadora ainda afirma\u00a0que\u00a0n\u00e3o \u00e9 justo com estudantes que eles tenham uma quantidade menor do que o necess\u00e1rio para utilizar a meia passagem. Para ensino fundamental e m\u00e9dio a quantidade \u00e9 de quatro utiliza\u00e7\u00f5es. J\u00e1 para universit\u00e1rios, seis.<\/p>\n<p>\u201cO estudante vai pra escola, volta da escola para casa. Vai para o est\u00e1gio, volta do estagio. As vezes tem que ir num m\u00e9dico, acompanhar um familiar. N\u00e3o \u00e9 justo que ele tenha limite de meia passagem sendo que ele \u00e9 estudante todo o dia, todo o tempo. Muitos estudantes precisam pegar at\u00e9 mesmo mais que seis \u00f4nibus para cumprir um dia de aulas, de est\u00e1gio e de trabalho\u201d, disse ela.<\/p>\n<p>Por fim, a petista conta que o executivo municipal n\u00e3o se importa com o ir e vir da popula\u00e7\u00e3o pelo transporte coletivo, por isso os problemas em Salvador perduram h\u00e1 anos. \u201cPara se ter uma ideia, na LOA de 2024 que estamos analisando, a prefeitura renuncia milh\u00f5es de receita fiscal do transporte. Isenta as empresas de pagarem ISS mais uma vez dizendo que \u00e9 para ter melhorias no sistema. No entanto, n\u00e3o estamos vendo melhoria alguma\u201d.<\/p>\n<p>Foto: Divulga\u00e7\u00e3o \/ PT<\/p>\n","protected":false},"excerpt":{"rendered":"<p>A vereadora de Salvador, Marta Rodrigues (PT), apresentou dois projetos de indica\u00e7\u00e3o \u00e0 prefeitura de Salvador para que sejam realizadas a\u00e7\u00f5es de melhorias para os passageiros do sistema de transporte p\u00fablico. O PIN 200\/2023 pede que seja extinta a limita\u00e7\u00e3o de uso di\u00e1rio e mensal das meias-passagens estudantis e o PIN 201\/2023 solicita o aumento [&hellip;]<\/p>\n","protected":false},"author":17,"featured_media":770136,"comment_status":"closed","ping_status":"closed","sticky":false,"template":"","format":"standard","meta":[],"categories":[14601],"tags":[7142,836,73],"acf":[],"yoast_head":"<!-- This site is optimized with the Yoast SEO plugin v20.8 - https:\/\/yoast.com\/wordpress\/plugins\/seo\/ -->\n<title>MARTA RODRIGUES APRESENTA PROJETO PARA EXTINGUIR LIMITE DE MEIA PASSAGEM ESTUDANTIL - Bahia Economica<\/title>\n<meta name=\"description\" content=\"De acordo com a parlamentar, as altera\u00e7\u00f5es de linha que a prefeitura vem fazendo na cidade tem causado transtornos \u00e0 popula\u00e7\u00e3o, como, por exemplo, ter que pegar mais ve\u00edculos para chegar ao destino\" \/>\n<meta name=\"robots\" content=\"index, follow, max-snippet:-1, max-image-preview:large, max-video-preview:-1\" \/>\n<link rel=\"canonical\" href=\"https:\/\/bahiaeconomica.com.br\/wp\/2023\/10\/13\/marta-rodrigues-apresenta-projeto-para-extinguir-limite-de-meia-passagem-estudantil\/\" \/>\n<meta property=\"og:locale\" content=\"pt_BR\" \/>\n<meta property=\"og:type\" content=\"article\" \/>\n<meta property=\"og:title\" content=\"MARTA RODRIGUES APRESENTA PROJETO PARA EXTINGUIR LIMITE DE MEIA PASSAGEM ESTUDANTIL - Bahia Economica\" \/>\n<meta property=\"og:description\" content=\"De acordo com a parlamentar, as altera\u00e7\u00f5es de linha que a prefeitura vem fazendo na cidade tem causado transtornos \u00e0 popula\u00e7\u00e3o, como, por exemplo, ter que pegar mais ve\u00edculos para chegar ao destino\" \/>\n<meta property=\"og:url\" content=\"https:\/\/bahiaeconomica.com.br\/wp\/2023\/10\/13\/marta-rodrigues-apresenta-projeto-para-extinguir-limite-de-meia-passagem-estudantil\/\" \/>\n<meta property=\"og:site_name\" content=\"Bahia Economica\" \/>\n<meta property=\"article:publisher\" content=\"https:\/\/www.facebook.com\/bahiaeconomica\" \/>\n<meta property=\"article:published_time\" content=\"2023-10-13T18:33:29+00:00\" \/>\n<meta property=\"og:image\" content=\"https:\/\/bahiaeconomica.com.br\/wp\/wp-content\/uploads\/2023\/10\/whatsapp-image-2023-10-03-at-13.08.25-1.webp\" \/>\n\t<meta property=\"og:image:width\" content=\"768\" \/>\n\t<meta property=\"og:image:height\" content=\"562\" \/>\n\t<meta property=\"og:image:type\" content=\"image\/webp\" \/>\n<meta name=\"author\" content=\"LUANA NEIVA\" \/>\n<meta name=\"twitter:card\" content=\"summary_large_image\" \/>\n<meta name=\"twitter:label1\" content=\"Escrito por\" \/>\n\t<meta name=\"twitter:data1\" content=\"LUANA NEIVA\" \/>\n\t<meta name=\"twitter:label2\" content=\"Est. tempo de leitura\" \/>\n\t<meta name=\"twitter:data2\" content=\"2 minutos\" \/>\n<script type=\"application\/ld+json\" class=\"yoast-schema-graph\">{\"@context\":\"https:\/\/schema.org\",\"@graph\":[{\"@type\":\"Article\",\"@id\":\"https:\/\/bahiaeconomica.com.br\/wp\/2023\/10\/13\/marta-rodrigues-apresenta-projeto-para-extinguir-limite-de-meia-passagem-estudantil\/#article\",\"isPartOf\":{\"@id\":\"https:\/\/bahiaeconomica.com.br\/wp\/2023\/10\/13\/marta-rodrigues-apresenta-projeto-para-extinguir-limite-de-meia-passagem-estudantil\/\"},\"author\":{\"name\":\"LUANA NEIVA\",\"@id\":\"https:\/\/bahiaeconomica.com.br\/wp\/#\/schema\/person\/1ce30764265540f754d66197c4212789\"},\"headline\":\"MARTA RODRIGUES APRESENTA PROJETO PARA EXTINGUIR LIMITE DE MEIA PASSAGEM ESTUDANTIL\",\"datePublished\":\"2023-10-13T18:33:29+00:00\",\"dateModified\":\"2023-10-13T18:33:29+00:00\",\"mainEntityOfPage\":{\"@id\":\"https:\/\/bahiaeconomica.com.br\/wp\/2023\/10\/13\/marta-rodrigues-apresenta-projeto-para-extinguir-limite-de-meia-passagem-estudantil\/\"},\"wordCount\":371,\"publisher\":{\"@id\":\"https:\/\/bahiaeconomica.com.br\/wp\/#organization\"},\"keywords\":[\"Marta Rodrigues\",\"prefeitura\",\"Salvador\"],\"articleSection\":[\"Pol\u00edtica\"],\"inLanguage\":\"pt-BR\"},{\"@type\":\"WebPage\",\"@id\":\"https:\/\/bahiaeconomica.com.br\/wp\/2023\/10\/13\/marta-rodrigues-apresenta-projeto-para-extinguir-limite-de-meia-passagem-estudantil\/\",\"url\":\"https:\/\/bahiaeconomica.com.br\/wp\/2023\/10\/13\/marta-rodrigues-apresenta-projeto-para-extinguir-limite-de-meia-passagem-estudantil\/\",\"name\":\"MARTA RODRIGUES APRESENTA PROJETO PARA EXTINGUIR LIMITE DE MEIA PASSAGEM ESTUDANTIL - Bahia Economica\",\"isPartOf\":{\"@id\":\"https:\/\/bahiaeconomica.com.br\/wp\/#website\"},\"datePublished\":\"2023-10-13T18:33:29+00:00\",\"dateModified\":\"2023-10-13T18:33:29+00:00\",\"description\":\"De acordo com a parlamentar, as altera\u00e7\u00f5es de linha que a prefeitura vem fazendo na cidade tem causado transtornos \u00e0 popula\u00e7\u00e3o, como, por exemplo, ter que pegar mais ve\u00edculos para chegar ao destino\",\"breadcrumb\":{\"@id\":\"https:\/\/bahiaeconomica.com.br\/wp\/2023\/10\/13\/marta-rodrigues-apresenta-projeto-para-extinguir-limite-de-meia-passagem-estudantil\/#breadcrumb\"},\"inLanguage\":\"pt-BR\",\"potentialAction\":[{\"@type\":\"ReadAction\",\"target\":[\"https:\/\/bahiaeconomica.com.br\/wp\/2023\/10\/13\/marta-rodrigues-apresenta-projeto-para-extinguir-limite-de-meia-passagem-estudantil\/\"]}]},{\"@type\":\"BreadcrumbList\",\"@id\":\"https:\/\/bahiaeconomica.com.br\/wp\/2023\/10\/13\/marta-rodrigues-apresenta-projeto-para-extinguir-limite-de-meia-passagem-estudantil\/#breadcrumb\",\"itemListElement\":[{\"@type\":\"ListItem\",\"position\":1,\"name\":\"In\u00edcio\",\"item\":\"https:\/\/bahiaeconomica.com.br\/wp\/\"},{\"@type\":\"ListItem\",\"position\":2,\"name\":\"MARTA RODRIGUES APRESENTA PROJETO PARA EXTINGUIR LIMITE DE MEIA PASSAGEM ESTUDANTIL\"}]},{\"@type\":\"WebSite\",\"@id\":\"https:\/\/bahiaeconomica.com.br\/wp\/#website\",\"url\":\"https:\/\/bahiaeconomica.com.br\/wp\/\",\"name\":\"Bahia Economica\",\"description\":\"O maior portal de Economia da Bahia\",\"publisher\":{\"@id\":\"https:\/\/bahiaeconomica.com.br\/wp\/#organization\"},\"potentialAction\":[{\"@type\":\"SearchAction\",\"target\":{\"@type\":\"EntryPoint\",\"urlTemplate\":\"https:\/\/bahiaeconomica.com.br\/wp\/?s={search_term_string}\"},\"query-input\":\"required name=search_term_string\"}],\"inLanguage\":\"pt-BR\"},{\"@type\":\"Organization\",\"@id\":\"https:\/\/bahiaeconomica.com.br\/wp\/#organization\",\"name\":\"Bahia Econ\u00f4mica\",\"url\":\"https:\/\/bahiaeconomica.com.br\/wp\/\",\"logo\":{\"@type\":\"ImageObject\",\"inLanguage\":\"pt-BR\",\"@id\":\"https:\/\/bahiaeconomica.com.br\/wp\/#\/schema\/logo\/image\/\",\"url\":\"https:\/\/bahiaeconomica.com.br\/wp\/wp-content\/uploads\/2020\/12\/cropped-BE.png\",\"contentUrl\":\"https:\/\/bahiaeconomica.com.br\/wp\/wp-content\/uploads\/2020\/12\/cropped-BE.png\",\"width\":512,\"height\":512,\"caption\":\"Bahia Econ\u00f4mica\"},\"image\":{\"@id\":\"https:\/\/bahiaeconomica.com.br\/wp\/#\/schema\/logo\/image\/\"},\"sameAs\":[\"https:\/\/www.facebook.com\/bahiaeconomica\"]},{\"@type\":\"Person\",\"@id\":\"https:\/\/bahiaeconomica.com.br\/wp\/#\/schema\/person\/1ce30764265540f754d66197c4212789\",\"name\":\"LUANA NEIVA\",\"sameAs\":[\"http:\/\/www.bahiaeconomica.com.br\"],\"url\":\"https:\/\/bahiaeconomica.com.br\/wp\/author\/luana-neiva\/\"}]}<\/script>\n<!-- \/ Yoast SEO plugin. -->","yoast_head_json":{"title":"MARTA RODRIGUES APRESENTA PROJETO PARA EXTINGUIR LIMITE DE MEIA PASSAGEM ESTUDANTIL - Bahia Economica","description":"De acordo com a parlamentar, as altera\u00e7\u00f5es de linha que a prefeitura vem fazendo na cidade tem causado transtornos \u00e0 popula\u00e7\u00e3o, como, por exemplo, ter que pegar mais ve\u00edculos para chegar ao destino","robots":{"index":"index","follow":"follow","max-snippet":"max-snippet:-1","max-image-preview":"max-image-preview:large","max-video-preview":"max-video-preview:-1"},"canonical":"https:\/\/bahiaeconomica.com.br\/wp\/2023\/10\/13\/marta-rodrigues-apresenta-projeto-para-extinguir-limite-de-meia-passagem-estudantil\/","og_locale":"pt_BR","og_type":"article","og_title":"MARTA RODRIGUES APRESENTA PROJETO PARA EXTINGUIR LIMITE DE MEIA PASSAGEM ESTUDANTIL - Bahia Economica","og_description":"De acordo com a parlamentar, as altera\u00e7\u00f5es de linha que a prefeitura vem fazendo na cidade tem causado transtornos \u00e0 popula\u00e7\u00e3o, como, por exemplo, ter que pegar mais ve\u00edculos para chegar ao destino","og_url":"https:\/\/bahiaeconomica.com.br\/wp\/2023\/10\/13\/marta-rodrigues-apresenta-projeto-para-extinguir-limite-de-meia-passagem-estudantil\/","og_site_name":"Bahia Economica","article_publisher":"https:\/\/www.facebook.com\/bahiaeconomica","article_published_time":"2023-10-13T18:33:29+00:00","og_image":[{"width":768,"height":562,"url":"https:\/\/bahiaeconomica.com.br\/wp\/wp-content\/uploads\/2023\/10\/whatsapp-image-2023-10-03-at-13.08.25-1.webp","type":"image\/webp"}],"author":"LUANA NEIVA","twitter_card":"summary_large_image","twitter_misc":{"Escrito por":"LUANA NEIVA","Est. tempo de leitura":"2 minutos"},"schema":{"@context":"https:\/\/schema.org","@graph":[{"@type":"Article","@id":"https:\/\/bahiaeconomica.com.br\/wp\/2023\/10\/13\/marta-rodrigues-apresenta-projeto-para-extinguir-limite-de-meia-passagem-estudantil\/#article","isPartOf":{"@id":"https:\/\/bahiaeconomica.com.br\/wp\/2023\/10\/13\/marta-rodrigues-apresenta-projeto-para-extinguir-limite-de-meia-passagem-estudantil\/"},"author":{"name":"LUANA NEIVA","@id":"https:\/\/bahiaeconomica.com.br\/wp\/#\/schema\/person\/1ce30764265540f754d66197c4212789"},"headline":"MARTA RODRIGUES APRESENTA PROJETO PARA EXTINGUIR LIMITE DE MEIA PASSAGEM ESTUDANTIL","datePublished":"2023-10-13T18:33:29+00:00","dateModified":"2023-10-13T18:33:29+00:00","mainEntityOfPage":{"@id":"https:\/\/bahiaeconomica.com.br\/wp\/2023\/10\/13\/marta-rodrigues-apresenta-projeto-para-extinguir-limite-de-meia-passagem-estudantil\/"},"wordCount":371,"publisher":{"@id":"https:\/\/bahiaeconomica.com.br\/wp\/#organization"},"keywords":["Marta Rodrigues","prefeitura","Salvador"],"articleSection":["Pol\u00edtica"],"inLanguage":"pt-BR"},{"@type":"WebPage","@id":"https:\/\/bahiaeconomica.com.br\/wp\/2023\/10\/13\/marta-rodrigues-apresenta-projeto-para-extinguir-limite-de-meia-passagem-estudantil\/","url":"https:\/\/bahiaeconomica.com.br\/wp\/2023\/10\/13\/marta-rodrigues-apresenta-projeto-para-extinguir-limite-de-meia-passagem-estudantil\/","name":"MARTA RODRIGUES APRESENTA PROJETO PARA EXTINGUIR LIMITE DE MEIA PASSAGEM ESTUDANTIL - Bahia Economica","isPartOf":{"@id":"https:\/\/bahiaeconomica.com.br\/wp\/#website"},"datePublished":"2023-10-13T18:33:29+00:00","dateModified":"2023-10-13T18:33:29+00:00","description":"De acordo com a parlamentar, as altera\u00e7\u00f5es de linha que a prefeitura vem fazendo na cidade tem causado transtornos \u00e0 popula\u00e7\u00e3o, como, por exemplo, ter que pegar mais ve\u00edculos para chegar ao destino","breadcrumb":{"@id":"https:\/\/bahiaeconomica.com.br\/wp\/2023\/10\/13\/marta-rodrigues-apresenta-projeto-para-extinguir-limite-de-meia-passagem-estudantil\/#breadcrumb"},"inLanguage":"pt-BR","potentialAction":[{"@type":"ReadAction","target":["https:\/\/bahiaeconomica.com.br\/wp\/2023\/10\/13\/marta-rodrigues-apresenta-projeto-para-extinguir-limite-de-meia-passagem-estudantil\/"]}]},{"@type":"BreadcrumbList","@id":"https:\/\/bahiaeconomica.com.br\/wp\/2023\/10\/13\/marta-rodrigues-apresenta-projeto-para-extinguir-limite-de-meia-passagem-estudantil\/#breadcrumb","itemListElement":[{"@type":"ListItem","position":1,"name":"In\u00edcio","item":"https:\/\/bahiaeconomica.com.br\/wp\/"},{"@type":"ListItem","position":2,"name":"MARTA RODRIGUES APRESENTA PROJETO PARA EXTINGUIR LIMITE DE MEIA PASSAGEM ESTUDANTIL"}]},{"@type":"WebSite","@id":"https:\/\/bahiaeconomica.com.br\/wp\/#website","url":"https:\/\/bahiaeconomica.com.br\/wp\/","name":"Bahia Economica","description":"O maior portal de Economia da Bahia","publisher":{"@id":"https:\/\/bahiaeconomica.com.br\/wp\/#organization"},"potentialAction":[{"@type":"SearchAction","target":{"@type":"EntryPoint","urlTemplate":"https:\/\/bahiaeconomica.com.br\/wp\/?s={search_term_string}"},"query-input":"required name=search_term_string"}],"inLanguage":"pt-BR"},{"@type":"Organization","@id":"https:\/\/bahiaeconomica.com.br\/wp\/#organization","name":"Bahia Econ\u00f4mica","url":"https:\/\/bahiaeconomica.com.br\/wp\/","logo":{"@type":"ImageObject","inLanguage":"pt-BR","@id":"https:\/\/bahiaeconomica.com.br\/wp\/#\/schema\/logo\/image\/","url":"https:\/\/bahiaeconomica.com.br\/wp\/wp-content\/uploads\/2020\/12\/cropped-BE.png","contentUrl":"https:\/\/bahiaeconomica.com.br\/wp\/wp-content\/uploads\/2020\/12\/cropped-BE.png","width":512,"height":512,"caption":"Bahia Econ\u00f4mica"},"image":{"@id":"https:\/\/bahiaeconomica.com.br\/wp\/#\/schema\/logo\/image\/"},"sameAs":["https:\/\/www.facebook.com\/bahiaeconomica"]},{"@type":"Person","@id":"https:\/\/bahiaeconomica.com.br\/wp\/#\/schema\/person\/1ce30764265540f754d66197c4212789","name":"LUANA NEIVA","sameAs":["http:\/\/www.bahiaeconomica.com.br"],"url":"https:\/\/bahiaeconomica.com.br\/wp\/author\/luana-neiva\/"}]}},"views":18,"_links":{"self":[{"href":"https:\/\/bahiaeconomica.com.br\/wp\/wp-json\/wp\/v2\/posts\/770134"}],"collection":[{"href":"https:\/\/bahiaeconomica.com.br\/wp\/wp-json\/wp\/v2\/posts"}],"about":[{"href":"https:\/\/bahiaeconomica.com.br\/wp\/wp-json\/wp\/v2\/types\/post"}],"author":[{"embeddable":true,"href":"https:\/\/bahiaeconomica.com.br\/wp\/wp-json\/wp\/v2\/users\/17"}],"replies":[{"embeddable":true,"href":"https:\/\/bahiaeconomica.com.br\/wp\/wp-json\/wp\/v2\/comments?post=770134"}],"version-history":[{"count":1,"href":"https:\/\/bahiaeconomica.com.br\/wp\/wp-json\/wp\/v2\/posts\/770134\/revisions"}],"predecessor-version":[{"id":770137,"href":"https:\/\/bahiaeconomica.com.br\/wp\/wp-json\/wp\/v2\/posts\/770134\/revisions\/770137"}],"wp:featuredmedia":[{"embeddable":true,"href":"https:\/\/bahiaeconomica.com.br\/wp\/wp-json\/wp\/v2\/media\/770136"}],"wp:attachment":[{"href":"https:\/\/bahiaeconomica.com.br\/wp\/wp-json\/wp\/v2\/media?parent=770134"}],"wp:term":[{"taxonomy":"category","embeddable":true,"href":"https:\/\/bahiaeconomica.com.br\/wp\/wp-json\/wp\/v2\/categories?post=770134"},{"taxonomy":"post_tag","embeddable":true,"href":"https:\/\/bahiaeconomica.com.br\/wp\/wp-json\/wp\/v2\/tags?post=770134"}],"curies":[{"name":"wp","href":"https:\/\/api.w.org\/{rel}","templated":true}]}}