{"id":769795,"date":"2023-10-11T17:18:17","date_gmt":"2023-10-11T20:18:17","guid":{"rendered":"https:\/\/bahiaeconomica.com.br\/wp\/?p=769795"},"modified":"2023-10-11T17:38:48","modified_gmt":"2023-10-11T20:38:48","slug":"empresa-multinacional-abre-novas-vagas-de-emprego-na-bahia-e-outros-estados-confira","status":"publish","type":"post","link":"https:\/\/bahiaeconomica.com.br\/wp\/2023\/10\/11\/empresa-multinacional-abre-novas-vagas-de-emprego-na-bahia-e-outros-estados-confira\/","title":{"rendered":"EMPRESA MULTINACIONAL ABRE NOVAS VAGAS DE EMPREGO NA BAHIA E OUTROS ESTADOS; CONFIRA"},"content":{"rendered":"<p>A Cargill, multinacional do ramo de compra, processamento e distribui\u00e7\u00e3o gr\u00e3os e outras commodities, anuncia novas vagas de emprego na Bahia e outros lugares do Brasil. No estado, as oportunidades s\u00e3o para as fun\u00e7\u00f5es de Auxiliar Administrativo, Coordenador de FSQR, Engenheiro (a) de Manuten\u00e7\u00e3o, Gerente Regional de Origina\u00e7\u00e3o, Operador (a) e Planejador de Manuten\u00e7\u00e3o.<\/p>\n<p>As vagas s\u00e3o dividas nas cidades de Barreiras, Ilh\u00e9us, Lu\u00eds Eduardo Magalh\u00e3es e S\u00e3o Desid\u00e9rio (inclusive no distrito de Roda Velha). Para participar os interessados dever\u00e3o se inscrever atrav\u00e9s do <a href=\"https:\/\/careers.cargill.com\/en\/search-jobs\/Brasil\/23251\/2\/3469034\/-10\/-55\/50\/2\">link<\/a>.<\/p>\n<p>Os candidatos devem possuir forma\u00e7\u00e3o acad\u00eamica em \u00e1reas relacionadas \u00e0s vagas oferecidas, al\u00e9m de experi\u00eancia pr\u00e9via na fun\u00e7\u00e3o e conhecimentos espec\u00edficos da \u00e1rea.Nos outros estados h\u00e1 oportunidades em cidades como \u00c1gua Boa\/MS, Alto Araguaia\/MT, Alto Gar\u00e7as\/MT, Balsas\/MA, Campinas\/SP, Confresa\/MT, Goi\u00e2nia\/GO, Goianira\/GO, Itumbiara\/GO, Quatro Pontes\/PR, Primavera do Leste\/MT, Ponta Grossa\/PR, Rio Verde\/GO, S\u00e3o Paulo\/SP, Santar\u00e9m\/PA, Toledo\/PR, Tr\u00eas Lagoas\/MS, Uberl\u00e2ndia\/MG.<\/p>\n<p>Foto: Divulga\u00e7\u00e3o<\/p>\n","protected":false},"excerpt":{"rendered":"<p>A Cargill, multinacional do ramo de compra, processamento e distribui\u00e7\u00e3o gr\u00e3os e outras commodities, anuncia novas vagas de emprego na Bahia e outros lugares do Brasil. No estado, as oportunidades s\u00e3o para as fun\u00e7\u00f5es de Auxiliar Administrativo, Coordenador de FSQR, Engenheiro (a) de Manuten\u00e7\u00e3o, Gerente Regional de Origina\u00e7\u00e3o, Operador (a) e Planejador de Manuten\u00e7\u00e3o. As [&hellip;]<\/p>\n","protected":false},"author":17,"featured_media":769798,"comment_status":"closed","ping_status":"closed","sticky":false,"template":"","format":"standard","meta":[],"categories":[8],"tags":[85,1851,4176,1013],"acf":[],"yoast_head":"<!-- This site is optimized with the Yoast SEO plugin v20.8 - https:\/\/yoast.com\/wordpress\/plugins\/seo\/ -->\n<title>EMPRESA MULTINACIONAL ABRE NOVAS VAGAS DE EMPREGO NA BAHIA E OUTROS ESTADOS; CONFIRA - Bahia Economica<\/title>\n<meta name=\"description\" content=\"As vagas s\u00e3o dividas nas cidades de Barreiras, Ilh\u00e9us, Lu\u00eds Eduardo Magalh\u00e3es e S\u00e3o Desid\u00e9rio (inclusive no distrito de Roda Velha). Para participar os interessados dever\u00e3o se inscrever atrav\u00e9s do link\" \/>\n<meta name=\"robots\" content=\"index, follow, max-snippet:-1, max-image-preview:large, max-video-preview:-1\" \/>\n<link rel=\"canonical\" href=\"https:\/\/bahiaeconomica.com.br\/wp\/2023\/10\/11\/empresa-multinacional-abre-novas-vagas-de-emprego-na-bahia-e-outros-estados-confira\/\" \/>\n<meta property=\"og:locale\" content=\"pt_BR\" \/>\n<meta property=\"og:type\" content=\"article\" \/>\n<meta property=\"og:title\" content=\"EMPRESA MULTINACIONAL ABRE NOVAS VAGAS DE EMPREGO NA BAHIA E OUTROS ESTADOS; CONFIRA - Bahia Economica\" \/>\n<meta property=\"og:description\" content=\"As vagas s\u00e3o dividas nas cidades de Barreiras, Ilh\u00e9us, Lu\u00eds Eduardo Magalh\u00e3es e S\u00e3o Desid\u00e9rio (inclusive no distrito de Roda Velha). Para participar os interessados dever\u00e3o se inscrever atrav\u00e9s do link\" \/>\n<meta property=\"og:url\" content=\"https:\/\/bahiaeconomica.com.br\/wp\/2023\/10\/11\/empresa-multinacional-abre-novas-vagas-de-emprego-na-bahia-e-outros-estados-confira\/\" \/>\n<meta property=\"og:site_name\" content=\"Bahia Economica\" \/>\n<meta property=\"article:publisher\" content=\"https:\/\/www.facebook.com\/bahiaeconomica\" \/>\n<meta property=\"article:published_time\" content=\"2023-10-11T20:18:17+00:00\" \/>\n<meta property=\"article:modified_time\" content=\"2023-10-11T20:38:48+00:00\" \/>\n<meta property=\"og:image\" content=\"https:\/\/bahiaeconomica.com.br\/wp\/wp-content\/uploads\/2023\/10\/Vagas-de-emprego-na-Cargill-2.jpg\" \/>\n\t<meta property=\"og:image:width\" content=\"1280\" \/>\n\t<meta property=\"og:image:height\" content=\"720\" \/>\n\t<meta property=\"og:image:type\" content=\"image\/jpeg\" \/>\n<meta name=\"author\" content=\"LUANA NEIVA\" \/>\n<meta name=\"twitter:card\" content=\"summary_large_image\" \/>\n<meta name=\"twitter:label1\" content=\"Escrito por\" \/>\n\t<meta name=\"twitter:data1\" content=\"LUANA NEIVA\" \/>\n\t<meta name=\"twitter:label2\" content=\"Est. tempo de leitura\" \/>\n\t<meta name=\"twitter:data2\" content=\"1 minuto\" \/>\n<script type=\"application\/ld+json\" class=\"yoast-schema-graph\">{\"@context\":\"https:\/\/schema.org\",\"@graph\":[{\"@type\":\"Article\",\"@id\":\"https:\/\/bahiaeconomica.com.br\/wp\/2023\/10\/11\/empresa-multinacional-abre-novas-vagas-de-emprego-na-bahia-e-outros-estados-confira\/#article\",\"isPartOf\":{\"@id\":\"https:\/\/bahiaeconomica.com.br\/wp\/2023\/10\/11\/empresa-multinacional-abre-novas-vagas-de-emprego-na-bahia-e-outros-estados-confira\/\"},\"author\":{\"name\":\"LUANA NEIVA\",\"@id\":\"https:\/\/bahiaeconomica.com.br\/wp\/#\/schema\/person\/1ce30764265540f754d66197c4212789\"},\"headline\":\"EMPRESA MULTINACIONAL ABRE NOVAS VAGAS DE EMPREGO NA BAHIA E OUTROS ESTADOS; CONFIRA\",\"datePublished\":\"2023-10-11T20:18:17+00:00\",\"dateModified\":\"2023-10-11T20:38:48+00:00\",\"mainEntityOfPage\":{\"@id\":\"https:\/\/bahiaeconomica.com.br\/wp\/2023\/10\/11\/empresa-multinacional-abre-novas-vagas-de-emprego-na-bahia-e-outros-estados-confira\/\"},\"wordCount\":206,\"publisher\":{\"@id\":\"https:\/\/bahiaeconomica.com.br\/wp\/#organization\"},\"keywords\":[\"Bahia\",\"estado\",\"OPORTUNIDADES\",\"vagas\"],\"articleSection\":[\"EMPREGOS \/ CONCURSOS\"],\"inLanguage\":\"pt-BR\"},{\"@type\":\"WebPage\",\"@id\":\"https:\/\/bahiaeconomica.com.br\/wp\/2023\/10\/11\/empresa-multinacional-abre-novas-vagas-de-emprego-na-bahia-e-outros-estados-confira\/\",\"url\":\"https:\/\/bahiaeconomica.com.br\/wp\/2023\/10\/11\/empresa-multinacional-abre-novas-vagas-de-emprego-na-bahia-e-outros-estados-confira\/\",\"name\":\"EMPRESA MULTINACIONAL ABRE NOVAS VAGAS DE EMPREGO NA BAHIA E OUTROS ESTADOS; CONFIRA - Bahia Economica\",\"isPartOf\":{\"@id\":\"https:\/\/bahiaeconomica.com.br\/wp\/#website\"},\"datePublished\":\"2023-10-11T20:18:17+00:00\",\"dateModified\":\"2023-10-11T20:38:48+00:00\",\"description\":\"As vagas s\u00e3o dividas nas cidades de Barreiras, Ilh\u00e9us, Lu\u00eds Eduardo Magalh\u00e3es e S\u00e3o Desid\u00e9rio (inclusive no distrito de Roda Velha). Para participar os interessados dever\u00e3o se inscrever atrav\u00e9s do link\",\"breadcrumb\":{\"@id\":\"https:\/\/bahiaeconomica.com.br\/wp\/2023\/10\/11\/empresa-multinacional-abre-novas-vagas-de-emprego-na-bahia-e-outros-estados-confira\/#breadcrumb\"},\"inLanguage\":\"pt-BR\",\"potentialAction\":[{\"@type\":\"ReadAction\",\"target\":[\"https:\/\/bahiaeconomica.com.br\/wp\/2023\/10\/11\/empresa-multinacional-abre-novas-vagas-de-emprego-na-bahia-e-outros-estados-confira\/\"]}]},{\"@type\":\"BreadcrumbList\",\"@id\":\"https:\/\/bahiaeconomica.com.br\/wp\/2023\/10\/11\/empresa-multinacional-abre-novas-vagas-de-emprego-na-bahia-e-outros-estados-confira\/#breadcrumb\",\"itemListElement\":[{\"@type\":\"ListItem\",\"position\":1,\"name\":\"In\u00edcio\",\"item\":\"https:\/\/bahiaeconomica.com.br\/wp\/\"},{\"@type\":\"ListItem\",\"position\":2,\"name\":\"EMPRESA MULTINACIONAL ABRE NOVAS VAGAS DE EMPREGO NA BAHIA E OUTROS ESTADOS; CONFIRA\"}]},{\"@type\":\"WebSite\",\"@id\":\"https:\/\/bahiaeconomica.com.br\/wp\/#website\",\"url\":\"https:\/\/bahiaeconomica.com.br\/wp\/\",\"name\":\"Bahia Economica\",\"description\":\"O maior portal de Economia da Bahia\",\"publisher\":{\"@id\":\"https:\/\/bahiaeconomica.com.br\/wp\/#organization\"},\"potentialAction\":[{\"@type\":\"SearchAction\",\"target\":{\"@type\":\"EntryPoint\",\"urlTemplate\":\"https:\/\/bahiaeconomica.com.br\/wp\/?s={search_term_string}\"},\"query-input\":\"required name=search_term_string\"}],\"inLanguage\":\"pt-BR\"},{\"@type\":\"Organization\",\"@id\":\"https:\/\/bahiaeconomica.com.br\/wp\/#organization\",\"name\":\"Bahia Econ\u00f4mica\",\"url\":\"https:\/\/bahiaeconomica.com.br\/wp\/\",\"logo\":{\"@type\":\"ImageObject\",\"inLanguage\":\"pt-BR\",\"@id\":\"https:\/\/bahiaeconomica.com.br\/wp\/#\/schema\/logo\/image\/\",\"url\":\"https:\/\/bahiaeconomica.com.br\/wp\/wp-content\/uploads\/2020\/12\/cropped-BE.png\",\"contentUrl\":\"https:\/\/bahiaeconomica.com.br\/wp\/wp-content\/uploads\/2020\/12\/cropped-BE.png\",\"width\":512,\"height\":512,\"caption\":\"Bahia Econ\u00f4mica\"},\"image\":{\"@id\":\"https:\/\/bahiaeconomica.com.br\/wp\/#\/schema\/logo\/image\/\"},\"sameAs\":[\"https:\/\/www.facebook.com\/bahiaeconomica\"]},{\"@type\":\"Person\",\"@id\":\"https:\/\/bahiaeconomica.com.br\/wp\/#\/schema\/person\/1ce30764265540f754d66197c4212789\",\"name\":\"LUANA NEIVA\",\"sameAs\":[\"http:\/\/www.bahiaeconomica.com.br\"],\"url\":\"https:\/\/bahiaeconomica.com.br\/wp\/author\/luana-neiva\/\"}]}<\/script>\n<!-- \/ Yoast SEO plugin. -->","yoast_head_json":{"title":"EMPRESA MULTINACIONAL ABRE NOVAS VAGAS DE EMPREGO NA BAHIA E OUTROS ESTADOS; CONFIRA - Bahia Economica","description":"As vagas s\u00e3o dividas nas cidades de Barreiras, Ilh\u00e9us, Lu\u00eds Eduardo Magalh\u00e3es e S\u00e3o Desid\u00e9rio (inclusive no distrito de Roda Velha). Para participar os interessados dever\u00e3o se inscrever atrav\u00e9s do link","robots":{"index":"index","follow":"follow","max-snippet":"max-snippet:-1","max-image-preview":"max-image-preview:large","max-video-preview":"max-video-preview:-1"},"canonical":"https:\/\/bahiaeconomica.com.br\/wp\/2023\/10\/11\/empresa-multinacional-abre-novas-vagas-de-emprego-na-bahia-e-outros-estados-confira\/","og_locale":"pt_BR","og_type":"article","og_title":"EMPRESA MULTINACIONAL ABRE NOVAS VAGAS DE EMPREGO NA BAHIA E OUTROS ESTADOS; CONFIRA - Bahia Economica","og_description":"As vagas s\u00e3o dividas nas cidades de Barreiras, Ilh\u00e9us, Lu\u00eds Eduardo Magalh\u00e3es e S\u00e3o Desid\u00e9rio (inclusive no distrito de Roda Velha). Para participar os interessados dever\u00e3o se inscrever atrav\u00e9s do link","og_url":"https:\/\/bahiaeconomica.com.br\/wp\/2023\/10\/11\/empresa-multinacional-abre-novas-vagas-de-emprego-na-bahia-e-outros-estados-confira\/","og_site_name":"Bahia Economica","article_publisher":"https:\/\/www.facebook.com\/bahiaeconomica","article_published_time":"2023-10-11T20:18:17+00:00","article_modified_time":"2023-10-11T20:38:48+00:00","og_image":[{"width":1280,"height":720,"url":"https:\/\/bahiaeconomica.com.br\/wp\/wp-content\/uploads\/2023\/10\/Vagas-de-emprego-na-Cargill-2.jpg","type":"image\/jpeg"}],"author":"LUANA NEIVA","twitter_card":"summary_large_image","twitter_misc":{"Escrito por":"LUANA NEIVA","Est. tempo de leitura":"1 minuto"},"schema":{"@context":"https:\/\/schema.org","@graph":[{"@type":"Article","@id":"https:\/\/bahiaeconomica.com.br\/wp\/2023\/10\/11\/empresa-multinacional-abre-novas-vagas-de-emprego-na-bahia-e-outros-estados-confira\/#article","isPartOf":{"@id":"https:\/\/bahiaeconomica.com.br\/wp\/2023\/10\/11\/empresa-multinacional-abre-novas-vagas-de-emprego-na-bahia-e-outros-estados-confira\/"},"author":{"name":"LUANA NEIVA","@id":"https:\/\/bahiaeconomica.com.br\/wp\/#\/schema\/person\/1ce30764265540f754d66197c4212789"},"headline":"EMPRESA MULTINACIONAL ABRE NOVAS VAGAS DE EMPREGO NA BAHIA E OUTROS ESTADOS; CONFIRA","datePublished":"2023-10-11T20:18:17+00:00","dateModified":"2023-10-11T20:38:48+00:00","mainEntityOfPage":{"@id":"https:\/\/bahiaeconomica.com.br\/wp\/2023\/10\/11\/empresa-multinacional-abre-novas-vagas-de-emprego-na-bahia-e-outros-estados-confira\/"},"wordCount":206,"publisher":{"@id":"https:\/\/bahiaeconomica.com.br\/wp\/#organization"},"keywords":["Bahia","estado","OPORTUNIDADES","vagas"],"articleSection":["EMPREGOS \/ CONCURSOS"],"inLanguage":"pt-BR"},{"@type":"WebPage","@id":"https:\/\/bahiaeconomica.com.br\/wp\/2023\/10\/11\/empresa-multinacional-abre-novas-vagas-de-emprego-na-bahia-e-outros-estados-confira\/","url":"https:\/\/bahiaeconomica.com.br\/wp\/2023\/10\/11\/empresa-multinacional-abre-novas-vagas-de-emprego-na-bahia-e-outros-estados-confira\/","name":"EMPRESA MULTINACIONAL ABRE NOVAS VAGAS DE EMPREGO NA BAHIA E OUTROS ESTADOS; CONFIRA - Bahia Economica","isPartOf":{"@id":"https:\/\/bahiaeconomica.com.br\/wp\/#website"},"datePublished":"2023-10-11T20:18:17+00:00","dateModified":"2023-10-11T20:38:48+00:00","description":"As vagas s\u00e3o dividas nas cidades de Barreiras, Ilh\u00e9us, Lu\u00eds Eduardo Magalh\u00e3es e S\u00e3o Desid\u00e9rio (inclusive no distrito de Roda Velha). Para participar os interessados dever\u00e3o se inscrever atrav\u00e9s do link","breadcrumb":{"@id":"https:\/\/bahiaeconomica.com.br\/wp\/2023\/10\/11\/empresa-multinacional-abre-novas-vagas-de-emprego-na-bahia-e-outros-estados-confira\/#breadcrumb"},"inLanguage":"pt-BR","potentialAction":[{"@type":"ReadAction","target":["https:\/\/bahiaeconomica.com.br\/wp\/2023\/10\/11\/empresa-multinacional-abre-novas-vagas-de-emprego-na-bahia-e-outros-estados-confira\/"]}]},{"@type":"BreadcrumbList","@id":"https:\/\/bahiaeconomica.com.br\/wp\/2023\/10\/11\/empresa-multinacional-abre-novas-vagas-de-emprego-na-bahia-e-outros-estados-confira\/#breadcrumb","itemListElement":[{"@type":"ListItem","position":1,"name":"In\u00edcio","item":"https:\/\/bahiaeconomica.com.br\/wp\/"},{"@type":"ListItem","position":2,"name":"EMPRESA MULTINACIONAL ABRE NOVAS VAGAS DE EMPREGO NA BAHIA E OUTROS ESTADOS; CONFIRA"}]},{"@type":"WebSite","@id":"https:\/\/bahiaeconomica.com.br\/wp\/#website","url":"https:\/\/bahiaeconomica.com.br\/wp\/","name":"Bahia Economica","description":"O maior portal de Economia da Bahia","publisher":{"@id":"https:\/\/bahiaeconomica.com.br\/wp\/#organization"},"potentialAction":[{"@type":"SearchAction","target":{"@type":"EntryPoint","urlTemplate":"https:\/\/bahiaeconomica.com.br\/wp\/?s={search_term_string}"},"query-input":"required name=search_term_string"}],"inLanguage":"pt-BR"},{"@type":"Organization","@id":"https:\/\/bahiaeconomica.com.br\/wp\/#organization","name":"Bahia Econ\u00f4mica","url":"https:\/\/bahiaeconomica.com.br\/wp\/","logo":{"@type":"ImageObject","inLanguage":"pt-BR","@id":"https:\/\/bahiaeconomica.com.br\/wp\/#\/schema\/logo\/image\/","url":"https:\/\/bahiaeconomica.com.br\/wp\/wp-content\/uploads\/2020\/12\/cropped-BE.png","contentUrl":"https:\/\/bahiaeconomica.com.br\/wp\/wp-content\/uploads\/2020\/12\/cropped-BE.png","width":512,"height":512,"caption":"Bahia Econ\u00f4mica"},"image":{"@id":"https:\/\/bahiaeconomica.com.br\/wp\/#\/schema\/logo\/image\/"},"sameAs":["https:\/\/www.facebook.com\/bahiaeconomica"]},{"@type":"Person","@id":"https:\/\/bahiaeconomica.com.br\/wp\/#\/schema\/person\/1ce30764265540f754d66197c4212789","name":"LUANA NEIVA","sameAs":["http:\/\/www.bahiaeconomica.com.br"],"url":"https:\/\/bahiaeconomica.com.br\/wp\/author\/luana-neiva\/"}]}},"views":30,"_links":{"self":[{"href":"https:\/\/bahiaeconomica.com.br\/wp\/wp-json\/wp\/v2\/posts\/769795"}],"collection":[{"href":"https:\/\/bahiaeconomica.com.br\/wp\/wp-json\/wp\/v2\/posts"}],"about":[{"href":"https:\/\/bahiaeconomica.com.br\/wp\/wp-json\/wp\/v2\/types\/post"}],"author":[{"embeddable":true,"href":"https:\/\/bahiaeconomica.com.br\/wp\/wp-json\/wp\/v2\/users\/17"}],"replies":[{"embeddable":true,"href":"https:\/\/bahiaeconomica.com.br\/wp\/wp-json\/wp\/v2\/comments?post=769795"}],"version-history":[{"count":1,"href":"https:\/\/bahiaeconomica.com.br\/wp\/wp-json\/wp\/v2\/posts\/769795\/revisions"}],"predecessor-version":[{"id":769799,"href":"https:\/\/bahiaeconomica.com.br\/wp\/wp-json\/wp\/v2\/posts\/769795\/revisions\/769799"}],"wp:featuredmedia":[{"embeddable":true,"href":"https:\/\/bahiaeconomica.com.br\/wp\/wp-json\/wp\/v2\/media\/769798"}],"wp:attachment":[{"href":"https:\/\/bahiaeconomica.com.br\/wp\/wp-json\/wp\/v2\/media?parent=769795"}],"wp:term":[{"taxonomy":"category","embeddable":true,"href":"https:\/\/bahiaeconomica.com.br\/wp\/wp-json\/wp\/v2\/categories?post=769795"},{"taxonomy":"post_tag","embeddable":true,"href":"https:\/\/bahiaeconomica.com.br\/wp\/wp-json\/wp\/v2\/tags?post=769795"}],"curies":[{"name":"wp","href":"https:\/\/api.w.org\/{rel}","templated":true}]}}