{"id":769099,"date":"2023-10-09T14:50:12","date_gmt":"2023-10-09T17:50:12","guid":{"rendered":"https:\/\/bahiaeconomica.com.br\/wp\/?p=769099"},"modified":"2023-10-09T14:50:12","modified_gmt":"2023-10-09T17:50:12","slug":"cidade-baiana-registra-maior-temperatura-do-pais-nas-ultimas-24h","status":"publish","type":"post","link":"https:\/\/bahiaeconomica.com.br\/wp\/2023\/10\/09\/cidade-baiana-registra-maior-temperatura-do-pais-nas-ultimas-24h\/","title":{"rendered":"CIDADE BAIANA REGISTRA MAIOR TEMPERATURA DO PA\u00cdS NAS \u00daLTIMAS 24H"},"content":{"rendered":"<p>A munic\u00edpio de Ibotirama, localizado no oeste baiano, registrou a temperatura mais alta do pa\u00eds nas \u00faltimas 24h. Segundo o Instituto Nacional de Meteorologia (Inmet), os term\u00f4metros da cidade marcaram 40,8\u00ba C no domingo (8), e a sensa\u00e7\u00e3o t\u00e9rmica chegaram a 42\u00baC.<\/p>\n<p>A expectativa \u00e9 de que, nos pr\u00f3ximos dias, as temperaturas variem entre 39\u00baC e 40\u00baC. J\u00e1 na sexta(13), os term\u00f4metros poder\u00e3o chegar a 41\u00baC.<\/p>\n<p>&#8220;Nas \u00faltimas semanas, o oeste e o Vale do S\u00e3o Francisco registraram temperaturas elevadas, o que \u00e9 comum nesta \u00e9poca do ano. Neste final de semana, as temperaturas ficaram ainda mais quentes no Nordeste, em geral, porque outras regi\u00f5es do Brasil foram atingida por chuvas&#8221;, disse a meteorologista do Inmet, Cl\u00e1udia Val\u00e9ria.<\/p>\n<p>FOTO: CBH S\u00e3o Francisco<\/p>\n","protected":false},"excerpt":{"rendered":"<p>A munic\u00edpio de Ibotirama, localizado no oeste baiano, registrou a temperatura mais alta do pa\u00eds nas \u00faltimas 24h. Segundo o Instituto Nacional de Meteorologia (Inmet), os term\u00f4metros da cidade marcaram 40,8\u00ba C no domingo (8), e a sensa\u00e7\u00e3o t\u00e9rmica chegaram a 42\u00baC. A expectativa \u00e9 de que, nos pr\u00f3ximos dias, as temperaturas variem entre 39\u00baC [&hellip;]<\/p>\n","protected":false},"author":16,"featured_media":769105,"comment_status":"closed","ping_status":"closed","sticky":false,"template":"","format":"standard","meta":[],"categories":[5],"tags":[85,11936,5461,6793,21319],"acf":[],"yoast_head":"<!-- This site is optimized with the Yoast SEO plugin v20.8 - https:\/\/yoast.com\/wordpress\/plugins\/seo\/ -->\n<title>CIDADE BAIANA REGISTRA MAIOR TEMPERATURA DO PA\u00cdS NAS \u00daLTIMAS 24H - Bahia Economica<\/title>\n<meta name=\"description\" content=\"O maior portal de Economia da Bahia MUNIC\u00cdPIOS Bahia Economica\" \/>\n<meta name=\"robots\" content=\"index, follow, max-snippet:-1, max-image-preview:large, max-video-preview:-1\" \/>\n<link rel=\"canonical\" href=\"https:\/\/bahiaeconomica.com.br\/wp\/2023\/10\/09\/cidade-baiana-registra-maior-temperatura-do-pais-nas-ultimas-24h\/\" \/>\n<meta property=\"og:locale\" content=\"pt_BR\" \/>\n<meta property=\"og:type\" content=\"article\" \/>\n<meta property=\"og:title\" content=\"CIDADE BAIANA REGISTRA MAIOR TEMPERATURA DO PA\u00cdS NAS \u00daLTIMAS 24H - Bahia Economica\" \/>\n<meta property=\"og:description\" content=\"O maior portal de Economia da Bahia MUNIC\u00cdPIOS Bahia Economica\" \/>\n<meta property=\"og:url\" content=\"https:\/\/bahiaeconomica.com.br\/wp\/2023\/10\/09\/cidade-baiana-registra-maior-temperatura-do-pais-nas-ultimas-24h\/\" \/>\n<meta property=\"og:site_name\" content=\"Bahia Economica\" \/>\n<meta property=\"article:publisher\" content=\"https:\/\/www.facebook.com\/bahiaeconomica\" \/>\n<meta property=\"article:published_time\" content=\"2023-10-09T17:50:12+00:00\" \/>\n<meta property=\"og:image\" content=\"https:\/\/bahiaeconomica.com.br\/wp\/wp-content\/uploads\/2023\/10\/ibotiramacalor_aloalobahia.jpg\" \/>\n\t<meta property=\"og:image:width\" content=\"576\" \/>\n\t<meta property=\"og:image:height\" content=\"421\" \/>\n\t<meta property=\"og:image:type\" content=\"image\/jpeg\" \/>\n<meta name=\"author\" content=\"LUIZA NASCIMENTO\" \/>\n<meta name=\"twitter:card\" content=\"summary_large_image\" \/>\n<meta name=\"twitter:label1\" content=\"Escrito por\" \/>\n\t<meta name=\"twitter:data1\" content=\"LUIZA NASCIMENTO\" \/>\n\t<meta name=\"twitter:label2\" content=\"Est. tempo de leitura\" \/>\n\t<meta name=\"twitter:data2\" content=\"1 minuto\" \/>\n<script type=\"application\/ld+json\" class=\"yoast-schema-graph\">{\"@context\":\"https:\/\/schema.org\",\"@graph\":[{\"@type\":\"Article\",\"@id\":\"https:\/\/bahiaeconomica.com.br\/wp\/2023\/10\/09\/cidade-baiana-registra-maior-temperatura-do-pais-nas-ultimas-24h\/#article\",\"isPartOf\":{\"@id\":\"https:\/\/bahiaeconomica.com.br\/wp\/2023\/10\/09\/cidade-baiana-registra-maior-temperatura-do-pais-nas-ultimas-24h\/\"},\"author\":{\"name\":\"LUIZA NASCIMENTO\",\"@id\":\"https:\/\/bahiaeconomica.com.br\/wp\/#\/schema\/person\/18273ac0fe04bfd4e7b101bf17d40152\"},\"headline\":\"CIDADE BAIANA REGISTRA MAIOR TEMPERATURA DO PA\u00cdS NAS \u00daLTIMAS 24H\",\"datePublished\":\"2023-10-09T17:50:12+00:00\",\"dateModified\":\"2023-10-09T17:50:12+00:00\",\"mainEntityOfPage\":{\"@id\":\"https:\/\/bahiaeconomica.com.br\/wp\/2023\/10\/09\/cidade-baiana-registra-maior-temperatura-do-pais-nas-ultimas-24h\/\"},\"wordCount\":142,\"publisher\":{\"@id\":\"https:\/\/bahiaeconomica.com.br\/wp\/#organization\"},\"keywords\":[\"Bahia\",\"IBOTIRAMA\",\"Inmet\",\"temperatura\",\"term\u00f4metro\"],\"articleSection\":[\"MUNIC\u00cdPIOS\"],\"inLanguage\":\"pt-BR\"},{\"@type\":\"WebPage\",\"@id\":\"https:\/\/bahiaeconomica.com.br\/wp\/2023\/10\/09\/cidade-baiana-registra-maior-temperatura-do-pais-nas-ultimas-24h\/\",\"url\":\"https:\/\/bahiaeconomica.com.br\/wp\/2023\/10\/09\/cidade-baiana-registra-maior-temperatura-do-pais-nas-ultimas-24h\/\",\"name\":\"CIDADE BAIANA REGISTRA MAIOR TEMPERATURA DO PA\u00cdS NAS \u00daLTIMAS 24H - Bahia Economica\",\"isPartOf\":{\"@id\":\"https:\/\/bahiaeconomica.com.br\/wp\/#website\"},\"datePublished\":\"2023-10-09T17:50:12+00:00\",\"dateModified\":\"2023-10-09T17:50:12+00:00\",\"description\":\"O maior portal de Economia da Bahia MUNIC\u00cdPIOS Bahia Economica\",\"breadcrumb\":{\"@id\":\"https:\/\/bahiaeconomica.com.br\/wp\/2023\/10\/09\/cidade-baiana-registra-maior-temperatura-do-pais-nas-ultimas-24h\/#breadcrumb\"},\"inLanguage\":\"pt-BR\",\"potentialAction\":[{\"@type\":\"ReadAction\",\"target\":[\"https:\/\/bahiaeconomica.com.br\/wp\/2023\/10\/09\/cidade-baiana-registra-maior-temperatura-do-pais-nas-ultimas-24h\/\"]}]},{\"@type\":\"BreadcrumbList\",\"@id\":\"https:\/\/bahiaeconomica.com.br\/wp\/2023\/10\/09\/cidade-baiana-registra-maior-temperatura-do-pais-nas-ultimas-24h\/#breadcrumb\",\"itemListElement\":[{\"@type\":\"ListItem\",\"position\":1,\"name\":\"In\u00edcio\",\"item\":\"https:\/\/bahiaeconomica.com.br\/wp\/\"},{\"@type\":\"ListItem\",\"position\":2,\"name\":\"CIDADE BAIANA REGISTRA MAIOR TEMPERATURA DO PA\u00cdS NAS \u00daLTIMAS 24H\"}]},{\"@type\":\"WebSite\",\"@id\":\"https:\/\/bahiaeconomica.com.br\/wp\/#website\",\"url\":\"https:\/\/bahiaeconomica.com.br\/wp\/\",\"name\":\"Bahia Economica\",\"description\":\"O maior portal de Economia da Bahia\",\"publisher\":{\"@id\":\"https:\/\/bahiaeconomica.com.br\/wp\/#organization\"},\"potentialAction\":[{\"@type\":\"SearchAction\",\"target\":{\"@type\":\"EntryPoint\",\"urlTemplate\":\"https:\/\/bahiaeconomica.com.br\/wp\/?s={search_term_string}\"},\"query-input\":\"required name=search_term_string\"}],\"inLanguage\":\"pt-BR\"},{\"@type\":\"Organization\",\"@id\":\"https:\/\/bahiaeconomica.com.br\/wp\/#organization\",\"name\":\"Bahia Econ\u00f4mica\",\"url\":\"https:\/\/bahiaeconomica.com.br\/wp\/\",\"logo\":{\"@type\":\"ImageObject\",\"inLanguage\":\"pt-BR\",\"@id\":\"https:\/\/bahiaeconomica.com.br\/wp\/#\/schema\/logo\/image\/\",\"url\":\"https:\/\/bahiaeconomica.com.br\/wp\/wp-content\/uploads\/2020\/12\/cropped-BE.png\",\"contentUrl\":\"https:\/\/bahiaeconomica.com.br\/wp\/wp-content\/uploads\/2020\/12\/cropped-BE.png\",\"width\":512,\"height\":512,\"caption\":\"Bahia Econ\u00f4mica\"},\"image\":{\"@id\":\"https:\/\/bahiaeconomica.com.br\/wp\/#\/schema\/logo\/image\/\"},\"sameAs\":[\"https:\/\/www.facebook.com\/bahiaeconomica\"]},{\"@type\":\"Person\",\"@id\":\"https:\/\/bahiaeconomica.com.br\/wp\/#\/schema\/person\/18273ac0fe04bfd4e7b101bf17d40152\",\"name\":\"LUIZA NASCIMENTO\",\"sameAs\":[\"http:\/\/www.bahiaeconomica.com.br\"],\"url\":\"https:\/\/bahiaeconomica.com.br\/wp\/author\/luiza-nascimento\/\"}]}<\/script>\n<!-- \/ Yoast SEO plugin. -->","yoast_head_json":{"title":"CIDADE BAIANA REGISTRA MAIOR TEMPERATURA DO PA\u00cdS NAS \u00daLTIMAS 24H - Bahia Economica","description":"O maior portal de Economia da Bahia MUNIC\u00cdPIOS Bahia Economica","robots":{"index":"index","follow":"follow","max-snippet":"max-snippet:-1","max-image-preview":"max-image-preview:large","max-video-preview":"max-video-preview:-1"},"canonical":"https:\/\/bahiaeconomica.com.br\/wp\/2023\/10\/09\/cidade-baiana-registra-maior-temperatura-do-pais-nas-ultimas-24h\/","og_locale":"pt_BR","og_type":"article","og_title":"CIDADE BAIANA REGISTRA MAIOR TEMPERATURA DO PA\u00cdS NAS \u00daLTIMAS 24H - Bahia Economica","og_description":"O maior portal de Economia da Bahia MUNIC\u00cdPIOS Bahia Economica","og_url":"https:\/\/bahiaeconomica.com.br\/wp\/2023\/10\/09\/cidade-baiana-registra-maior-temperatura-do-pais-nas-ultimas-24h\/","og_site_name":"Bahia Economica","article_publisher":"https:\/\/www.facebook.com\/bahiaeconomica","article_published_time":"2023-10-09T17:50:12+00:00","og_image":[{"width":576,"height":421,"url":"https:\/\/bahiaeconomica.com.br\/wp\/wp-content\/uploads\/2023\/10\/ibotiramacalor_aloalobahia.jpg","type":"image\/jpeg"}],"author":"LUIZA NASCIMENTO","twitter_card":"summary_large_image","twitter_misc":{"Escrito por":"LUIZA NASCIMENTO","Est. tempo de leitura":"1 minuto"},"schema":{"@context":"https:\/\/schema.org","@graph":[{"@type":"Article","@id":"https:\/\/bahiaeconomica.com.br\/wp\/2023\/10\/09\/cidade-baiana-registra-maior-temperatura-do-pais-nas-ultimas-24h\/#article","isPartOf":{"@id":"https:\/\/bahiaeconomica.com.br\/wp\/2023\/10\/09\/cidade-baiana-registra-maior-temperatura-do-pais-nas-ultimas-24h\/"},"author":{"name":"LUIZA NASCIMENTO","@id":"https:\/\/bahiaeconomica.com.br\/wp\/#\/schema\/person\/18273ac0fe04bfd4e7b101bf17d40152"},"headline":"CIDADE BAIANA REGISTRA MAIOR TEMPERATURA DO PA\u00cdS NAS \u00daLTIMAS 24H","datePublished":"2023-10-09T17:50:12+00:00","dateModified":"2023-10-09T17:50:12+00:00","mainEntityOfPage":{"@id":"https:\/\/bahiaeconomica.com.br\/wp\/2023\/10\/09\/cidade-baiana-registra-maior-temperatura-do-pais-nas-ultimas-24h\/"},"wordCount":142,"publisher":{"@id":"https:\/\/bahiaeconomica.com.br\/wp\/#organization"},"keywords":["Bahia","IBOTIRAMA","Inmet","temperatura","term\u00f4metro"],"articleSection":["MUNIC\u00cdPIOS"],"inLanguage":"pt-BR"},{"@type":"WebPage","@id":"https:\/\/bahiaeconomica.com.br\/wp\/2023\/10\/09\/cidade-baiana-registra-maior-temperatura-do-pais-nas-ultimas-24h\/","url":"https:\/\/bahiaeconomica.com.br\/wp\/2023\/10\/09\/cidade-baiana-registra-maior-temperatura-do-pais-nas-ultimas-24h\/","name":"CIDADE BAIANA REGISTRA MAIOR TEMPERATURA DO PA\u00cdS NAS \u00daLTIMAS 24H - Bahia Economica","isPartOf":{"@id":"https:\/\/bahiaeconomica.com.br\/wp\/#website"},"datePublished":"2023-10-09T17:50:12+00:00","dateModified":"2023-10-09T17:50:12+00:00","description":"O maior portal de Economia da Bahia MUNIC\u00cdPIOS Bahia Economica","breadcrumb":{"@id":"https:\/\/bahiaeconomica.com.br\/wp\/2023\/10\/09\/cidade-baiana-registra-maior-temperatura-do-pais-nas-ultimas-24h\/#breadcrumb"},"inLanguage":"pt-BR","potentialAction":[{"@type":"ReadAction","target":["https:\/\/bahiaeconomica.com.br\/wp\/2023\/10\/09\/cidade-baiana-registra-maior-temperatura-do-pais-nas-ultimas-24h\/"]}]},{"@type":"BreadcrumbList","@id":"https:\/\/bahiaeconomica.com.br\/wp\/2023\/10\/09\/cidade-baiana-registra-maior-temperatura-do-pais-nas-ultimas-24h\/#breadcrumb","itemListElement":[{"@type":"ListItem","position":1,"name":"In\u00edcio","item":"https:\/\/bahiaeconomica.com.br\/wp\/"},{"@type":"ListItem","position":2,"name":"CIDADE BAIANA REGISTRA MAIOR TEMPERATURA DO PA\u00cdS NAS \u00daLTIMAS 24H"}]},{"@type":"WebSite","@id":"https:\/\/bahiaeconomica.com.br\/wp\/#website","url":"https:\/\/bahiaeconomica.com.br\/wp\/","name":"Bahia Economica","description":"O maior portal de Economia da Bahia","publisher":{"@id":"https:\/\/bahiaeconomica.com.br\/wp\/#organization"},"potentialAction":[{"@type":"SearchAction","target":{"@type":"EntryPoint","urlTemplate":"https:\/\/bahiaeconomica.com.br\/wp\/?s={search_term_string}"},"query-input":"required name=search_term_string"}],"inLanguage":"pt-BR"},{"@type":"Organization","@id":"https:\/\/bahiaeconomica.com.br\/wp\/#organization","name":"Bahia Econ\u00f4mica","url":"https:\/\/bahiaeconomica.com.br\/wp\/","logo":{"@type":"ImageObject","inLanguage":"pt-BR","@id":"https:\/\/bahiaeconomica.com.br\/wp\/#\/schema\/logo\/image\/","url":"https:\/\/bahiaeconomica.com.br\/wp\/wp-content\/uploads\/2020\/12\/cropped-BE.png","contentUrl":"https:\/\/bahiaeconomica.com.br\/wp\/wp-content\/uploads\/2020\/12\/cropped-BE.png","width":512,"height":512,"caption":"Bahia Econ\u00f4mica"},"image":{"@id":"https:\/\/bahiaeconomica.com.br\/wp\/#\/schema\/logo\/image\/"},"sameAs":["https:\/\/www.facebook.com\/bahiaeconomica"]},{"@type":"Person","@id":"https:\/\/bahiaeconomica.com.br\/wp\/#\/schema\/person\/18273ac0fe04bfd4e7b101bf17d40152","name":"LUIZA NASCIMENTO","sameAs":["http:\/\/www.bahiaeconomica.com.br"],"url":"https:\/\/bahiaeconomica.com.br\/wp\/author\/luiza-nascimento\/"}]}},"views":16,"_links":{"self":[{"href":"https:\/\/bahiaeconomica.com.br\/wp\/wp-json\/wp\/v2\/posts\/769099"}],"collection":[{"href":"https:\/\/bahiaeconomica.com.br\/wp\/wp-json\/wp\/v2\/posts"}],"about":[{"href":"https:\/\/bahiaeconomica.com.br\/wp\/wp-json\/wp\/v2\/types\/post"}],"author":[{"embeddable":true,"href":"https:\/\/bahiaeconomica.com.br\/wp\/wp-json\/wp\/v2\/users\/16"}],"replies":[{"embeddable":true,"href":"https:\/\/bahiaeconomica.com.br\/wp\/wp-json\/wp\/v2\/comments?post=769099"}],"version-history":[{"count":1,"href":"https:\/\/bahiaeconomica.com.br\/wp\/wp-json\/wp\/v2\/posts\/769099\/revisions"}],"predecessor-version":[{"id":769106,"href":"https:\/\/bahiaeconomica.com.br\/wp\/wp-json\/wp\/v2\/posts\/769099\/revisions\/769106"}],"wp:featuredmedia":[{"embeddable":true,"href":"https:\/\/bahiaeconomica.com.br\/wp\/wp-json\/wp\/v2\/media\/769105"}],"wp:attachment":[{"href":"https:\/\/bahiaeconomica.com.br\/wp\/wp-json\/wp\/v2\/media?parent=769099"}],"wp:term":[{"taxonomy":"category","embeddable":true,"href":"https:\/\/bahiaeconomica.com.br\/wp\/wp-json\/wp\/v2\/categories?post=769099"},{"taxonomy":"post_tag","embeddable":true,"href":"https:\/\/bahiaeconomica.com.br\/wp\/wp-json\/wp\/v2\/tags?post=769099"}],"curies":[{"name":"wp","href":"https:\/\/api.w.org\/{rel}","templated":true}]}}