{"id":767915,"date":"2023-10-04T11:36:12","date_gmt":"2023-10-04T14:36:12","guid":{"rendered":"https:\/\/bahiaeconomica.com.br\/wp\/?p=767915"},"modified":"2023-10-04T11:36:12","modified_gmt":"2023-10-04T14:36:12","slug":"deputados-aprovam-convocacao-do-presidente-da-viabahia-para-prestar-esclarecimento","status":"publish","type":"post","link":"https:\/\/bahiaeconomica.com.br\/wp\/2023\/10\/04\/deputados-aprovam-convocacao-do-presidente-da-viabahia-para-prestar-esclarecimento\/","title":{"rendered":"DEPUTADOS APROVAM CONVOCA\u00c7\u00c3O DO PRESIDENTE DA VIABAHIA PARA PRESTAR ESCLARECIMENTO"},"content":{"rendered":"<p>Os deputados das Comiss\u00f5es de Infraestrutura, Desenvolvimento Econ\u00f4mico e Turismo, presidida pelo deputado estadual Eduardo Salles, e de Agricultura, comandada pelo parlamentar Manuel Rocha, aprovaram por unanimidade, na reuni\u00e3o desta ter\u00e7a-feira (3), a convoca\u00e7\u00e3o do presidente da ViaBahia, Jos\u00e9 Bartolomeu, para esclarecer o estado em que se encontram a BR-324 e a BR-116, administradas pela concession\u00e1ria.<\/p>\n<p>Segundo o deputado Eduardo Salles, \u00e9 preciso cobrar do presidente da concession\u00e1ria as promessas feitas em audi\u00eancia anterior, realizada em abril, e saber o que a empresa tem feito para sanar os in\u00fameros problemas cr\u00f4nicos destas rodovias que t\u00eam causado danos \u00e0 popula\u00e7\u00e3o baiana.<\/p>\n<p>&#8220;Na \u00e9poca, foram duas horas de reuni\u00e3o e in\u00fameras promessas de investimentos, mas at\u00e9 agora nada foi feito. Todos os deputados est\u00e3o mobilizados para que tenhamos uma solu\u00e7\u00e3o. A popula\u00e7\u00e3o n\u00e3o tem como tolerar essa situa\u00e7\u00e3o at\u00e9 2034, quando encerra o prazo da concess\u00e3o, e n\u00e3o aguenta mais trafegar por essas rodovias em p\u00e9ssimas condi\u00e7\u00f5es, causando riscos de acidentes fatais&#8221;, disse Eduardo Salles.<\/p>\n<p>O parlamentar ressalta que n\u00e3o h\u00e1 mais justificativa para os motoristas enfrentarem tantos problemas de infraestrutura ap\u00f3s mais de uma d\u00e9cada de concess\u00e3o do servi\u00e7o \u00e0 Via Bahia.<\/p>\n<p>&#8220;Se a Via Bahia n\u00e3o tem condi\u00e7\u00f5es de melhorar a qualidade do servi\u00e7o, que entregue a concess\u00e3o e o governo federal fa\u00e7a uma nova licita\u00e7\u00e3o. A luta n\u00e3o \u00e9 de Eduardo Salles, mas \u00e9 un\u00e2nime entre os deputados da Assembleia Legislativa. Estamos ajustando tamb\u00e9m uma manifesta\u00e7\u00e3o pacifica dos deputados sobre o assunto. \u00c9 um grito da sociedade baiana que n\u00e3o aguenta mais pagar ped\u00e1gio na BR-324 e na BR-116 e ter rodovias de p\u00e9ssima qualidade&#8221;, concluiu o deputado. Ainda n\u00e3o h\u00e1 data prevista para a convoca\u00e7\u00e3o do presidente da ViaBahia.<\/p>\n<p>Foto: Ascom<\/p>\n","protected":false},"excerpt":{"rendered":"<p>Os deputados das Comiss\u00f5es de Infraestrutura, Desenvolvimento Econ\u00f4mico e Turismo, presidida pelo deputado estadual Eduardo Salles, e de Agricultura, comandada pelo parlamentar Manuel Rocha, aprovaram por unanimidade, na reuni\u00e3o desta ter\u00e7a-feira (3), a convoca\u00e7\u00e3o do presidente da ViaBahia, Jos\u00e9 Bartolomeu, para esclarecer o estado em que se encontram a BR-324 e a BR-116, administradas pela [&hellip;]<\/p>\n","protected":false},"author":15,"featured_media":767916,"comment_status":"closed","ping_status":"closed","sticky":false,"template":"","format":"standard","meta":[],"categories":[14601],"tags":[1033,21096,11175],"acf":[],"yoast_head":"<!-- This site is optimized with the Yoast SEO plugin v20.8 - https:\/\/yoast.com\/wordpress\/plugins\/seo\/ -->\n<title>DEPUTADOS APROVAM CONVOCA\u00c7\u00c3O DO PRESIDENTE DA VIABAHIA PARA PRESTAR ESCLARECIMENTO - Bahia Economica<\/title>\n<meta name=\"description\" content=\"O maior portal de Economia da Bahia Pol\u00edtica Bahia Economica Os deputados das Comiss\u00f5es de Infraestrutura, Desenvolvimento Econ\u00f4mico e Turismo\" \/>\n<meta name=\"robots\" content=\"index, follow, max-snippet:-1, max-image-preview:large, max-video-preview:-1\" \/>\n<link rel=\"canonical\" href=\"https:\/\/bahiaeconomica.com.br\/wp\/2023\/10\/04\/deputados-aprovam-convocacao-do-presidente-da-viabahia-para-prestar-esclarecimento\/\" \/>\n<meta property=\"og:locale\" content=\"pt_BR\" \/>\n<meta property=\"og:type\" content=\"article\" \/>\n<meta property=\"og:title\" content=\"DEPUTADOS APROVAM CONVOCA\u00c7\u00c3O DO PRESIDENTE DA VIABAHIA PARA PRESTAR ESCLARECIMENTO - Bahia Economica\" \/>\n<meta property=\"og:description\" content=\"O maior portal de Economia da Bahia Pol\u00edtica Bahia Economica Os deputados das Comiss\u00f5es de Infraestrutura, Desenvolvimento Econ\u00f4mico e Turismo\" \/>\n<meta property=\"og:url\" content=\"https:\/\/bahiaeconomica.com.br\/wp\/2023\/10\/04\/deputados-aprovam-convocacao-do-presidente-da-viabahia-para-prestar-esclarecimento\/\" \/>\n<meta property=\"og:site_name\" content=\"Bahia Economica\" \/>\n<meta property=\"article:publisher\" content=\"https:\/\/www.facebook.com\/bahiaeconomica\" \/>\n<meta property=\"article:published_time\" content=\"2023-10-04T14:36:12+00:00\" \/>\n<meta property=\"og:image\" content=\"https:\/\/bahiaeconomica.com.br\/wp\/wp-content\/uploads\/2023\/10\/COMISSAO-INFRAESTRUTURA.jpg\" \/>\n\t<meta property=\"og:image:width\" content=\"951\" \/>\n\t<meta property=\"og:image:height\" content=\"535\" \/>\n\t<meta property=\"og:image:type\" content=\"image\/jpeg\" \/>\n<meta name=\"author\" content=\"VICTORIA ISABEL\" \/>\n<meta name=\"twitter:card\" content=\"summary_large_image\" \/>\n<meta name=\"twitter:label1\" content=\"Escrito por\" \/>\n\t<meta name=\"twitter:data1\" content=\"VICTORIA ISABEL\" \/>\n\t<meta name=\"twitter:label2\" content=\"Est. tempo de leitura\" \/>\n\t<meta name=\"twitter:data2\" content=\"2 minutos\" \/>\n<script type=\"application\/ld+json\" class=\"yoast-schema-graph\">{\"@context\":\"https:\/\/schema.org\",\"@graph\":[{\"@type\":\"Article\",\"@id\":\"https:\/\/bahiaeconomica.com.br\/wp\/2023\/10\/04\/deputados-aprovam-convocacao-do-presidente-da-viabahia-para-prestar-esclarecimento\/#article\",\"isPartOf\":{\"@id\":\"https:\/\/bahiaeconomica.com.br\/wp\/2023\/10\/04\/deputados-aprovam-convocacao-do-presidente-da-viabahia-para-prestar-esclarecimento\/\"},\"author\":{\"name\":\"VICTORIA ISABEL\",\"@id\":\"https:\/\/bahiaeconomica.com.br\/wp\/#\/schema\/person\/b719ce0fb1c09f3c7a00d9243ced4a6f\"},\"headline\":\"DEPUTADOS APROVAM CONVOCA\u00c7\u00c3O DO PRESIDENTE DA VIABAHIA PARA PRESTAR ESCLARECIMENTO\",\"datePublished\":\"2023-10-04T14:36:12+00:00\",\"dateModified\":\"2023-10-04T14:36:12+00:00\",\"mainEntityOfPage\":{\"@id\":\"https:\/\/bahiaeconomica.com.br\/wp\/2023\/10\/04\/deputados-aprovam-convocacao-do-presidente-da-viabahia-para-prestar-esclarecimento\/\"},\"wordCount\":329,\"publisher\":{\"@id\":\"https:\/\/bahiaeconomica.com.br\/wp\/#organization\"},\"keywords\":[\"deputados\",\"esclarecimento\",\"VIABAHIA\"],\"articleSection\":[\"Pol\u00edtica\"],\"inLanguage\":\"pt-BR\"},{\"@type\":\"WebPage\",\"@id\":\"https:\/\/bahiaeconomica.com.br\/wp\/2023\/10\/04\/deputados-aprovam-convocacao-do-presidente-da-viabahia-para-prestar-esclarecimento\/\",\"url\":\"https:\/\/bahiaeconomica.com.br\/wp\/2023\/10\/04\/deputados-aprovam-convocacao-do-presidente-da-viabahia-para-prestar-esclarecimento\/\",\"name\":\"DEPUTADOS APROVAM CONVOCA\u00c7\u00c3O DO PRESIDENTE DA VIABAHIA PARA PRESTAR ESCLARECIMENTO - Bahia Economica\",\"isPartOf\":{\"@id\":\"https:\/\/bahiaeconomica.com.br\/wp\/#website\"},\"datePublished\":\"2023-10-04T14:36:12+00:00\",\"dateModified\":\"2023-10-04T14:36:12+00:00\",\"description\":\"O maior portal de Economia da Bahia Pol\u00edtica Bahia Economica Os deputados das Comiss\u00f5es de Infraestrutura, Desenvolvimento Econ\u00f4mico e Turismo\",\"breadcrumb\":{\"@id\":\"https:\/\/bahiaeconomica.com.br\/wp\/2023\/10\/04\/deputados-aprovam-convocacao-do-presidente-da-viabahia-para-prestar-esclarecimento\/#breadcrumb\"},\"inLanguage\":\"pt-BR\",\"potentialAction\":[{\"@type\":\"ReadAction\",\"target\":[\"https:\/\/bahiaeconomica.com.br\/wp\/2023\/10\/04\/deputados-aprovam-convocacao-do-presidente-da-viabahia-para-prestar-esclarecimento\/\"]}]},{\"@type\":\"BreadcrumbList\",\"@id\":\"https:\/\/bahiaeconomica.com.br\/wp\/2023\/10\/04\/deputados-aprovam-convocacao-do-presidente-da-viabahia-para-prestar-esclarecimento\/#breadcrumb\",\"itemListElement\":[{\"@type\":\"ListItem\",\"position\":1,\"name\":\"In\u00edcio\",\"item\":\"https:\/\/bahiaeconomica.com.br\/wp\/\"},{\"@type\":\"ListItem\",\"position\":2,\"name\":\"DEPUTADOS APROVAM CONVOCA\u00c7\u00c3O DO PRESIDENTE DA VIABAHIA PARA PRESTAR ESCLARECIMENTO\"}]},{\"@type\":\"WebSite\",\"@id\":\"https:\/\/bahiaeconomica.com.br\/wp\/#website\",\"url\":\"https:\/\/bahiaeconomica.com.br\/wp\/\",\"name\":\"Bahia Economica\",\"description\":\"O maior portal de Economia da Bahia\",\"publisher\":{\"@id\":\"https:\/\/bahiaeconomica.com.br\/wp\/#organization\"},\"potentialAction\":[{\"@type\":\"SearchAction\",\"target\":{\"@type\":\"EntryPoint\",\"urlTemplate\":\"https:\/\/bahiaeconomica.com.br\/wp\/?s={search_term_string}\"},\"query-input\":\"required name=search_term_string\"}],\"inLanguage\":\"pt-BR\"},{\"@type\":\"Organization\",\"@id\":\"https:\/\/bahiaeconomica.com.br\/wp\/#organization\",\"name\":\"Bahia Econ\u00f4mica\",\"url\":\"https:\/\/bahiaeconomica.com.br\/wp\/\",\"logo\":{\"@type\":\"ImageObject\",\"inLanguage\":\"pt-BR\",\"@id\":\"https:\/\/bahiaeconomica.com.br\/wp\/#\/schema\/logo\/image\/\",\"url\":\"https:\/\/bahiaeconomica.com.br\/wp\/wp-content\/uploads\/2020\/12\/cropped-BE.png\",\"contentUrl\":\"https:\/\/bahiaeconomica.com.br\/wp\/wp-content\/uploads\/2020\/12\/cropped-BE.png\",\"width\":512,\"height\":512,\"caption\":\"Bahia Econ\u00f4mica\"},\"image\":{\"@id\":\"https:\/\/bahiaeconomica.com.br\/wp\/#\/schema\/logo\/image\/\"},\"sameAs\":[\"https:\/\/www.facebook.com\/bahiaeconomica\"]},{\"@type\":\"Person\",\"@id\":\"https:\/\/bahiaeconomica.com.br\/wp\/#\/schema\/person\/b719ce0fb1c09f3c7a00d9243ced4a6f\",\"name\":\"VICTORIA ISABEL\",\"sameAs\":[\"http:\/\/www.bahiaeconomica.com.br\"],\"url\":\"https:\/\/bahiaeconomica.com.br\/wp\/author\/victoria-isabel\/\"}]}<\/script>\n<!-- \/ Yoast SEO plugin. -->","yoast_head_json":{"title":"DEPUTADOS APROVAM CONVOCA\u00c7\u00c3O DO PRESIDENTE DA VIABAHIA PARA PRESTAR ESCLARECIMENTO - Bahia Economica","description":"O maior portal de Economia da Bahia Pol\u00edtica Bahia Economica Os deputados das Comiss\u00f5es de Infraestrutura, Desenvolvimento Econ\u00f4mico e Turismo","robots":{"index":"index","follow":"follow","max-snippet":"max-snippet:-1","max-image-preview":"max-image-preview:large","max-video-preview":"max-video-preview:-1"},"canonical":"https:\/\/bahiaeconomica.com.br\/wp\/2023\/10\/04\/deputados-aprovam-convocacao-do-presidente-da-viabahia-para-prestar-esclarecimento\/","og_locale":"pt_BR","og_type":"article","og_title":"DEPUTADOS APROVAM CONVOCA\u00c7\u00c3O DO PRESIDENTE DA VIABAHIA PARA PRESTAR ESCLARECIMENTO - Bahia Economica","og_description":"O maior portal de Economia da Bahia Pol\u00edtica Bahia Economica Os deputados das Comiss\u00f5es de Infraestrutura, Desenvolvimento Econ\u00f4mico e Turismo","og_url":"https:\/\/bahiaeconomica.com.br\/wp\/2023\/10\/04\/deputados-aprovam-convocacao-do-presidente-da-viabahia-para-prestar-esclarecimento\/","og_site_name":"Bahia Economica","article_publisher":"https:\/\/www.facebook.com\/bahiaeconomica","article_published_time":"2023-10-04T14:36:12+00:00","og_image":[{"width":951,"height":535,"url":"https:\/\/bahiaeconomica.com.br\/wp\/wp-content\/uploads\/2023\/10\/COMISSAO-INFRAESTRUTURA.jpg","type":"image\/jpeg"}],"author":"VICTORIA ISABEL","twitter_card":"summary_large_image","twitter_misc":{"Escrito por":"VICTORIA ISABEL","Est. tempo de leitura":"2 minutos"},"schema":{"@context":"https:\/\/schema.org","@graph":[{"@type":"Article","@id":"https:\/\/bahiaeconomica.com.br\/wp\/2023\/10\/04\/deputados-aprovam-convocacao-do-presidente-da-viabahia-para-prestar-esclarecimento\/#article","isPartOf":{"@id":"https:\/\/bahiaeconomica.com.br\/wp\/2023\/10\/04\/deputados-aprovam-convocacao-do-presidente-da-viabahia-para-prestar-esclarecimento\/"},"author":{"name":"VICTORIA ISABEL","@id":"https:\/\/bahiaeconomica.com.br\/wp\/#\/schema\/person\/b719ce0fb1c09f3c7a00d9243ced4a6f"},"headline":"DEPUTADOS APROVAM CONVOCA\u00c7\u00c3O DO PRESIDENTE DA VIABAHIA PARA PRESTAR ESCLARECIMENTO","datePublished":"2023-10-04T14:36:12+00:00","dateModified":"2023-10-04T14:36:12+00:00","mainEntityOfPage":{"@id":"https:\/\/bahiaeconomica.com.br\/wp\/2023\/10\/04\/deputados-aprovam-convocacao-do-presidente-da-viabahia-para-prestar-esclarecimento\/"},"wordCount":329,"publisher":{"@id":"https:\/\/bahiaeconomica.com.br\/wp\/#organization"},"keywords":["deputados","esclarecimento","VIABAHIA"],"articleSection":["Pol\u00edtica"],"inLanguage":"pt-BR"},{"@type":"WebPage","@id":"https:\/\/bahiaeconomica.com.br\/wp\/2023\/10\/04\/deputados-aprovam-convocacao-do-presidente-da-viabahia-para-prestar-esclarecimento\/","url":"https:\/\/bahiaeconomica.com.br\/wp\/2023\/10\/04\/deputados-aprovam-convocacao-do-presidente-da-viabahia-para-prestar-esclarecimento\/","name":"DEPUTADOS APROVAM CONVOCA\u00c7\u00c3O DO PRESIDENTE DA VIABAHIA PARA PRESTAR ESCLARECIMENTO - Bahia Economica","isPartOf":{"@id":"https:\/\/bahiaeconomica.com.br\/wp\/#website"},"datePublished":"2023-10-04T14:36:12+00:00","dateModified":"2023-10-04T14:36:12+00:00","description":"O maior portal de Economia da Bahia Pol\u00edtica Bahia Economica Os deputados das Comiss\u00f5es de Infraestrutura, Desenvolvimento Econ\u00f4mico e Turismo","breadcrumb":{"@id":"https:\/\/bahiaeconomica.com.br\/wp\/2023\/10\/04\/deputados-aprovam-convocacao-do-presidente-da-viabahia-para-prestar-esclarecimento\/#breadcrumb"},"inLanguage":"pt-BR","potentialAction":[{"@type":"ReadAction","target":["https:\/\/bahiaeconomica.com.br\/wp\/2023\/10\/04\/deputados-aprovam-convocacao-do-presidente-da-viabahia-para-prestar-esclarecimento\/"]}]},{"@type":"BreadcrumbList","@id":"https:\/\/bahiaeconomica.com.br\/wp\/2023\/10\/04\/deputados-aprovam-convocacao-do-presidente-da-viabahia-para-prestar-esclarecimento\/#breadcrumb","itemListElement":[{"@type":"ListItem","position":1,"name":"In\u00edcio","item":"https:\/\/bahiaeconomica.com.br\/wp\/"},{"@type":"ListItem","position":2,"name":"DEPUTADOS APROVAM CONVOCA\u00c7\u00c3O DO PRESIDENTE DA VIABAHIA PARA PRESTAR ESCLARECIMENTO"}]},{"@type":"WebSite","@id":"https:\/\/bahiaeconomica.com.br\/wp\/#website","url":"https:\/\/bahiaeconomica.com.br\/wp\/","name":"Bahia Economica","description":"O maior portal de Economia da Bahia","publisher":{"@id":"https:\/\/bahiaeconomica.com.br\/wp\/#organization"},"potentialAction":[{"@type":"SearchAction","target":{"@type":"EntryPoint","urlTemplate":"https:\/\/bahiaeconomica.com.br\/wp\/?s={search_term_string}"},"query-input":"required name=search_term_string"}],"inLanguage":"pt-BR"},{"@type":"Organization","@id":"https:\/\/bahiaeconomica.com.br\/wp\/#organization","name":"Bahia Econ\u00f4mica","url":"https:\/\/bahiaeconomica.com.br\/wp\/","logo":{"@type":"ImageObject","inLanguage":"pt-BR","@id":"https:\/\/bahiaeconomica.com.br\/wp\/#\/schema\/logo\/image\/","url":"https:\/\/bahiaeconomica.com.br\/wp\/wp-content\/uploads\/2020\/12\/cropped-BE.png","contentUrl":"https:\/\/bahiaeconomica.com.br\/wp\/wp-content\/uploads\/2020\/12\/cropped-BE.png","width":512,"height":512,"caption":"Bahia Econ\u00f4mica"},"image":{"@id":"https:\/\/bahiaeconomica.com.br\/wp\/#\/schema\/logo\/image\/"},"sameAs":["https:\/\/www.facebook.com\/bahiaeconomica"]},{"@type":"Person","@id":"https:\/\/bahiaeconomica.com.br\/wp\/#\/schema\/person\/b719ce0fb1c09f3c7a00d9243ced4a6f","name":"VICTORIA ISABEL","sameAs":["http:\/\/www.bahiaeconomica.com.br"],"url":"https:\/\/bahiaeconomica.com.br\/wp\/author\/victoria-isabel\/"}]}},"views":17,"_links":{"self":[{"href":"https:\/\/bahiaeconomica.com.br\/wp\/wp-json\/wp\/v2\/posts\/767915"}],"collection":[{"href":"https:\/\/bahiaeconomica.com.br\/wp\/wp-json\/wp\/v2\/posts"}],"about":[{"href":"https:\/\/bahiaeconomica.com.br\/wp\/wp-json\/wp\/v2\/types\/post"}],"author":[{"embeddable":true,"href":"https:\/\/bahiaeconomica.com.br\/wp\/wp-json\/wp\/v2\/users\/15"}],"replies":[{"embeddable":true,"href":"https:\/\/bahiaeconomica.com.br\/wp\/wp-json\/wp\/v2\/comments?post=767915"}],"version-history":[{"count":1,"href":"https:\/\/bahiaeconomica.com.br\/wp\/wp-json\/wp\/v2\/posts\/767915\/revisions"}],"predecessor-version":[{"id":767917,"href":"https:\/\/bahiaeconomica.com.br\/wp\/wp-json\/wp\/v2\/posts\/767915\/revisions\/767917"}],"wp:featuredmedia":[{"embeddable":true,"href":"https:\/\/bahiaeconomica.com.br\/wp\/wp-json\/wp\/v2\/media\/767916"}],"wp:attachment":[{"href":"https:\/\/bahiaeconomica.com.br\/wp\/wp-json\/wp\/v2\/media?parent=767915"}],"wp:term":[{"taxonomy":"category","embeddable":true,"href":"https:\/\/bahiaeconomica.com.br\/wp\/wp-json\/wp\/v2\/categories?post=767915"},{"taxonomy":"post_tag","embeddable":true,"href":"https:\/\/bahiaeconomica.com.br\/wp\/wp-json\/wp\/v2\/tags?post=767915"}],"curies":[{"name":"wp","href":"https:\/\/api.w.org\/{rel}","templated":true}]}}