{"id":767909,"date":"2023-10-04T11:15:02","date_gmt":"2023-10-04T14:15:02","guid":{"rendered":"https:\/\/bahiaeconomica.com.br\/wp\/?p=767909"},"modified":"2023-10-04T11:15:02","modified_gmt":"2023-10-04T14:15:02","slug":"deputado-hassan-comemora-implantacao-da-unacon-jequie","status":"publish","type":"post","link":"https:\/\/bahiaeconomica.com.br\/wp\/2023\/10\/04\/deputado-hassan-comemora-implantacao-da-unacon-jequie\/","title":{"rendered":"DEPUTADO HASSAN COMEMORA IMPLANTA\u00c7\u00c3O DA UNACON JEQUI\u00c9"},"content":{"rendered":"<p>Seis anos depois de iniciar intensa luta pela implanta\u00e7\u00e3o da Unidade de Alta Complexidade em Oncologia (Unacon) de Jequi\u00e9, o deputado municipalista Hassan (PP) comemorou a not\u00edcia divulgada pela secret\u00e1ria estadual da Sa\u00fade, Roberta Santana, de que a primeira etapa da Unacon Jequi\u00e9 ser\u00e1 inaugurada nesta sexta-feira (6), no Hospital Prado Valadares, com a presen\u00e7a do governador Jer\u00f4nimo Rodrigues. Emocionado, Hassan agradeceu a decis\u00e3o e empenho do governador e da secret\u00e1ria, e destacou que \u201cessa vit\u00f3ria \u00e9 de toda regi\u00e3o, \u00e9 de todos n\u00f3s\u201d, citando a prefeitura municipal, os prefeitos da regi\u00e3o, o Rotary, Universidade Estadual do Sul da Bahia, C\u00e2mara dos Vereadores, Conselho Municipal de Sa\u00fade e Lojas Ma\u00e7\u00f4nicas, lembrando a fundamental participa\u00e7\u00e3o da sociedade organizada dos munic\u00edpios dos territ\u00f3rios do Vale do Jiquiri\u00e7\u00e1 e M\u00e9dio Rio de Contas.<\/p>\n<p>De acordo com a diretora de Aten\u00e7\u00e3o Especializada da Sesab, Maria Alcina Romero, a Unacon Jequi\u00e9 vai come\u00e7ar a funcionar como Unacon b\u00e1sico, com servi\u00e7o de oncologia cl\u00ednico e cirurgias nas especialidades de ginecologia, mastologia, coloprocto e urologia, expandindo, paulatinamente, para pesco\u00e7o e at\u00e9 t\u00f3rax. \u201cEstamos felizes, porque a inaugura\u00e7\u00e3o desse importante equipamento contempla uma luta nossa e da sociedade civil organizada dos munic\u00edpios do Vale do Jiquiri\u00e7\u00e1 e do M\u00e9dio Rio de Contas, que abra\u00e7aram essa causa t\u00e3o importante para a popula\u00e7\u00e3o\u201d.<\/p>\n<p>O deputado analisou que a implanta\u00e7\u00e3o da Unacon Jequi\u00e9 transforma o munic\u00edpio num polo regional de refer\u00eancia em tratamento oncol\u00f3gico, com estrutura e profissionais preparados para oferecer o suporte adequado. E frisou que \u201ca unidade vai humanizar o tratamento oncol\u00f3gico, evitando que pacientes sejam encaminhados para atendimento em Salvador e ou Itabuna, submetendo-os a desconforto e aos riscos de acidentes nas estradas, atendendo a uma demanda de pacientes de 26 munic\u00edpios dos dois territ\u00f3rios inseridos na Regi\u00e3o de Sa\u00fade de Jequi\u00e9\u201d.<\/p>\n<p>O deputado Hassan trabalha pela implanta\u00e7\u00e3o da Unacon Jequi\u00e9 desde quando exercia o cargo de secret\u00e1rio municipal de Sa\u00fade de Jequi\u00e9, em 2017, e durante sua gest\u00e3o como vice-presidente do Conselho Estadual de Secret\u00e1rios Municipais de Sa\u00fade Cosems-BA. Eleito deputado estadual, ampliou a luta, colocando o tema como um dos principais assuntos debatidos no munic\u00edpio durante a primeira reuni\u00e3o itinerante da Comiss\u00e3o de Sa\u00fade e Saneamento da Assembl\u00e9ia Legislativa da Bahia, em Jequi\u00e9.<\/p>\n<p>Em seguida, em audi\u00eancias com a secret\u00e1ria estadual da Sa\u00fade, Hassan solicitou apoio no sentido de envidar esfor\u00e7os junto ao Minist\u00e9rio da Sa\u00fade para a implanta\u00e7\u00e3o da Unacon, solicita\u00e7\u00e3o feita tamb\u00e9m ao governador Jer\u00f4nimo Rodrigues e ao ministro da Casa Civil, Rui Costa. Em Bras\u00edlia, em mar\u00e7o desse ano, participando da Marcha dos Prefeitos, o deputado reuniu-se com a gerente de Assuntos Federativos, Elisa Pellegrini, e com o secret\u00e1rio especial de Assuntos Federativos da Secretaria de Rela\u00e7\u00f5es Institucionais da Presid\u00eancia da Rep\u00fablica, refor\u00e7ando a reivindica\u00e7\u00e3o para a implanta\u00e7\u00e3o da Unacon Jequi\u00e9.<\/p>\n<p>Foto \u2013 Euro Am\u00e2ncio<\/p>\n","protected":false},"excerpt":{"rendered":"<p>Seis anos depois de iniciar intensa luta pela implanta\u00e7\u00e3o da Unidade de Alta Complexidade em Oncologia (Unacon) de Jequi\u00e9, o deputado municipalista Hassan (PP) comemorou a not\u00edcia divulgada pela secret\u00e1ria estadual da Sa\u00fade, Roberta Santana, de que a primeira etapa da Unacon Jequi\u00e9 ser\u00e1 inaugurada nesta sexta-feira (6), no Hospital Prado Valadares, com a presen\u00e7a [&hellip;]<\/p>\n","protected":false},"author":8,"featured_media":767910,"comment_status":"closed","ping_status":"closed","sticky":false,"template":"","format":"standard","meta":[],"categories":[14601],"tags":[835,52,13645,100],"acf":[],"yoast_head":"<!-- This site is optimized with the Yoast SEO plugin v20.8 - https:\/\/yoast.com\/wordpress\/plugins\/seo\/ -->\n<title>DEPUTADO HASSAN COMEMORA IMPLANTA\u00c7\u00c3O DA UNACON JEQUI\u00c9 - Bahia Economica<\/title>\n<meta name=\"description\" content=\"O maior portal de Economia da Bahia Pol\u00edtica Bahia Economica Seis anos depois de iniciar intensa luta pela implanta\u00e7\u00e3o da Unidade\" \/>\n<meta name=\"robots\" content=\"index, follow, max-snippet:-1, max-image-preview:large, max-video-preview:-1\" \/>\n<link rel=\"canonical\" href=\"https:\/\/bahiaeconomica.com.br\/wp\/2023\/10\/04\/deputado-hassan-comemora-implantacao-da-unacon-jequie\/\" \/>\n<meta property=\"og:locale\" content=\"pt_BR\" \/>\n<meta property=\"og:type\" content=\"article\" \/>\n<meta property=\"og:title\" content=\"DEPUTADO HASSAN COMEMORA IMPLANTA\u00c7\u00c3O DA UNACON JEQUI\u00c9 - Bahia Economica\" \/>\n<meta property=\"og:description\" content=\"O maior portal de Economia da Bahia Pol\u00edtica Bahia Economica Seis anos depois de iniciar intensa luta pela implanta\u00e7\u00e3o da Unidade\" \/>\n<meta property=\"og:url\" content=\"https:\/\/bahiaeconomica.com.br\/wp\/2023\/10\/04\/deputado-hassan-comemora-implantacao-da-unacon-jequie\/\" \/>\n<meta property=\"og:site_name\" content=\"Bahia Economica\" \/>\n<meta property=\"article:publisher\" content=\"https:\/\/www.facebook.com\/bahiaeconomica\" \/>\n<meta property=\"article:published_time\" content=\"2023-10-04T14:15:02+00:00\" \/>\n<meta property=\"og:image\" content=\"https:\/\/bahiaeconomica.com.br\/wp\/wp-content\/uploads\/2023\/10\/WhatsApp-Image-2023-10-04-at-10.59.56.jpeg\" \/>\n\t<meta property=\"og:image:width\" content=\"720\" \/>\n\t<meta property=\"og:image:height\" content=\"470\" \/>\n\t<meta property=\"og:image:type\" content=\"image\/jpeg\" \/>\n<meta name=\"author\" content=\"JP\" \/>\n<meta name=\"twitter:card\" content=\"summary_large_image\" \/>\n<meta name=\"twitter:label1\" content=\"Escrito por\" \/>\n\t<meta name=\"twitter:data1\" content=\"JP\" \/>\n\t<meta name=\"twitter:label2\" content=\"Est. tempo de leitura\" \/>\n\t<meta name=\"twitter:data2\" content=\"3 minutos\" \/>\n<script type=\"application\/ld+json\" class=\"yoast-schema-graph\">{\"@context\":\"https:\/\/schema.org\",\"@graph\":[{\"@type\":\"Article\",\"@id\":\"https:\/\/bahiaeconomica.com.br\/wp\/2023\/10\/04\/deputado-hassan-comemora-implantacao-da-unacon-jequie\/#article\",\"isPartOf\":{\"@id\":\"https:\/\/bahiaeconomica.com.br\/wp\/2023\/10\/04\/deputado-hassan-comemora-implantacao-da-unacon-jequie\/\"},\"author\":{\"name\":\"JP\",\"@id\":\"https:\/\/bahiaeconomica.com.br\/wp\/#\/schema\/person\/c86d3a3f8960425a0f9d0e5245991f4e\"},\"headline\":\"DEPUTADO HASSAN COMEMORA IMPLANTA\u00c7\u00c3O DA UNACON JEQUI\u00c9\",\"datePublished\":\"2023-10-04T14:15:02+00:00\",\"dateModified\":\"2023-10-04T14:15:02+00:00\",\"mainEntityOfPage\":{\"@id\":\"https:\/\/bahiaeconomica.com.br\/wp\/2023\/10\/04\/deputado-hassan-comemora-implantacao-da-unacon-jequie\/\"},\"wordCount\":536,\"publisher\":{\"@id\":\"https:\/\/bahiaeconomica.com.br\/wp\/#organization\"},\"keywords\":[\"alta\",\"Brasil\",\"hassan\",\"Pol\u00edtica\"],\"articleSection\":[\"Pol\u00edtica\"],\"inLanguage\":\"pt-BR\"},{\"@type\":\"WebPage\",\"@id\":\"https:\/\/bahiaeconomica.com.br\/wp\/2023\/10\/04\/deputado-hassan-comemora-implantacao-da-unacon-jequie\/\",\"url\":\"https:\/\/bahiaeconomica.com.br\/wp\/2023\/10\/04\/deputado-hassan-comemora-implantacao-da-unacon-jequie\/\",\"name\":\"DEPUTADO HASSAN COMEMORA IMPLANTA\u00c7\u00c3O DA UNACON JEQUI\u00c9 - Bahia Economica\",\"isPartOf\":{\"@id\":\"https:\/\/bahiaeconomica.com.br\/wp\/#website\"},\"datePublished\":\"2023-10-04T14:15:02+00:00\",\"dateModified\":\"2023-10-04T14:15:02+00:00\",\"description\":\"O maior portal de Economia da Bahia Pol\u00edtica Bahia Economica Seis anos depois de iniciar intensa luta pela implanta\u00e7\u00e3o da Unidade\",\"breadcrumb\":{\"@id\":\"https:\/\/bahiaeconomica.com.br\/wp\/2023\/10\/04\/deputado-hassan-comemora-implantacao-da-unacon-jequie\/#breadcrumb\"},\"inLanguage\":\"pt-BR\",\"potentialAction\":[{\"@type\":\"ReadAction\",\"target\":[\"https:\/\/bahiaeconomica.com.br\/wp\/2023\/10\/04\/deputado-hassan-comemora-implantacao-da-unacon-jequie\/\"]}]},{\"@type\":\"BreadcrumbList\",\"@id\":\"https:\/\/bahiaeconomica.com.br\/wp\/2023\/10\/04\/deputado-hassan-comemora-implantacao-da-unacon-jequie\/#breadcrumb\",\"itemListElement\":[{\"@type\":\"ListItem\",\"position\":1,\"name\":\"In\u00edcio\",\"item\":\"https:\/\/bahiaeconomica.com.br\/wp\/\"},{\"@type\":\"ListItem\",\"position\":2,\"name\":\"DEPUTADO HASSAN COMEMORA IMPLANTA\u00c7\u00c3O DA UNACON JEQUI\u00c9\"}]},{\"@type\":\"WebSite\",\"@id\":\"https:\/\/bahiaeconomica.com.br\/wp\/#website\",\"url\":\"https:\/\/bahiaeconomica.com.br\/wp\/\",\"name\":\"Bahia Economica\",\"description\":\"O maior portal de Economia da Bahia\",\"publisher\":{\"@id\":\"https:\/\/bahiaeconomica.com.br\/wp\/#organization\"},\"potentialAction\":[{\"@type\":\"SearchAction\",\"target\":{\"@type\":\"EntryPoint\",\"urlTemplate\":\"https:\/\/bahiaeconomica.com.br\/wp\/?s={search_term_string}\"},\"query-input\":\"required name=search_term_string\"}],\"inLanguage\":\"pt-BR\"},{\"@type\":\"Organization\",\"@id\":\"https:\/\/bahiaeconomica.com.br\/wp\/#organization\",\"name\":\"Bahia Econ\u00f4mica\",\"url\":\"https:\/\/bahiaeconomica.com.br\/wp\/\",\"logo\":{\"@type\":\"ImageObject\",\"inLanguage\":\"pt-BR\",\"@id\":\"https:\/\/bahiaeconomica.com.br\/wp\/#\/schema\/logo\/image\/\",\"url\":\"https:\/\/bahiaeconomica.com.br\/wp\/wp-content\/uploads\/2020\/12\/cropped-BE.png\",\"contentUrl\":\"https:\/\/bahiaeconomica.com.br\/wp\/wp-content\/uploads\/2020\/12\/cropped-BE.png\",\"width\":512,\"height\":512,\"caption\":\"Bahia Econ\u00f4mica\"},\"image\":{\"@id\":\"https:\/\/bahiaeconomica.com.br\/wp\/#\/schema\/logo\/image\/\"},\"sameAs\":[\"https:\/\/www.facebook.com\/bahiaeconomica\"]},{\"@type\":\"Person\",\"@id\":\"https:\/\/bahiaeconomica.com.br\/wp\/#\/schema\/person\/c86d3a3f8960425a0f9d0e5245991f4e\",\"name\":\"JP\",\"sameAs\":[\"https:\/\/bahiaeconomica.com.br\/wp\/beta\/\"],\"url\":\"https:\/\/bahiaeconomica.com.br\/wp\/author\/jp\/\"}]}<\/script>\n<!-- \/ Yoast SEO plugin. -->","yoast_head_json":{"title":"DEPUTADO HASSAN COMEMORA IMPLANTA\u00c7\u00c3O DA UNACON JEQUI\u00c9 - Bahia Economica","description":"O maior portal de Economia da Bahia Pol\u00edtica Bahia Economica Seis anos depois de iniciar intensa luta pela implanta\u00e7\u00e3o da Unidade","robots":{"index":"index","follow":"follow","max-snippet":"max-snippet:-1","max-image-preview":"max-image-preview:large","max-video-preview":"max-video-preview:-1"},"canonical":"https:\/\/bahiaeconomica.com.br\/wp\/2023\/10\/04\/deputado-hassan-comemora-implantacao-da-unacon-jequie\/","og_locale":"pt_BR","og_type":"article","og_title":"DEPUTADO HASSAN COMEMORA IMPLANTA\u00c7\u00c3O DA UNACON JEQUI\u00c9 - Bahia Economica","og_description":"O maior portal de Economia da Bahia Pol\u00edtica Bahia Economica Seis anos depois de iniciar intensa luta pela implanta\u00e7\u00e3o da Unidade","og_url":"https:\/\/bahiaeconomica.com.br\/wp\/2023\/10\/04\/deputado-hassan-comemora-implantacao-da-unacon-jequie\/","og_site_name":"Bahia Economica","article_publisher":"https:\/\/www.facebook.com\/bahiaeconomica","article_published_time":"2023-10-04T14:15:02+00:00","og_image":[{"width":720,"height":470,"url":"https:\/\/bahiaeconomica.com.br\/wp\/wp-content\/uploads\/2023\/10\/WhatsApp-Image-2023-10-04-at-10.59.56.jpeg","type":"image\/jpeg"}],"author":"JP","twitter_card":"summary_large_image","twitter_misc":{"Escrito por":"JP","Est. tempo de leitura":"3 minutos"},"schema":{"@context":"https:\/\/schema.org","@graph":[{"@type":"Article","@id":"https:\/\/bahiaeconomica.com.br\/wp\/2023\/10\/04\/deputado-hassan-comemora-implantacao-da-unacon-jequie\/#article","isPartOf":{"@id":"https:\/\/bahiaeconomica.com.br\/wp\/2023\/10\/04\/deputado-hassan-comemora-implantacao-da-unacon-jequie\/"},"author":{"name":"JP","@id":"https:\/\/bahiaeconomica.com.br\/wp\/#\/schema\/person\/c86d3a3f8960425a0f9d0e5245991f4e"},"headline":"DEPUTADO HASSAN COMEMORA IMPLANTA\u00c7\u00c3O DA UNACON JEQUI\u00c9","datePublished":"2023-10-04T14:15:02+00:00","dateModified":"2023-10-04T14:15:02+00:00","mainEntityOfPage":{"@id":"https:\/\/bahiaeconomica.com.br\/wp\/2023\/10\/04\/deputado-hassan-comemora-implantacao-da-unacon-jequie\/"},"wordCount":536,"publisher":{"@id":"https:\/\/bahiaeconomica.com.br\/wp\/#organization"},"keywords":["alta","Brasil","hassan","Pol\u00edtica"],"articleSection":["Pol\u00edtica"],"inLanguage":"pt-BR"},{"@type":"WebPage","@id":"https:\/\/bahiaeconomica.com.br\/wp\/2023\/10\/04\/deputado-hassan-comemora-implantacao-da-unacon-jequie\/","url":"https:\/\/bahiaeconomica.com.br\/wp\/2023\/10\/04\/deputado-hassan-comemora-implantacao-da-unacon-jequie\/","name":"DEPUTADO HASSAN COMEMORA IMPLANTA\u00c7\u00c3O DA UNACON JEQUI\u00c9 - Bahia Economica","isPartOf":{"@id":"https:\/\/bahiaeconomica.com.br\/wp\/#website"},"datePublished":"2023-10-04T14:15:02+00:00","dateModified":"2023-10-04T14:15:02+00:00","description":"O maior portal de Economia da Bahia Pol\u00edtica Bahia Economica Seis anos depois de iniciar intensa luta pela implanta\u00e7\u00e3o da Unidade","breadcrumb":{"@id":"https:\/\/bahiaeconomica.com.br\/wp\/2023\/10\/04\/deputado-hassan-comemora-implantacao-da-unacon-jequie\/#breadcrumb"},"inLanguage":"pt-BR","potentialAction":[{"@type":"ReadAction","target":["https:\/\/bahiaeconomica.com.br\/wp\/2023\/10\/04\/deputado-hassan-comemora-implantacao-da-unacon-jequie\/"]}]},{"@type":"BreadcrumbList","@id":"https:\/\/bahiaeconomica.com.br\/wp\/2023\/10\/04\/deputado-hassan-comemora-implantacao-da-unacon-jequie\/#breadcrumb","itemListElement":[{"@type":"ListItem","position":1,"name":"In\u00edcio","item":"https:\/\/bahiaeconomica.com.br\/wp\/"},{"@type":"ListItem","position":2,"name":"DEPUTADO HASSAN COMEMORA IMPLANTA\u00c7\u00c3O DA UNACON JEQUI\u00c9"}]},{"@type":"WebSite","@id":"https:\/\/bahiaeconomica.com.br\/wp\/#website","url":"https:\/\/bahiaeconomica.com.br\/wp\/","name":"Bahia Economica","description":"O maior portal de Economia da Bahia","publisher":{"@id":"https:\/\/bahiaeconomica.com.br\/wp\/#organization"},"potentialAction":[{"@type":"SearchAction","target":{"@type":"EntryPoint","urlTemplate":"https:\/\/bahiaeconomica.com.br\/wp\/?s={search_term_string}"},"query-input":"required name=search_term_string"}],"inLanguage":"pt-BR"},{"@type":"Organization","@id":"https:\/\/bahiaeconomica.com.br\/wp\/#organization","name":"Bahia Econ\u00f4mica","url":"https:\/\/bahiaeconomica.com.br\/wp\/","logo":{"@type":"ImageObject","inLanguage":"pt-BR","@id":"https:\/\/bahiaeconomica.com.br\/wp\/#\/schema\/logo\/image\/","url":"https:\/\/bahiaeconomica.com.br\/wp\/wp-content\/uploads\/2020\/12\/cropped-BE.png","contentUrl":"https:\/\/bahiaeconomica.com.br\/wp\/wp-content\/uploads\/2020\/12\/cropped-BE.png","width":512,"height":512,"caption":"Bahia Econ\u00f4mica"},"image":{"@id":"https:\/\/bahiaeconomica.com.br\/wp\/#\/schema\/logo\/image\/"},"sameAs":["https:\/\/www.facebook.com\/bahiaeconomica"]},{"@type":"Person","@id":"https:\/\/bahiaeconomica.com.br\/wp\/#\/schema\/person\/c86d3a3f8960425a0f9d0e5245991f4e","name":"JP","sameAs":["https:\/\/bahiaeconomica.com.br\/wp\/beta\/"],"url":"https:\/\/bahiaeconomica.com.br\/wp\/author\/jp\/"}]}},"views":62,"_links":{"self":[{"href":"https:\/\/bahiaeconomica.com.br\/wp\/wp-json\/wp\/v2\/posts\/767909"}],"collection":[{"href":"https:\/\/bahiaeconomica.com.br\/wp\/wp-json\/wp\/v2\/posts"}],"about":[{"href":"https:\/\/bahiaeconomica.com.br\/wp\/wp-json\/wp\/v2\/types\/post"}],"author":[{"embeddable":true,"href":"https:\/\/bahiaeconomica.com.br\/wp\/wp-json\/wp\/v2\/users\/8"}],"replies":[{"embeddable":true,"href":"https:\/\/bahiaeconomica.com.br\/wp\/wp-json\/wp\/v2\/comments?post=767909"}],"version-history":[{"count":1,"href":"https:\/\/bahiaeconomica.com.br\/wp\/wp-json\/wp\/v2\/posts\/767909\/revisions"}],"predecessor-version":[{"id":767911,"href":"https:\/\/bahiaeconomica.com.br\/wp\/wp-json\/wp\/v2\/posts\/767909\/revisions\/767911"}],"wp:featuredmedia":[{"embeddable":true,"href":"https:\/\/bahiaeconomica.com.br\/wp\/wp-json\/wp\/v2\/media\/767910"}],"wp:attachment":[{"href":"https:\/\/bahiaeconomica.com.br\/wp\/wp-json\/wp\/v2\/media?parent=767909"}],"wp:term":[{"taxonomy":"category","embeddable":true,"href":"https:\/\/bahiaeconomica.com.br\/wp\/wp-json\/wp\/v2\/categories?post=767909"},{"taxonomy":"post_tag","embeddable":true,"href":"https:\/\/bahiaeconomica.com.br\/wp\/wp-json\/wp\/v2\/tags?post=767909"}],"curies":[{"name":"wp","href":"https:\/\/api.w.org\/{rel}","templated":true}]}}