{"id":767577,"date":"2023-10-03T10:59:52","date_gmt":"2023-10-03T13:59:52","guid":{"rendered":"https:\/\/bahiaeconomica.com.br\/wp\/?p=767577"},"modified":"2023-10-03T10:55:57","modified_gmt":"2023-10-03T13:55:57","slug":"jeronimo-detalha-uso-da-verba-do-governo-federal-para-seguranca-publica-na-bahia","status":"publish","type":"post","link":"https:\/\/bahiaeconomica.com.br\/wp\/2023\/10\/03\/jeronimo-detalha-uso-da-verba-do-governo-federal-para-seguranca-publica-na-bahia\/","title":{"rendered":"JER\u00d4NIMO DETALHA USO DA VERBA DO GOVERNO FEDERAL PARA SEGURAN\u00c7A P\u00daBLICA NA BAHIA"},"content":{"rendered":"<p>Durante a entrega da nova liga\u00e7\u00e3o entre a BR-324 e a Estrada do Derba, em Salvador, o governador Jer\u00f4nimo Rodrigues (PT) explicou o destino da verba de R$ 20 milh\u00f5es, repassados pelo Governo Federal, para fortalecer as a\u00e7\u00f5es na seguran\u00e7a p\u00fablica no Estado.<\/p>\n<p>Segundo o Chefe do Executivo estadual, os recursos ser\u00e3o usados para a\u00e7\u00f5es de defesa das divisas. Jer\u00f4nimo detalhou que a medida ser\u00e1 tomada de forma conjunta, por agentes das pol\u00edcias Militar, Civil, Federal e Rodovi\u00e1ria Federal.<\/p>\n<p>&#8220;Fazendo a prote\u00e7\u00e3o, por exemplo, da nossa divisa com Pernambuco, de l\u00e1 para c\u00e1 e daqui para l\u00e1. Da mesma forma com Sergipe e Alagoas&#8221;, contou.<\/p>\n<p>Depois do fortalecimento da divisa com esses tr\u00eas estados, a expectativa do governador \u00e9 de que as a\u00e7\u00f5es se estendam para Minas Gerais e Esp\u00edrito Santo.<\/p>\n<p>&#8220;Depois a gente pode pegar Minas Gerais, Esp\u00edrito Santo, para a gente poder fazer uma fronte para segurar e barrar e prender armas, drogas e criminosos que porventura queiram chegar \u00e0 Bahia pelas divisas do Estado&#8221;, afirmou Jer\u00f4nimo.<\/p>\n<p>De acordo com o governador, o ministro da Justi\u00e7a e Seguran\u00e7a P\u00fablica, Fl\u00e1vio Dino, vai apresentar, em Salvador, na pr\u00f3xima quinta-feira (05), mais informa\u00e7\u00f5es sobre as duas portarias para refor\u00e7ar o enfrentamento \u00e0 viol\u00eancia e ao crescimento de organiza\u00e7\u00f5es criminosas no Rio de Janeiro e na Bahia. Na ocasi\u00e3o, Jer\u00f4nimo reiterou que pediu para que Fl\u00e1vio Dino o ajude na libera\u00e7\u00e3o de 200 c\u00e2meras corporais para as for\u00e7as de seguran\u00e7a.<\/p>\n<p>\u201cPedimos (ajuda para Fl\u00e1vio Dino acelerar entrega), o meu secret\u00e1rio de Seguran\u00e7a P\u00fablica, Marcelo Werner, e o meu secret\u00e1rio de Justi\u00e7a, Felipe Freitas, foram \u00e0 Bras\u00edlia. Tem um inconveniente burocr\u00e1tico, as c\u00e2meras j\u00e1 est\u00e3o no Estado brasileiro, mas tem uma burocracia que nos impede de receber\u201d, disse o governador.<\/p>\n<p>&nbsp;<\/p>\n<p>Foto: Feij\u00e3o Almeida\/GOV-BA<\/p>\n","protected":false},"excerpt":{"rendered":"<p>Durante a entrega da nova liga\u00e7\u00e3o entre a BR-324 e a Estrada do Derba, em Salvador, o governador Jer\u00f4nimo Rodrigues (PT) explicou o destino da verba de R$ 20 milh\u00f5es, repassados pelo Governo Federal, para fortalecer as a\u00e7\u00f5es na seguran\u00e7a p\u00fablica no Estado. Segundo o Chefe do Executivo estadual, os recursos ser\u00e3o usados para a\u00e7\u00f5es [&hellip;]<\/p>\n","protected":false},"author":6,"featured_media":767578,"comment_status":"closed","ping_status":"closed","sticky":false,"template":"","format":"standard","meta":[],"categories":[14,14601],"tags":[85,10479,99,1544,100,73,5506,9038,768],"acf":[],"yoast_head":"<!-- This site is optimized with the Yoast SEO plugin v20.8 - https:\/\/yoast.com\/wordpress\/plugins\/seo\/ -->\n<title>JER\u00d4NIMO DETALHA USO DA VERBA DO GOVERNO FEDERAL PARA SEGURAN\u00c7A P\u00daBLICA NA BAHIA - Bahia Economica<\/title>\n<meta name=\"description\" content=\"O maior portal de Economia da Bahia DESTAQUE DO DIA, Pol\u00edtica Bahia Economica\" \/>\n<meta name=\"robots\" content=\"index, follow, max-snippet:-1, max-image-preview:large, max-video-preview:-1\" \/>\n<link rel=\"canonical\" href=\"https:\/\/bahiaeconomica.com.br\/wp\/2023\/10\/03\/jeronimo-detalha-uso-da-verba-do-governo-federal-para-seguranca-publica-na-bahia\/\" \/>\n<meta property=\"og:locale\" content=\"pt_BR\" \/>\n<meta property=\"og:type\" content=\"article\" \/>\n<meta property=\"og:title\" content=\"JER\u00d4NIMO DETALHA USO DA VERBA DO GOVERNO FEDERAL PARA SEGURAN\u00c7A P\u00daBLICA NA BAHIA - Bahia Economica\" \/>\n<meta property=\"og:description\" content=\"O maior portal de Economia da Bahia DESTAQUE DO DIA, Pol\u00edtica Bahia Economica\" \/>\n<meta property=\"og:url\" content=\"https:\/\/bahiaeconomica.com.br\/wp\/2023\/10\/03\/jeronimo-detalha-uso-da-verba-do-governo-federal-para-seguranca-publica-na-bahia\/\" \/>\n<meta property=\"og:site_name\" content=\"Bahia Economica\" \/>\n<meta property=\"article:publisher\" content=\"https:\/\/www.facebook.com\/bahiaeconomica\" \/>\n<meta property=\"article:published_time\" content=\"2023-10-03T13:59:52+00:00\" \/>\n<meta property=\"article:modified_time\" content=\"2023-10-03T13:55:57+00:00\" \/>\n<meta property=\"og:image\" content=\"https:\/\/bahiaeconomica.com.br\/wp\/wp-content\/uploads\/2023\/10\/53229056057_4287c1ac81_c.jpg\" \/>\n\t<meta property=\"og:image:width\" content=\"799\" \/>\n\t<meta property=\"og:image:height\" content=\"533\" \/>\n\t<meta property=\"og:image:type\" content=\"image\/jpeg\" \/>\n<meta name=\"author\" content=\"DS\" \/>\n<meta name=\"twitter:card\" content=\"summary_large_image\" \/>\n<meta name=\"twitter:label1\" content=\"Escrito por\" \/>\n\t<meta name=\"twitter:data1\" content=\"DS\" \/>\n\t<meta name=\"twitter:label2\" content=\"Est. tempo de leitura\" \/>\n\t<meta name=\"twitter:data2\" content=\"2 minutos\" \/>\n<script type=\"application\/ld+json\" class=\"yoast-schema-graph\">{\"@context\":\"https:\/\/schema.org\",\"@graph\":[{\"@type\":\"Article\",\"@id\":\"https:\/\/bahiaeconomica.com.br\/wp\/2023\/10\/03\/jeronimo-detalha-uso-da-verba-do-governo-federal-para-seguranca-publica-na-bahia\/#article\",\"isPartOf\":{\"@id\":\"https:\/\/bahiaeconomica.com.br\/wp\/2023\/10\/03\/jeronimo-detalha-uso-da-verba-do-governo-federal-para-seguranca-publica-na-bahia\/\"},\"author\":{\"name\":\"DS\",\"@id\":\"https:\/\/bahiaeconomica.com.br\/wp\/#\/schema\/person\/756f314c5bfa87c7b43a2850854305a1\"},\"headline\":\"JER\u00d4NIMO DETALHA USO DA VERBA DO GOVERNO FEDERAL PARA SEGURAN\u00c7A P\u00daBLICA NA BAHIA\",\"datePublished\":\"2023-10-03T13:59:52+00:00\",\"dateModified\":\"2023-10-03T13:55:57+00:00\",\"mainEntityOfPage\":{\"@id\":\"https:\/\/bahiaeconomica.com.br\/wp\/2023\/10\/03\/jeronimo-detalha-uso-da-verba-do-governo-federal-para-seguranca-publica-na-bahia\/\"},\"wordCount\":346,\"publisher\":{\"@id\":\"https:\/\/bahiaeconomica.com.br\/wp\/#organization\"},\"keywords\":[\"Bahia\",\"Fl\u00e1vio Dino\",\"Governo Federal\",\"jeronimo\",\"Pol\u00edtica\",\"Salvador\",\"Seguran\u00e7a P\u00fablica\",\"verba\",\"viol\u00eancia\"],\"articleSection\":[\"DESTAQUE DO DIA\",\"Pol\u00edtica\"],\"inLanguage\":\"pt-BR\"},{\"@type\":\"WebPage\",\"@id\":\"https:\/\/bahiaeconomica.com.br\/wp\/2023\/10\/03\/jeronimo-detalha-uso-da-verba-do-governo-federal-para-seguranca-publica-na-bahia\/\",\"url\":\"https:\/\/bahiaeconomica.com.br\/wp\/2023\/10\/03\/jeronimo-detalha-uso-da-verba-do-governo-federal-para-seguranca-publica-na-bahia\/\",\"name\":\"JER\u00d4NIMO DETALHA USO DA VERBA DO GOVERNO FEDERAL PARA SEGURAN\u00c7A P\u00daBLICA NA BAHIA - Bahia Economica\",\"isPartOf\":{\"@id\":\"https:\/\/bahiaeconomica.com.br\/wp\/#website\"},\"datePublished\":\"2023-10-03T13:59:52+00:00\",\"dateModified\":\"2023-10-03T13:55:57+00:00\",\"description\":\"O maior portal de Economia da Bahia DESTAQUE DO DIA, Pol\u00edtica Bahia Economica\",\"breadcrumb\":{\"@id\":\"https:\/\/bahiaeconomica.com.br\/wp\/2023\/10\/03\/jeronimo-detalha-uso-da-verba-do-governo-federal-para-seguranca-publica-na-bahia\/#breadcrumb\"},\"inLanguage\":\"pt-BR\",\"potentialAction\":[{\"@type\":\"ReadAction\",\"target\":[\"https:\/\/bahiaeconomica.com.br\/wp\/2023\/10\/03\/jeronimo-detalha-uso-da-verba-do-governo-federal-para-seguranca-publica-na-bahia\/\"]}]},{\"@type\":\"BreadcrumbList\",\"@id\":\"https:\/\/bahiaeconomica.com.br\/wp\/2023\/10\/03\/jeronimo-detalha-uso-da-verba-do-governo-federal-para-seguranca-publica-na-bahia\/#breadcrumb\",\"itemListElement\":[{\"@type\":\"ListItem\",\"position\":1,\"name\":\"In\u00edcio\",\"item\":\"https:\/\/bahiaeconomica.com.br\/wp\/\"},{\"@type\":\"ListItem\",\"position\":2,\"name\":\"JER\u00d4NIMO DETALHA USO DA VERBA DO GOVERNO FEDERAL PARA SEGURAN\u00c7A P\u00daBLICA NA BAHIA\"}]},{\"@type\":\"WebSite\",\"@id\":\"https:\/\/bahiaeconomica.com.br\/wp\/#website\",\"url\":\"https:\/\/bahiaeconomica.com.br\/wp\/\",\"name\":\"Bahia Economica\",\"description\":\"O maior portal de Economia da Bahia\",\"publisher\":{\"@id\":\"https:\/\/bahiaeconomica.com.br\/wp\/#organization\"},\"potentialAction\":[{\"@type\":\"SearchAction\",\"target\":{\"@type\":\"EntryPoint\",\"urlTemplate\":\"https:\/\/bahiaeconomica.com.br\/wp\/?s={search_term_string}\"},\"query-input\":\"required name=search_term_string\"}],\"inLanguage\":\"pt-BR\"},{\"@type\":\"Organization\",\"@id\":\"https:\/\/bahiaeconomica.com.br\/wp\/#organization\",\"name\":\"Bahia Econ\u00f4mica\",\"url\":\"https:\/\/bahiaeconomica.com.br\/wp\/\",\"logo\":{\"@type\":\"ImageObject\",\"inLanguage\":\"pt-BR\",\"@id\":\"https:\/\/bahiaeconomica.com.br\/wp\/#\/schema\/logo\/image\/\",\"url\":\"https:\/\/bahiaeconomica.com.br\/wp\/wp-content\/uploads\/2020\/12\/cropped-BE.png\",\"contentUrl\":\"https:\/\/bahiaeconomica.com.br\/wp\/wp-content\/uploads\/2020\/12\/cropped-BE.png\",\"width\":512,\"height\":512,\"caption\":\"Bahia Econ\u00f4mica\"},\"image\":{\"@id\":\"https:\/\/bahiaeconomica.com.br\/wp\/#\/schema\/logo\/image\/\"},\"sameAs\":[\"https:\/\/www.facebook.com\/bahiaeconomica\"]},{\"@type\":\"Person\",\"@id\":\"https:\/\/bahiaeconomica.com.br\/wp\/#\/schema\/person\/756f314c5bfa87c7b43a2850854305a1\",\"name\":\"DS\",\"sameAs\":[\"https:\/\/bahiaeconomica.com.br\/wp\/beta\/\"],\"url\":\"https:\/\/bahiaeconomica.com.br\/wp\/author\/ds\/\"}]}<\/script>\n<!-- \/ Yoast SEO plugin. -->","yoast_head_json":{"title":"JER\u00d4NIMO DETALHA USO DA VERBA DO GOVERNO FEDERAL PARA SEGURAN\u00c7A P\u00daBLICA NA BAHIA - Bahia Economica","description":"O maior portal de Economia da Bahia DESTAQUE DO DIA, Pol\u00edtica Bahia Economica","robots":{"index":"index","follow":"follow","max-snippet":"max-snippet:-1","max-image-preview":"max-image-preview:large","max-video-preview":"max-video-preview:-1"},"canonical":"https:\/\/bahiaeconomica.com.br\/wp\/2023\/10\/03\/jeronimo-detalha-uso-da-verba-do-governo-federal-para-seguranca-publica-na-bahia\/","og_locale":"pt_BR","og_type":"article","og_title":"JER\u00d4NIMO DETALHA USO DA VERBA DO GOVERNO FEDERAL PARA SEGURAN\u00c7A P\u00daBLICA NA BAHIA - Bahia Economica","og_description":"O maior portal de Economia da Bahia DESTAQUE DO DIA, Pol\u00edtica Bahia Economica","og_url":"https:\/\/bahiaeconomica.com.br\/wp\/2023\/10\/03\/jeronimo-detalha-uso-da-verba-do-governo-federal-para-seguranca-publica-na-bahia\/","og_site_name":"Bahia Economica","article_publisher":"https:\/\/www.facebook.com\/bahiaeconomica","article_published_time":"2023-10-03T13:59:52+00:00","article_modified_time":"2023-10-03T13:55:57+00:00","og_image":[{"width":799,"height":533,"url":"https:\/\/bahiaeconomica.com.br\/wp\/wp-content\/uploads\/2023\/10\/53229056057_4287c1ac81_c.jpg","type":"image\/jpeg"}],"author":"DS","twitter_card":"summary_large_image","twitter_misc":{"Escrito por":"DS","Est. tempo de leitura":"2 minutos"},"schema":{"@context":"https:\/\/schema.org","@graph":[{"@type":"Article","@id":"https:\/\/bahiaeconomica.com.br\/wp\/2023\/10\/03\/jeronimo-detalha-uso-da-verba-do-governo-federal-para-seguranca-publica-na-bahia\/#article","isPartOf":{"@id":"https:\/\/bahiaeconomica.com.br\/wp\/2023\/10\/03\/jeronimo-detalha-uso-da-verba-do-governo-federal-para-seguranca-publica-na-bahia\/"},"author":{"name":"DS","@id":"https:\/\/bahiaeconomica.com.br\/wp\/#\/schema\/person\/756f314c5bfa87c7b43a2850854305a1"},"headline":"JER\u00d4NIMO DETALHA USO DA VERBA DO GOVERNO FEDERAL PARA SEGURAN\u00c7A P\u00daBLICA NA BAHIA","datePublished":"2023-10-03T13:59:52+00:00","dateModified":"2023-10-03T13:55:57+00:00","mainEntityOfPage":{"@id":"https:\/\/bahiaeconomica.com.br\/wp\/2023\/10\/03\/jeronimo-detalha-uso-da-verba-do-governo-federal-para-seguranca-publica-na-bahia\/"},"wordCount":346,"publisher":{"@id":"https:\/\/bahiaeconomica.com.br\/wp\/#organization"},"keywords":["Bahia","Fl\u00e1vio Dino","Governo Federal","jeronimo","Pol\u00edtica","Salvador","Seguran\u00e7a P\u00fablica","verba","viol\u00eancia"],"articleSection":["DESTAQUE DO DIA","Pol\u00edtica"],"inLanguage":"pt-BR"},{"@type":"WebPage","@id":"https:\/\/bahiaeconomica.com.br\/wp\/2023\/10\/03\/jeronimo-detalha-uso-da-verba-do-governo-federal-para-seguranca-publica-na-bahia\/","url":"https:\/\/bahiaeconomica.com.br\/wp\/2023\/10\/03\/jeronimo-detalha-uso-da-verba-do-governo-federal-para-seguranca-publica-na-bahia\/","name":"JER\u00d4NIMO DETALHA USO DA VERBA DO GOVERNO FEDERAL PARA SEGURAN\u00c7A P\u00daBLICA NA BAHIA - Bahia Economica","isPartOf":{"@id":"https:\/\/bahiaeconomica.com.br\/wp\/#website"},"datePublished":"2023-10-03T13:59:52+00:00","dateModified":"2023-10-03T13:55:57+00:00","description":"O maior portal de Economia da Bahia DESTAQUE DO DIA, Pol\u00edtica Bahia Economica","breadcrumb":{"@id":"https:\/\/bahiaeconomica.com.br\/wp\/2023\/10\/03\/jeronimo-detalha-uso-da-verba-do-governo-federal-para-seguranca-publica-na-bahia\/#breadcrumb"},"inLanguage":"pt-BR","potentialAction":[{"@type":"ReadAction","target":["https:\/\/bahiaeconomica.com.br\/wp\/2023\/10\/03\/jeronimo-detalha-uso-da-verba-do-governo-federal-para-seguranca-publica-na-bahia\/"]}]},{"@type":"BreadcrumbList","@id":"https:\/\/bahiaeconomica.com.br\/wp\/2023\/10\/03\/jeronimo-detalha-uso-da-verba-do-governo-federal-para-seguranca-publica-na-bahia\/#breadcrumb","itemListElement":[{"@type":"ListItem","position":1,"name":"In\u00edcio","item":"https:\/\/bahiaeconomica.com.br\/wp\/"},{"@type":"ListItem","position":2,"name":"JER\u00d4NIMO DETALHA USO DA VERBA DO GOVERNO FEDERAL PARA SEGURAN\u00c7A P\u00daBLICA NA BAHIA"}]},{"@type":"WebSite","@id":"https:\/\/bahiaeconomica.com.br\/wp\/#website","url":"https:\/\/bahiaeconomica.com.br\/wp\/","name":"Bahia Economica","description":"O maior portal de Economia da Bahia","publisher":{"@id":"https:\/\/bahiaeconomica.com.br\/wp\/#organization"},"potentialAction":[{"@type":"SearchAction","target":{"@type":"EntryPoint","urlTemplate":"https:\/\/bahiaeconomica.com.br\/wp\/?s={search_term_string}"},"query-input":"required name=search_term_string"}],"inLanguage":"pt-BR"},{"@type":"Organization","@id":"https:\/\/bahiaeconomica.com.br\/wp\/#organization","name":"Bahia Econ\u00f4mica","url":"https:\/\/bahiaeconomica.com.br\/wp\/","logo":{"@type":"ImageObject","inLanguage":"pt-BR","@id":"https:\/\/bahiaeconomica.com.br\/wp\/#\/schema\/logo\/image\/","url":"https:\/\/bahiaeconomica.com.br\/wp\/wp-content\/uploads\/2020\/12\/cropped-BE.png","contentUrl":"https:\/\/bahiaeconomica.com.br\/wp\/wp-content\/uploads\/2020\/12\/cropped-BE.png","width":512,"height":512,"caption":"Bahia Econ\u00f4mica"},"image":{"@id":"https:\/\/bahiaeconomica.com.br\/wp\/#\/schema\/logo\/image\/"},"sameAs":["https:\/\/www.facebook.com\/bahiaeconomica"]},{"@type":"Person","@id":"https:\/\/bahiaeconomica.com.br\/wp\/#\/schema\/person\/756f314c5bfa87c7b43a2850854305a1","name":"DS","sameAs":["https:\/\/bahiaeconomica.com.br\/wp\/beta\/"],"url":"https:\/\/bahiaeconomica.com.br\/wp\/author\/ds\/"}]}},"views":61,"_links":{"self":[{"href":"https:\/\/bahiaeconomica.com.br\/wp\/wp-json\/wp\/v2\/posts\/767577"}],"collection":[{"href":"https:\/\/bahiaeconomica.com.br\/wp\/wp-json\/wp\/v2\/posts"}],"about":[{"href":"https:\/\/bahiaeconomica.com.br\/wp\/wp-json\/wp\/v2\/types\/post"}],"author":[{"embeddable":true,"href":"https:\/\/bahiaeconomica.com.br\/wp\/wp-json\/wp\/v2\/users\/6"}],"replies":[{"embeddable":true,"href":"https:\/\/bahiaeconomica.com.br\/wp\/wp-json\/wp\/v2\/comments?post=767577"}],"version-history":[{"count":1,"href":"https:\/\/bahiaeconomica.com.br\/wp\/wp-json\/wp\/v2\/posts\/767577\/revisions"}],"predecessor-version":[{"id":767579,"href":"https:\/\/bahiaeconomica.com.br\/wp\/wp-json\/wp\/v2\/posts\/767577\/revisions\/767579"}],"wp:featuredmedia":[{"embeddable":true,"href":"https:\/\/bahiaeconomica.com.br\/wp\/wp-json\/wp\/v2\/media\/767578"}],"wp:attachment":[{"href":"https:\/\/bahiaeconomica.com.br\/wp\/wp-json\/wp\/v2\/media?parent=767577"}],"wp:term":[{"taxonomy":"category","embeddable":true,"href":"https:\/\/bahiaeconomica.com.br\/wp\/wp-json\/wp\/v2\/categories?post=767577"},{"taxonomy":"post_tag","embeddable":true,"href":"https:\/\/bahiaeconomica.com.br\/wp\/wp-json\/wp\/v2\/tags?post=767577"}],"curies":[{"name":"wp","href":"https:\/\/api.w.org\/{rel}","templated":true}]}}