{"id":766428,"date":"2023-09-28T09:05:32","date_gmt":"2023-09-28T12:05:32","guid":{"rendered":"https:\/\/bahiaeconomica.com.br\/wp\/?p=766428"},"modified":"2023-09-28T12:49:49","modified_gmt":"2023-09-28T15:49:49","slug":"prefeitura-de-camcari-lanca-edital-de-concurso-publico-com-138-vagas","status":"publish","type":"post","link":"https:\/\/bahiaeconomica.com.br\/wp\/2023\/09\/28\/prefeitura-de-camcari-lanca-edital-de-concurso-publico-com-138-vagas\/","title":{"rendered":"PREFEITURA DE CAMA\u00c7ARI LAN\u00c7A EDITAL DE CONCURSO P\u00daBLICO COM 138 VAGAS"},"content":{"rendered":"<p>A Prefeitura de Cama\u00e7ari divulgou, atrav\u00e9s do Edital n.\u00ba 1, que realizar\u00e1 concurso p\u00fablico destinado ao provimento de cargos efetivos, com 138 vagas dispon\u00edveis e para forma\u00e7\u00e3o de cadastro reserva. As oportunidades ser\u00e3o distribu\u00eddas nos cargos dos n\u00edveis m\u00e9dio, m\u00e9dio t\u00e9cnico e superior, com remunera\u00e7\u00e3o de at\u00e9 R$ 9.354,65. As inscri\u00e7\u00f5es iniciam em 5 de outubro e, de acordo com o cronograma, as provas est\u00e3o previstas para 14 de janeiro de 2024 e ser\u00e3o realizadas no munic\u00edpio. Interessados em participar da sele\u00e7\u00e3o e obter mais informa\u00e7\u00f5es devem acessar a p\u00e1gina do Centro Brasileiro de Pesquisa em Avalia\u00e7\u00e3o e Sele\u00e7\u00e3o e de Promo\u00e7\u00e3o de Eventos (Cebraspe), empresa respons\u00e1vel pela aplica\u00e7\u00e3o da prova, clicando no link ou por meio da p\u00e1gina principal do Portal da Prefeitura dispon\u00edvel aqui, na op\u00e7\u00e3o \u201cCONCURSO P\u00daBLICO\u201d.<\/p>\n<p>Os cargos dispon\u00edveis para os candidatos dos n\u00edveis m\u00e9dio e m\u00e9dio t\u00e9cnico s\u00e3o para agente de combate \u00e0s endemias, agente comunit\u00e1rio de sa\u00fade, assistente administrativo, cuidador educacional, fiscal de uso do solo e meio ambiente, int\u00e9rprete de L\u00edngua Brasileira de Sinais (Libras), operador de r\u00e1dio, t\u00e9cnico em enfermagem do trabalho, t\u00e9cnico em seguran\u00e7a do trabalho e transcritor do sistema de escrita braille.<\/p>\n<p>Para os interessados em conquistar uma vaga de n\u00edvel superior, os cargos dispon\u00edveis s\u00e3o para assistente social, coordenador pedag\u00f3gico, enfermeiro do trabalho, m\u00e9dico (diversas especialidades), nutricionista, procurador do munic\u00edpio, professor, psic\u00f3logo e t\u00e9cnico fazend\u00e1rio. Das 138 vagas, distribu\u00eddas em 55 cargos destinados \u00e0s \u00e1reas de administra\u00e7\u00e3o, educa\u00e7\u00e3o, sa\u00fade, fazenda, desenvolvimento urbano e meio ambiente e procuradoria; 48 s\u00e3o reservadas para candidatos que se enquadram na Lei das Cotas n.\u00ba 12.711\/12; e quatro designadas para pessoas com defici\u00eancia (PcD). A jornada de trabalho prevista \u00e9 de 20, 30 ou 40 horas, de acordo com o cargo exercido.<\/p>\n<p>Foto: Foto: Divulga\u00e7\u00e3o\/Secom<\/p>\n","protected":false},"excerpt":{"rendered":"<p>A Prefeitura de Cama\u00e7ari divulgou, atrav\u00e9s do Edital n.\u00ba 1, que realizar\u00e1 concurso p\u00fablico destinado ao provimento de cargos efetivos, com 138 vagas dispon\u00edveis e para forma\u00e7\u00e3o de cadastro reserva. As oportunidades ser\u00e3o distribu\u00eddas nos cargos dos n\u00edveis m\u00e9dio, m\u00e9dio t\u00e9cnico e superior, com remunera\u00e7\u00e3o de at\u00e9 R$ 9.354,65. As inscri\u00e7\u00f5es iniciam em 5 de [&hellip;]<\/p>\n","protected":false},"author":8,"featured_media":766429,"comment_status":"closed","ping_status":"closed","sticky":false,"template":"","format":"standard","meta":[],"categories":[8],"tags":[375,100,836],"acf":[],"yoast_head":"<!-- This site is optimized with the Yoast SEO plugin v20.8 - https:\/\/yoast.com\/wordpress\/plugins\/seo\/ -->\n<title>PREFEITURA DE CAMA\u00c7ARI LAN\u00c7A EDITAL DE CONCURSO P\u00daBLICO COM 138 VAGAS - Bahia Economica<\/title>\n<meta name=\"description\" content=\"O maior portal de Economia da Bahia EMPREGOS \/ CONCURSOS Bahia Economica A Prefeitura de Cama\u00e7ari divulga nesta ter\u00e7a-feira (26\/9), atrav\u00e9s\" \/>\n<meta name=\"robots\" content=\"index, follow, max-snippet:-1, max-image-preview:large, max-video-preview:-1\" \/>\n<link rel=\"canonical\" href=\"https:\/\/bahiaeconomica.com.br\/wp\/2023\/09\/28\/prefeitura-de-camcari-lanca-edital-de-concurso-publico-com-138-vagas\/\" \/>\n<meta property=\"og:locale\" content=\"pt_BR\" \/>\n<meta property=\"og:type\" content=\"article\" \/>\n<meta property=\"og:title\" content=\"PREFEITURA DE CAMA\u00c7ARI LAN\u00c7A EDITAL DE CONCURSO P\u00daBLICO COM 138 VAGAS - Bahia Economica\" \/>\n<meta property=\"og:description\" content=\"O maior portal de Economia da Bahia EMPREGOS \/ CONCURSOS Bahia Economica A Prefeitura de Cama\u00e7ari divulga nesta ter\u00e7a-feira (26\/9), atrav\u00e9s\" \/>\n<meta property=\"og:url\" content=\"https:\/\/bahiaeconomica.com.br\/wp\/2023\/09\/28\/prefeitura-de-camcari-lanca-edital-de-concurso-publico-com-138-vagas\/\" \/>\n<meta property=\"og:site_name\" content=\"Bahia Economica\" \/>\n<meta property=\"article:publisher\" content=\"https:\/\/www.facebook.com\/bahiaeconomica\" \/>\n<meta property=\"article:published_time\" content=\"2023-09-28T12:05:32+00:00\" \/>\n<meta property=\"article:modified_time\" content=\"2023-09-28T15:49:49+00:00\" \/>\n<meta property=\"og:image\" content=\"https:\/\/bahiaeconomica.com.br\/wp\/wp-content\/uploads\/2023\/09\/pmc-tiagopacheco-1024x683-1.webp\" \/>\n\t<meta property=\"og:image:width\" content=\"984\" \/>\n\t<meta property=\"og:image:height\" content=\"656\" \/>\n\t<meta property=\"og:image:type\" content=\"image\/webp\" \/>\n<meta name=\"author\" content=\"JP\" \/>\n<meta name=\"twitter:card\" content=\"summary_large_image\" \/>\n<meta name=\"twitter:label1\" content=\"Escrito por\" \/>\n\t<meta name=\"twitter:data1\" content=\"JP\" \/>\n\t<meta name=\"twitter:label2\" content=\"Est. tempo de leitura\" \/>\n\t<meta name=\"twitter:data2\" content=\"2 minutos\" \/>\n<script type=\"application\/ld+json\" class=\"yoast-schema-graph\">{\"@context\":\"https:\/\/schema.org\",\"@graph\":[{\"@type\":\"Article\",\"@id\":\"https:\/\/bahiaeconomica.com.br\/wp\/2023\/09\/28\/prefeitura-de-camcari-lanca-edital-de-concurso-publico-com-138-vagas\/#article\",\"isPartOf\":{\"@id\":\"https:\/\/bahiaeconomica.com.br\/wp\/2023\/09\/28\/prefeitura-de-camcari-lanca-edital-de-concurso-publico-com-138-vagas\/\"},\"author\":{\"name\":\"JP\",\"@id\":\"https:\/\/bahiaeconomica.com.br\/wp\/#\/schema\/person\/c86d3a3f8960425a0f9d0e5245991f4e\"},\"headline\":\"PREFEITURA DE CAMA\u00c7ARI LAN\u00c7A EDITAL DE CONCURSO P\u00daBLICO COM 138 VAGAS\",\"datePublished\":\"2023-09-28T12:05:32+00:00\",\"dateModified\":\"2023-09-28T15:49:49+00:00\",\"mainEntityOfPage\":{\"@id\":\"https:\/\/bahiaeconomica.com.br\/wp\/2023\/09\/28\/prefeitura-de-camcari-lanca-edital-de-concurso-publico-com-138-vagas\/\"},\"wordCount\":349,\"publisher\":{\"@id\":\"https:\/\/bahiaeconomica.com.br\/wp\/#organization\"},\"keywords\":[\"Cama\u00e7ari\",\"Pol\u00edtica\",\"prefeitura\"],\"articleSection\":[\"EMPREGOS \/ CONCURSOS\"],\"inLanguage\":\"pt-BR\"},{\"@type\":\"WebPage\",\"@id\":\"https:\/\/bahiaeconomica.com.br\/wp\/2023\/09\/28\/prefeitura-de-camcari-lanca-edital-de-concurso-publico-com-138-vagas\/\",\"url\":\"https:\/\/bahiaeconomica.com.br\/wp\/2023\/09\/28\/prefeitura-de-camcari-lanca-edital-de-concurso-publico-com-138-vagas\/\",\"name\":\"PREFEITURA DE CAMA\u00c7ARI LAN\u00c7A EDITAL DE CONCURSO P\u00daBLICO COM 138 VAGAS - Bahia Economica\",\"isPartOf\":{\"@id\":\"https:\/\/bahiaeconomica.com.br\/wp\/#website\"},\"datePublished\":\"2023-09-28T12:05:32+00:00\",\"dateModified\":\"2023-09-28T15:49:49+00:00\",\"description\":\"O maior portal de Economia da Bahia EMPREGOS \/ CONCURSOS Bahia Economica A Prefeitura de Cama\u00e7ari divulga nesta ter\u00e7a-feira (26\/9), atrav\u00e9s\",\"breadcrumb\":{\"@id\":\"https:\/\/bahiaeconomica.com.br\/wp\/2023\/09\/28\/prefeitura-de-camcari-lanca-edital-de-concurso-publico-com-138-vagas\/#breadcrumb\"},\"inLanguage\":\"pt-BR\",\"potentialAction\":[{\"@type\":\"ReadAction\",\"target\":[\"https:\/\/bahiaeconomica.com.br\/wp\/2023\/09\/28\/prefeitura-de-camcari-lanca-edital-de-concurso-publico-com-138-vagas\/\"]}]},{\"@type\":\"BreadcrumbList\",\"@id\":\"https:\/\/bahiaeconomica.com.br\/wp\/2023\/09\/28\/prefeitura-de-camcari-lanca-edital-de-concurso-publico-com-138-vagas\/#breadcrumb\",\"itemListElement\":[{\"@type\":\"ListItem\",\"position\":1,\"name\":\"In\u00edcio\",\"item\":\"https:\/\/bahiaeconomica.com.br\/wp\/\"},{\"@type\":\"ListItem\",\"position\":2,\"name\":\"PREFEITURA DE CAMA\u00c7ARI LAN\u00c7A EDITAL DE CONCURSO P\u00daBLICO COM 138 VAGAS\"}]},{\"@type\":\"WebSite\",\"@id\":\"https:\/\/bahiaeconomica.com.br\/wp\/#website\",\"url\":\"https:\/\/bahiaeconomica.com.br\/wp\/\",\"name\":\"Bahia Economica\",\"description\":\"O maior portal de Economia da Bahia\",\"publisher\":{\"@id\":\"https:\/\/bahiaeconomica.com.br\/wp\/#organization\"},\"potentialAction\":[{\"@type\":\"SearchAction\",\"target\":{\"@type\":\"EntryPoint\",\"urlTemplate\":\"https:\/\/bahiaeconomica.com.br\/wp\/?s={search_term_string}\"},\"query-input\":\"required name=search_term_string\"}],\"inLanguage\":\"pt-BR\"},{\"@type\":\"Organization\",\"@id\":\"https:\/\/bahiaeconomica.com.br\/wp\/#organization\",\"name\":\"Bahia Econ\u00f4mica\",\"url\":\"https:\/\/bahiaeconomica.com.br\/wp\/\",\"logo\":{\"@type\":\"ImageObject\",\"inLanguage\":\"pt-BR\",\"@id\":\"https:\/\/bahiaeconomica.com.br\/wp\/#\/schema\/logo\/image\/\",\"url\":\"https:\/\/bahiaeconomica.com.br\/wp\/wp-content\/uploads\/2020\/12\/cropped-BE.png\",\"contentUrl\":\"https:\/\/bahiaeconomica.com.br\/wp\/wp-content\/uploads\/2020\/12\/cropped-BE.png\",\"width\":512,\"height\":512,\"caption\":\"Bahia Econ\u00f4mica\"},\"image\":{\"@id\":\"https:\/\/bahiaeconomica.com.br\/wp\/#\/schema\/logo\/image\/\"},\"sameAs\":[\"https:\/\/www.facebook.com\/bahiaeconomica\"]},{\"@type\":\"Person\",\"@id\":\"https:\/\/bahiaeconomica.com.br\/wp\/#\/schema\/person\/c86d3a3f8960425a0f9d0e5245991f4e\",\"name\":\"JP\",\"sameAs\":[\"https:\/\/bahiaeconomica.com.br\/wp\/beta\/\"],\"url\":\"https:\/\/bahiaeconomica.com.br\/wp\/author\/jp\/\"}]}<\/script>\n<!-- \/ Yoast SEO plugin. -->","yoast_head_json":{"title":"PREFEITURA DE CAMA\u00c7ARI LAN\u00c7A EDITAL DE CONCURSO P\u00daBLICO COM 138 VAGAS - Bahia Economica","description":"O maior portal de Economia da Bahia EMPREGOS \/ CONCURSOS Bahia Economica A Prefeitura de Cama\u00e7ari divulga nesta ter\u00e7a-feira (26\/9), atrav\u00e9s","robots":{"index":"index","follow":"follow","max-snippet":"max-snippet:-1","max-image-preview":"max-image-preview:large","max-video-preview":"max-video-preview:-1"},"canonical":"https:\/\/bahiaeconomica.com.br\/wp\/2023\/09\/28\/prefeitura-de-camcari-lanca-edital-de-concurso-publico-com-138-vagas\/","og_locale":"pt_BR","og_type":"article","og_title":"PREFEITURA DE CAMA\u00c7ARI LAN\u00c7A EDITAL DE CONCURSO P\u00daBLICO COM 138 VAGAS - Bahia Economica","og_description":"O maior portal de Economia da Bahia EMPREGOS \/ CONCURSOS Bahia Economica A Prefeitura de Cama\u00e7ari divulga nesta ter\u00e7a-feira (26\/9), atrav\u00e9s","og_url":"https:\/\/bahiaeconomica.com.br\/wp\/2023\/09\/28\/prefeitura-de-camcari-lanca-edital-de-concurso-publico-com-138-vagas\/","og_site_name":"Bahia Economica","article_publisher":"https:\/\/www.facebook.com\/bahiaeconomica","article_published_time":"2023-09-28T12:05:32+00:00","article_modified_time":"2023-09-28T15:49:49+00:00","og_image":[{"width":984,"height":656,"url":"https:\/\/bahiaeconomica.com.br\/wp\/wp-content\/uploads\/2023\/09\/pmc-tiagopacheco-1024x683-1.webp","type":"image\/webp"}],"author":"JP","twitter_card":"summary_large_image","twitter_misc":{"Escrito por":"JP","Est. tempo de leitura":"2 minutos"},"schema":{"@context":"https:\/\/schema.org","@graph":[{"@type":"Article","@id":"https:\/\/bahiaeconomica.com.br\/wp\/2023\/09\/28\/prefeitura-de-camcari-lanca-edital-de-concurso-publico-com-138-vagas\/#article","isPartOf":{"@id":"https:\/\/bahiaeconomica.com.br\/wp\/2023\/09\/28\/prefeitura-de-camcari-lanca-edital-de-concurso-publico-com-138-vagas\/"},"author":{"name":"JP","@id":"https:\/\/bahiaeconomica.com.br\/wp\/#\/schema\/person\/c86d3a3f8960425a0f9d0e5245991f4e"},"headline":"PREFEITURA DE CAMA\u00c7ARI LAN\u00c7A EDITAL DE CONCURSO P\u00daBLICO COM 138 VAGAS","datePublished":"2023-09-28T12:05:32+00:00","dateModified":"2023-09-28T15:49:49+00:00","mainEntityOfPage":{"@id":"https:\/\/bahiaeconomica.com.br\/wp\/2023\/09\/28\/prefeitura-de-camcari-lanca-edital-de-concurso-publico-com-138-vagas\/"},"wordCount":349,"publisher":{"@id":"https:\/\/bahiaeconomica.com.br\/wp\/#organization"},"keywords":["Cama\u00e7ari","Pol\u00edtica","prefeitura"],"articleSection":["EMPREGOS \/ CONCURSOS"],"inLanguage":"pt-BR"},{"@type":"WebPage","@id":"https:\/\/bahiaeconomica.com.br\/wp\/2023\/09\/28\/prefeitura-de-camcari-lanca-edital-de-concurso-publico-com-138-vagas\/","url":"https:\/\/bahiaeconomica.com.br\/wp\/2023\/09\/28\/prefeitura-de-camcari-lanca-edital-de-concurso-publico-com-138-vagas\/","name":"PREFEITURA DE CAMA\u00c7ARI LAN\u00c7A EDITAL DE CONCURSO P\u00daBLICO COM 138 VAGAS - Bahia Economica","isPartOf":{"@id":"https:\/\/bahiaeconomica.com.br\/wp\/#website"},"datePublished":"2023-09-28T12:05:32+00:00","dateModified":"2023-09-28T15:49:49+00:00","description":"O maior portal de Economia da Bahia EMPREGOS \/ CONCURSOS Bahia Economica A Prefeitura de Cama\u00e7ari divulga nesta ter\u00e7a-feira (26\/9), atrav\u00e9s","breadcrumb":{"@id":"https:\/\/bahiaeconomica.com.br\/wp\/2023\/09\/28\/prefeitura-de-camcari-lanca-edital-de-concurso-publico-com-138-vagas\/#breadcrumb"},"inLanguage":"pt-BR","potentialAction":[{"@type":"ReadAction","target":["https:\/\/bahiaeconomica.com.br\/wp\/2023\/09\/28\/prefeitura-de-camcari-lanca-edital-de-concurso-publico-com-138-vagas\/"]}]},{"@type":"BreadcrumbList","@id":"https:\/\/bahiaeconomica.com.br\/wp\/2023\/09\/28\/prefeitura-de-camcari-lanca-edital-de-concurso-publico-com-138-vagas\/#breadcrumb","itemListElement":[{"@type":"ListItem","position":1,"name":"In\u00edcio","item":"https:\/\/bahiaeconomica.com.br\/wp\/"},{"@type":"ListItem","position":2,"name":"PREFEITURA DE CAMA\u00c7ARI LAN\u00c7A EDITAL DE CONCURSO P\u00daBLICO COM 138 VAGAS"}]},{"@type":"WebSite","@id":"https:\/\/bahiaeconomica.com.br\/wp\/#website","url":"https:\/\/bahiaeconomica.com.br\/wp\/","name":"Bahia Economica","description":"O maior portal de Economia da Bahia","publisher":{"@id":"https:\/\/bahiaeconomica.com.br\/wp\/#organization"},"potentialAction":[{"@type":"SearchAction","target":{"@type":"EntryPoint","urlTemplate":"https:\/\/bahiaeconomica.com.br\/wp\/?s={search_term_string}"},"query-input":"required name=search_term_string"}],"inLanguage":"pt-BR"},{"@type":"Organization","@id":"https:\/\/bahiaeconomica.com.br\/wp\/#organization","name":"Bahia Econ\u00f4mica","url":"https:\/\/bahiaeconomica.com.br\/wp\/","logo":{"@type":"ImageObject","inLanguage":"pt-BR","@id":"https:\/\/bahiaeconomica.com.br\/wp\/#\/schema\/logo\/image\/","url":"https:\/\/bahiaeconomica.com.br\/wp\/wp-content\/uploads\/2020\/12\/cropped-BE.png","contentUrl":"https:\/\/bahiaeconomica.com.br\/wp\/wp-content\/uploads\/2020\/12\/cropped-BE.png","width":512,"height":512,"caption":"Bahia Econ\u00f4mica"},"image":{"@id":"https:\/\/bahiaeconomica.com.br\/wp\/#\/schema\/logo\/image\/"},"sameAs":["https:\/\/www.facebook.com\/bahiaeconomica"]},{"@type":"Person","@id":"https:\/\/bahiaeconomica.com.br\/wp\/#\/schema\/person\/c86d3a3f8960425a0f9d0e5245991f4e","name":"JP","sameAs":["https:\/\/bahiaeconomica.com.br\/wp\/beta\/"],"url":"https:\/\/bahiaeconomica.com.br\/wp\/author\/jp\/"}]}},"views":59,"_links":{"self":[{"href":"https:\/\/bahiaeconomica.com.br\/wp\/wp-json\/wp\/v2\/posts\/766428"}],"collection":[{"href":"https:\/\/bahiaeconomica.com.br\/wp\/wp-json\/wp\/v2\/posts"}],"about":[{"href":"https:\/\/bahiaeconomica.com.br\/wp\/wp-json\/wp\/v2\/types\/post"}],"author":[{"embeddable":true,"href":"https:\/\/bahiaeconomica.com.br\/wp\/wp-json\/wp\/v2\/users\/8"}],"replies":[{"embeddable":true,"href":"https:\/\/bahiaeconomica.com.br\/wp\/wp-json\/wp\/v2\/comments?post=766428"}],"version-history":[{"count":2,"href":"https:\/\/bahiaeconomica.com.br\/wp\/wp-json\/wp\/v2\/posts\/766428\/revisions"}],"predecessor-version":[{"id":766546,"href":"https:\/\/bahiaeconomica.com.br\/wp\/wp-json\/wp\/v2\/posts\/766428\/revisions\/766546"}],"wp:featuredmedia":[{"embeddable":true,"href":"https:\/\/bahiaeconomica.com.br\/wp\/wp-json\/wp\/v2\/media\/766429"}],"wp:attachment":[{"href":"https:\/\/bahiaeconomica.com.br\/wp\/wp-json\/wp\/v2\/media?parent=766428"}],"wp:term":[{"taxonomy":"category","embeddable":true,"href":"https:\/\/bahiaeconomica.com.br\/wp\/wp-json\/wp\/v2\/categories?post=766428"},{"taxonomy":"post_tag","embeddable":true,"href":"https:\/\/bahiaeconomica.com.br\/wp\/wp-json\/wp\/v2\/tags?post=766428"}],"curies":[{"name":"wp","href":"https:\/\/api.w.org\/{rel}","templated":true}]}}