{"id":765884,"date":"2023-09-26T16:05:57","date_gmt":"2023-09-26T19:05:57","guid":{"rendered":"https:\/\/bahiaeconomica.com.br\/wp\/?p=765884"},"modified":"2023-09-26T16:05:21","modified_gmt":"2023-09-26T19:05:21","slug":"guarda-civil-de-salvador-oferece-curso-de-defesa-pessoal-para-mulheres","status":"publish","type":"post","link":"https:\/\/bahiaeconomica.com.br\/wp\/2023\/09\/26\/guarda-civil-de-salvador-oferece-curso-de-defesa-pessoal-para-mulheres\/","title":{"rendered":"GUARDA CIVIL DE SALVADOR OFERECE CURSO DE DEFESA PESSOAL PARA MULHERES"},"content":{"rendered":"<p>A Guarda Civil Municipal (GCM) de Salvador est\u00e1 com inscri\u00e7\u00f5es abertas para o curso de defesa pessoal voltado para as mulheres. A capacita\u00e7\u00e3o, com carga hor\u00e1ria de 20 horas, disp\u00f5e de 20 vagas e est\u00e1 dispon\u00edvel para mulheres maiores de 18 anos, residentes nos bairros de Pernambu\u00e9s, Saramandaia e Boca do Rio. As inscri\u00e7\u00f5es podem ser feitas pelo WhatsApp, no n\u00famero (71) 98263-5530.<\/p>\n<p>O curso oferecer\u00e1 certifica\u00e7\u00e3o e as aulas ser\u00e3o ministradas de 6 a 30 de outubro, das 9h \u00e0s 11h, no Instituto Jo\u00e3o Carlos Paes Mendon\u00e7a (IJCPM), no estacionamento G2 do Salvador Shopping.<\/p>\n<h3><strong>Combate \u00e0 viol\u00eancia<\/strong><\/h3>\n<p>A capacita\u00e7\u00e3o contar\u00e1 com atividades te\u00f3ricas de legisla\u00e7\u00e3o como a Lei Maria da Penha, situa\u00e7\u00f5es de abordagens e como preveni-las. Al\u00e9m disso, haver\u00e1 conte\u00fados sobre primeiros socorros e t\u00e9cnicas de golpes para a defesa pessoal com a t\u00e9cnica goshin jitsu.<\/p>\n<p>\u201cN\u00f3s, da Guarda Municipal, estamos aumentando cada vez mais as pol\u00edticas p\u00fablicas relacionadas ao p\u00fablico feminino, no sentido de combater a viol\u00eancia dom\u00e9stica, entre outras a\u00e7\u00f5es, garantindo autonomia para as mulheres se sentirem capazes de enfrentar qualquer situa\u00e7\u00e3o adversa\u201d, disse o coordenador de A\u00e7\u00f5es de Preven\u00e7\u00e3o \u00e0 Viol\u00eancia (Cprev) da GCM, James Azevedo.<\/p>\n<p><strong>Foto: Divulga\u00e7\u00e3o<\/strong><\/p>\n","protected":false},"excerpt":{"rendered":"<p>A Guarda Civil Municipal (GCM) de Salvador est\u00e1 com inscri\u00e7\u00f5es abertas para o curso de defesa pessoal voltado para as mulheres. A capacita\u00e7\u00e3o, com carga hor\u00e1ria de 20 horas, disp\u00f5e de 20 vagas e est\u00e1 dispon\u00edvel para mulheres maiores de 18 anos, residentes nos bairros de Pernambu\u00e9s, Saramandaia e Boca do Rio. As inscri\u00e7\u00f5es podem [&hellip;]<\/p>\n","protected":false},"author":18,"featured_media":765885,"comment_status":"closed","ping_status":"closed","sticky":false,"template":"","format":"standard","meta":[],"categories":[5],"tags":[18056,20694,540,1663],"acf":[],"yoast_head":"<!-- This site is optimized with the Yoast SEO plugin v20.8 - https:\/\/yoast.com\/wordpress\/plugins\/seo\/ -->\n<title>GUARDA CIVIL DE SALVADOR OFERECE CURSO DE DEFESA PESSOAL PARA MULHERES - Bahia Economica<\/title>\n<meta name=\"description\" content=\"O maior portal de Economia da Bahia MUNIC\u00cdPIOS Bahia Economica A Guarda Civil Municipal (GCM) de Salvador est\u00e1 com inscri\u00e7\u00f5es abertas para\" \/>\n<meta name=\"robots\" content=\"index, follow, max-snippet:-1, max-image-preview:large, max-video-preview:-1\" \/>\n<link rel=\"canonical\" href=\"https:\/\/bahiaeconomica.com.br\/wp\/2023\/09\/26\/guarda-civil-de-salvador-oferece-curso-de-defesa-pessoal-para-mulheres\/\" \/>\n<meta property=\"og:locale\" content=\"pt_BR\" \/>\n<meta property=\"og:type\" content=\"article\" \/>\n<meta property=\"og:title\" content=\"GUARDA CIVIL DE SALVADOR OFERECE CURSO DE DEFESA PESSOAL PARA MULHERES - Bahia Economica\" \/>\n<meta property=\"og:description\" content=\"O maior portal de Economia da Bahia MUNIC\u00cdPIOS Bahia Economica A Guarda Civil Municipal (GCM) de Salvador est\u00e1 com inscri\u00e7\u00f5es abertas para\" \/>\n<meta property=\"og:url\" content=\"https:\/\/bahiaeconomica.com.br\/wp\/2023\/09\/26\/guarda-civil-de-salvador-oferece-curso-de-defesa-pessoal-para-mulheres\/\" \/>\n<meta property=\"og:site_name\" content=\"Bahia Economica\" \/>\n<meta property=\"article:publisher\" content=\"https:\/\/www.facebook.com\/bahiaeconomica\" \/>\n<meta property=\"article:published_time\" content=\"2023-09-26T19:05:57+00:00\" \/>\n<meta property=\"article:modified_time\" content=\"2023-09-26T19:05:21+00:00\" \/>\n<meta property=\"og:image\" content=\"https:\/\/bahiaeconomica.com.br\/wp\/wp-content\/uploads\/2023\/09\/guarda-municipal-salvador.jpg\" \/>\n\t<meta property=\"og:image:width\" content=\"600\" \/>\n\t<meta property=\"og:image:height\" content=\"420\" \/>\n\t<meta property=\"og:image:type\" content=\"image\/jpeg\" \/>\n<meta name=\"author\" content=\"Emily Oliveira\" \/>\n<meta name=\"twitter:card\" content=\"summary_large_image\" \/>\n<meta name=\"twitter:label1\" content=\"Escrito por\" \/>\n\t<meta name=\"twitter:data1\" content=\"Emily Oliveira\" \/>\n\t<meta name=\"twitter:label2\" content=\"Est. tempo de leitura\" \/>\n\t<meta name=\"twitter:data2\" content=\"2 minutos\" \/>\n<script type=\"application\/ld+json\" class=\"yoast-schema-graph\">{\"@context\":\"https:\/\/schema.org\",\"@graph\":[{\"@type\":\"Article\",\"@id\":\"https:\/\/bahiaeconomica.com.br\/wp\/2023\/09\/26\/guarda-civil-de-salvador-oferece-curso-de-defesa-pessoal-para-mulheres\/#article\",\"isPartOf\":{\"@id\":\"https:\/\/bahiaeconomica.com.br\/wp\/2023\/09\/26\/guarda-civil-de-salvador-oferece-curso-de-defesa-pessoal-para-mulheres\/\"},\"author\":{\"name\":\"Emily Oliveira\",\"@id\":\"https:\/\/bahiaeconomica.com.br\/wp\/#\/schema\/person\/547396bb3b39ebb828ab5807d982c42f\"},\"headline\":\"GUARDA CIVIL DE SALVADOR OFERECE CURSO DE DEFESA PESSOAL PARA MULHERES\",\"datePublished\":\"2023-09-26T19:05:57+00:00\",\"dateModified\":\"2023-09-26T19:05:21+00:00\",\"mainEntityOfPage\":{\"@id\":\"https:\/\/bahiaeconomica.com.br\/wp\/2023\/09\/26\/guarda-civil-de-salvador-oferece-curso-de-defesa-pessoal-para-mulheres\/\"},\"wordCount\":229,\"publisher\":{\"@id\":\"https:\/\/bahiaeconomica.com.br\/wp\/#organization\"},\"keywords\":[\"Combate \u00e0 viol\u00eancia\",\"defesa pessoal\",\"Guarda Civil de Salvador\",\"mulheres\"],\"articleSection\":[\"MUNIC\u00cdPIOS\"],\"inLanguage\":\"pt-BR\"},{\"@type\":\"WebPage\",\"@id\":\"https:\/\/bahiaeconomica.com.br\/wp\/2023\/09\/26\/guarda-civil-de-salvador-oferece-curso-de-defesa-pessoal-para-mulheres\/\",\"url\":\"https:\/\/bahiaeconomica.com.br\/wp\/2023\/09\/26\/guarda-civil-de-salvador-oferece-curso-de-defesa-pessoal-para-mulheres\/\",\"name\":\"GUARDA CIVIL DE SALVADOR OFERECE CURSO DE DEFESA PESSOAL PARA MULHERES - Bahia Economica\",\"isPartOf\":{\"@id\":\"https:\/\/bahiaeconomica.com.br\/wp\/#website\"},\"datePublished\":\"2023-09-26T19:05:57+00:00\",\"dateModified\":\"2023-09-26T19:05:21+00:00\",\"description\":\"O maior portal de Economia da Bahia MUNIC\u00cdPIOS Bahia Economica A Guarda Civil Municipal (GCM) de Salvador est\u00e1 com inscri\u00e7\u00f5es abertas para\",\"breadcrumb\":{\"@id\":\"https:\/\/bahiaeconomica.com.br\/wp\/2023\/09\/26\/guarda-civil-de-salvador-oferece-curso-de-defesa-pessoal-para-mulheres\/#breadcrumb\"},\"inLanguage\":\"pt-BR\",\"potentialAction\":[{\"@type\":\"ReadAction\",\"target\":[\"https:\/\/bahiaeconomica.com.br\/wp\/2023\/09\/26\/guarda-civil-de-salvador-oferece-curso-de-defesa-pessoal-para-mulheres\/\"]}]},{\"@type\":\"BreadcrumbList\",\"@id\":\"https:\/\/bahiaeconomica.com.br\/wp\/2023\/09\/26\/guarda-civil-de-salvador-oferece-curso-de-defesa-pessoal-para-mulheres\/#breadcrumb\",\"itemListElement\":[{\"@type\":\"ListItem\",\"position\":1,\"name\":\"In\u00edcio\",\"item\":\"https:\/\/bahiaeconomica.com.br\/wp\/\"},{\"@type\":\"ListItem\",\"position\":2,\"name\":\"GUARDA CIVIL DE SALVADOR OFERECE CURSO DE DEFESA PESSOAL PARA MULHERES\"}]},{\"@type\":\"WebSite\",\"@id\":\"https:\/\/bahiaeconomica.com.br\/wp\/#website\",\"url\":\"https:\/\/bahiaeconomica.com.br\/wp\/\",\"name\":\"Bahia Economica\",\"description\":\"O maior portal de Economia da Bahia\",\"publisher\":{\"@id\":\"https:\/\/bahiaeconomica.com.br\/wp\/#organization\"},\"potentialAction\":[{\"@type\":\"SearchAction\",\"target\":{\"@type\":\"EntryPoint\",\"urlTemplate\":\"https:\/\/bahiaeconomica.com.br\/wp\/?s={search_term_string}\"},\"query-input\":\"required name=search_term_string\"}],\"inLanguage\":\"pt-BR\"},{\"@type\":\"Organization\",\"@id\":\"https:\/\/bahiaeconomica.com.br\/wp\/#organization\",\"name\":\"Bahia Econ\u00f4mica\",\"url\":\"https:\/\/bahiaeconomica.com.br\/wp\/\",\"logo\":{\"@type\":\"ImageObject\",\"inLanguage\":\"pt-BR\",\"@id\":\"https:\/\/bahiaeconomica.com.br\/wp\/#\/schema\/logo\/image\/\",\"url\":\"https:\/\/bahiaeconomica.com.br\/wp\/wp-content\/uploads\/2020\/12\/cropped-BE.png\",\"contentUrl\":\"https:\/\/bahiaeconomica.com.br\/wp\/wp-content\/uploads\/2020\/12\/cropped-BE.png\",\"width\":512,\"height\":512,\"caption\":\"Bahia Econ\u00f4mica\"},\"image\":{\"@id\":\"https:\/\/bahiaeconomica.com.br\/wp\/#\/schema\/logo\/image\/\"},\"sameAs\":[\"https:\/\/www.facebook.com\/bahiaeconomica\"]},{\"@type\":\"Person\",\"@id\":\"https:\/\/bahiaeconomica.com.br\/wp\/#\/schema\/person\/547396bb3b39ebb828ab5807d982c42f\",\"name\":\"Emily Oliveira\",\"sameAs\":[\"https:\/\/bahiaeconomica.com.br\/wp\/\"],\"url\":\"https:\/\/bahiaeconomica.com.br\/wp\/author\/emily-oliveira\/\"}]}<\/script>\n<!-- \/ Yoast SEO plugin. -->","yoast_head_json":{"title":"GUARDA CIVIL DE SALVADOR OFERECE CURSO DE DEFESA PESSOAL PARA MULHERES - Bahia Economica","description":"O maior portal de Economia da Bahia MUNIC\u00cdPIOS Bahia Economica A Guarda Civil Municipal (GCM) de Salvador est\u00e1 com inscri\u00e7\u00f5es abertas para","robots":{"index":"index","follow":"follow","max-snippet":"max-snippet:-1","max-image-preview":"max-image-preview:large","max-video-preview":"max-video-preview:-1"},"canonical":"https:\/\/bahiaeconomica.com.br\/wp\/2023\/09\/26\/guarda-civil-de-salvador-oferece-curso-de-defesa-pessoal-para-mulheres\/","og_locale":"pt_BR","og_type":"article","og_title":"GUARDA CIVIL DE SALVADOR OFERECE CURSO DE DEFESA PESSOAL PARA MULHERES - Bahia Economica","og_description":"O maior portal de Economia da Bahia MUNIC\u00cdPIOS Bahia Economica A Guarda Civil Municipal (GCM) de Salvador est\u00e1 com inscri\u00e7\u00f5es abertas para","og_url":"https:\/\/bahiaeconomica.com.br\/wp\/2023\/09\/26\/guarda-civil-de-salvador-oferece-curso-de-defesa-pessoal-para-mulheres\/","og_site_name":"Bahia Economica","article_publisher":"https:\/\/www.facebook.com\/bahiaeconomica","article_published_time":"2023-09-26T19:05:57+00:00","article_modified_time":"2023-09-26T19:05:21+00:00","og_image":[{"width":600,"height":420,"url":"https:\/\/bahiaeconomica.com.br\/wp\/wp-content\/uploads\/2023\/09\/guarda-municipal-salvador.jpg","type":"image\/jpeg"}],"author":"Emily Oliveira","twitter_card":"summary_large_image","twitter_misc":{"Escrito por":"Emily Oliveira","Est. tempo de leitura":"2 minutos"},"schema":{"@context":"https:\/\/schema.org","@graph":[{"@type":"Article","@id":"https:\/\/bahiaeconomica.com.br\/wp\/2023\/09\/26\/guarda-civil-de-salvador-oferece-curso-de-defesa-pessoal-para-mulheres\/#article","isPartOf":{"@id":"https:\/\/bahiaeconomica.com.br\/wp\/2023\/09\/26\/guarda-civil-de-salvador-oferece-curso-de-defesa-pessoal-para-mulheres\/"},"author":{"name":"Emily Oliveira","@id":"https:\/\/bahiaeconomica.com.br\/wp\/#\/schema\/person\/547396bb3b39ebb828ab5807d982c42f"},"headline":"GUARDA CIVIL DE SALVADOR OFERECE CURSO DE DEFESA PESSOAL PARA MULHERES","datePublished":"2023-09-26T19:05:57+00:00","dateModified":"2023-09-26T19:05:21+00:00","mainEntityOfPage":{"@id":"https:\/\/bahiaeconomica.com.br\/wp\/2023\/09\/26\/guarda-civil-de-salvador-oferece-curso-de-defesa-pessoal-para-mulheres\/"},"wordCount":229,"publisher":{"@id":"https:\/\/bahiaeconomica.com.br\/wp\/#organization"},"keywords":["Combate \u00e0 viol\u00eancia","defesa pessoal","Guarda Civil de Salvador","mulheres"],"articleSection":["MUNIC\u00cdPIOS"],"inLanguage":"pt-BR"},{"@type":"WebPage","@id":"https:\/\/bahiaeconomica.com.br\/wp\/2023\/09\/26\/guarda-civil-de-salvador-oferece-curso-de-defesa-pessoal-para-mulheres\/","url":"https:\/\/bahiaeconomica.com.br\/wp\/2023\/09\/26\/guarda-civil-de-salvador-oferece-curso-de-defesa-pessoal-para-mulheres\/","name":"GUARDA CIVIL DE SALVADOR OFERECE CURSO DE DEFESA PESSOAL PARA MULHERES - Bahia Economica","isPartOf":{"@id":"https:\/\/bahiaeconomica.com.br\/wp\/#website"},"datePublished":"2023-09-26T19:05:57+00:00","dateModified":"2023-09-26T19:05:21+00:00","description":"O maior portal de Economia da Bahia MUNIC\u00cdPIOS Bahia Economica A Guarda Civil Municipal (GCM) de Salvador est\u00e1 com inscri\u00e7\u00f5es abertas para","breadcrumb":{"@id":"https:\/\/bahiaeconomica.com.br\/wp\/2023\/09\/26\/guarda-civil-de-salvador-oferece-curso-de-defesa-pessoal-para-mulheres\/#breadcrumb"},"inLanguage":"pt-BR","potentialAction":[{"@type":"ReadAction","target":["https:\/\/bahiaeconomica.com.br\/wp\/2023\/09\/26\/guarda-civil-de-salvador-oferece-curso-de-defesa-pessoal-para-mulheres\/"]}]},{"@type":"BreadcrumbList","@id":"https:\/\/bahiaeconomica.com.br\/wp\/2023\/09\/26\/guarda-civil-de-salvador-oferece-curso-de-defesa-pessoal-para-mulheres\/#breadcrumb","itemListElement":[{"@type":"ListItem","position":1,"name":"In\u00edcio","item":"https:\/\/bahiaeconomica.com.br\/wp\/"},{"@type":"ListItem","position":2,"name":"GUARDA CIVIL DE SALVADOR OFERECE CURSO DE DEFESA PESSOAL PARA MULHERES"}]},{"@type":"WebSite","@id":"https:\/\/bahiaeconomica.com.br\/wp\/#website","url":"https:\/\/bahiaeconomica.com.br\/wp\/","name":"Bahia Economica","description":"O maior portal de Economia da Bahia","publisher":{"@id":"https:\/\/bahiaeconomica.com.br\/wp\/#organization"},"potentialAction":[{"@type":"SearchAction","target":{"@type":"EntryPoint","urlTemplate":"https:\/\/bahiaeconomica.com.br\/wp\/?s={search_term_string}"},"query-input":"required name=search_term_string"}],"inLanguage":"pt-BR"},{"@type":"Organization","@id":"https:\/\/bahiaeconomica.com.br\/wp\/#organization","name":"Bahia Econ\u00f4mica","url":"https:\/\/bahiaeconomica.com.br\/wp\/","logo":{"@type":"ImageObject","inLanguage":"pt-BR","@id":"https:\/\/bahiaeconomica.com.br\/wp\/#\/schema\/logo\/image\/","url":"https:\/\/bahiaeconomica.com.br\/wp\/wp-content\/uploads\/2020\/12\/cropped-BE.png","contentUrl":"https:\/\/bahiaeconomica.com.br\/wp\/wp-content\/uploads\/2020\/12\/cropped-BE.png","width":512,"height":512,"caption":"Bahia Econ\u00f4mica"},"image":{"@id":"https:\/\/bahiaeconomica.com.br\/wp\/#\/schema\/logo\/image\/"},"sameAs":["https:\/\/www.facebook.com\/bahiaeconomica"]},{"@type":"Person","@id":"https:\/\/bahiaeconomica.com.br\/wp\/#\/schema\/person\/547396bb3b39ebb828ab5807d982c42f","name":"Emily Oliveira","sameAs":["https:\/\/bahiaeconomica.com.br\/wp\/"],"url":"https:\/\/bahiaeconomica.com.br\/wp\/author\/emily-oliveira\/"}]}},"views":14,"_links":{"self":[{"href":"https:\/\/bahiaeconomica.com.br\/wp\/wp-json\/wp\/v2\/posts\/765884"}],"collection":[{"href":"https:\/\/bahiaeconomica.com.br\/wp\/wp-json\/wp\/v2\/posts"}],"about":[{"href":"https:\/\/bahiaeconomica.com.br\/wp\/wp-json\/wp\/v2\/types\/post"}],"author":[{"embeddable":true,"href":"https:\/\/bahiaeconomica.com.br\/wp\/wp-json\/wp\/v2\/users\/18"}],"replies":[{"embeddable":true,"href":"https:\/\/bahiaeconomica.com.br\/wp\/wp-json\/wp\/v2\/comments?post=765884"}],"version-history":[{"count":1,"href":"https:\/\/bahiaeconomica.com.br\/wp\/wp-json\/wp\/v2\/posts\/765884\/revisions"}],"predecessor-version":[{"id":765892,"href":"https:\/\/bahiaeconomica.com.br\/wp\/wp-json\/wp\/v2\/posts\/765884\/revisions\/765892"}],"wp:featuredmedia":[{"embeddable":true,"href":"https:\/\/bahiaeconomica.com.br\/wp\/wp-json\/wp\/v2\/media\/765885"}],"wp:attachment":[{"href":"https:\/\/bahiaeconomica.com.br\/wp\/wp-json\/wp\/v2\/media?parent=765884"}],"wp:term":[{"taxonomy":"category","embeddable":true,"href":"https:\/\/bahiaeconomica.com.br\/wp\/wp-json\/wp\/v2\/categories?post=765884"},{"taxonomy":"post_tag","embeddable":true,"href":"https:\/\/bahiaeconomica.com.br\/wp\/wp-json\/wp\/v2\/tags?post=765884"}],"curies":[{"name":"wp","href":"https:\/\/api.w.org\/{rel}","templated":true}]}}