{"id":765824,"date":"2023-09-26T13:28:34","date_gmt":"2023-09-26T16:28:34","guid":{"rendered":"https:\/\/bahiaeconomica.com.br\/wp\/?p=765824"},"modified":"2023-09-26T13:28:34","modified_gmt":"2023-09-26T16:28:34","slug":"acm-neto-apresenta-1a-edicao-do-projeto-caminhos-inovadores","status":"publish","type":"post","link":"https:\/\/bahiaeconomica.com.br\/wp\/2023\/09\/26\/acm-neto-apresenta-1a-edicao-do-projeto-caminhos-inovadores\/","title":{"rendered":"ACM NETO APRESENTA 1\u00aa EDI\u00c7\u00c3O DO PROJETO CAMINHOS INOVADORES"},"content":{"rendered":"<p>O ex-prefeito de Salvador, ACM Neto, apresentou em entrevista coletiva na manh\u00e3 desta ter\u00e7a-feira (26), a agenda dos quatro primeiros eventos que ser\u00e3o realizados na Bahia pela Funda\u00e7\u00e3o \u00cdndigo, bra\u00e7o de capacita\u00e7\u00e3o, estudos sobre governan\u00e7a e pol\u00edticas p\u00fablicas do Uni\u00e3o Brasil. A primeira edi\u00e7\u00e3o do projeto \u201cCaminhos Inovadores \u2013 Conversas e Reflex\u00f5es sobre o Futuro\u201d ser\u00e1 realizada na pr\u00f3xima quinta-feira (28), no Olimpo Eventos, em Feira de Santana.<\/p>\n<p>\u201cA ideia \u00e9 replicar o projeto em outros lugares do Brasil, seja com a minha presen\u00e7a ou com outras lideran\u00e7as partid\u00e1rias, imprimindo, talvez, a principal tarefa do \u00cdndigo, que \u00e9 exatamente refletir sobre os principais temas da atualidade, com uma vis\u00e3o aspiracional, procurando compreender quais s\u00e3o as expectativas, os desejos e os melhores caminhos para o futuro\u201d, afirmou ACM Neto, que tamb\u00e9m, \u00e9 presidente da Funda\u00e7\u00e3o \u00cdndigo.<\/p>\n<p>Al\u00e9m de Feira de Santana, a proposta percorre os seguintes munic\u00edpios: Alagoinhas (5), Barreiras (19), Ilh\u00e9us (9\/11) e Salvador (30\/11).<\/p>\n<p>As inscri\u00e7\u00f5es para o evento s\u00e3o gratuitas e podem ser feitas no site caminhosinovadores.com.br. Al\u00e9m do ex-prefeito de Salvador, tamb\u00e9m est\u00e3o confirmadas as presen\u00e7as do ex-ministro da Sa\u00fade, Luiz Henrique Mandetta; a CEO da empresa AGANJU, Leana Mattei; a jornalista Christiane Pelajo; o produtor musical e publicit\u00e1rio PC Bernardes, e a CEO e Partner da empresa Nossa Praia, Dilma Campos.<\/p>\n<p>Foto: Assessoria<\/p>\n","protected":false},"excerpt":{"rendered":"<p>O ex-prefeito de Salvador, ACM Neto, apresentou em entrevista coletiva na manh\u00e3 desta ter\u00e7a-feira (26), a agenda dos quatro primeiros eventos que ser\u00e3o realizados na Bahia pela Funda\u00e7\u00e3o \u00cdndigo, bra\u00e7o de capacita\u00e7\u00e3o, estudos sobre governan\u00e7a e pol\u00edticas p\u00fablicas do Uni\u00e3o Brasil. A primeira edi\u00e7\u00e3o do projeto \u201cCaminhos Inovadores \u2013 Conversas e Reflex\u00f5es sobre o Futuro\u201d [&hellip;]<\/p>\n","protected":false},"author":15,"featured_media":765825,"comment_status":"closed","ping_status":"closed","sticky":false,"template":"","format":"standard","meta":[],"categories":[14601],"tags":[167,85,20686],"acf":[],"yoast_head":"<!-- This site is optimized with the Yoast SEO plugin v20.8 - https:\/\/yoast.com\/wordpress\/plugins\/seo\/ -->\n<title>ACM NETO APRESENTA 1\u00aa EDI\u00c7\u00c3O DO PROJETO CAMINHOS INOVADORES - Bahia Economica<\/title>\n<meta name=\"description\" content=\"O maior portal de Economia da Bahia Pol\u00edtica Bahia Economica O ex-prefeito de Salvador, ACM Neto, apresentou em entrevista\" \/>\n<meta name=\"robots\" content=\"index, follow, max-snippet:-1, max-image-preview:large, max-video-preview:-1\" \/>\n<link rel=\"canonical\" href=\"https:\/\/bahiaeconomica.com.br\/wp\/2023\/09\/26\/acm-neto-apresenta-1a-edicao-do-projeto-caminhos-inovadores\/\" \/>\n<meta property=\"og:locale\" content=\"pt_BR\" \/>\n<meta property=\"og:type\" content=\"article\" \/>\n<meta property=\"og:title\" content=\"ACM NETO APRESENTA 1\u00aa EDI\u00c7\u00c3O DO PROJETO CAMINHOS INOVADORES - Bahia Economica\" \/>\n<meta property=\"og:description\" content=\"O maior portal de Economia da Bahia Pol\u00edtica Bahia Economica O ex-prefeito de Salvador, ACM Neto, apresentou em entrevista\" \/>\n<meta property=\"og:url\" content=\"https:\/\/bahiaeconomica.com.br\/wp\/2023\/09\/26\/acm-neto-apresenta-1a-edicao-do-projeto-caminhos-inovadores\/\" \/>\n<meta property=\"og:site_name\" content=\"Bahia Economica\" \/>\n<meta property=\"article:publisher\" content=\"https:\/\/www.facebook.com\/bahiaeconomica\" \/>\n<meta property=\"article:published_time\" content=\"2023-09-26T16:28:34+00:00\" \/>\n<meta property=\"og:image\" content=\"https:\/\/bahiaeconomica.com.br\/wp\/wp-content\/uploads\/2023\/09\/ACM-Neto.jpg\" \/>\n\t<meta property=\"og:image:width\" content=\"600\" \/>\n\t<meta property=\"og:image:height\" content=\"420\" \/>\n\t<meta property=\"og:image:type\" content=\"image\/jpeg\" \/>\n<meta name=\"author\" content=\"VICTORIA ISABEL\" \/>\n<meta name=\"twitter:card\" content=\"summary_large_image\" \/>\n<meta name=\"twitter:label1\" content=\"Escrito por\" \/>\n\t<meta name=\"twitter:data1\" content=\"VICTORIA ISABEL\" \/>\n\t<meta name=\"twitter:label2\" content=\"Est. tempo de leitura\" \/>\n\t<meta name=\"twitter:data2\" content=\"2 minutos\" \/>\n<script type=\"application\/ld+json\" class=\"yoast-schema-graph\">{\"@context\":\"https:\/\/schema.org\",\"@graph\":[{\"@type\":\"Article\",\"@id\":\"https:\/\/bahiaeconomica.com.br\/wp\/2023\/09\/26\/acm-neto-apresenta-1a-edicao-do-projeto-caminhos-inovadores\/#article\",\"isPartOf\":{\"@id\":\"https:\/\/bahiaeconomica.com.br\/wp\/2023\/09\/26\/acm-neto-apresenta-1a-edicao-do-projeto-caminhos-inovadores\/\"},\"author\":{\"name\":\"VICTORIA ISABEL\",\"@id\":\"https:\/\/bahiaeconomica.com.br\/wp\/#\/schema\/person\/b719ce0fb1c09f3c7a00d9243ced4a6f\"},\"headline\":\"ACM NETO APRESENTA 1\u00aa EDI\u00c7\u00c3O DO PROJETO CAMINHOS INOVADORES\",\"datePublished\":\"2023-09-26T16:28:34+00:00\",\"dateModified\":\"2023-09-26T16:28:34+00:00\",\"mainEntityOfPage\":{\"@id\":\"https:\/\/bahiaeconomica.com.br\/wp\/2023\/09\/26\/acm-neto-apresenta-1a-edicao-do-projeto-caminhos-inovadores\/\"},\"wordCount\":248,\"publisher\":{\"@id\":\"https:\/\/bahiaeconomica.com.br\/wp\/#organization\"},\"keywords\":[\"ACM Neto\",\"Bahia\",\"Funda\u00e7\u00e3o \u00cdndigo\"],\"articleSection\":[\"Pol\u00edtica\"],\"inLanguage\":\"pt-BR\"},{\"@type\":\"WebPage\",\"@id\":\"https:\/\/bahiaeconomica.com.br\/wp\/2023\/09\/26\/acm-neto-apresenta-1a-edicao-do-projeto-caminhos-inovadores\/\",\"url\":\"https:\/\/bahiaeconomica.com.br\/wp\/2023\/09\/26\/acm-neto-apresenta-1a-edicao-do-projeto-caminhos-inovadores\/\",\"name\":\"ACM NETO APRESENTA 1\u00aa EDI\u00c7\u00c3O DO PROJETO CAMINHOS INOVADORES - Bahia Economica\",\"isPartOf\":{\"@id\":\"https:\/\/bahiaeconomica.com.br\/wp\/#website\"},\"datePublished\":\"2023-09-26T16:28:34+00:00\",\"dateModified\":\"2023-09-26T16:28:34+00:00\",\"description\":\"O maior portal de Economia da Bahia Pol\u00edtica Bahia Economica O ex-prefeito de Salvador, ACM Neto, apresentou em entrevista\",\"breadcrumb\":{\"@id\":\"https:\/\/bahiaeconomica.com.br\/wp\/2023\/09\/26\/acm-neto-apresenta-1a-edicao-do-projeto-caminhos-inovadores\/#breadcrumb\"},\"inLanguage\":\"pt-BR\",\"potentialAction\":[{\"@type\":\"ReadAction\",\"target\":[\"https:\/\/bahiaeconomica.com.br\/wp\/2023\/09\/26\/acm-neto-apresenta-1a-edicao-do-projeto-caminhos-inovadores\/\"]}]},{\"@type\":\"BreadcrumbList\",\"@id\":\"https:\/\/bahiaeconomica.com.br\/wp\/2023\/09\/26\/acm-neto-apresenta-1a-edicao-do-projeto-caminhos-inovadores\/#breadcrumb\",\"itemListElement\":[{\"@type\":\"ListItem\",\"position\":1,\"name\":\"In\u00edcio\",\"item\":\"https:\/\/bahiaeconomica.com.br\/wp\/\"},{\"@type\":\"ListItem\",\"position\":2,\"name\":\"ACM NETO APRESENTA 1\u00aa EDI\u00c7\u00c3O DO PROJETO CAMINHOS INOVADORES\"}]},{\"@type\":\"WebSite\",\"@id\":\"https:\/\/bahiaeconomica.com.br\/wp\/#website\",\"url\":\"https:\/\/bahiaeconomica.com.br\/wp\/\",\"name\":\"Bahia Economica\",\"description\":\"O maior portal de Economia da Bahia\",\"publisher\":{\"@id\":\"https:\/\/bahiaeconomica.com.br\/wp\/#organization\"},\"potentialAction\":[{\"@type\":\"SearchAction\",\"target\":{\"@type\":\"EntryPoint\",\"urlTemplate\":\"https:\/\/bahiaeconomica.com.br\/wp\/?s={search_term_string}\"},\"query-input\":\"required name=search_term_string\"}],\"inLanguage\":\"pt-BR\"},{\"@type\":\"Organization\",\"@id\":\"https:\/\/bahiaeconomica.com.br\/wp\/#organization\",\"name\":\"Bahia Econ\u00f4mica\",\"url\":\"https:\/\/bahiaeconomica.com.br\/wp\/\",\"logo\":{\"@type\":\"ImageObject\",\"inLanguage\":\"pt-BR\",\"@id\":\"https:\/\/bahiaeconomica.com.br\/wp\/#\/schema\/logo\/image\/\",\"url\":\"https:\/\/bahiaeconomica.com.br\/wp\/wp-content\/uploads\/2020\/12\/cropped-BE.png\",\"contentUrl\":\"https:\/\/bahiaeconomica.com.br\/wp\/wp-content\/uploads\/2020\/12\/cropped-BE.png\",\"width\":512,\"height\":512,\"caption\":\"Bahia Econ\u00f4mica\"},\"image\":{\"@id\":\"https:\/\/bahiaeconomica.com.br\/wp\/#\/schema\/logo\/image\/\"},\"sameAs\":[\"https:\/\/www.facebook.com\/bahiaeconomica\"]},{\"@type\":\"Person\",\"@id\":\"https:\/\/bahiaeconomica.com.br\/wp\/#\/schema\/person\/b719ce0fb1c09f3c7a00d9243ced4a6f\",\"name\":\"VICTORIA ISABEL\",\"sameAs\":[\"http:\/\/www.bahiaeconomica.com.br\"],\"url\":\"https:\/\/bahiaeconomica.com.br\/wp\/author\/victoria-isabel\/\"}]}<\/script>\n<!-- \/ Yoast SEO plugin. -->","yoast_head_json":{"title":"ACM NETO APRESENTA 1\u00aa EDI\u00c7\u00c3O DO PROJETO CAMINHOS INOVADORES - Bahia Economica","description":"O maior portal de Economia da Bahia Pol\u00edtica Bahia Economica O ex-prefeito de Salvador, ACM Neto, apresentou em entrevista","robots":{"index":"index","follow":"follow","max-snippet":"max-snippet:-1","max-image-preview":"max-image-preview:large","max-video-preview":"max-video-preview:-1"},"canonical":"https:\/\/bahiaeconomica.com.br\/wp\/2023\/09\/26\/acm-neto-apresenta-1a-edicao-do-projeto-caminhos-inovadores\/","og_locale":"pt_BR","og_type":"article","og_title":"ACM NETO APRESENTA 1\u00aa EDI\u00c7\u00c3O DO PROJETO CAMINHOS INOVADORES - Bahia Economica","og_description":"O maior portal de Economia da Bahia Pol\u00edtica Bahia Economica O ex-prefeito de Salvador, ACM Neto, apresentou em entrevista","og_url":"https:\/\/bahiaeconomica.com.br\/wp\/2023\/09\/26\/acm-neto-apresenta-1a-edicao-do-projeto-caminhos-inovadores\/","og_site_name":"Bahia Economica","article_publisher":"https:\/\/www.facebook.com\/bahiaeconomica","article_published_time":"2023-09-26T16:28:34+00:00","og_image":[{"width":600,"height":420,"url":"https:\/\/bahiaeconomica.com.br\/wp\/wp-content\/uploads\/2023\/09\/ACM-Neto.jpg","type":"image\/jpeg"}],"author":"VICTORIA ISABEL","twitter_card":"summary_large_image","twitter_misc":{"Escrito por":"VICTORIA ISABEL","Est. tempo de leitura":"2 minutos"},"schema":{"@context":"https:\/\/schema.org","@graph":[{"@type":"Article","@id":"https:\/\/bahiaeconomica.com.br\/wp\/2023\/09\/26\/acm-neto-apresenta-1a-edicao-do-projeto-caminhos-inovadores\/#article","isPartOf":{"@id":"https:\/\/bahiaeconomica.com.br\/wp\/2023\/09\/26\/acm-neto-apresenta-1a-edicao-do-projeto-caminhos-inovadores\/"},"author":{"name":"VICTORIA ISABEL","@id":"https:\/\/bahiaeconomica.com.br\/wp\/#\/schema\/person\/b719ce0fb1c09f3c7a00d9243ced4a6f"},"headline":"ACM NETO APRESENTA 1\u00aa EDI\u00c7\u00c3O DO PROJETO CAMINHOS INOVADORES","datePublished":"2023-09-26T16:28:34+00:00","dateModified":"2023-09-26T16:28:34+00:00","mainEntityOfPage":{"@id":"https:\/\/bahiaeconomica.com.br\/wp\/2023\/09\/26\/acm-neto-apresenta-1a-edicao-do-projeto-caminhos-inovadores\/"},"wordCount":248,"publisher":{"@id":"https:\/\/bahiaeconomica.com.br\/wp\/#organization"},"keywords":["ACM Neto","Bahia","Funda\u00e7\u00e3o \u00cdndigo"],"articleSection":["Pol\u00edtica"],"inLanguage":"pt-BR"},{"@type":"WebPage","@id":"https:\/\/bahiaeconomica.com.br\/wp\/2023\/09\/26\/acm-neto-apresenta-1a-edicao-do-projeto-caminhos-inovadores\/","url":"https:\/\/bahiaeconomica.com.br\/wp\/2023\/09\/26\/acm-neto-apresenta-1a-edicao-do-projeto-caminhos-inovadores\/","name":"ACM NETO APRESENTA 1\u00aa EDI\u00c7\u00c3O DO PROJETO CAMINHOS INOVADORES - Bahia Economica","isPartOf":{"@id":"https:\/\/bahiaeconomica.com.br\/wp\/#website"},"datePublished":"2023-09-26T16:28:34+00:00","dateModified":"2023-09-26T16:28:34+00:00","description":"O maior portal de Economia da Bahia Pol\u00edtica Bahia Economica O ex-prefeito de Salvador, ACM Neto, apresentou em entrevista","breadcrumb":{"@id":"https:\/\/bahiaeconomica.com.br\/wp\/2023\/09\/26\/acm-neto-apresenta-1a-edicao-do-projeto-caminhos-inovadores\/#breadcrumb"},"inLanguage":"pt-BR","potentialAction":[{"@type":"ReadAction","target":["https:\/\/bahiaeconomica.com.br\/wp\/2023\/09\/26\/acm-neto-apresenta-1a-edicao-do-projeto-caminhos-inovadores\/"]}]},{"@type":"BreadcrumbList","@id":"https:\/\/bahiaeconomica.com.br\/wp\/2023\/09\/26\/acm-neto-apresenta-1a-edicao-do-projeto-caminhos-inovadores\/#breadcrumb","itemListElement":[{"@type":"ListItem","position":1,"name":"In\u00edcio","item":"https:\/\/bahiaeconomica.com.br\/wp\/"},{"@type":"ListItem","position":2,"name":"ACM NETO APRESENTA 1\u00aa EDI\u00c7\u00c3O DO PROJETO CAMINHOS INOVADORES"}]},{"@type":"WebSite","@id":"https:\/\/bahiaeconomica.com.br\/wp\/#website","url":"https:\/\/bahiaeconomica.com.br\/wp\/","name":"Bahia Economica","description":"O maior portal de Economia da Bahia","publisher":{"@id":"https:\/\/bahiaeconomica.com.br\/wp\/#organization"},"potentialAction":[{"@type":"SearchAction","target":{"@type":"EntryPoint","urlTemplate":"https:\/\/bahiaeconomica.com.br\/wp\/?s={search_term_string}"},"query-input":"required name=search_term_string"}],"inLanguage":"pt-BR"},{"@type":"Organization","@id":"https:\/\/bahiaeconomica.com.br\/wp\/#organization","name":"Bahia Econ\u00f4mica","url":"https:\/\/bahiaeconomica.com.br\/wp\/","logo":{"@type":"ImageObject","inLanguage":"pt-BR","@id":"https:\/\/bahiaeconomica.com.br\/wp\/#\/schema\/logo\/image\/","url":"https:\/\/bahiaeconomica.com.br\/wp\/wp-content\/uploads\/2020\/12\/cropped-BE.png","contentUrl":"https:\/\/bahiaeconomica.com.br\/wp\/wp-content\/uploads\/2020\/12\/cropped-BE.png","width":512,"height":512,"caption":"Bahia Econ\u00f4mica"},"image":{"@id":"https:\/\/bahiaeconomica.com.br\/wp\/#\/schema\/logo\/image\/"},"sameAs":["https:\/\/www.facebook.com\/bahiaeconomica"]},{"@type":"Person","@id":"https:\/\/bahiaeconomica.com.br\/wp\/#\/schema\/person\/b719ce0fb1c09f3c7a00d9243ced4a6f","name":"VICTORIA ISABEL","sameAs":["http:\/\/www.bahiaeconomica.com.br"],"url":"https:\/\/bahiaeconomica.com.br\/wp\/author\/victoria-isabel\/"}]}},"views":40,"_links":{"self":[{"href":"https:\/\/bahiaeconomica.com.br\/wp\/wp-json\/wp\/v2\/posts\/765824"}],"collection":[{"href":"https:\/\/bahiaeconomica.com.br\/wp\/wp-json\/wp\/v2\/posts"}],"about":[{"href":"https:\/\/bahiaeconomica.com.br\/wp\/wp-json\/wp\/v2\/types\/post"}],"author":[{"embeddable":true,"href":"https:\/\/bahiaeconomica.com.br\/wp\/wp-json\/wp\/v2\/users\/15"}],"replies":[{"embeddable":true,"href":"https:\/\/bahiaeconomica.com.br\/wp\/wp-json\/wp\/v2\/comments?post=765824"}],"version-history":[{"count":1,"href":"https:\/\/bahiaeconomica.com.br\/wp\/wp-json\/wp\/v2\/posts\/765824\/revisions"}],"predecessor-version":[{"id":765826,"href":"https:\/\/bahiaeconomica.com.br\/wp\/wp-json\/wp\/v2\/posts\/765824\/revisions\/765826"}],"wp:featuredmedia":[{"embeddable":true,"href":"https:\/\/bahiaeconomica.com.br\/wp\/wp-json\/wp\/v2\/media\/765825"}],"wp:attachment":[{"href":"https:\/\/bahiaeconomica.com.br\/wp\/wp-json\/wp\/v2\/media?parent=765824"}],"wp:term":[{"taxonomy":"category","embeddable":true,"href":"https:\/\/bahiaeconomica.com.br\/wp\/wp-json\/wp\/v2\/categories?post=765824"},{"taxonomy":"post_tag","embeddable":true,"href":"https:\/\/bahiaeconomica.com.br\/wp\/wp-json\/wp\/v2\/tags?post=765824"}],"curies":[{"name":"wp","href":"https:\/\/api.w.org\/{rel}","templated":true}]}}