{"id":765209,"date":"2023-09-24T11:30:20","date_gmt":"2023-09-24T14:30:20","guid":{"rendered":"https:\/\/bahiaeconomica.com.br\/wp\/?p=765209"},"modified":"2023-09-23T10:36:03","modified_gmt":"2023-09-23T13:36:03","slug":"ibametro-fiscaliza-venda-de-produtos-para-caruru-de-cosme-de-damiao","status":"publish","type":"post","link":"https:\/\/bahiaeconomica.com.br\/wp\/2023\/09\/24\/ibametro-fiscaliza-venda-de-produtos-para-caruru-de-cosme-de-damiao\/","title":{"rendered":"IBAMETRO FISCALIZA VENDA DE PRODUTOS PARA CARURU DE COSME DE DAMI\u00c3O"},"content":{"rendered":"<p>Garantir a medi\u00e7\u00e3o precisa dos produtos vendidos durante os festejos de Cosme e Dami\u00e3o. Esse \u00e9 o objetivo do Instituto Baiano de Metrologia e Qualidade (Ibametro), \u00f3rg\u00e3o delegado do Inmetro na Bahia e vinculado \u00e0 Secretaria de Desenvolvimento Econ\u00f4mico (SDE), com a\u00e7\u00f5es de fiscaliza\u00e7\u00f5es a que v\u00e3o estar em vigor at\u00e9 a pr\u00f3xima quarta-feira (27).<\/p>\n<p>Os fiscais do Ibametro, durante a Opera\u00e7\u00e3o Cosme e Dami\u00e3o, visitam supermercados e mercadinhos locais, durante todo o per\u00edodo da festa, para garantir que itens essenciais para os tradicionais carurus, como feij\u00e3o fradinho, azeite de dend\u00ea, camar\u00e3o seco, balas e quiabo, estejam sendo comercializados de acordo com as normas de pesagem estabelecidas pela legisla\u00e7\u00e3o.<\/p>\n<p>Os itens s\u00e3o classificados como produtos pr\u00e9-embalados, ou seja, aqueles que s\u00e3o empacotados na aus\u00eancia do consumidor.<\/p>\n<p>\u00c9 importante lembrar que a etiqueta e a embalagem dos produtos devem conter informa\u00e7\u00f5es obrigat\u00f3rias, como a quantidade em gramas, litros ou unidades, de acordo como determina a legisla\u00e7\u00e3o metrol\u00f3gica em vigor.<\/p>\n<p><strong>Foto: Divulga\u00e7\u00e3o<\/strong><\/p>\n","protected":false},"excerpt":{"rendered":"<p>Garantir a medi\u00e7\u00e3o precisa dos produtos vendidos durante os festejos de Cosme e Dami\u00e3o. Esse \u00e9 o objetivo do Instituto Baiano de Metrologia e Qualidade (Ibametro), \u00f3rg\u00e3o delegado do Inmetro na Bahia e vinculado \u00e0 Secretaria de Desenvolvimento Econ\u00f4mico (SDE), com a\u00e7\u00f5es de fiscaliza\u00e7\u00f5es a que v\u00e3o estar em vigor at\u00e9 a pr\u00f3xima quarta-feira (27). [&hellip;]<\/p>\n","protected":false},"author":18,"featured_media":765214,"comment_status":"closed","ping_status":"closed","sticky":false,"template":"","format":"standard","meta":[],"categories":[5],"tags":[85,20584,20582,20583,14705,8103],"acf":[],"yoast_head":"<!-- This site is optimized with the Yoast SEO plugin v20.8 - https:\/\/yoast.com\/wordpress\/plugins\/seo\/ -->\n<title>IBAMETRO FISCALIZA VENDA DE PRODUTOS PARA CARURU DE COSME DE DAMI\u00c3O - Bahia Economica<\/title>\n<meta name=\"description\" content=\"O maior portal de Economia da Bahia MUNIC\u00cdPIOS Bahia Economica Garantir a medi\u00e7\u00e3o precisa dos produtos vendidos durante os festejos\" \/>\n<meta name=\"robots\" content=\"index, follow, max-snippet:-1, max-image-preview:large, max-video-preview:-1\" \/>\n<link rel=\"canonical\" href=\"https:\/\/bahiaeconomica.com.br\/wp\/2023\/09\/24\/ibametro-fiscaliza-venda-de-produtos-para-caruru-de-cosme-de-damiao\/\" \/>\n<meta property=\"og:locale\" content=\"pt_BR\" \/>\n<meta property=\"og:type\" content=\"article\" \/>\n<meta property=\"og:title\" content=\"IBAMETRO FISCALIZA VENDA DE PRODUTOS PARA CARURU DE COSME DE DAMI\u00c3O - Bahia Economica\" \/>\n<meta property=\"og:description\" content=\"O maior portal de Economia da Bahia MUNIC\u00cdPIOS Bahia Economica Garantir a medi\u00e7\u00e3o precisa dos produtos vendidos durante os festejos\" \/>\n<meta property=\"og:url\" content=\"https:\/\/bahiaeconomica.com.br\/wp\/2023\/09\/24\/ibametro-fiscaliza-venda-de-produtos-para-caruru-de-cosme-de-damiao\/\" \/>\n<meta property=\"og:site_name\" content=\"Bahia Economica\" \/>\n<meta property=\"article:publisher\" content=\"https:\/\/www.facebook.com\/bahiaeconomica\" \/>\n<meta property=\"article:published_time\" content=\"2023-09-24T14:30:20+00:00\" \/>\n<meta property=\"article:modified_time\" content=\"2023-09-23T13:36:03+00:00\" \/>\n<meta property=\"og:image\" content=\"https:\/\/bahiaeconomica.com.br\/wp\/wp-content\/uploads\/2023\/09\/Ibametro-fiscaliza-venda-de-produtos-para-festejos0124314300202309221455-ScaleDownProportional.webp\" \/>\n\t<meta property=\"og:image:width\" content=\"750\" \/>\n\t<meta property=\"og:image:height\" content=\"550\" \/>\n\t<meta property=\"og:image:type\" content=\"image\/webp\" \/>\n<meta name=\"author\" content=\"Emily Oliveira\" \/>\n<meta name=\"twitter:card\" content=\"summary_large_image\" \/>\n<meta name=\"twitter:label1\" content=\"Escrito por\" \/>\n\t<meta name=\"twitter:data1\" content=\"Emily Oliveira\" \/>\n\t<meta name=\"twitter:label2\" content=\"Est. tempo de leitura\" \/>\n\t<meta name=\"twitter:data2\" content=\"1 minuto\" \/>\n<script type=\"application\/ld+json\" class=\"yoast-schema-graph\">{\"@context\":\"https:\/\/schema.org\",\"@graph\":[{\"@type\":\"Article\",\"@id\":\"https:\/\/bahiaeconomica.com.br\/wp\/2023\/09\/24\/ibametro-fiscaliza-venda-de-produtos-para-caruru-de-cosme-de-damiao\/#article\",\"isPartOf\":{\"@id\":\"https:\/\/bahiaeconomica.com.br\/wp\/2023\/09\/24\/ibametro-fiscaliza-venda-de-produtos-para-caruru-de-cosme-de-damiao\/\"},\"author\":{\"name\":\"Emily Oliveira\",\"@id\":\"https:\/\/bahiaeconomica.com.br\/wp\/#\/schema\/person\/547396bb3b39ebb828ab5807d982c42f\"},\"headline\":\"IBAMETRO FISCALIZA VENDA DE PRODUTOS PARA CARURU DE COSME DE DAMI\u00c3O\",\"datePublished\":\"2023-09-24T14:30:20+00:00\",\"dateModified\":\"2023-09-23T13:36:03+00:00\",\"mainEntityOfPage\":{\"@id\":\"https:\/\/bahiaeconomica.com.br\/wp\/2023\/09\/24\/ibametro-fiscaliza-venda-de-produtos-para-caruru-de-cosme-de-damiao\/\"},\"wordCount\":191,\"publisher\":{\"@id\":\"https:\/\/bahiaeconomica.com.br\/wp\/#organization\"},\"keywords\":[\"Bahia\",\"caruru de setembro\",\"cosme e dami\u00e3o\",\"fiscaliza\u00e7\u00e3o ibametro\",\"ibametro\",\"setembro\"],\"articleSection\":[\"MUNIC\u00cdPIOS\"],\"inLanguage\":\"pt-BR\"},{\"@type\":\"WebPage\",\"@id\":\"https:\/\/bahiaeconomica.com.br\/wp\/2023\/09\/24\/ibametro-fiscaliza-venda-de-produtos-para-caruru-de-cosme-de-damiao\/\",\"url\":\"https:\/\/bahiaeconomica.com.br\/wp\/2023\/09\/24\/ibametro-fiscaliza-venda-de-produtos-para-caruru-de-cosme-de-damiao\/\",\"name\":\"IBAMETRO FISCALIZA VENDA DE PRODUTOS PARA CARURU DE COSME DE DAMI\u00c3O - Bahia Economica\",\"isPartOf\":{\"@id\":\"https:\/\/bahiaeconomica.com.br\/wp\/#website\"},\"datePublished\":\"2023-09-24T14:30:20+00:00\",\"dateModified\":\"2023-09-23T13:36:03+00:00\",\"description\":\"O maior portal de Economia da Bahia MUNIC\u00cdPIOS Bahia Economica Garantir a medi\u00e7\u00e3o precisa dos produtos vendidos durante os festejos\",\"breadcrumb\":{\"@id\":\"https:\/\/bahiaeconomica.com.br\/wp\/2023\/09\/24\/ibametro-fiscaliza-venda-de-produtos-para-caruru-de-cosme-de-damiao\/#breadcrumb\"},\"inLanguage\":\"pt-BR\",\"potentialAction\":[{\"@type\":\"ReadAction\",\"target\":[\"https:\/\/bahiaeconomica.com.br\/wp\/2023\/09\/24\/ibametro-fiscaliza-venda-de-produtos-para-caruru-de-cosme-de-damiao\/\"]}]},{\"@type\":\"BreadcrumbList\",\"@id\":\"https:\/\/bahiaeconomica.com.br\/wp\/2023\/09\/24\/ibametro-fiscaliza-venda-de-produtos-para-caruru-de-cosme-de-damiao\/#breadcrumb\",\"itemListElement\":[{\"@type\":\"ListItem\",\"position\":1,\"name\":\"In\u00edcio\",\"item\":\"https:\/\/bahiaeconomica.com.br\/wp\/\"},{\"@type\":\"ListItem\",\"position\":2,\"name\":\"IBAMETRO FISCALIZA VENDA DE PRODUTOS PARA CARURU DE COSME DE DAMI\u00c3O\"}]},{\"@type\":\"WebSite\",\"@id\":\"https:\/\/bahiaeconomica.com.br\/wp\/#website\",\"url\":\"https:\/\/bahiaeconomica.com.br\/wp\/\",\"name\":\"Bahia Economica\",\"description\":\"O maior portal de Economia da Bahia\",\"publisher\":{\"@id\":\"https:\/\/bahiaeconomica.com.br\/wp\/#organization\"},\"potentialAction\":[{\"@type\":\"SearchAction\",\"target\":{\"@type\":\"EntryPoint\",\"urlTemplate\":\"https:\/\/bahiaeconomica.com.br\/wp\/?s={search_term_string}\"},\"query-input\":\"required name=search_term_string\"}],\"inLanguage\":\"pt-BR\"},{\"@type\":\"Organization\",\"@id\":\"https:\/\/bahiaeconomica.com.br\/wp\/#organization\",\"name\":\"Bahia Econ\u00f4mica\",\"url\":\"https:\/\/bahiaeconomica.com.br\/wp\/\",\"logo\":{\"@type\":\"ImageObject\",\"inLanguage\":\"pt-BR\",\"@id\":\"https:\/\/bahiaeconomica.com.br\/wp\/#\/schema\/logo\/image\/\",\"url\":\"https:\/\/bahiaeconomica.com.br\/wp\/wp-content\/uploads\/2020\/12\/cropped-BE.png\",\"contentUrl\":\"https:\/\/bahiaeconomica.com.br\/wp\/wp-content\/uploads\/2020\/12\/cropped-BE.png\",\"width\":512,\"height\":512,\"caption\":\"Bahia Econ\u00f4mica\"},\"image\":{\"@id\":\"https:\/\/bahiaeconomica.com.br\/wp\/#\/schema\/logo\/image\/\"},\"sameAs\":[\"https:\/\/www.facebook.com\/bahiaeconomica\"]},{\"@type\":\"Person\",\"@id\":\"https:\/\/bahiaeconomica.com.br\/wp\/#\/schema\/person\/547396bb3b39ebb828ab5807d982c42f\",\"name\":\"Emily Oliveira\",\"sameAs\":[\"https:\/\/bahiaeconomica.com.br\/wp\/\"],\"url\":\"https:\/\/bahiaeconomica.com.br\/wp\/author\/emily-oliveira\/\"}]}<\/script>\n<!-- \/ Yoast SEO plugin. -->","yoast_head_json":{"title":"IBAMETRO FISCALIZA VENDA DE PRODUTOS PARA CARURU DE COSME DE DAMI\u00c3O - Bahia Economica","description":"O maior portal de Economia da Bahia MUNIC\u00cdPIOS Bahia Economica Garantir a medi\u00e7\u00e3o precisa dos produtos vendidos durante os festejos","robots":{"index":"index","follow":"follow","max-snippet":"max-snippet:-1","max-image-preview":"max-image-preview:large","max-video-preview":"max-video-preview:-1"},"canonical":"https:\/\/bahiaeconomica.com.br\/wp\/2023\/09\/24\/ibametro-fiscaliza-venda-de-produtos-para-caruru-de-cosme-de-damiao\/","og_locale":"pt_BR","og_type":"article","og_title":"IBAMETRO FISCALIZA VENDA DE PRODUTOS PARA CARURU DE COSME DE DAMI\u00c3O - Bahia Economica","og_description":"O maior portal de Economia da Bahia MUNIC\u00cdPIOS Bahia Economica Garantir a medi\u00e7\u00e3o precisa dos produtos vendidos durante os festejos","og_url":"https:\/\/bahiaeconomica.com.br\/wp\/2023\/09\/24\/ibametro-fiscaliza-venda-de-produtos-para-caruru-de-cosme-de-damiao\/","og_site_name":"Bahia Economica","article_publisher":"https:\/\/www.facebook.com\/bahiaeconomica","article_published_time":"2023-09-24T14:30:20+00:00","article_modified_time":"2023-09-23T13:36:03+00:00","og_image":[{"width":750,"height":550,"url":"https:\/\/bahiaeconomica.com.br\/wp\/wp-content\/uploads\/2023\/09\/Ibametro-fiscaliza-venda-de-produtos-para-festejos0124314300202309221455-ScaleDownProportional.webp","type":"image\/webp"}],"author":"Emily Oliveira","twitter_card":"summary_large_image","twitter_misc":{"Escrito por":"Emily Oliveira","Est. tempo de leitura":"1 minuto"},"schema":{"@context":"https:\/\/schema.org","@graph":[{"@type":"Article","@id":"https:\/\/bahiaeconomica.com.br\/wp\/2023\/09\/24\/ibametro-fiscaliza-venda-de-produtos-para-caruru-de-cosme-de-damiao\/#article","isPartOf":{"@id":"https:\/\/bahiaeconomica.com.br\/wp\/2023\/09\/24\/ibametro-fiscaliza-venda-de-produtos-para-caruru-de-cosme-de-damiao\/"},"author":{"name":"Emily Oliveira","@id":"https:\/\/bahiaeconomica.com.br\/wp\/#\/schema\/person\/547396bb3b39ebb828ab5807d982c42f"},"headline":"IBAMETRO FISCALIZA VENDA DE PRODUTOS PARA CARURU DE COSME DE DAMI\u00c3O","datePublished":"2023-09-24T14:30:20+00:00","dateModified":"2023-09-23T13:36:03+00:00","mainEntityOfPage":{"@id":"https:\/\/bahiaeconomica.com.br\/wp\/2023\/09\/24\/ibametro-fiscaliza-venda-de-produtos-para-caruru-de-cosme-de-damiao\/"},"wordCount":191,"publisher":{"@id":"https:\/\/bahiaeconomica.com.br\/wp\/#organization"},"keywords":["Bahia","caruru de setembro","cosme e dami\u00e3o","fiscaliza\u00e7\u00e3o ibametro","ibametro","setembro"],"articleSection":["MUNIC\u00cdPIOS"],"inLanguage":"pt-BR"},{"@type":"WebPage","@id":"https:\/\/bahiaeconomica.com.br\/wp\/2023\/09\/24\/ibametro-fiscaliza-venda-de-produtos-para-caruru-de-cosme-de-damiao\/","url":"https:\/\/bahiaeconomica.com.br\/wp\/2023\/09\/24\/ibametro-fiscaliza-venda-de-produtos-para-caruru-de-cosme-de-damiao\/","name":"IBAMETRO FISCALIZA VENDA DE PRODUTOS PARA CARURU DE COSME DE DAMI\u00c3O - Bahia Economica","isPartOf":{"@id":"https:\/\/bahiaeconomica.com.br\/wp\/#website"},"datePublished":"2023-09-24T14:30:20+00:00","dateModified":"2023-09-23T13:36:03+00:00","description":"O maior portal de Economia da Bahia MUNIC\u00cdPIOS Bahia Economica Garantir a medi\u00e7\u00e3o precisa dos produtos vendidos durante os festejos","breadcrumb":{"@id":"https:\/\/bahiaeconomica.com.br\/wp\/2023\/09\/24\/ibametro-fiscaliza-venda-de-produtos-para-caruru-de-cosme-de-damiao\/#breadcrumb"},"inLanguage":"pt-BR","potentialAction":[{"@type":"ReadAction","target":["https:\/\/bahiaeconomica.com.br\/wp\/2023\/09\/24\/ibametro-fiscaliza-venda-de-produtos-para-caruru-de-cosme-de-damiao\/"]}]},{"@type":"BreadcrumbList","@id":"https:\/\/bahiaeconomica.com.br\/wp\/2023\/09\/24\/ibametro-fiscaliza-venda-de-produtos-para-caruru-de-cosme-de-damiao\/#breadcrumb","itemListElement":[{"@type":"ListItem","position":1,"name":"In\u00edcio","item":"https:\/\/bahiaeconomica.com.br\/wp\/"},{"@type":"ListItem","position":2,"name":"IBAMETRO FISCALIZA VENDA DE PRODUTOS PARA CARURU DE COSME DE DAMI\u00c3O"}]},{"@type":"WebSite","@id":"https:\/\/bahiaeconomica.com.br\/wp\/#website","url":"https:\/\/bahiaeconomica.com.br\/wp\/","name":"Bahia Economica","description":"O maior portal de Economia da Bahia","publisher":{"@id":"https:\/\/bahiaeconomica.com.br\/wp\/#organization"},"potentialAction":[{"@type":"SearchAction","target":{"@type":"EntryPoint","urlTemplate":"https:\/\/bahiaeconomica.com.br\/wp\/?s={search_term_string}"},"query-input":"required name=search_term_string"}],"inLanguage":"pt-BR"},{"@type":"Organization","@id":"https:\/\/bahiaeconomica.com.br\/wp\/#organization","name":"Bahia Econ\u00f4mica","url":"https:\/\/bahiaeconomica.com.br\/wp\/","logo":{"@type":"ImageObject","inLanguage":"pt-BR","@id":"https:\/\/bahiaeconomica.com.br\/wp\/#\/schema\/logo\/image\/","url":"https:\/\/bahiaeconomica.com.br\/wp\/wp-content\/uploads\/2020\/12\/cropped-BE.png","contentUrl":"https:\/\/bahiaeconomica.com.br\/wp\/wp-content\/uploads\/2020\/12\/cropped-BE.png","width":512,"height":512,"caption":"Bahia Econ\u00f4mica"},"image":{"@id":"https:\/\/bahiaeconomica.com.br\/wp\/#\/schema\/logo\/image\/"},"sameAs":["https:\/\/www.facebook.com\/bahiaeconomica"]},{"@type":"Person","@id":"https:\/\/bahiaeconomica.com.br\/wp\/#\/schema\/person\/547396bb3b39ebb828ab5807d982c42f","name":"Emily Oliveira","sameAs":["https:\/\/bahiaeconomica.com.br\/wp\/"],"url":"https:\/\/bahiaeconomica.com.br\/wp\/author\/emily-oliveira\/"}]}},"views":4,"_links":{"self":[{"href":"https:\/\/bahiaeconomica.com.br\/wp\/wp-json\/wp\/v2\/posts\/765209"}],"collection":[{"href":"https:\/\/bahiaeconomica.com.br\/wp\/wp-json\/wp\/v2\/posts"}],"about":[{"href":"https:\/\/bahiaeconomica.com.br\/wp\/wp-json\/wp\/v2\/types\/post"}],"author":[{"embeddable":true,"href":"https:\/\/bahiaeconomica.com.br\/wp\/wp-json\/wp\/v2\/users\/18"}],"replies":[{"embeddable":true,"href":"https:\/\/bahiaeconomica.com.br\/wp\/wp-json\/wp\/v2\/comments?post=765209"}],"version-history":[{"count":1,"href":"https:\/\/bahiaeconomica.com.br\/wp\/wp-json\/wp\/v2\/posts\/765209\/revisions"}],"predecessor-version":[{"id":765216,"href":"https:\/\/bahiaeconomica.com.br\/wp\/wp-json\/wp\/v2\/posts\/765209\/revisions\/765216"}],"wp:featuredmedia":[{"embeddable":true,"href":"https:\/\/bahiaeconomica.com.br\/wp\/wp-json\/wp\/v2\/media\/765214"}],"wp:attachment":[{"href":"https:\/\/bahiaeconomica.com.br\/wp\/wp-json\/wp\/v2\/media?parent=765209"}],"wp:term":[{"taxonomy":"category","embeddable":true,"href":"https:\/\/bahiaeconomica.com.br\/wp\/wp-json\/wp\/v2\/categories?post=765209"},{"taxonomy":"post_tag","embeddable":true,"href":"https:\/\/bahiaeconomica.com.br\/wp\/wp-json\/wp\/v2\/tags?post=765209"}],"curies":[{"name":"wp","href":"https:\/\/api.w.org\/{rel}","templated":true}]}}