{"id":763894,"date":"2023-09-19T12:12:42","date_gmt":"2023-09-19T15:12:42","guid":{"rendered":"https:\/\/bahiaeconomica.com.br\/wp\/?p=763894"},"modified":"2023-09-19T12:12:42","modified_gmt":"2023-09-19T15:12:42","slug":"indicado-ao-premio-braskem-de-teatro-espetaculo-o-rabo-e-a-porca-estreia-temporada-na-sala-do-coro-do-tca","status":"publish","type":"post","link":"https:\/\/bahiaeconomica.com.br\/wp\/2023\/09\/19\/indicado-ao-premio-braskem-de-teatro-espetaculo-o-rabo-e-a-porca-estreia-temporada-na-sala-do-coro-do-tca\/","title":{"rendered":"INDICADO AO PR\u00caMIO BRASKEM DE TEATRO, ESPET\u00c1CULO &#8220;O RABO E A PORCA&#8221; ESTREIA TEMPORADA NA SALA DO CORO DO TCA"},"content":{"rendered":"<p>Indicado ao Pr\u00eamio Braskem de Teatro nas categorias Dire\u00e7\u00e3o (Jo\u00e3o Lima), Melhor Atriz (Aicha Marques e Manu Santiago) e Melhor Espet\u00e1culo Adulto, &#8220;O Rabo e a Porca&#8221; volta aos palcos de Salvador nesta sexta-feira (22), na Sala do Coro do TCA, em temporada que vai at\u00e9 8 de outubro, sempre de sexta-feira a domingo, \u00e0s 20h. A montagem explora elementos c\u00eanicos do teatro f\u00edsico, do teatro visual e do teatro gestual numa hist\u00f3ria cheia de detalhes e nuances, com muita visualidade e nenhuma palavra falada.<\/p>\n<p>A pe\u00e7a remexe percep\u00e7\u00f5es, reflex\u00f5es, causas, cren\u00e7as e quest\u00f5es do humano sem nenhuma conclus\u00e3o dada de gra\u00e7a. Em cena, uma artista de cabar\u00e9 decadente que teve uma filha, fruto de uma rela\u00e7\u00e3o machista, da qual decide se libertar, restando-lhe perambular pela vida sem teto e enla\u00e7ada com sua cria, trazendo \u00e0 cena sutilezas e sofrimentos que nascem das rela\u00e7\u00f5es marcadas por opress\u00e3o e depend\u00eancia emocional.<\/p>\n<p>&#8220;Eu estou bem contente com essa temporada, vai ser bem rico porque a Sala do Coro \u00e9 um teatro que tem mais equipamento de luz, tamb\u00e9m tem uma rela\u00e7\u00e3o de plateia muito interessante, a gente pode encaixar a plateia de v\u00e1rias formas. \u00c9 um teatro que \u00e9 o meu teatro dos sonhos, de m\u00e9dio porte e bem localizado, no Campo Grande, ent\u00e3o eu acho que teremos um p\u00fablico muito maior. Eu tenho para mim que a gente vai bombar tamb\u00e9m na Sala do Coro&#8221;, avalia Aicha Marques.<\/p>\n<p>&#8220;A gente segue confiante, na certeza de que teremos um p\u00fablico que vai prestigiar o teatro baiano, o teatro visual e gestual, nesse contexto incomum na cria\u00e7\u00e3o dramat\u00fargica baiana. Estamos desejando muito que seja mais uma vez uma temporada de sucesso, recheada de pessoas como foi no Greg\u00f3rio de Mattos. Eu j\u00e1 soube que t\u00eam pessoas que v\u00e3o assistir de novo, porque teatro gestual possibilita isso de captar v\u00e1rias camadas. O que a gente capta no primeiro momento pode mudar ao olhar novamente por outra perspectiva&#8221;, comenta a atriz Manu Santiago.<\/p>\n<p>O espet\u00e1culo suscita reflex\u00f5es sobre machismo, patriarcado, aliena\u00e7\u00e3o parental e perda de identidade. Crescendo sob os gatilhos negativos da toxicidade constru\u00edda na rela\u00e7\u00e3o de seus pais, a filha \u2013 personagem de Manu Santiago &#8211; liberta sua linhagem feminina, salvando a sua m\u00e3e do seu submundo mental e reacendendo as luzes do seu show. A express\u00e3o corporal das atrizes junto a elementos como luz, cen\u00e1rio, m\u00fasica, objetos c\u00eanicos e adere\u00e7os comp\u00f5em um arcabou\u00e7o comunicativo que prioriza o \u00edntimo de cada espectador para a interpreta\u00e7\u00e3o da narrativa que se desenrola no palco.<\/p>\n<p>A produ\u00e7\u00e3o executiva do espet\u00e1culo tem assinatura da Multi Planejamento Cultural. O Governo da Bahia apresenta o espet\u00e1culo c\u00eanico contemplado pelo Edital Setorial de Teatro 2019 e tem apoio financeiro do Governo do Estado, atrav\u00e9s do Fundo de Cultura, Secretaria da Fazenda, Funda\u00e7\u00e3o Cultural do Estado da Bahia e Secretaria de Cultura da Bahia.<\/p>\n<p>SERVI\u00c7O:<\/p>\n<p>O Rabo e a Porca &#8211; 2\u00aa Temporada<\/p>\n<p>Datas: 22 de setembro a 08 de outubro (sexta-feira a domingo)<\/p>\n<p>Hor\u00e1rio: 20h<\/p>\n<p>Local: Sala do Coro do Teatro Castro Alves<\/p>\n<p>Ingressos: R$ 30,00 (inteira) e R$ 15,00 (meia)<\/p>\n<p>Classifica\u00e7\u00e3o: 12 anos<\/p>\n<p>Foto: Amanda Tropicana<\/p>\n","protected":false},"excerpt":{"rendered":"<p>Indicado ao Pr\u00eamio Braskem de Teatro nas categorias Dire\u00e7\u00e3o (Jo\u00e3o Lima), Melhor Atriz (Aicha Marques e Manu Santiago) e Melhor Espet\u00e1culo Adulto, &#8220;O Rabo e a Porca&#8221; volta aos palcos de Salvador nesta sexta-feira (22), na Sala do Coro do TCA, em temporada que vai at\u00e9 8 de outubro, sempre de sexta-feira a domingo, \u00e0s [&hellip;]<\/p>\n","protected":false},"author":15,"featured_media":763895,"comment_status":"closed","ping_status":"closed","sticky":false,"template":"","format":"standard","meta":[],"categories":[689],"tags":[1794,1094,1758],"acf":[],"yoast_head":"<!-- This site is optimized with the Yoast SEO plugin v20.8 - https:\/\/yoast.com\/wordpress\/plugins\/seo\/ -->\n<title>INDICADO AO PR\u00caMIO BRASKEM DE TEATRO, ESPET\u00c1CULO &quot;O RABO E A PORCA&quot; ESTREIA TEMPORADA NA SALA DO CORO DO TCA - Bahia Economica<\/title>\n<meta name=\"description\" content=\"O maior portal de Economia da Bahia CULTURA E ARTE Bahia Economica Indicado ao Pr\u00eamio Braskem de Teatro nas categorias Dire\u00e7\u00e3o\" \/>\n<meta name=\"robots\" content=\"index, follow, max-snippet:-1, max-image-preview:large, max-video-preview:-1\" \/>\n<link rel=\"canonical\" href=\"https:\/\/bahiaeconomica.com.br\/wp\/2023\/09\/19\/indicado-ao-premio-braskem-de-teatro-espetaculo-o-rabo-e-a-porca-estreia-temporada-na-sala-do-coro-do-tca\/\" \/>\n<meta property=\"og:locale\" content=\"pt_BR\" \/>\n<meta property=\"og:type\" content=\"article\" \/>\n<meta property=\"og:title\" content=\"INDICADO AO PR\u00caMIO BRASKEM DE TEATRO, ESPET\u00c1CULO &quot;O RABO E A PORCA&quot; ESTREIA TEMPORADA NA SALA DO CORO DO TCA - Bahia Economica\" \/>\n<meta property=\"og:description\" content=\"O maior portal de Economia da Bahia CULTURA E ARTE Bahia Economica Indicado ao Pr\u00eamio Braskem de Teatro nas categorias Dire\u00e7\u00e3o\" \/>\n<meta property=\"og:url\" content=\"https:\/\/bahiaeconomica.com.br\/wp\/2023\/09\/19\/indicado-ao-premio-braskem-de-teatro-espetaculo-o-rabo-e-a-porca-estreia-temporada-na-sala-do-coro-do-tca\/\" \/>\n<meta property=\"og:site_name\" content=\"Bahia Economica\" \/>\n<meta property=\"article:publisher\" content=\"https:\/\/www.facebook.com\/bahiaeconomica\" \/>\n<meta property=\"article:published_time\" content=\"2023-09-19T15:12:42+00:00\" \/>\n<meta property=\"og:image\" content=\"https:\/\/bahiaeconomica.com.br\/wp\/wp-content\/uploads\/2023\/09\/image001-e1695136170689.jpg\" \/>\n\t<meta property=\"og:image:width\" content=\"315\" \/>\n\t<meta property=\"og:image:height\" content=\"245\" \/>\n\t<meta property=\"og:image:type\" content=\"image\/jpeg\" \/>\n<meta name=\"author\" content=\"VICTORIA ISABEL\" \/>\n<meta name=\"twitter:card\" content=\"summary_large_image\" \/>\n<meta name=\"twitter:label1\" content=\"Escrito por\" \/>\n\t<meta name=\"twitter:data1\" content=\"VICTORIA ISABEL\" \/>\n\t<meta name=\"twitter:label2\" content=\"Est. tempo de leitura\" \/>\n\t<meta name=\"twitter:data2\" content=\"3 minutos\" \/>\n<script type=\"application\/ld+json\" class=\"yoast-schema-graph\">{\"@context\":\"https:\/\/schema.org\",\"@graph\":[{\"@type\":\"Article\",\"@id\":\"https:\/\/bahiaeconomica.com.br\/wp\/2023\/09\/19\/indicado-ao-premio-braskem-de-teatro-espetaculo-o-rabo-e-a-porca-estreia-temporada-na-sala-do-coro-do-tca\/#article\",\"isPartOf\":{\"@id\":\"https:\/\/bahiaeconomica.com.br\/wp\/2023\/09\/19\/indicado-ao-premio-braskem-de-teatro-espetaculo-o-rabo-e-a-porca-estreia-temporada-na-sala-do-coro-do-tca\/\"},\"author\":{\"name\":\"VICTORIA ISABEL\",\"@id\":\"https:\/\/bahiaeconomica.com.br\/wp\/#\/schema\/person\/b719ce0fb1c09f3c7a00d9243ced4a6f\"},\"headline\":\"INDICADO AO PR\u00caMIO BRASKEM DE TEATRO, ESPET\u00c1CULO &#8220;O RABO E A PORCA&#8221; ESTREIA TEMPORADA NA SALA DO CORO DO TCA\",\"datePublished\":\"2023-09-19T15:12:42+00:00\",\"dateModified\":\"2023-09-19T15:12:42+00:00\",\"mainEntityOfPage\":{\"@id\":\"https:\/\/bahiaeconomica.com.br\/wp\/2023\/09\/19\/indicado-ao-premio-braskem-de-teatro-espetaculo-o-rabo-e-a-porca-estreia-temporada-na-sala-do-coro-do-tca\/\"},\"wordCount\":580,\"publisher\":{\"@id\":\"https:\/\/bahiaeconomica.com.br\/wp\/#organization\"},\"keywords\":[\"braskem\",\"premio\",\"teatro\"],\"articleSection\":[\"CULTURA E ARTE\"],\"inLanguage\":\"pt-BR\"},{\"@type\":\"WebPage\",\"@id\":\"https:\/\/bahiaeconomica.com.br\/wp\/2023\/09\/19\/indicado-ao-premio-braskem-de-teatro-espetaculo-o-rabo-e-a-porca-estreia-temporada-na-sala-do-coro-do-tca\/\",\"url\":\"https:\/\/bahiaeconomica.com.br\/wp\/2023\/09\/19\/indicado-ao-premio-braskem-de-teatro-espetaculo-o-rabo-e-a-porca-estreia-temporada-na-sala-do-coro-do-tca\/\",\"name\":\"INDICADO AO PR\u00caMIO BRASKEM DE TEATRO, ESPET\u00c1CULO \\\"O RABO E A PORCA\\\" ESTREIA TEMPORADA NA SALA DO CORO DO TCA - Bahia Economica\",\"isPartOf\":{\"@id\":\"https:\/\/bahiaeconomica.com.br\/wp\/#website\"},\"datePublished\":\"2023-09-19T15:12:42+00:00\",\"dateModified\":\"2023-09-19T15:12:42+00:00\",\"description\":\"O maior portal de Economia da Bahia CULTURA E ARTE Bahia Economica Indicado ao Pr\u00eamio Braskem de Teatro nas categorias Dire\u00e7\u00e3o\",\"breadcrumb\":{\"@id\":\"https:\/\/bahiaeconomica.com.br\/wp\/2023\/09\/19\/indicado-ao-premio-braskem-de-teatro-espetaculo-o-rabo-e-a-porca-estreia-temporada-na-sala-do-coro-do-tca\/#breadcrumb\"},\"inLanguage\":\"pt-BR\",\"potentialAction\":[{\"@type\":\"ReadAction\",\"target\":[\"https:\/\/bahiaeconomica.com.br\/wp\/2023\/09\/19\/indicado-ao-premio-braskem-de-teatro-espetaculo-o-rabo-e-a-porca-estreia-temporada-na-sala-do-coro-do-tca\/\"]}]},{\"@type\":\"BreadcrumbList\",\"@id\":\"https:\/\/bahiaeconomica.com.br\/wp\/2023\/09\/19\/indicado-ao-premio-braskem-de-teatro-espetaculo-o-rabo-e-a-porca-estreia-temporada-na-sala-do-coro-do-tca\/#breadcrumb\",\"itemListElement\":[{\"@type\":\"ListItem\",\"position\":1,\"name\":\"In\u00edcio\",\"item\":\"https:\/\/bahiaeconomica.com.br\/wp\/\"},{\"@type\":\"ListItem\",\"position\":2,\"name\":\"INDICADO AO PR\u00caMIO BRASKEM DE TEATRO, ESPET\u00c1CULO &#8220;O RABO E A PORCA&#8221; ESTREIA TEMPORADA NA SALA DO CORO DO TCA\"}]},{\"@type\":\"WebSite\",\"@id\":\"https:\/\/bahiaeconomica.com.br\/wp\/#website\",\"url\":\"https:\/\/bahiaeconomica.com.br\/wp\/\",\"name\":\"Bahia Economica\",\"description\":\"O maior portal de Economia da Bahia\",\"publisher\":{\"@id\":\"https:\/\/bahiaeconomica.com.br\/wp\/#organization\"},\"potentialAction\":[{\"@type\":\"SearchAction\",\"target\":{\"@type\":\"EntryPoint\",\"urlTemplate\":\"https:\/\/bahiaeconomica.com.br\/wp\/?s={search_term_string}\"},\"query-input\":\"required name=search_term_string\"}],\"inLanguage\":\"pt-BR\"},{\"@type\":\"Organization\",\"@id\":\"https:\/\/bahiaeconomica.com.br\/wp\/#organization\",\"name\":\"Bahia Econ\u00f4mica\",\"url\":\"https:\/\/bahiaeconomica.com.br\/wp\/\",\"logo\":{\"@type\":\"ImageObject\",\"inLanguage\":\"pt-BR\",\"@id\":\"https:\/\/bahiaeconomica.com.br\/wp\/#\/schema\/logo\/image\/\",\"url\":\"https:\/\/bahiaeconomica.com.br\/wp\/wp-content\/uploads\/2020\/12\/cropped-BE.png\",\"contentUrl\":\"https:\/\/bahiaeconomica.com.br\/wp\/wp-content\/uploads\/2020\/12\/cropped-BE.png\",\"width\":512,\"height\":512,\"caption\":\"Bahia Econ\u00f4mica\"},\"image\":{\"@id\":\"https:\/\/bahiaeconomica.com.br\/wp\/#\/schema\/logo\/image\/\"},\"sameAs\":[\"https:\/\/www.facebook.com\/bahiaeconomica\"]},{\"@type\":\"Person\",\"@id\":\"https:\/\/bahiaeconomica.com.br\/wp\/#\/schema\/person\/b719ce0fb1c09f3c7a00d9243ced4a6f\",\"name\":\"VICTORIA ISABEL\",\"sameAs\":[\"http:\/\/www.bahiaeconomica.com.br\"],\"url\":\"https:\/\/bahiaeconomica.com.br\/wp\/author\/victoria-isabel\/\"}]}<\/script>\n<!-- \/ Yoast SEO plugin. -->","yoast_head_json":{"title":"INDICADO AO PR\u00caMIO BRASKEM DE TEATRO, ESPET\u00c1CULO \"O RABO E A PORCA\" ESTREIA TEMPORADA NA SALA DO CORO DO TCA - Bahia Economica","description":"O maior portal de Economia da Bahia CULTURA E ARTE Bahia Economica Indicado ao Pr\u00eamio Braskem de Teatro nas categorias Dire\u00e7\u00e3o","robots":{"index":"index","follow":"follow","max-snippet":"max-snippet:-1","max-image-preview":"max-image-preview:large","max-video-preview":"max-video-preview:-1"},"canonical":"https:\/\/bahiaeconomica.com.br\/wp\/2023\/09\/19\/indicado-ao-premio-braskem-de-teatro-espetaculo-o-rabo-e-a-porca-estreia-temporada-na-sala-do-coro-do-tca\/","og_locale":"pt_BR","og_type":"article","og_title":"INDICADO AO PR\u00caMIO BRASKEM DE TEATRO, ESPET\u00c1CULO \"O RABO E A PORCA\" ESTREIA TEMPORADA NA SALA DO CORO DO TCA - Bahia Economica","og_description":"O maior portal de Economia da Bahia CULTURA E ARTE Bahia Economica Indicado ao Pr\u00eamio Braskem de Teatro nas categorias Dire\u00e7\u00e3o","og_url":"https:\/\/bahiaeconomica.com.br\/wp\/2023\/09\/19\/indicado-ao-premio-braskem-de-teatro-espetaculo-o-rabo-e-a-porca-estreia-temporada-na-sala-do-coro-do-tca\/","og_site_name":"Bahia Economica","article_publisher":"https:\/\/www.facebook.com\/bahiaeconomica","article_published_time":"2023-09-19T15:12:42+00:00","og_image":[{"width":315,"height":245,"url":"https:\/\/bahiaeconomica.com.br\/wp\/wp-content\/uploads\/2023\/09\/image001-e1695136170689.jpg","type":"image\/jpeg"}],"author":"VICTORIA ISABEL","twitter_card":"summary_large_image","twitter_misc":{"Escrito por":"VICTORIA ISABEL","Est. tempo de leitura":"3 minutos"},"schema":{"@context":"https:\/\/schema.org","@graph":[{"@type":"Article","@id":"https:\/\/bahiaeconomica.com.br\/wp\/2023\/09\/19\/indicado-ao-premio-braskem-de-teatro-espetaculo-o-rabo-e-a-porca-estreia-temporada-na-sala-do-coro-do-tca\/#article","isPartOf":{"@id":"https:\/\/bahiaeconomica.com.br\/wp\/2023\/09\/19\/indicado-ao-premio-braskem-de-teatro-espetaculo-o-rabo-e-a-porca-estreia-temporada-na-sala-do-coro-do-tca\/"},"author":{"name":"VICTORIA ISABEL","@id":"https:\/\/bahiaeconomica.com.br\/wp\/#\/schema\/person\/b719ce0fb1c09f3c7a00d9243ced4a6f"},"headline":"INDICADO AO PR\u00caMIO BRASKEM DE TEATRO, ESPET\u00c1CULO &#8220;O RABO E A PORCA&#8221; ESTREIA TEMPORADA NA SALA DO CORO DO TCA","datePublished":"2023-09-19T15:12:42+00:00","dateModified":"2023-09-19T15:12:42+00:00","mainEntityOfPage":{"@id":"https:\/\/bahiaeconomica.com.br\/wp\/2023\/09\/19\/indicado-ao-premio-braskem-de-teatro-espetaculo-o-rabo-e-a-porca-estreia-temporada-na-sala-do-coro-do-tca\/"},"wordCount":580,"publisher":{"@id":"https:\/\/bahiaeconomica.com.br\/wp\/#organization"},"keywords":["braskem","premio","teatro"],"articleSection":["CULTURA E ARTE"],"inLanguage":"pt-BR"},{"@type":"WebPage","@id":"https:\/\/bahiaeconomica.com.br\/wp\/2023\/09\/19\/indicado-ao-premio-braskem-de-teatro-espetaculo-o-rabo-e-a-porca-estreia-temporada-na-sala-do-coro-do-tca\/","url":"https:\/\/bahiaeconomica.com.br\/wp\/2023\/09\/19\/indicado-ao-premio-braskem-de-teatro-espetaculo-o-rabo-e-a-porca-estreia-temporada-na-sala-do-coro-do-tca\/","name":"INDICADO AO PR\u00caMIO BRASKEM DE TEATRO, ESPET\u00c1CULO \"O RABO E A PORCA\" ESTREIA TEMPORADA NA SALA DO CORO DO TCA - Bahia Economica","isPartOf":{"@id":"https:\/\/bahiaeconomica.com.br\/wp\/#website"},"datePublished":"2023-09-19T15:12:42+00:00","dateModified":"2023-09-19T15:12:42+00:00","description":"O maior portal de Economia da Bahia CULTURA E ARTE Bahia Economica Indicado ao Pr\u00eamio Braskem de Teatro nas categorias Dire\u00e7\u00e3o","breadcrumb":{"@id":"https:\/\/bahiaeconomica.com.br\/wp\/2023\/09\/19\/indicado-ao-premio-braskem-de-teatro-espetaculo-o-rabo-e-a-porca-estreia-temporada-na-sala-do-coro-do-tca\/#breadcrumb"},"inLanguage":"pt-BR","potentialAction":[{"@type":"ReadAction","target":["https:\/\/bahiaeconomica.com.br\/wp\/2023\/09\/19\/indicado-ao-premio-braskem-de-teatro-espetaculo-o-rabo-e-a-porca-estreia-temporada-na-sala-do-coro-do-tca\/"]}]},{"@type":"BreadcrumbList","@id":"https:\/\/bahiaeconomica.com.br\/wp\/2023\/09\/19\/indicado-ao-premio-braskem-de-teatro-espetaculo-o-rabo-e-a-porca-estreia-temporada-na-sala-do-coro-do-tca\/#breadcrumb","itemListElement":[{"@type":"ListItem","position":1,"name":"In\u00edcio","item":"https:\/\/bahiaeconomica.com.br\/wp\/"},{"@type":"ListItem","position":2,"name":"INDICADO AO PR\u00caMIO BRASKEM DE TEATRO, ESPET\u00c1CULO &#8220;O RABO E A PORCA&#8221; ESTREIA TEMPORADA NA SALA DO CORO DO TCA"}]},{"@type":"WebSite","@id":"https:\/\/bahiaeconomica.com.br\/wp\/#website","url":"https:\/\/bahiaeconomica.com.br\/wp\/","name":"Bahia Economica","description":"O maior portal de Economia da Bahia","publisher":{"@id":"https:\/\/bahiaeconomica.com.br\/wp\/#organization"},"potentialAction":[{"@type":"SearchAction","target":{"@type":"EntryPoint","urlTemplate":"https:\/\/bahiaeconomica.com.br\/wp\/?s={search_term_string}"},"query-input":"required name=search_term_string"}],"inLanguage":"pt-BR"},{"@type":"Organization","@id":"https:\/\/bahiaeconomica.com.br\/wp\/#organization","name":"Bahia Econ\u00f4mica","url":"https:\/\/bahiaeconomica.com.br\/wp\/","logo":{"@type":"ImageObject","inLanguage":"pt-BR","@id":"https:\/\/bahiaeconomica.com.br\/wp\/#\/schema\/logo\/image\/","url":"https:\/\/bahiaeconomica.com.br\/wp\/wp-content\/uploads\/2020\/12\/cropped-BE.png","contentUrl":"https:\/\/bahiaeconomica.com.br\/wp\/wp-content\/uploads\/2020\/12\/cropped-BE.png","width":512,"height":512,"caption":"Bahia Econ\u00f4mica"},"image":{"@id":"https:\/\/bahiaeconomica.com.br\/wp\/#\/schema\/logo\/image\/"},"sameAs":["https:\/\/www.facebook.com\/bahiaeconomica"]},{"@type":"Person","@id":"https:\/\/bahiaeconomica.com.br\/wp\/#\/schema\/person\/b719ce0fb1c09f3c7a00d9243ced4a6f","name":"VICTORIA ISABEL","sameAs":["http:\/\/www.bahiaeconomica.com.br"],"url":"https:\/\/bahiaeconomica.com.br\/wp\/author\/victoria-isabel\/"}]}},"views":23,"_links":{"self":[{"href":"https:\/\/bahiaeconomica.com.br\/wp\/wp-json\/wp\/v2\/posts\/763894"}],"collection":[{"href":"https:\/\/bahiaeconomica.com.br\/wp\/wp-json\/wp\/v2\/posts"}],"about":[{"href":"https:\/\/bahiaeconomica.com.br\/wp\/wp-json\/wp\/v2\/types\/post"}],"author":[{"embeddable":true,"href":"https:\/\/bahiaeconomica.com.br\/wp\/wp-json\/wp\/v2\/users\/15"}],"replies":[{"embeddable":true,"href":"https:\/\/bahiaeconomica.com.br\/wp\/wp-json\/wp\/v2\/comments?post=763894"}],"version-history":[{"count":1,"href":"https:\/\/bahiaeconomica.com.br\/wp\/wp-json\/wp\/v2\/posts\/763894\/revisions"}],"predecessor-version":[{"id":763898,"href":"https:\/\/bahiaeconomica.com.br\/wp\/wp-json\/wp\/v2\/posts\/763894\/revisions\/763898"}],"wp:featuredmedia":[{"embeddable":true,"href":"https:\/\/bahiaeconomica.com.br\/wp\/wp-json\/wp\/v2\/media\/763895"}],"wp:attachment":[{"href":"https:\/\/bahiaeconomica.com.br\/wp\/wp-json\/wp\/v2\/media?parent=763894"}],"wp:term":[{"taxonomy":"category","embeddable":true,"href":"https:\/\/bahiaeconomica.com.br\/wp\/wp-json\/wp\/v2\/categories?post=763894"},{"taxonomy":"post_tag","embeddable":true,"href":"https:\/\/bahiaeconomica.com.br\/wp\/wp-json\/wp\/v2\/tags?post=763894"}],"curies":[{"name":"wp","href":"https:\/\/api.w.org\/{rel}","templated":true}]}}