{"id":763303,"date":"2023-09-16T07:55:38","date_gmt":"2023-09-16T10:55:38","guid":{"rendered":"https:\/\/bahiaeconomica.com.br\/wp\/?p=763303"},"modified":"2023-09-16T08:07:43","modified_gmt":"2023-09-16T11:07:43","slug":"lula-repete-pratica-de-bolsonaro-e-esconde-encontros-da-agenda-diz-coluna","status":"publish","type":"post","link":"https:\/\/bahiaeconomica.com.br\/wp\/2023\/09\/16\/lula-repete-pratica-de-bolsonaro-e-esconde-encontros-da-agenda-diz-coluna\/","title":{"rendered":"LULA REPETE PR\u00c1TICA DE BOLSONARO E ESCONDE ENCONTROS DA AGENDA, DIZ COLUNA"},"content":{"rendered":"<p>De acordo com a coluna de Guilherme Amado no Metr\u00f3poles, o presidente da Rep\u00fablica Luiz In\u00e1cio Lula da Silva (PT) tem repetido a pr\u00e1tica do ex-presidente Jair Messias Bolsonaro (PL) e mantido o registro de suas reuni\u00f5es fora da agenda no Pal\u00e1cio do Planalto, o que viola a Lei de Acesso \u00e0 Informa\u00e7\u00e3o. A coluna aponta que o vice-procurador-geral eleitoral Paulo Gustavo Gonet Branco e o subprocurador Ant\u00f4nio Carlos Bigonha foram recebidos nesta semana pelo chefe do Pal\u00e1cio do Planalto, mas os compromissos n\u00e3o constam na agenda oficial. Ainda segundo o Metr\u00f3poles, ambos s\u00e3o candidatos a procurador-geral da Rep\u00fablica, cargo ocupado hoje por Augusto Aras. E em nenhum dos dois casos o presidente publicou os encontros. A Lei de Acesso \u00e0 Informa\u00e7\u00e3o obriga que todo compromisso do presidente da Rep\u00fablica seja informado na agenda p\u00fablica divulgada.<\/p>\n<p>Foto: Fabio Rodrigues-Pozzebom\/ Ag\u00eancia Brasil<\/p>\n","protected":false},"excerpt":{"rendered":"<p>De acordo com a coluna de Guilherme Amado no Metr\u00f3poles, o presidente da Rep\u00fablica Luiz In\u00e1cio Lula da Silva (PT) tem repetido a pr\u00e1tica do ex-presidente Jair Messias Bolsonaro (PL) e mantido o registro de suas reuni\u00f5es fora da agenda no Pal\u00e1cio do Planalto, o que viola a Lei de Acesso \u00e0 Informa\u00e7\u00e3o. A coluna [&hellip;]<\/p>\n","protected":false},"author":8,"featured_media":763304,"comment_status":"closed","ping_status":"closed","sticky":false,"template":"","format":"standard","meta":[],"categories":[14,14601],"tags":[835,52,182,100,1205],"acf":[],"yoast_head":"<!-- This site is optimized with the Yoast SEO plugin v20.8 - https:\/\/yoast.com\/wordpress\/plugins\/seo\/ -->\n<title>LULA REPETE PR\u00c1TICA DE BOLSONARO E ESCONDE ENCONTROS DA AGENDA, DIZ COLUNA - Bahia Economica<\/title>\n<meta name=\"description\" content=\"O maior portal de Economia da Bahia DESTAQUE DO DIA, Pol\u00edtica Bahia Economica De acordo com a coluna de Guilherme Amado no Metr\u00f3poles\" \/>\n<meta name=\"robots\" content=\"index, follow, max-snippet:-1, max-image-preview:large, max-video-preview:-1\" \/>\n<link rel=\"canonical\" href=\"https:\/\/bahiaeconomica.com.br\/wp\/2023\/09\/16\/lula-repete-pratica-de-bolsonaro-e-esconde-encontros-da-agenda-diz-coluna\/\" \/>\n<meta property=\"og:locale\" content=\"pt_BR\" \/>\n<meta property=\"og:type\" content=\"article\" \/>\n<meta property=\"og:title\" content=\"LULA REPETE PR\u00c1TICA DE BOLSONARO E ESCONDE ENCONTROS DA AGENDA, DIZ COLUNA - Bahia Economica\" \/>\n<meta property=\"og:description\" content=\"O maior portal de Economia da Bahia DESTAQUE DO DIA, Pol\u00edtica Bahia Economica De acordo com a coluna de Guilherme Amado no Metr\u00f3poles\" \/>\n<meta property=\"og:url\" content=\"https:\/\/bahiaeconomica.com.br\/wp\/2023\/09\/16\/lula-repete-pratica-de-bolsonaro-e-esconde-encontros-da-agenda-diz-coluna\/\" \/>\n<meta property=\"og:site_name\" content=\"Bahia Economica\" \/>\n<meta property=\"article:publisher\" content=\"https:\/\/www.facebook.com\/bahiaeconomica\" \/>\n<meta property=\"article:published_time\" content=\"2023-09-16T10:55:38+00:00\" \/>\n<meta property=\"article:modified_time\" content=\"2023-09-16T11:07:43+00:00\" \/>\n<meta property=\"og:image\" content=\"https:\/\/bahiaeconomica.com.br\/wp\/wp-content\/uploads\/2023\/09\/Lula.jpg\" \/>\n\t<meta property=\"og:image:width\" content=\"600\" \/>\n\t<meta property=\"og:image:height\" content=\"420\" \/>\n\t<meta property=\"og:image:type\" content=\"image\/jpeg\" \/>\n<meta name=\"author\" content=\"JP\" \/>\n<meta name=\"twitter:card\" content=\"summary_large_image\" \/>\n<meta name=\"twitter:label1\" content=\"Escrito por\" \/>\n\t<meta name=\"twitter:data1\" content=\"JP\" \/>\n\t<meta name=\"twitter:label2\" content=\"Est. tempo de leitura\" \/>\n\t<meta name=\"twitter:data2\" content=\"1 minuto\" \/>\n<script type=\"application\/ld+json\" class=\"yoast-schema-graph\">{\"@context\":\"https:\/\/schema.org\",\"@graph\":[{\"@type\":\"Article\",\"@id\":\"https:\/\/bahiaeconomica.com.br\/wp\/2023\/09\/16\/lula-repete-pratica-de-bolsonaro-e-esconde-encontros-da-agenda-diz-coluna\/#article\",\"isPartOf\":{\"@id\":\"https:\/\/bahiaeconomica.com.br\/wp\/2023\/09\/16\/lula-repete-pratica-de-bolsonaro-e-esconde-encontros-da-agenda-diz-coluna\/\"},\"author\":{\"name\":\"JP\",\"@id\":\"https:\/\/bahiaeconomica.com.br\/wp\/#\/schema\/person\/c86d3a3f8960425a0f9d0e5245991f4e\"},\"headline\":\"LULA REPETE PR\u00c1TICA DE BOLSONARO E ESCONDE ENCONTROS DA AGENDA, DIZ COLUNA\",\"datePublished\":\"2023-09-16T10:55:38+00:00\",\"dateModified\":\"2023-09-16T11:07:43+00:00\",\"mainEntityOfPage\":{\"@id\":\"https:\/\/bahiaeconomica.com.br\/wp\/2023\/09\/16\/lula-repete-pratica-de-bolsonaro-e-esconde-encontros-da-agenda-diz-coluna\/\"},\"wordCount\":169,\"publisher\":{\"@id\":\"https:\/\/bahiaeconomica.com.br\/wp\/#organization\"},\"keywords\":[\"alta\",\"Brasil\",\"Lula\",\"Pol\u00edtica\",\"reuniao\"],\"articleSection\":[\"DESTAQUE DO DIA\",\"Pol\u00edtica\"],\"inLanguage\":\"pt-BR\"},{\"@type\":\"WebPage\",\"@id\":\"https:\/\/bahiaeconomica.com.br\/wp\/2023\/09\/16\/lula-repete-pratica-de-bolsonaro-e-esconde-encontros-da-agenda-diz-coluna\/\",\"url\":\"https:\/\/bahiaeconomica.com.br\/wp\/2023\/09\/16\/lula-repete-pratica-de-bolsonaro-e-esconde-encontros-da-agenda-diz-coluna\/\",\"name\":\"LULA REPETE PR\u00c1TICA DE BOLSONARO E ESCONDE ENCONTROS DA AGENDA, DIZ COLUNA - Bahia Economica\",\"isPartOf\":{\"@id\":\"https:\/\/bahiaeconomica.com.br\/wp\/#website\"},\"datePublished\":\"2023-09-16T10:55:38+00:00\",\"dateModified\":\"2023-09-16T11:07:43+00:00\",\"description\":\"O maior portal de Economia da Bahia DESTAQUE DO DIA, Pol\u00edtica Bahia Economica De acordo com a coluna de Guilherme Amado no Metr\u00f3poles\",\"breadcrumb\":{\"@id\":\"https:\/\/bahiaeconomica.com.br\/wp\/2023\/09\/16\/lula-repete-pratica-de-bolsonaro-e-esconde-encontros-da-agenda-diz-coluna\/#breadcrumb\"},\"inLanguage\":\"pt-BR\",\"potentialAction\":[{\"@type\":\"ReadAction\",\"target\":[\"https:\/\/bahiaeconomica.com.br\/wp\/2023\/09\/16\/lula-repete-pratica-de-bolsonaro-e-esconde-encontros-da-agenda-diz-coluna\/\"]}]},{\"@type\":\"BreadcrumbList\",\"@id\":\"https:\/\/bahiaeconomica.com.br\/wp\/2023\/09\/16\/lula-repete-pratica-de-bolsonaro-e-esconde-encontros-da-agenda-diz-coluna\/#breadcrumb\",\"itemListElement\":[{\"@type\":\"ListItem\",\"position\":1,\"name\":\"In\u00edcio\",\"item\":\"https:\/\/bahiaeconomica.com.br\/wp\/\"},{\"@type\":\"ListItem\",\"position\":2,\"name\":\"LULA REPETE PR\u00c1TICA DE BOLSONARO E ESCONDE ENCONTROS DA AGENDA, DIZ COLUNA\"}]},{\"@type\":\"WebSite\",\"@id\":\"https:\/\/bahiaeconomica.com.br\/wp\/#website\",\"url\":\"https:\/\/bahiaeconomica.com.br\/wp\/\",\"name\":\"Bahia Economica\",\"description\":\"O maior portal de Economia da Bahia\",\"publisher\":{\"@id\":\"https:\/\/bahiaeconomica.com.br\/wp\/#organization\"},\"potentialAction\":[{\"@type\":\"SearchAction\",\"target\":{\"@type\":\"EntryPoint\",\"urlTemplate\":\"https:\/\/bahiaeconomica.com.br\/wp\/?s={search_term_string}\"},\"query-input\":\"required name=search_term_string\"}],\"inLanguage\":\"pt-BR\"},{\"@type\":\"Organization\",\"@id\":\"https:\/\/bahiaeconomica.com.br\/wp\/#organization\",\"name\":\"Bahia Econ\u00f4mica\",\"url\":\"https:\/\/bahiaeconomica.com.br\/wp\/\",\"logo\":{\"@type\":\"ImageObject\",\"inLanguage\":\"pt-BR\",\"@id\":\"https:\/\/bahiaeconomica.com.br\/wp\/#\/schema\/logo\/image\/\",\"url\":\"https:\/\/bahiaeconomica.com.br\/wp\/wp-content\/uploads\/2020\/12\/cropped-BE.png\",\"contentUrl\":\"https:\/\/bahiaeconomica.com.br\/wp\/wp-content\/uploads\/2020\/12\/cropped-BE.png\",\"width\":512,\"height\":512,\"caption\":\"Bahia Econ\u00f4mica\"},\"image\":{\"@id\":\"https:\/\/bahiaeconomica.com.br\/wp\/#\/schema\/logo\/image\/\"},\"sameAs\":[\"https:\/\/www.facebook.com\/bahiaeconomica\"]},{\"@type\":\"Person\",\"@id\":\"https:\/\/bahiaeconomica.com.br\/wp\/#\/schema\/person\/c86d3a3f8960425a0f9d0e5245991f4e\",\"name\":\"JP\",\"sameAs\":[\"https:\/\/bahiaeconomica.com.br\/wp\/beta\/\"],\"url\":\"https:\/\/bahiaeconomica.com.br\/wp\/author\/jp\/\"}]}<\/script>\n<!-- \/ Yoast SEO plugin. -->","yoast_head_json":{"title":"LULA REPETE PR\u00c1TICA DE BOLSONARO E ESCONDE ENCONTROS DA AGENDA, DIZ COLUNA - Bahia Economica","description":"O maior portal de Economia da Bahia DESTAQUE DO DIA, Pol\u00edtica Bahia Economica De acordo com a coluna de Guilherme Amado no Metr\u00f3poles","robots":{"index":"index","follow":"follow","max-snippet":"max-snippet:-1","max-image-preview":"max-image-preview:large","max-video-preview":"max-video-preview:-1"},"canonical":"https:\/\/bahiaeconomica.com.br\/wp\/2023\/09\/16\/lula-repete-pratica-de-bolsonaro-e-esconde-encontros-da-agenda-diz-coluna\/","og_locale":"pt_BR","og_type":"article","og_title":"LULA REPETE PR\u00c1TICA DE BOLSONARO E ESCONDE ENCONTROS DA AGENDA, DIZ COLUNA - Bahia Economica","og_description":"O maior portal de Economia da Bahia DESTAQUE DO DIA, Pol\u00edtica Bahia Economica De acordo com a coluna de Guilherme Amado no Metr\u00f3poles","og_url":"https:\/\/bahiaeconomica.com.br\/wp\/2023\/09\/16\/lula-repete-pratica-de-bolsonaro-e-esconde-encontros-da-agenda-diz-coluna\/","og_site_name":"Bahia Economica","article_publisher":"https:\/\/www.facebook.com\/bahiaeconomica","article_published_time":"2023-09-16T10:55:38+00:00","article_modified_time":"2023-09-16T11:07:43+00:00","og_image":[{"width":600,"height":420,"url":"https:\/\/bahiaeconomica.com.br\/wp\/wp-content\/uploads\/2023\/09\/Lula.jpg","type":"image\/jpeg"}],"author":"JP","twitter_card":"summary_large_image","twitter_misc":{"Escrito por":"JP","Est. tempo de leitura":"1 minuto"},"schema":{"@context":"https:\/\/schema.org","@graph":[{"@type":"Article","@id":"https:\/\/bahiaeconomica.com.br\/wp\/2023\/09\/16\/lula-repete-pratica-de-bolsonaro-e-esconde-encontros-da-agenda-diz-coluna\/#article","isPartOf":{"@id":"https:\/\/bahiaeconomica.com.br\/wp\/2023\/09\/16\/lula-repete-pratica-de-bolsonaro-e-esconde-encontros-da-agenda-diz-coluna\/"},"author":{"name":"JP","@id":"https:\/\/bahiaeconomica.com.br\/wp\/#\/schema\/person\/c86d3a3f8960425a0f9d0e5245991f4e"},"headline":"LULA REPETE PR\u00c1TICA DE BOLSONARO E ESCONDE ENCONTROS DA AGENDA, DIZ COLUNA","datePublished":"2023-09-16T10:55:38+00:00","dateModified":"2023-09-16T11:07:43+00:00","mainEntityOfPage":{"@id":"https:\/\/bahiaeconomica.com.br\/wp\/2023\/09\/16\/lula-repete-pratica-de-bolsonaro-e-esconde-encontros-da-agenda-diz-coluna\/"},"wordCount":169,"publisher":{"@id":"https:\/\/bahiaeconomica.com.br\/wp\/#organization"},"keywords":["alta","Brasil","Lula","Pol\u00edtica","reuniao"],"articleSection":["DESTAQUE DO DIA","Pol\u00edtica"],"inLanguage":"pt-BR"},{"@type":"WebPage","@id":"https:\/\/bahiaeconomica.com.br\/wp\/2023\/09\/16\/lula-repete-pratica-de-bolsonaro-e-esconde-encontros-da-agenda-diz-coluna\/","url":"https:\/\/bahiaeconomica.com.br\/wp\/2023\/09\/16\/lula-repete-pratica-de-bolsonaro-e-esconde-encontros-da-agenda-diz-coluna\/","name":"LULA REPETE PR\u00c1TICA DE BOLSONARO E ESCONDE ENCONTROS DA AGENDA, DIZ COLUNA - Bahia Economica","isPartOf":{"@id":"https:\/\/bahiaeconomica.com.br\/wp\/#website"},"datePublished":"2023-09-16T10:55:38+00:00","dateModified":"2023-09-16T11:07:43+00:00","description":"O maior portal de Economia da Bahia DESTAQUE DO DIA, Pol\u00edtica Bahia Economica De acordo com a coluna de Guilherme Amado no Metr\u00f3poles","breadcrumb":{"@id":"https:\/\/bahiaeconomica.com.br\/wp\/2023\/09\/16\/lula-repete-pratica-de-bolsonaro-e-esconde-encontros-da-agenda-diz-coluna\/#breadcrumb"},"inLanguage":"pt-BR","potentialAction":[{"@type":"ReadAction","target":["https:\/\/bahiaeconomica.com.br\/wp\/2023\/09\/16\/lula-repete-pratica-de-bolsonaro-e-esconde-encontros-da-agenda-diz-coluna\/"]}]},{"@type":"BreadcrumbList","@id":"https:\/\/bahiaeconomica.com.br\/wp\/2023\/09\/16\/lula-repete-pratica-de-bolsonaro-e-esconde-encontros-da-agenda-diz-coluna\/#breadcrumb","itemListElement":[{"@type":"ListItem","position":1,"name":"In\u00edcio","item":"https:\/\/bahiaeconomica.com.br\/wp\/"},{"@type":"ListItem","position":2,"name":"LULA REPETE PR\u00c1TICA DE BOLSONARO E ESCONDE ENCONTROS DA AGENDA, DIZ COLUNA"}]},{"@type":"WebSite","@id":"https:\/\/bahiaeconomica.com.br\/wp\/#website","url":"https:\/\/bahiaeconomica.com.br\/wp\/","name":"Bahia Economica","description":"O maior portal de Economia da Bahia","publisher":{"@id":"https:\/\/bahiaeconomica.com.br\/wp\/#organization"},"potentialAction":[{"@type":"SearchAction","target":{"@type":"EntryPoint","urlTemplate":"https:\/\/bahiaeconomica.com.br\/wp\/?s={search_term_string}"},"query-input":"required name=search_term_string"}],"inLanguage":"pt-BR"},{"@type":"Organization","@id":"https:\/\/bahiaeconomica.com.br\/wp\/#organization","name":"Bahia Econ\u00f4mica","url":"https:\/\/bahiaeconomica.com.br\/wp\/","logo":{"@type":"ImageObject","inLanguage":"pt-BR","@id":"https:\/\/bahiaeconomica.com.br\/wp\/#\/schema\/logo\/image\/","url":"https:\/\/bahiaeconomica.com.br\/wp\/wp-content\/uploads\/2020\/12\/cropped-BE.png","contentUrl":"https:\/\/bahiaeconomica.com.br\/wp\/wp-content\/uploads\/2020\/12\/cropped-BE.png","width":512,"height":512,"caption":"Bahia Econ\u00f4mica"},"image":{"@id":"https:\/\/bahiaeconomica.com.br\/wp\/#\/schema\/logo\/image\/"},"sameAs":["https:\/\/www.facebook.com\/bahiaeconomica"]},{"@type":"Person","@id":"https:\/\/bahiaeconomica.com.br\/wp\/#\/schema\/person\/c86d3a3f8960425a0f9d0e5245991f4e","name":"JP","sameAs":["https:\/\/bahiaeconomica.com.br\/wp\/beta\/"],"url":"https:\/\/bahiaeconomica.com.br\/wp\/author\/jp\/"}]}},"views":26,"_links":{"self":[{"href":"https:\/\/bahiaeconomica.com.br\/wp\/wp-json\/wp\/v2\/posts\/763303"}],"collection":[{"href":"https:\/\/bahiaeconomica.com.br\/wp\/wp-json\/wp\/v2\/posts"}],"about":[{"href":"https:\/\/bahiaeconomica.com.br\/wp\/wp-json\/wp\/v2\/types\/post"}],"author":[{"embeddable":true,"href":"https:\/\/bahiaeconomica.com.br\/wp\/wp-json\/wp\/v2\/users\/8"}],"replies":[{"embeddable":true,"href":"https:\/\/bahiaeconomica.com.br\/wp\/wp-json\/wp\/v2\/comments?post=763303"}],"version-history":[{"count":1,"href":"https:\/\/bahiaeconomica.com.br\/wp\/wp-json\/wp\/v2\/posts\/763303\/revisions"}],"predecessor-version":[{"id":763305,"href":"https:\/\/bahiaeconomica.com.br\/wp\/wp-json\/wp\/v2\/posts\/763303\/revisions\/763305"}],"wp:featuredmedia":[{"embeddable":true,"href":"https:\/\/bahiaeconomica.com.br\/wp\/wp-json\/wp\/v2\/media\/763304"}],"wp:attachment":[{"href":"https:\/\/bahiaeconomica.com.br\/wp\/wp-json\/wp\/v2\/media?parent=763303"}],"wp:term":[{"taxonomy":"category","embeddable":true,"href":"https:\/\/bahiaeconomica.com.br\/wp\/wp-json\/wp\/v2\/categories?post=763303"},{"taxonomy":"post_tag","embeddable":true,"href":"https:\/\/bahiaeconomica.com.br\/wp\/wp-json\/wp\/v2\/tags?post=763303"}],"curies":[{"name":"wp","href":"https:\/\/api.w.org\/{rel}","templated":true}]}}