{"id":763207,"date":"2023-09-15T16:59:09","date_gmt":"2023-09-15T19:59:09","guid":{"rendered":"https:\/\/bahiaeconomica.com.br\/wp\/?p=763207"},"modified":"2023-09-15T16:54:25","modified_gmt":"2023-09-15T19:54:25","slug":"abastecimento-de-agua-sera-suspenso-em-parte-de-salvador-e-rms-na-proxima-terca-feira-19","status":"publish","type":"post","link":"https:\/\/bahiaeconomica.com.br\/wp\/2023\/09\/15\/abastecimento-de-agua-sera-suspenso-em-parte-de-salvador-e-rms-na-proxima-terca-feira-19\/","title":{"rendered":"ABASTECIMENTO DE \u00c1GUA SER\u00c1 SUSPENSO EM PARTE DE SALVADOR E RMS NA PR\u00d3XIMA TER\u00c7A-FEIRA (19)"},"content":{"rendered":"<p>O fornecimento de \u00e1gua ser\u00e1 interrompido em parte de Salvador e em alguns munic\u00edpios da Regi\u00e3o Metropolitana na pr\u00f3xima ter\u00e7a-feira (19), a partir das 6h da manh\u00e3. A suspens\u00e3o vai ocorrer devido \u00e0 realiza\u00e7\u00e3o de servi\u00e7os de manuten\u00e7\u00e3o e melhoria na capta\u00e7\u00e3o de \u00e1gua em Pedra do Cavalo e outros pontos do sistema de abastecimento.<\/p>\n<p>A previs\u00e3o \u00e9 que os servi\u00e7os sejam conclu\u00eddos na madrugada do dia seguinte (20), quando o abastecimento come\u00e7ar\u00e1 a ser retomado nas \u00e1reas afetadas. Como o retorno da \u00e1gua sempre ocorre de forma gradativa, alguns locais poder\u00e3o ter o fornecimento regularizado em at\u00e9 72 horas ap\u00f3s o t\u00e9rmino dos servi\u00e7os. Por isso, a Embasa orienta que a popula\u00e7\u00e3o reserve \u00e1gua para esse per\u00edodo e utilize com economia a \u00e1gua armazenada.<\/p>\n<div class=\"v1elementToProof\">&#8220;Nosso objetivo \u00e9 completar a prepara\u00e7\u00e3o do sistema para o ver\u00e3o 2023, quando a demanda por \u00e1gua ser\u00e1 maior. Fizemos uma manuten\u00e7\u00e3o semelhante, em agosto, na parte do sistema atendida pelas esta\u00e7\u00f5es de tratamento da Bolandeira, e agora \u00e9 a vez das estruturas que captam e transportam \u00e1gua da barragem de Pedra do Cavalo at\u00e9 a ETA principal, em Candeias&#8221;, explica o presidente da Embasa, Leonardo G\u00f3es. &#8220;Sabemos que toda interrup\u00e7\u00e3o causa transtornos, mas precisamos fazer esses servi\u00e7os para manter a confiabilidade e a seguran\u00e7a operacional do sistema, evitando ter que parar depois, de forma emergencial&#8221;.<\/div>\n<div class=\"v1elementToProof\"><\/div>\n<div class=\"v1elementToProof\">Durante a suspens\u00e3o do fornecimento, tamb\u00e9m ser\u00e3o feitos servi\u00e7os de manuten\u00e7\u00e3o preventiva em diversos pontos da rede distribuidora. Ao todo, ser\u00e3o 25 frentes de servi\u00e7o e 164 trabalhadores atuando. &#8220;Para que o sistema se mantenha em boas condi\u00e7\u00f5es operacionais, \u00e9 fundamental que a Embasa fa\u00e7a essas manuten\u00e7\u00f5es peri\u00f3dicas. \u00c9 como qualquer maquin\u00e1rio, um carro, por exemplo, que precisa de revis\u00e3o de tempos em tempos para verificar se est\u00e1 tudo bem, reparar o que precisa e trocar pe\u00e7as gastas pelo uso&#8221;, complementa Manuella Andrade, diretora de Opera\u00e7\u00e3o da Embasa na RMS.<\/div>\n<div>\n<p><strong>\u00c1reas afetadas<\/strong><\/p>\n<p>Em Salvador: Ilha de Bom Jesus dos Passos, Ilha de Mar\u00e9, Ilha dos Frades, Aeroporto, \u00c1guas Claras, Alto da Terezinha, Alto do Cabrito, Alto do Coqueirinho, Areia Branca, Arenoso, Arraial do Retiro, Bairro da Paz, Barreiras, Boa Viagem, Boa Vista de S\u00e3o Caetano, Boca da Mata, Bom Ju\u00e1, Bonfim, CAB, Cabula, Cabula VI, Cajazeiras, Calabet\u00e3o, Cal\u00e7ada, Caminho de Areia, Campinas de Piraj\u00e1, Canabrava, Capelinha, Cassange, Castelo Branco, Coutos, Curuzu, Dom Avelar, Doron, Engomadeira, Fazenda Coutos, Fazenda Grande do Retiro, Fazenda Grande I a IV, Granjas Rurais, IAPI, Imbu\u00ed, Itacaranha, Itapu\u00e3, Itinga, Jaguaripe I, Jardim Cajazeiras, Jardim Cruzeiro, Jardim das Margaridas, Jardim Santo In\u00e1cio, Jd. Nova Esperan\u00e7a, Liberdade, Lobato, Mangueira, Marechal Rondon, Massaranduba, Mata Escura, Monte Serrat, Moradas da Lagoa, Mussurunga, Narandiba, Nova Bras\u00edlia, Nova Esperan\u00e7a, Novo Horizonte, Novo Marotinho, Palestina, Paripe, Patamares, Pau da Lima, Periperi, Pernambu\u00e9s, Pero Vaz, Piat\u00e3, Piraj\u00e1, Plataforma, Porto Seco, Praia Grande, Resgate, Retiro, Ribeira, Rio Sena, Roma, Saboeiro, Santa Luzia, Santa M\u00f4nica, S\u00e3o Caetano, S\u00e3o Crist\u00f3v\u00e3o, S\u00e3o Gon\u00e7alo, S\u00e3o Jo\u00e3o do Cabrito, S\u00e3o Marcos, S\u00e3o Rafael, S\u00e3o Tom\u00e9, Sete de Abril, Stella Maris, Sussuarana Nova e Velha, Tancredo Neves, Trobogy, Uruguai, Vale dos Lagos, Val\u00e9ria e Vila Can\u00e1ria.<\/p>\n<p>Demais munic\u00edpios: Sim\u00f5es Filho, Lauro de Freitas, Terra Nova, Cora\u00e7\u00e3o de Maria, Concei\u00e7\u00e3o do Jacu\u00edpe, Am\u00e9lia Rodrigues, Santo Amaro, S\u00e3o Francisco do Conde, Candeias, Madre de Deus, parte de Cama\u00e7ari (Busca Vida), parte de Saubara (Acupe).<\/p>\n<\/div>\n<div>Foto: Divulga\u00e7\u00e3o \/ Embasa<\/div>\n","protected":false},"excerpt":{"rendered":"<p>O fornecimento de \u00e1gua ser\u00e1 interrompido em parte de Salvador e em alguns munic\u00edpios da Regi\u00e3o Metropolitana na pr\u00f3xima ter\u00e7a-feira (19), a partir das 6h da manh\u00e3. A suspens\u00e3o vai ocorrer devido \u00e0 realiza\u00e7\u00e3o de servi\u00e7os de manuten\u00e7\u00e3o e melhoria na capta\u00e7\u00e3o de \u00e1gua em Pedra do Cavalo e outros pontos do sistema de abastecimento. [&hellip;]<\/p>\n","protected":false},"author":17,"featured_media":763208,"comment_status":"closed","ping_status":"closed","sticky":false,"template":"","format":"standard","meta":[],"categories":[14,5],"tags":[889,3324,73],"acf":[],"yoast_head":"<!-- This site is optimized with the Yoast SEO plugin v20.8 - https:\/\/yoast.com\/wordpress\/plugins\/seo\/ -->\n<title>ABASTECIMENTO DE \u00c1GUA SER\u00c1 SUSPENSO EM PARTE DE SALVADOR E RMS NA PR\u00d3XIMA TER\u00c7A-FEIRA (19) - Bahia Economica<\/title>\n<meta name=\"description\" content=\"Suspens\u00e3o vai ocorrer devido \u00e0 realiza\u00e7\u00e3o de servi\u00e7os de manuten\u00e7\u00e3o e melhoria na capta\u00e7\u00e3o de \u00e1gua em Pedra do Cavalo\" \/>\n<meta name=\"robots\" content=\"index, follow, max-snippet:-1, max-image-preview:large, max-video-preview:-1\" \/>\n<link rel=\"canonical\" href=\"https:\/\/bahiaeconomica.com.br\/wp\/2023\/09\/15\/abastecimento-de-agua-sera-suspenso-em-parte-de-salvador-e-rms-na-proxima-terca-feira-19\/\" \/>\n<meta property=\"og:locale\" content=\"pt_BR\" \/>\n<meta property=\"og:type\" content=\"article\" \/>\n<meta property=\"og:title\" content=\"ABASTECIMENTO DE \u00c1GUA SER\u00c1 SUSPENSO EM PARTE DE SALVADOR E RMS NA PR\u00d3XIMA TER\u00c7A-FEIRA (19) - Bahia Economica\" \/>\n<meta property=\"og:description\" content=\"Suspens\u00e3o vai ocorrer devido \u00e0 realiza\u00e7\u00e3o de servi\u00e7os de manuten\u00e7\u00e3o e melhoria na capta\u00e7\u00e3o de \u00e1gua em Pedra do Cavalo\" \/>\n<meta property=\"og:url\" content=\"https:\/\/bahiaeconomica.com.br\/wp\/2023\/09\/15\/abastecimento-de-agua-sera-suspenso-em-parte-de-salvador-e-rms-na-proxima-terca-feira-19\/\" \/>\n<meta property=\"og:site_name\" content=\"Bahia Economica\" \/>\n<meta property=\"article:publisher\" content=\"https:\/\/www.facebook.com\/bahiaeconomica\" \/>\n<meta property=\"article:published_time\" content=\"2023-09-15T19:59:09+00:00\" \/>\n<meta property=\"article:modified_time\" content=\"2023-09-15T19:54:25+00:00\" \/>\n<meta property=\"og:image\" content=\"https:\/\/bahiaeconomica.com.br\/wp\/wp-content\/uploads\/2023\/09\/20230915_EmbasaServicoManutencao1.jpeg\" \/>\n\t<meta property=\"og:image:width\" content=\"898\" \/>\n\t<meta property=\"og:image:height\" content=\"598\" \/>\n\t<meta property=\"og:image:type\" content=\"image\/jpeg\" \/>\n<meta name=\"author\" content=\"LUANA NEIVA\" \/>\n<meta name=\"twitter:card\" content=\"summary_large_image\" \/>\n<meta name=\"twitter:label1\" content=\"Escrito por\" \/>\n\t<meta name=\"twitter:data1\" content=\"LUANA NEIVA\" \/>\n\t<meta name=\"twitter:label2\" content=\"Est. tempo de leitura\" \/>\n\t<meta name=\"twitter:data2\" content=\"4 minutos\" \/>\n<script type=\"application\/ld+json\" class=\"yoast-schema-graph\">{\"@context\":\"https:\/\/schema.org\",\"@graph\":[{\"@type\":\"Article\",\"@id\":\"https:\/\/bahiaeconomica.com.br\/wp\/2023\/09\/15\/abastecimento-de-agua-sera-suspenso-em-parte-de-salvador-e-rms-na-proxima-terca-feira-19\/#article\",\"isPartOf\":{\"@id\":\"https:\/\/bahiaeconomica.com.br\/wp\/2023\/09\/15\/abastecimento-de-agua-sera-suspenso-em-parte-de-salvador-e-rms-na-proxima-terca-feira-19\/\"},\"author\":{\"name\":\"LUANA NEIVA\",\"@id\":\"https:\/\/bahiaeconomica.com.br\/wp\/#\/schema\/person\/1ce30764265540f754d66197c4212789\"},\"headline\":\"ABASTECIMENTO DE \u00c1GUA SER\u00c1 SUSPENSO EM PARTE DE SALVADOR E RMS NA PR\u00d3XIMA TER\u00c7A-FEIRA (19)\",\"datePublished\":\"2023-09-15T19:59:09+00:00\",\"dateModified\":\"2023-09-15T19:54:25+00:00\",\"mainEntityOfPage\":{\"@id\":\"https:\/\/bahiaeconomica.com.br\/wp\/2023\/09\/15\/abastecimento-de-agua-sera-suspenso-em-parte-de-salvador-e-rms-na-proxima-terca-feira-19\/\"},\"wordCount\":622,\"publisher\":{\"@id\":\"https:\/\/bahiaeconomica.com.br\/wp\/#organization\"},\"keywords\":[\"agua\",\"RMS\",\"Salvador\"],\"articleSection\":[\"DESTAQUE DO DIA\",\"MUNIC\u00cdPIOS\"],\"inLanguage\":\"pt-BR\"},{\"@type\":\"WebPage\",\"@id\":\"https:\/\/bahiaeconomica.com.br\/wp\/2023\/09\/15\/abastecimento-de-agua-sera-suspenso-em-parte-de-salvador-e-rms-na-proxima-terca-feira-19\/\",\"url\":\"https:\/\/bahiaeconomica.com.br\/wp\/2023\/09\/15\/abastecimento-de-agua-sera-suspenso-em-parte-de-salvador-e-rms-na-proxima-terca-feira-19\/\",\"name\":\"ABASTECIMENTO DE \u00c1GUA SER\u00c1 SUSPENSO EM PARTE DE SALVADOR E RMS NA PR\u00d3XIMA TER\u00c7A-FEIRA (19) - Bahia Economica\",\"isPartOf\":{\"@id\":\"https:\/\/bahiaeconomica.com.br\/wp\/#website\"},\"datePublished\":\"2023-09-15T19:59:09+00:00\",\"dateModified\":\"2023-09-15T19:54:25+00:00\",\"description\":\"Suspens\u00e3o vai ocorrer devido \u00e0 realiza\u00e7\u00e3o de servi\u00e7os de manuten\u00e7\u00e3o e melhoria na capta\u00e7\u00e3o de \u00e1gua em Pedra do Cavalo\",\"breadcrumb\":{\"@id\":\"https:\/\/bahiaeconomica.com.br\/wp\/2023\/09\/15\/abastecimento-de-agua-sera-suspenso-em-parte-de-salvador-e-rms-na-proxima-terca-feira-19\/#breadcrumb\"},\"inLanguage\":\"pt-BR\",\"potentialAction\":[{\"@type\":\"ReadAction\",\"target\":[\"https:\/\/bahiaeconomica.com.br\/wp\/2023\/09\/15\/abastecimento-de-agua-sera-suspenso-em-parte-de-salvador-e-rms-na-proxima-terca-feira-19\/\"]}]},{\"@type\":\"BreadcrumbList\",\"@id\":\"https:\/\/bahiaeconomica.com.br\/wp\/2023\/09\/15\/abastecimento-de-agua-sera-suspenso-em-parte-de-salvador-e-rms-na-proxima-terca-feira-19\/#breadcrumb\",\"itemListElement\":[{\"@type\":\"ListItem\",\"position\":1,\"name\":\"In\u00edcio\",\"item\":\"https:\/\/bahiaeconomica.com.br\/wp\/\"},{\"@type\":\"ListItem\",\"position\":2,\"name\":\"ABASTECIMENTO DE \u00c1GUA SER\u00c1 SUSPENSO EM PARTE DE SALVADOR E RMS NA PR\u00d3XIMA TER\u00c7A-FEIRA (19)\"}]},{\"@type\":\"WebSite\",\"@id\":\"https:\/\/bahiaeconomica.com.br\/wp\/#website\",\"url\":\"https:\/\/bahiaeconomica.com.br\/wp\/\",\"name\":\"Bahia Economica\",\"description\":\"O maior portal de Economia da Bahia\",\"publisher\":{\"@id\":\"https:\/\/bahiaeconomica.com.br\/wp\/#organization\"},\"potentialAction\":[{\"@type\":\"SearchAction\",\"target\":{\"@type\":\"EntryPoint\",\"urlTemplate\":\"https:\/\/bahiaeconomica.com.br\/wp\/?s={search_term_string}\"},\"query-input\":\"required name=search_term_string\"}],\"inLanguage\":\"pt-BR\"},{\"@type\":\"Organization\",\"@id\":\"https:\/\/bahiaeconomica.com.br\/wp\/#organization\",\"name\":\"Bahia Econ\u00f4mica\",\"url\":\"https:\/\/bahiaeconomica.com.br\/wp\/\",\"logo\":{\"@type\":\"ImageObject\",\"inLanguage\":\"pt-BR\",\"@id\":\"https:\/\/bahiaeconomica.com.br\/wp\/#\/schema\/logo\/image\/\",\"url\":\"https:\/\/bahiaeconomica.com.br\/wp\/wp-content\/uploads\/2020\/12\/cropped-BE.png\",\"contentUrl\":\"https:\/\/bahiaeconomica.com.br\/wp\/wp-content\/uploads\/2020\/12\/cropped-BE.png\",\"width\":512,\"height\":512,\"caption\":\"Bahia Econ\u00f4mica\"},\"image\":{\"@id\":\"https:\/\/bahiaeconomica.com.br\/wp\/#\/schema\/logo\/image\/\"},\"sameAs\":[\"https:\/\/www.facebook.com\/bahiaeconomica\"]},{\"@type\":\"Person\",\"@id\":\"https:\/\/bahiaeconomica.com.br\/wp\/#\/schema\/person\/1ce30764265540f754d66197c4212789\",\"name\":\"LUANA NEIVA\",\"sameAs\":[\"http:\/\/www.bahiaeconomica.com.br\"],\"url\":\"https:\/\/bahiaeconomica.com.br\/wp\/author\/luana-neiva\/\"}]}<\/script>\n<!-- \/ Yoast SEO plugin. -->","yoast_head_json":{"title":"ABASTECIMENTO DE \u00c1GUA SER\u00c1 SUSPENSO EM PARTE DE SALVADOR E RMS NA PR\u00d3XIMA TER\u00c7A-FEIRA (19) - Bahia Economica","description":"Suspens\u00e3o vai ocorrer devido \u00e0 realiza\u00e7\u00e3o de servi\u00e7os de manuten\u00e7\u00e3o e melhoria na capta\u00e7\u00e3o de \u00e1gua em Pedra do Cavalo","robots":{"index":"index","follow":"follow","max-snippet":"max-snippet:-1","max-image-preview":"max-image-preview:large","max-video-preview":"max-video-preview:-1"},"canonical":"https:\/\/bahiaeconomica.com.br\/wp\/2023\/09\/15\/abastecimento-de-agua-sera-suspenso-em-parte-de-salvador-e-rms-na-proxima-terca-feira-19\/","og_locale":"pt_BR","og_type":"article","og_title":"ABASTECIMENTO DE \u00c1GUA SER\u00c1 SUSPENSO EM PARTE DE SALVADOR E RMS NA PR\u00d3XIMA TER\u00c7A-FEIRA (19) - Bahia Economica","og_description":"Suspens\u00e3o vai ocorrer devido \u00e0 realiza\u00e7\u00e3o de servi\u00e7os de manuten\u00e7\u00e3o e melhoria na capta\u00e7\u00e3o de \u00e1gua em Pedra do Cavalo","og_url":"https:\/\/bahiaeconomica.com.br\/wp\/2023\/09\/15\/abastecimento-de-agua-sera-suspenso-em-parte-de-salvador-e-rms-na-proxima-terca-feira-19\/","og_site_name":"Bahia Economica","article_publisher":"https:\/\/www.facebook.com\/bahiaeconomica","article_published_time":"2023-09-15T19:59:09+00:00","article_modified_time":"2023-09-15T19:54:25+00:00","og_image":[{"width":898,"height":598,"url":"https:\/\/bahiaeconomica.com.br\/wp\/wp-content\/uploads\/2023\/09\/20230915_EmbasaServicoManutencao1.jpeg","type":"image\/jpeg"}],"author":"LUANA NEIVA","twitter_card":"summary_large_image","twitter_misc":{"Escrito por":"LUANA NEIVA","Est. tempo de leitura":"4 minutos"},"schema":{"@context":"https:\/\/schema.org","@graph":[{"@type":"Article","@id":"https:\/\/bahiaeconomica.com.br\/wp\/2023\/09\/15\/abastecimento-de-agua-sera-suspenso-em-parte-de-salvador-e-rms-na-proxima-terca-feira-19\/#article","isPartOf":{"@id":"https:\/\/bahiaeconomica.com.br\/wp\/2023\/09\/15\/abastecimento-de-agua-sera-suspenso-em-parte-de-salvador-e-rms-na-proxima-terca-feira-19\/"},"author":{"name":"LUANA NEIVA","@id":"https:\/\/bahiaeconomica.com.br\/wp\/#\/schema\/person\/1ce30764265540f754d66197c4212789"},"headline":"ABASTECIMENTO DE \u00c1GUA SER\u00c1 SUSPENSO EM PARTE DE SALVADOR E RMS NA PR\u00d3XIMA TER\u00c7A-FEIRA (19)","datePublished":"2023-09-15T19:59:09+00:00","dateModified":"2023-09-15T19:54:25+00:00","mainEntityOfPage":{"@id":"https:\/\/bahiaeconomica.com.br\/wp\/2023\/09\/15\/abastecimento-de-agua-sera-suspenso-em-parte-de-salvador-e-rms-na-proxima-terca-feira-19\/"},"wordCount":622,"publisher":{"@id":"https:\/\/bahiaeconomica.com.br\/wp\/#organization"},"keywords":["agua","RMS","Salvador"],"articleSection":["DESTAQUE DO DIA","MUNIC\u00cdPIOS"],"inLanguage":"pt-BR"},{"@type":"WebPage","@id":"https:\/\/bahiaeconomica.com.br\/wp\/2023\/09\/15\/abastecimento-de-agua-sera-suspenso-em-parte-de-salvador-e-rms-na-proxima-terca-feira-19\/","url":"https:\/\/bahiaeconomica.com.br\/wp\/2023\/09\/15\/abastecimento-de-agua-sera-suspenso-em-parte-de-salvador-e-rms-na-proxima-terca-feira-19\/","name":"ABASTECIMENTO DE \u00c1GUA SER\u00c1 SUSPENSO EM PARTE DE SALVADOR E RMS NA PR\u00d3XIMA TER\u00c7A-FEIRA (19) - Bahia Economica","isPartOf":{"@id":"https:\/\/bahiaeconomica.com.br\/wp\/#website"},"datePublished":"2023-09-15T19:59:09+00:00","dateModified":"2023-09-15T19:54:25+00:00","description":"Suspens\u00e3o vai ocorrer devido \u00e0 realiza\u00e7\u00e3o de servi\u00e7os de manuten\u00e7\u00e3o e melhoria na capta\u00e7\u00e3o de \u00e1gua em Pedra do Cavalo","breadcrumb":{"@id":"https:\/\/bahiaeconomica.com.br\/wp\/2023\/09\/15\/abastecimento-de-agua-sera-suspenso-em-parte-de-salvador-e-rms-na-proxima-terca-feira-19\/#breadcrumb"},"inLanguage":"pt-BR","potentialAction":[{"@type":"ReadAction","target":["https:\/\/bahiaeconomica.com.br\/wp\/2023\/09\/15\/abastecimento-de-agua-sera-suspenso-em-parte-de-salvador-e-rms-na-proxima-terca-feira-19\/"]}]},{"@type":"BreadcrumbList","@id":"https:\/\/bahiaeconomica.com.br\/wp\/2023\/09\/15\/abastecimento-de-agua-sera-suspenso-em-parte-de-salvador-e-rms-na-proxima-terca-feira-19\/#breadcrumb","itemListElement":[{"@type":"ListItem","position":1,"name":"In\u00edcio","item":"https:\/\/bahiaeconomica.com.br\/wp\/"},{"@type":"ListItem","position":2,"name":"ABASTECIMENTO DE \u00c1GUA SER\u00c1 SUSPENSO EM PARTE DE SALVADOR E RMS NA PR\u00d3XIMA TER\u00c7A-FEIRA (19)"}]},{"@type":"WebSite","@id":"https:\/\/bahiaeconomica.com.br\/wp\/#website","url":"https:\/\/bahiaeconomica.com.br\/wp\/","name":"Bahia Economica","description":"O maior portal de Economia da Bahia","publisher":{"@id":"https:\/\/bahiaeconomica.com.br\/wp\/#organization"},"potentialAction":[{"@type":"SearchAction","target":{"@type":"EntryPoint","urlTemplate":"https:\/\/bahiaeconomica.com.br\/wp\/?s={search_term_string}"},"query-input":"required name=search_term_string"}],"inLanguage":"pt-BR"},{"@type":"Organization","@id":"https:\/\/bahiaeconomica.com.br\/wp\/#organization","name":"Bahia Econ\u00f4mica","url":"https:\/\/bahiaeconomica.com.br\/wp\/","logo":{"@type":"ImageObject","inLanguage":"pt-BR","@id":"https:\/\/bahiaeconomica.com.br\/wp\/#\/schema\/logo\/image\/","url":"https:\/\/bahiaeconomica.com.br\/wp\/wp-content\/uploads\/2020\/12\/cropped-BE.png","contentUrl":"https:\/\/bahiaeconomica.com.br\/wp\/wp-content\/uploads\/2020\/12\/cropped-BE.png","width":512,"height":512,"caption":"Bahia Econ\u00f4mica"},"image":{"@id":"https:\/\/bahiaeconomica.com.br\/wp\/#\/schema\/logo\/image\/"},"sameAs":["https:\/\/www.facebook.com\/bahiaeconomica"]},{"@type":"Person","@id":"https:\/\/bahiaeconomica.com.br\/wp\/#\/schema\/person\/1ce30764265540f754d66197c4212789","name":"LUANA NEIVA","sameAs":["http:\/\/www.bahiaeconomica.com.br"],"url":"https:\/\/bahiaeconomica.com.br\/wp\/author\/luana-neiva\/"}]}},"views":42,"_links":{"self":[{"href":"https:\/\/bahiaeconomica.com.br\/wp\/wp-json\/wp\/v2\/posts\/763207"}],"collection":[{"href":"https:\/\/bahiaeconomica.com.br\/wp\/wp-json\/wp\/v2\/posts"}],"about":[{"href":"https:\/\/bahiaeconomica.com.br\/wp\/wp-json\/wp\/v2\/types\/post"}],"author":[{"embeddable":true,"href":"https:\/\/bahiaeconomica.com.br\/wp\/wp-json\/wp\/v2\/users\/17"}],"replies":[{"embeddable":true,"href":"https:\/\/bahiaeconomica.com.br\/wp\/wp-json\/wp\/v2\/comments?post=763207"}],"version-history":[{"count":1,"href":"https:\/\/bahiaeconomica.com.br\/wp\/wp-json\/wp\/v2\/posts\/763207\/revisions"}],"predecessor-version":[{"id":763210,"href":"https:\/\/bahiaeconomica.com.br\/wp\/wp-json\/wp\/v2\/posts\/763207\/revisions\/763210"}],"wp:featuredmedia":[{"embeddable":true,"href":"https:\/\/bahiaeconomica.com.br\/wp\/wp-json\/wp\/v2\/media\/763208"}],"wp:attachment":[{"href":"https:\/\/bahiaeconomica.com.br\/wp\/wp-json\/wp\/v2\/media?parent=763207"}],"wp:term":[{"taxonomy":"category","embeddable":true,"href":"https:\/\/bahiaeconomica.com.br\/wp\/wp-json\/wp\/v2\/categories?post=763207"},{"taxonomy":"post_tag","embeddable":true,"href":"https:\/\/bahiaeconomica.com.br\/wp\/wp-json\/wp\/v2\/tags?post=763207"}],"curies":[{"name":"wp","href":"https:\/\/api.w.org\/{rel}","templated":true}]}}