{"id":762868,"date":"2023-09-14T17:54:51","date_gmt":"2023-09-14T20:54:51","guid":{"rendered":"https:\/\/bahiaeconomica.com.br\/wp\/?p=762868"},"modified":"2023-09-14T17:54:51","modified_gmt":"2023-09-14T20:54:51","slug":"stf-condena-segundo-reu-a-14-anos-de-prisao-pelos-atos-do-8-de-janeiro","status":"publish","type":"post","link":"https:\/\/bahiaeconomica.com.br\/wp\/2023\/09\/14\/stf-condena-segundo-reu-a-14-anos-de-prisao-pelos-atos-do-8-de-janeiro\/","title":{"rendered":"STF CONDENA SEGUNDO R\u00c9U A 14 ANOS DE PRIS\u00c3O PELOS ATOS DO 8 DE JANEIRO"},"content":{"rendered":"<p>A maioria dos ministros do Supremo Tribunal Federal (STF) condenou nesta quinta-feira (14) Thiago de Assis Mathar a 14 anos de pris\u00e3o. Ele \u00e9 o segundo r\u00e9u julgado pelos atos golpistas de 8 de janeiro.<\/p>\n<p>Os ministros seguiram voto proferido pelo relator, ministro Alexandre de Moraes, e entenderam que o r\u00e9u cometeu cinco crimes: associa\u00e7\u00e3o criminosa armada, aboli\u00e7\u00e3o violenta do Estado Democr\u00e1tico de Direito, tentativa de golpe de Estado, dano qualificado pela viol\u00eancia e grave amea\u00e7a e deteriora\u00e7\u00e3o de patrim\u00f4nio tombado.<\/p>\n<p>Tamb\u00e9m ficou definido que o condenado dever\u00e1 pagar solidariamente com outros investigados o valor de R$ 30 milh\u00f5es de ressarcimento pela participa\u00e7\u00e3o na depreda\u00e7\u00e3o.<\/p>\n<p>O r\u00e9u estava no Pal\u00e1cio do Planalto, onde foi preso pela Pol\u00edcia Militar. Ele continua preso no pres\u00eddio da Papuda, no Distrito Federal.<\/p>\n<p>O entendimento pela condena\u00e7\u00e3o pelos cinco crimes foi acompanhado pelos ministros Cristiano Zanin, Edson Fachin, Dias Toffoli, C\u00e1rmen L\u00facia, Gilmar Mendes e Rosa Weber.<\/p>\n<p>Nunes Marques s\u00f3 reconheceu a condena\u00e7\u00e3o pelos dois crimes patrimoniais e absolveu o acusado por golpe de Estado e viola\u00e7\u00e3o do Estado democr\u00e1tico. Andr\u00e9 Mendon\u00e7a e Lu\u00eds Roberto Barroso condenaram por quatro crimes.<\/p>\n<p>A defesa de Thiago Mathar declarou que ele n\u00e3o participou da depreda\u00e7\u00e3o do Pal\u00e1cio do Planalto. Segundo o advogado Hery Waldir, Thiago estava se &#8220;manifestando pacificamente&#8221;. Pela vers\u00e3o do defensor, ele n\u00e3o participou da depreda\u00e7\u00e3o do Pal\u00e1cio e entrou no pr\u00e9dio para \u201cse abrigar\u201d.<\/p>\n<p><em>Ag\u00eancia Brasil<\/em><\/p>\n<p><strong>Foto: Rosinei Coutinho\/SCO\/STF<\/strong><\/p>\n","protected":false},"excerpt":{"rendered":"<p>A maioria dos ministros do Supremo Tribunal Federal (STF) condenou nesta quinta-feira (14) Thiago de Assis Mathar a 14 anos de pris\u00e3o. Ele \u00e9 o segundo r\u00e9u julgado pelos atos golpistas de 8 de janeiro. Os ministros seguiram voto proferido pelo relator, ministro Alexandre de Moraes, e entenderam que o r\u00e9u cometeu cinco crimes: associa\u00e7\u00e3o [&hellip;]<\/p>\n","protected":false},"author":18,"featured_media":762873,"comment_status":"closed","ping_status":"closed","sticky":false,"template":"","format":"standard","meta":[],"categories":[14601],"tags":[12475,20081,3151,5906,8471,8124,20082],"acf":[],"yoast_head":"<!-- This site is optimized with the Yoast SEO plugin v20.8 - https:\/\/yoast.com\/wordpress\/plugins\/seo\/ -->\n<title>STF CONDENA SEGUNDO R\u00c9U A 14 ANOS DE PRIS\u00c3O PELOS ATOS DO 8 DE JANEIRO - Bahia Economica<\/title>\n<meta name=\"description\" content=\"O maior portal de Economia da Bahia Pol\u00edtica Bahia Economica A maioria dos ministros do Supremo Tribunal Federal (STF) condenou nesta\" \/>\n<meta name=\"robots\" content=\"index, follow, max-snippet:-1, max-image-preview:large, max-video-preview:-1\" \/>\n<link rel=\"canonical\" href=\"https:\/\/bahiaeconomica.com.br\/wp\/2023\/09\/14\/stf-condena-segundo-reu-a-14-anos-de-prisao-pelos-atos-do-8-de-janeiro\/\" \/>\n<meta property=\"og:locale\" content=\"pt_BR\" \/>\n<meta property=\"og:type\" content=\"article\" \/>\n<meta property=\"og:title\" content=\"STF CONDENA SEGUNDO R\u00c9U A 14 ANOS DE PRIS\u00c3O PELOS ATOS DO 8 DE JANEIRO - Bahia Economica\" \/>\n<meta property=\"og:description\" content=\"O maior portal de Economia da Bahia Pol\u00edtica Bahia Economica A maioria dos ministros do Supremo Tribunal Federal (STF) condenou nesta\" \/>\n<meta property=\"og:url\" content=\"https:\/\/bahiaeconomica.com.br\/wp\/2023\/09\/14\/stf-condena-segundo-reu-a-14-anos-de-prisao-pelos-atos-do-8-de-janeiro\/\" \/>\n<meta property=\"og:site_name\" content=\"Bahia Economica\" \/>\n<meta property=\"article:publisher\" content=\"https:\/\/www.facebook.com\/bahiaeconomica\" \/>\n<meta property=\"article:published_time\" content=\"2023-09-14T20:54:51+00:00\" \/>\n<meta property=\"og:image\" content=\"https:\/\/bahiaeconomica.com.br\/wp\/wp-content\/uploads\/2023\/09\/53187509294_b055238f07_o.jpg\" \/>\n\t<meta property=\"og:image:width\" content=\"1170\" \/>\n\t<meta property=\"og:image:height\" content=\"700\" \/>\n\t<meta property=\"og:image:type\" content=\"image\/jpeg\" \/>\n<meta name=\"author\" content=\"Emily Oliveira\" \/>\n<meta name=\"twitter:card\" content=\"summary_large_image\" \/>\n<meta name=\"twitter:label1\" content=\"Escrito por\" \/>\n\t<meta name=\"twitter:data1\" content=\"Emily Oliveira\" \/>\n\t<meta name=\"twitter:label2\" content=\"Est. tempo de leitura\" \/>\n\t<meta name=\"twitter:data2\" content=\"2 minutos\" \/>\n<script type=\"application\/ld+json\" class=\"yoast-schema-graph\">{\"@context\":\"https:\/\/schema.org\",\"@graph\":[{\"@type\":\"Article\",\"@id\":\"https:\/\/bahiaeconomica.com.br\/wp\/2023\/09\/14\/stf-condena-segundo-reu-a-14-anos-de-prisao-pelos-atos-do-8-de-janeiro\/#article\",\"isPartOf\":{\"@id\":\"https:\/\/bahiaeconomica.com.br\/wp\/2023\/09\/14\/stf-condena-segundo-reu-a-14-anos-de-prisao-pelos-atos-do-8-de-janeiro\/\"},\"author\":{\"name\":\"Emily Oliveira\",\"@id\":\"https:\/\/bahiaeconomica.com.br\/wp\/#\/schema\/person\/547396bb3b39ebb828ab5807d982c42f\"},\"headline\":\"STF CONDENA SEGUNDO R\u00c9U A 14 ANOS DE PRIS\u00c3O PELOS ATOS DO 8 DE JANEIRO\",\"datePublished\":\"2023-09-14T20:54:51+00:00\",\"dateModified\":\"2023-09-14T20:54:51+00:00\",\"mainEntityOfPage\":{\"@id\":\"https:\/\/bahiaeconomica.com.br\/wp\/2023\/09\/14\/stf-condena-segundo-reu-a-14-anos-de-prisao-pelos-atos-do-8-de-janeiro\/\"},\"wordCount\":281,\"publisher\":{\"@id\":\"https:\/\/bahiaeconomica.com.br\/wp\/#organization\"},\"keywords\":[\"8 de janeiro\",\"atos criminosos\",\"condena\u00e7\u00e3o\",\"golpe\",\"Pal\u00e1cio do Planalto\",\"Supremo Tribunal Federal\",\"thiago assis mathar\"],\"articleSection\":[\"Pol\u00edtica\"],\"inLanguage\":\"pt-BR\"},{\"@type\":\"WebPage\",\"@id\":\"https:\/\/bahiaeconomica.com.br\/wp\/2023\/09\/14\/stf-condena-segundo-reu-a-14-anos-de-prisao-pelos-atos-do-8-de-janeiro\/\",\"url\":\"https:\/\/bahiaeconomica.com.br\/wp\/2023\/09\/14\/stf-condena-segundo-reu-a-14-anos-de-prisao-pelos-atos-do-8-de-janeiro\/\",\"name\":\"STF CONDENA SEGUNDO R\u00c9U A 14 ANOS DE PRIS\u00c3O PELOS ATOS DO 8 DE JANEIRO - Bahia Economica\",\"isPartOf\":{\"@id\":\"https:\/\/bahiaeconomica.com.br\/wp\/#website\"},\"datePublished\":\"2023-09-14T20:54:51+00:00\",\"dateModified\":\"2023-09-14T20:54:51+00:00\",\"description\":\"O maior portal de Economia da Bahia Pol\u00edtica Bahia Economica A maioria dos ministros do Supremo Tribunal Federal (STF) condenou nesta\",\"breadcrumb\":{\"@id\":\"https:\/\/bahiaeconomica.com.br\/wp\/2023\/09\/14\/stf-condena-segundo-reu-a-14-anos-de-prisao-pelos-atos-do-8-de-janeiro\/#breadcrumb\"},\"inLanguage\":\"pt-BR\",\"potentialAction\":[{\"@type\":\"ReadAction\",\"target\":[\"https:\/\/bahiaeconomica.com.br\/wp\/2023\/09\/14\/stf-condena-segundo-reu-a-14-anos-de-prisao-pelos-atos-do-8-de-janeiro\/\"]}]},{\"@type\":\"BreadcrumbList\",\"@id\":\"https:\/\/bahiaeconomica.com.br\/wp\/2023\/09\/14\/stf-condena-segundo-reu-a-14-anos-de-prisao-pelos-atos-do-8-de-janeiro\/#breadcrumb\",\"itemListElement\":[{\"@type\":\"ListItem\",\"position\":1,\"name\":\"In\u00edcio\",\"item\":\"https:\/\/bahiaeconomica.com.br\/wp\/\"},{\"@type\":\"ListItem\",\"position\":2,\"name\":\"STF CONDENA SEGUNDO R\u00c9U A 14 ANOS DE PRIS\u00c3O PELOS ATOS DO 8 DE JANEIRO\"}]},{\"@type\":\"WebSite\",\"@id\":\"https:\/\/bahiaeconomica.com.br\/wp\/#website\",\"url\":\"https:\/\/bahiaeconomica.com.br\/wp\/\",\"name\":\"Bahia Economica\",\"description\":\"O maior portal de Economia da Bahia\",\"publisher\":{\"@id\":\"https:\/\/bahiaeconomica.com.br\/wp\/#organization\"},\"potentialAction\":[{\"@type\":\"SearchAction\",\"target\":{\"@type\":\"EntryPoint\",\"urlTemplate\":\"https:\/\/bahiaeconomica.com.br\/wp\/?s={search_term_string}\"},\"query-input\":\"required name=search_term_string\"}],\"inLanguage\":\"pt-BR\"},{\"@type\":\"Organization\",\"@id\":\"https:\/\/bahiaeconomica.com.br\/wp\/#organization\",\"name\":\"Bahia Econ\u00f4mica\",\"url\":\"https:\/\/bahiaeconomica.com.br\/wp\/\",\"logo\":{\"@type\":\"ImageObject\",\"inLanguage\":\"pt-BR\",\"@id\":\"https:\/\/bahiaeconomica.com.br\/wp\/#\/schema\/logo\/image\/\",\"url\":\"https:\/\/bahiaeconomica.com.br\/wp\/wp-content\/uploads\/2020\/12\/cropped-BE.png\",\"contentUrl\":\"https:\/\/bahiaeconomica.com.br\/wp\/wp-content\/uploads\/2020\/12\/cropped-BE.png\",\"width\":512,\"height\":512,\"caption\":\"Bahia Econ\u00f4mica\"},\"image\":{\"@id\":\"https:\/\/bahiaeconomica.com.br\/wp\/#\/schema\/logo\/image\/\"},\"sameAs\":[\"https:\/\/www.facebook.com\/bahiaeconomica\"]},{\"@type\":\"Person\",\"@id\":\"https:\/\/bahiaeconomica.com.br\/wp\/#\/schema\/person\/547396bb3b39ebb828ab5807d982c42f\",\"name\":\"Emily Oliveira\",\"sameAs\":[\"https:\/\/bahiaeconomica.com.br\/wp\/\"],\"url\":\"https:\/\/bahiaeconomica.com.br\/wp\/author\/emily-oliveira\/\"}]}<\/script>\n<!-- \/ Yoast SEO plugin. -->","yoast_head_json":{"title":"STF CONDENA SEGUNDO R\u00c9U A 14 ANOS DE PRIS\u00c3O PELOS ATOS DO 8 DE JANEIRO - Bahia Economica","description":"O maior portal de Economia da Bahia Pol\u00edtica Bahia Economica A maioria dos ministros do Supremo Tribunal Federal (STF) condenou nesta","robots":{"index":"index","follow":"follow","max-snippet":"max-snippet:-1","max-image-preview":"max-image-preview:large","max-video-preview":"max-video-preview:-1"},"canonical":"https:\/\/bahiaeconomica.com.br\/wp\/2023\/09\/14\/stf-condena-segundo-reu-a-14-anos-de-prisao-pelos-atos-do-8-de-janeiro\/","og_locale":"pt_BR","og_type":"article","og_title":"STF CONDENA SEGUNDO R\u00c9U A 14 ANOS DE PRIS\u00c3O PELOS ATOS DO 8 DE JANEIRO - Bahia Economica","og_description":"O maior portal de Economia da Bahia Pol\u00edtica Bahia Economica A maioria dos ministros do Supremo Tribunal Federal (STF) condenou nesta","og_url":"https:\/\/bahiaeconomica.com.br\/wp\/2023\/09\/14\/stf-condena-segundo-reu-a-14-anos-de-prisao-pelos-atos-do-8-de-janeiro\/","og_site_name":"Bahia Economica","article_publisher":"https:\/\/www.facebook.com\/bahiaeconomica","article_published_time":"2023-09-14T20:54:51+00:00","og_image":[{"width":1170,"height":700,"url":"https:\/\/bahiaeconomica.com.br\/wp\/wp-content\/uploads\/2023\/09\/53187509294_b055238f07_o.jpg","type":"image\/jpeg"}],"author":"Emily Oliveira","twitter_card":"summary_large_image","twitter_misc":{"Escrito por":"Emily Oliveira","Est. tempo de leitura":"2 minutos"},"schema":{"@context":"https:\/\/schema.org","@graph":[{"@type":"Article","@id":"https:\/\/bahiaeconomica.com.br\/wp\/2023\/09\/14\/stf-condena-segundo-reu-a-14-anos-de-prisao-pelos-atos-do-8-de-janeiro\/#article","isPartOf":{"@id":"https:\/\/bahiaeconomica.com.br\/wp\/2023\/09\/14\/stf-condena-segundo-reu-a-14-anos-de-prisao-pelos-atos-do-8-de-janeiro\/"},"author":{"name":"Emily Oliveira","@id":"https:\/\/bahiaeconomica.com.br\/wp\/#\/schema\/person\/547396bb3b39ebb828ab5807d982c42f"},"headline":"STF CONDENA SEGUNDO R\u00c9U A 14 ANOS DE PRIS\u00c3O PELOS ATOS DO 8 DE JANEIRO","datePublished":"2023-09-14T20:54:51+00:00","dateModified":"2023-09-14T20:54:51+00:00","mainEntityOfPage":{"@id":"https:\/\/bahiaeconomica.com.br\/wp\/2023\/09\/14\/stf-condena-segundo-reu-a-14-anos-de-prisao-pelos-atos-do-8-de-janeiro\/"},"wordCount":281,"publisher":{"@id":"https:\/\/bahiaeconomica.com.br\/wp\/#organization"},"keywords":["8 de janeiro","atos criminosos","condena\u00e7\u00e3o","golpe","Pal\u00e1cio do Planalto","Supremo Tribunal Federal","thiago assis mathar"],"articleSection":["Pol\u00edtica"],"inLanguage":"pt-BR"},{"@type":"WebPage","@id":"https:\/\/bahiaeconomica.com.br\/wp\/2023\/09\/14\/stf-condena-segundo-reu-a-14-anos-de-prisao-pelos-atos-do-8-de-janeiro\/","url":"https:\/\/bahiaeconomica.com.br\/wp\/2023\/09\/14\/stf-condena-segundo-reu-a-14-anos-de-prisao-pelos-atos-do-8-de-janeiro\/","name":"STF CONDENA SEGUNDO R\u00c9U A 14 ANOS DE PRIS\u00c3O PELOS ATOS DO 8 DE JANEIRO - Bahia Economica","isPartOf":{"@id":"https:\/\/bahiaeconomica.com.br\/wp\/#website"},"datePublished":"2023-09-14T20:54:51+00:00","dateModified":"2023-09-14T20:54:51+00:00","description":"O maior portal de Economia da Bahia Pol\u00edtica Bahia Economica A maioria dos ministros do Supremo Tribunal Federal (STF) condenou nesta","breadcrumb":{"@id":"https:\/\/bahiaeconomica.com.br\/wp\/2023\/09\/14\/stf-condena-segundo-reu-a-14-anos-de-prisao-pelos-atos-do-8-de-janeiro\/#breadcrumb"},"inLanguage":"pt-BR","potentialAction":[{"@type":"ReadAction","target":["https:\/\/bahiaeconomica.com.br\/wp\/2023\/09\/14\/stf-condena-segundo-reu-a-14-anos-de-prisao-pelos-atos-do-8-de-janeiro\/"]}]},{"@type":"BreadcrumbList","@id":"https:\/\/bahiaeconomica.com.br\/wp\/2023\/09\/14\/stf-condena-segundo-reu-a-14-anos-de-prisao-pelos-atos-do-8-de-janeiro\/#breadcrumb","itemListElement":[{"@type":"ListItem","position":1,"name":"In\u00edcio","item":"https:\/\/bahiaeconomica.com.br\/wp\/"},{"@type":"ListItem","position":2,"name":"STF CONDENA SEGUNDO R\u00c9U A 14 ANOS DE PRIS\u00c3O PELOS ATOS DO 8 DE JANEIRO"}]},{"@type":"WebSite","@id":"https:\/\/bahiaeconomica.com.br\/wp\/#website","url":"https:\/\/bahiaeconomica.com.br\/wp\/","name":"Bahia Economica","description":"O maior portal de Economia da Bahia","publisher":{"@id":"https:\/\/bahiaeconomica.com.br\/wp\/#organization"},"potentialAction":[{"@type":"SearchAction","target":{"@type":"EntryPoint","urlTemplate":"https:\/\/bahiaeconomica.com.br\/wp\/?s={search_term_string}"},"query-input":"required name=search_term_string"}],"inLanguage":"pt-BR"},{"@type":"Organization","@id":"https:\/\/bahiaeconomica.com.br\/wp\/#organization","name":"Bahia Econ\u00f4mica","url":"https:\/\/bahiaeconomica.com.br\/wp\/","logo":{"@type":"ImageObject","inLanguage":"pt-BR","@id":"https:\/\/bahiaeconomica.com.br\/wp\/#\/schema\/logo\/image\/","url":"https:\/\/bahiaeconomica.com.br\/wp\/wp-content\/uploads\/2020\/12\/cropped-BE.png","contentUrl":"https:\/\/bahiaeconomica.com.br\/wp\/wp-content\/uploads\/2020\/12\/cropped-BE.png","width":512,"height":512,"caption":"Bahia Econ\u00f4mica"},"image":{"@id":"https:\/\/bahiaeconomica.com.br\/wp\/#\/schema\/logo\/image\/"},"sameAs":["https:\/\/www.facebook.com\/bahiaeconomica"]},{"@type":"Person","@id":"https:\/\/bahiaeconomica.com.br\/wp\/#\/schema\/person\/547396bb3b39ebb828ab5807d982c42f","name":"Emily Oliveira","sameAs":["https:\/\/bahiaeconomica.com.br\/wp\/"],"url":"https:\/\/bahiaeconomica.com.br\/wp\/author\/emily-oliveira\/"}]}},"views":2,"_links":{"self":[{"href":"https:\/\/bahiaeconomica.com.br\/wp\/wp-json\/wp\/v2\/posts\/762868"}],"collection":[{"href":"https:\/\/bahiaeconomica.com.br\/wp\/wp-json\/wp\/v2\/posts"}],"about":[{"href":"https:\/\/bahiaeconomica.com.br\/wp\/wp-json\/wp\/v2\/types\/post"}],"author":[{"embeddable":true,"href":"https:\/\/bahiaeconomica.com.br\/wp\/wp-json\/wp\/v2\/users\/18"}],"replies":[{"embeddable":true,"href":"https:\/\/bahiaeconomica.com.br\/wp\/wp-json\/wp\/v2\/comments?post=762868"}],"version-history":[{"count":1,"href":"https:\/\/bahiaeconomica.com.br\/wp\/wp-json\/wp\/v2\/posts\/762868\/revisions"}],"predecessor-version":[{"id":762874,"href":"https:\/\/bahiaeconomica.com.br\/wp\/wp-json\/wp\/v2\/posts\/762868\/revisions\/762874"}],"wp:featuredmedia":[{"embeddable":true,"href":"https:\/\/bahiaeconomica.com.br\/wp\/wp-json\/wp\/v2\/media\/762873"}],"wp:attachment":[{"href":"https:\/\/bahiaeconomica.com.br\/wp\/wp-json\/wp\/v2\/media?parent=762868"}],"wp:term":[{"taxonomy":"category","embeddable":true,"href":"https:\/\/bahiaeconomica.com.br\/wp\/wp-json\/wp\/v2\/categories?post=762868"},{"taxonomy":"post_tag","embeddable":true,"href":"https:\/\/bahiaeconomica.com.br\/wp\/wp-json\/wp\/v2\/tags?post=762868"}],"curies":[{"name":"wp","href":"https:\/\/api.w.org\/{rel}","templated":true}]}}