{"id":762861,"date":"2023-09-14T17:45:09","date_gmt":"2023-09-14T20:45:09","guid":{"rendered":"https:\/\/bahiaeconomica.com.br\/wp\/?p=762861"},"modified":"2023-09-14T17:35:09","modified_gmt":"2023-09-14T20:35:09","slug":"lucio-vieira-lima-e-uziel-se-reunem-para-articular-possivel-filiacao-do-apresentador-ao-mdb","status":"publish","type":"post","link":"https:\/\/bahiaeconomica.com.br\/wp\/2023\/09\/14\/lucio-vieira-lima-e-uziel-se-reunem-para-articular-possivel-filiacao-do-apresentador-ao-mdb\/","title":{"rendered":"L\u00daCIO VIEIRA LIMA E UZIEL SE RE\u00daNEM PARA ARTICULAR POSS\u00cdVEL FILIA\u00c7\u00c3O DO APRESENTADOR AO MDB"},"content":{"rendered":"<p>O presidente de honra do MDB na Bahia, L\u00facio Vieira Lima, se reuniu novamente, nesta quinta-feira (14), com o apresentador Uziel Bueno, que demonstra interesse em se candidatar a prefeito de Lauro de Freitas, na Regi\u00e3o Metropolitana de Salvador, nas elei\u00e7\u00f5es de 2024.<\/p>\n<p>De acordo com L\u00facio, as conversas para uma poss\u00edvel filia\u00e7\u00e3o de Uziel ao MDB continuar\u00e3o. \u201cMais uma rodada de conversa com Uziel Bueno, sobre sua vinda para o MDB e uma prov\u00e1vel candidatura a prefeito de Lauro de Freitas. As conversas v\u00e3o prosseguir\u201d, escreveu na legenda de uma publica\u00e7\u00e3o feita em seu perfil no Instagram.<\/p>\n<p>Apesar de demonstrar interesse em disputar o pleito em Lauro de Freitas pelo grupo pol\u00edtico da atual gestora da cidade, Moema Gramacho (PT), a petista ainda n\u00e3o anunciou quem ser\u00e1 seu candidato para o que vem.<\/p>\n<p><strong>Foto: Reprodu\u00e7\u00e3o\/Instagram<\/strong><\/p>\n","protected":false},"excerpt":{"rendered":"<p>O presidente de honra do MDB na Bahia, L\u00facio Vieira Lima, se reuniu novamente, nesta quinta-feira (14), com o apresentador Uziel Bueno, que demonstra interesse em se candidatar a prefeito de Lauro de Freitas, na Regi\u00e3o Metropolitana de Salvador, nas elei\u00e7\u00f5es de 2024. De acordo com L\u00facio, as conversas para uma poss\u00edvel filia\u00e7\u00e3o de Uziel [&hellip;]<\/p>\n","protected":false},"author":18,"featured_media":762866,"comment_status":"closed","ping_status":"closed","sticky":false,"template":"","format":"standard","meta":[],"categories":[14601],"tags":[10948,1659,330,10350,20074,100,20073,12827],"acf":[],"yoast_head":"<!-- This site is optimized with the Yoast SEO plugin v20.8 - https:\/\/yoast.com\/wordpress\/plugins\/seo\/ -->\n<title>L\u00daCIO VIEIRA LIMA E UZIEL SE RE\u00daNEM PARA ARTICULAR POSS\u00cdVEL FILIA\u00c7\u00c3O DO APRESENTADOR AO MDB - Bahia Economica<\/title>\n<meta name=\"description\" content=\"O maior portal de Economia da Bahia Pol\u00edtica Bahia Economica O presidente de honra do MDB na Bahia, L\u00facio Vieira Lima\" \/>\n<meta name=\"robots\" content=\"index, follow, max-snippet:-1, max-image-preview:large, max-video-preview:-1\" \/>\n<link rel=\"canonical\" href=\"https:\/\/bahiaeconomica.com.br\/wp\/2023\/09\/14\/lucio-vieira-lima-e-uziel-se-reunem-para-articular-possivel-filiacao-do-apresentador-ao-mdb\/\" \/>\n<meta property=\"og:locale\" content=\"pt_BR\" \/>\n<meta property=\"og:type\" content=\"article\" \/>\n<meta property=\"og:title\" content=\"L\u00daCIO VIEIRA LIMA E UZIEL SE RE\u00daNEM PARA ARTICULAR POSS\u00cdVEL FILIA\u00c7\u00c3O DO APRESENTADOR AO MDB - Bahia Economica\" \/>\n<meta property=\"og:description\" content=\"O maior portal de Economia da Bahia Pol\u00edtica Bahia Economica O presidente de honra do MDB na Bahia, L\u00facio Vieira Lima\" \/>\n<meta property=\"og:url\" content=\"https:\/\/bahiaeconomica.com.br\/wp\/2023\/09\/14\/lucio-vieira-lima-e-uziel-se-reunem-para-articular-possivel-filiacao-do-apresentador-ao-mdb\/\" \/>\n<meta property=\"og:site_name\" content=\"Bahia Economica\" \/>\n<meta property=\"article:publisher\" content=\"https:\/\/www.facebook.com\/bahiaeconomica\" \/>\n<meta property=\"article:published_time\" content=\"2023-09-14T20:45:09+00:00\" \/>\n<meta property=\"article:modified_time\" content=\"2023-09-14T20:35:09+00:00\" \/>\n<meta property=\"og:image\" content=\"https:\/\/bahiaeconomica.com.br\/wp\/wp-content\/uploads\/2023\/09\/WhatsApp-Image-2023-09-14-at-17.34.37.jpeg\" \/>\n\t<meta property=\"og:image:width\" content=\"1080\" \/>\n\t<meta property=\"og:image:height\" content=\"1199\" \/>\n\t<meta property=\"og:image:type\" content=\"image\/jpeg\" \/>\n<meta name=\"author\" content=\"Emily Oliveira\" \/>\n<meta name=\"twitter:card\" content=\"summary_large_image\" \/>\n<meta name=\"twitter:label1\" content=\"Escrito por\" \/>\n\t<meta name=\"twitter:data1\" content=\"Emily Oliveira\" \/>\n\t<meta name=\"twitter:label2\" content=\"Est. tempo de leitura\" \/>\n\t<meta name=\"twitter:data2\" content=\"1 minuto\" \/>\n<script type=\"application\/ld+json\" class=\"yoast-schema-graph\">{\"@context\":\"https:\/\/schema.org\",\"@graph\":[{\"@type\":\"Article\",\"@id\":\"https:\/\/bahiaeconomica.com.br\/wp\/2023\/09\/14\/lucio-vieira-lima-e-uziel-se-reunem-para-articular-possivel-filiacao-do-apresentador-ao-mdb\/#article\",\"isPartOf\":{\"@id\":\"https:\/\/bahiaeconomica.com.br\/wp\/2023\/09\/14\/lucio-vieira-lima-e-uziel-se-reunem-para-articular-possivel-filiacao-do-apresentador-ao-mdb\/\"},\"author\":{\"name\":\"Emily Oliveira\",\"@id\":\"https:\/\/bahiaeconomica.com.br\/wp\/#\/schema\/person\/547396bb3b39ebb828ab5807d982c42f\"},\"headline\":\"L\u00daCIO VIEIRA LIMA E UZIEL SE RE\u00daNEM PARA ARTICULAR POSS\u00cdVEL FILIA\u00c7\u00c3O DO APRESENTADOR AO MDB\",\"datePublished\":\"2023-09-14T20:45:09+00:00\",\"dateModified\":\"2023-09-14T20:35:09+00:00\",\"mainEntityOfPage\":{\"@id\":\"https:\/\/bahiaeconomica.com.br\/wp\/2023\/09\/14\/lucio-vieira-lima-e-uziel-se-reunem-para-articular-possivel-filiacao-do-apresentador-ao-mdb\/\"},\"wordCount\":167,\"publisher\":{\"@id\":\"https:\/\/bahiaeconomica.com.br\/wp\/#organization\"},\"keywords\":[\"ELEI\u00c7\u00d5ES 2024\",\"filiacao\",\"Lauro de Freitas\",\"L\u00facio Vieira Lima\",\"MDB bahia\",\"Pol\u00edtica\",\"presidente de honra\",\"UZIEL BUENO\"],\"articleSection\":[\"Pol\u00edtica\"],\"inLanguage\":\"pt-BR\"},{\"@type\":\"WebPage\",\"@id\":\"https:\/\/bahiaeconomica.com.br\/wp\/2023\/09\/14\/lucio-vieira-lima-e-uziel-se-reunem-para-articular-possivel-filiacao-do-apresentador-ao-mdb\/\",\"url\":\"https:\/\/bahiaeconomica.com.br\/wp\/2023\/09\/14\/lucio-vieira-lima-e-uziel-se-reunem-para-articular-possivel-filiacao-do-apresentador-ao-mdb\/\",\"name\":\"L\u00daCIO VIEIRA LIMA E UZIEL SE RE\u00daNEM PARA ARTICULAR POSS\u00cdVEL FILIA\u00c7\u00c3O DO APRESENTADOR AO MDB - Bahia Economica\",\"isPartOf\":{\"@id\":\"https:\/\/bahiaeconomica.com.br\/wp\/#website\"},\"datePublished\":\"2023-09-14T20:45:09+00:00\",\"dateModified\":\"2023-09-14T20:35:09+00:00\",\"description\":\"O maior portal de Economia da Bahia Pol\u00edtica Bahia Economica O presidente de honra do MDB na Bahia, L\u00facio Vieira Lima\",\"breadcrumb\":{\"@id\":\"https:\/\/bahiaeconomica.com.br\/wp\/2023\/09\/14\/lucio-vieira-lima-e-uziel-se-reunem-para-articular-possivel-filiacao-do-apresentador-ao-mdb\/#breadcrumb\"},\"inLanguage\":\"pt-BR\",\"potentialAction\":[{\"@type\":\"ReadAction\",\"target\":[\"https:\/\/bahiaeconomica.com.br\/wp\/2023\/09\/14\/lucio-vieira-lima-e-uziel-se-reunem-para-articular-possivel-filiacao-do-apresentador-ao-mdb\/\"]}]},{\"@type\":\"BreadcrumbList\",\"@id\":\"https:\/\/bahiaeconomica.com.br\/wp\/2023\/09\/14\/lucio-vieira-lima-e-uziel-se-reunem-para-articular-possivel-filiacao-do-apresentador-ao-mdb\/#breadcrumb\",\"itemListElement\":[{\"@type\":\"ListItem\",\"position\":1,\"name\":\"In\u00edcio\",\"item\":\"https:\/\/bahiaeconomica.com.br\/wp\/\"},{\"@type\":\"ListItem\",\"position\":2,\"name\":\"L\u00daCIO VIEIRA LIMA E UZIEL SE RE\u00daNEM PARA ARTICULAR POSS\u00cdVEL FILIA\u00c7\u00c3O DO APRESENTADOR AO MDB\"}]},{\"@type\":\"WebSite\",\"@id\":\"https:\/\/bahiaeconomica.com.br\/wp\/#website\",\"url\":\"https:\/\/bahiaeconomica.com.br\/wp\/\",\"name\":\"Bahia Economica\",\"description\":\"O maior portal de Economia da Bahia\",\"publisher\":{\"@id\":\"https:\/\/bahiaeconomica.com.br\/wp\/#organization\"},\"potentialAction\":[{\"@type\":\"SearchAction\",\"target\":{\"@type\":\"EntryPoint\",\"urlTemplate\":\"https:\/\/bahiaeconomica.com.br\/wp\/?s={search_term_string}\"},\"query-input\":\"required name=search_term_string\"}],\"inLanguage\":\"pt-BR\"},{\"@type\":\"Organization\",\"@id\":\"https:\/\/bahiaeconomica.com.br\/wp\/#organization\",\"name\":\"Bahia Econ\u00f4mica\",\"url\":\"https:\/\/bahiaeconomica.com.br\/wp\/\",\"logo\":{\"@type\":\"ImageObject\",\"inLanguage\":\"pt-BR\",\"@id\":\"https:\/\/bahiaeconomica.com.br\/wp\/#\/schema\/logo\/image\/\",\"url\":\"https:\/\/bahiaeconomica.com.br\/wp\/wp-content\/uploads\/2020\/12\/cropped-BE.png\",\"contentUrl\":\"https:\/\/bahiaeconomica.com.br\/wp\/wp-content\/uploads\/2020\/12\/cropped-BE.png\",\"width\":512,\"height\":512,\"caption\":\"Bahia Econ\u00f4mica\"},\"image\":{\"@id\":\"https:\/\/bahiaeconomica.com.br\/wp\/#\/schema\/logo\/image\/\"},\"sameAs\":[\"https:\/\/www.facebook.com\/bahiaeconomica\"]},{\"@type\":\"Person\",\"@id\":\"https:\/\/bahiaeconomica.com.br\/wp\/#\/schema\/person\/547396bb3b39ebb828ab5807d982c42f\",\"name\":\"Emily Oliveira\",\"sameAs\":[\"https:\/\/bahiaeconomica.com.br\/wp\/\"],\"url\":\"https:\/\/bahiaeconomica.com.br\/wp\/author\/emily-oliveira\/\"}]}<\/script>\n<!-- \/ Yoast SEO plugin. -->","yoast_head_json":{"title":"L\u00daCIO VIEIRA LIMA E UZIEL SE RE\u00daNEM PARA ARTICULAR POSS\u00cdVEL FILIA\u00c7\u00c3O DO APRESENTADOR AO MDB - Bahia Economica","description":"O maior portal de Economia da Bahia Pol\u00edtica Bahia Economica O presidente de honra do MDB na Bahia, L\u00facio Vieira Lima","robots":{"index":"index","follow":"follow","max-snippet":"max-snippet:-1","max-image-preview":"max-image-preview:large","max-video-preview":"max-video-preview:-1"},"canonical":"https:\/\/bahiaeconomica.com.br\/wp\/2023\/09\/14\/lucio-vieira-lima-e-uziel-se-reunem-para-articular-possivel-filiacao-do-apresentador-ao-mdb\/","og_locale":"pt_BR","og_type":"article","og_title":"L\u00daCIO VIEIRA LIMA E UZIEL SE RE\u00daNEM PARA ARTICULAR POSS\u00cdVEL FILIA\u00c7\u00c3O DO APRESENTADOR AO MDB - Bahia Economica","og_description":"O maior portal de Economia da Bahia Pol\u00edtica Bahia Economica O presidente de honra do MDB na Bahia, L\u00facio Vieira Lima","og_url":"https:\/\/bahiaeconomica.com.br\/wp\/2023\/09\/14\/lucio-vieira-lima-e-uziel-se-reunem-para-articular-possivel-filiacao-do-apresentador-ao-mdb\/","og_site_name":"Bahia Economica","article_publisher":"https:\/\/www.facebook.com\/bahiaeconomica","article_published_time":"2023-09-14T20:45:09+00:00","article_modified_time":"2023-09-14T20:35:09+00:00","og_image":[{"width":1080,"height":1199,"url":"https:\/\/bahiaeconomica.com.br\/wp\/wp-content\/uploads\/2023\/09\/WhatsApp-Image-2023-09-14-at-17.34.37.jpeg","type":"image\/jpeg"}],"author":"Emily Oliveira","twitter_card":"summary_large_image","twitter_misc":{"Escrito por":"Emily Oliveira","Est. tempo de leitura":"1 minuto"},"schema":{"@context":"https:\/\/schema.org","@graph":[{"@type":"Article","@id":"https:\/\/bahiaeconomica.com.br\/wp\/2023\/09\/14\/lucio-vieira-lima-e-uziel-se-reunem-para-articular-possivel-filiacao-do-apresentador-ao-mdb\/#article","isPartOf":{"@id":"https:\/\/bahiaeconomica.com.br\/wp\/2023\/09\/14\/lucio-vieira-lima-e-uziel-se-reunem-para-articular-possivel-filiacao-do-apresentador-ao-mdb\/"},"author":{"name":"Emily Oliveira","@id":"https:\/\/bahiaeconomica.com.br\/wp\/#\/schema\/person\/547396bb3b39ebb828ab5807d982c42f"},"headline":"L\u00daCIO VIEIRA LIMA E UZIEL SE RE\u00daNEM PARA ARTICULAR POSS\u00cdVEL FILIA\u00c7\u00c3O DO APRESENTADOR AO MDB","datePublished":"2023-09-14T20:45:09+00:00","dateModified":"2023-09-14T20:35:09+00:00","mainEntityOfPage":{"@id":"https:\/\/bahiaeconomica.com.br\/wp\/2023\/09\/14\/lucio-vieira-lima-e-uziel-se-reunem-para-articular-possivel-filiacao-do-apresentador-ao-mdb\/"},"wordCount":167,"publisher":{"@id":"https:\/\/bahiaeconomica.com.br\/wp\/#organization"},"keywords":["ELEI\u00c7\u00d5ES 2024","filiacao","Lauro de Freitas","L\u00facio Vieira Lima","MDB bahia","Pol\u00edtica","presidente de honra","UZIEL BUENO"],"articleSection":["Pol\u00edtica"],"inLanguage":"pt-BR"},{"@type":"WebPage","@id":"https:\/\/bahiaeconomica.com.br\/wp\/2023\/09\/14\/lucio-vieira-lima-e-uziel-se-reunem-para-articular-possivel-filiacao-do-apresentador-ao-mdb\/","url":"https:\/\/bahiaeconomica.com.br\/wp\/2023\/09\/14\/lucio-vieira-lima-e-uziel-se-reunem-para-articular-possivel-filiacao-do-apresentador-ao-mdb\/","name":"L\u00daCIO VIEIRA LIMA E UZIEL SE RE\u00daNEM PARA ARTICULAR POSS\u00cdVEL FILIA\u00c7\u00c3O DO APRESENTADOR AO MDB - Bahia Economica","isPartOf":{"@id":"https:\/\/bahiaeconomica.com.br\/wp\/#website"},"datePublished":"2023-09-14T20:45:09+00:00","dateModified":"2023-09-14T20:35:09+00:00","description":"O maior portal de Economia da Bahia Pol\u00edtica Bahia Economica O presidente de honra do MDB na Bahia, L\u00facio Vieira Lima","breadcrumb":{"@id":"https:\/\/bahiaeconomica.com.br\/wp\/2023\/09\/14\/lucio-vieira-lima-e-uziel-se-reunem-para-articular-possivel-filiacao-do-apresentador-ao-mdb\/#breadcrumb"},"inLanguage":"pt-BR","potentialAction":[{"@type":"ReadAction","target":["https:\/\/bahiaeconomica.com.br\/wp\/2023\/09\/14\/lucio-vieira-lima-e-uziel-se-reunem-para-articular-possivel-filiacao-do-apresentador-ao-mdb\/"]}]},{"@type":"BreadcrumbList","@id":"https:\/\/bahiaeconomica.com.br\/wp\/2023\/09\/14\/lucio-vieira-lima-e-uziel-se-reunem-para-articular-possivel-filiacao-do-apresentador-ao-mdb\/#breadcrumb","itemListElement":[{"@type":"ListItem","position":1,"name":"In\u00edcio","item":"https:\/\/bahiaeconomica.com.br\/wp\/"},{"@type":"ListItem","position":2,"name":"L\u00daCIO VIEIRA LIMA E UZIEL SE RE\u00daNEM PARA ARTICULAR POSS\u00cdVEL FILIA\u00c7\u00c3O DO APRESENTADOR AO MDB"}]},{"@type":"WebSite","@id":"https:\/\/bahiaeconomica.com.br\/wp\/#website","url":"https:\/\/bahiaeconomica.com.br\/wp\/","name":"Bahia Economica","description":"O maior portal de Economia da Bahia","publisher":{"@id":"https:\/\/bahiaeconomica.com.br\/wp\/#organization"},"potentialAction":[{"@type":"SearchAction","target":{"@type":"EntryPoint","urlTemplate":"https:\/\/bahiaeconomica.com.br\/wp\/?s={search_term_string}"},"query-input":"required name=search_term_string"}],"inLanguage":"pt-BR"},{"@type":"Organization","@id":"https:\/\/bahiaeconomica.com.br\/wp\/#organization","name":"Bahia Econ\u00f4mica","url":"https:\/\/bahiaeconomica.com.br\/wp\/","logo":{"@type":"ImageObject","inLanguage":"pt-BR","@id":"https:\/\/bahiaeconomica.com.br\/wp\/#\/schema\/logo\/image\/","url":"https:\/\/bahiaeconomica.com.br\/wp\/wp-content\/uploads\/2020\/12\/cropped-BE.png","contentUrl":"https:\/\/bahiaeconomica.com.br\/wp\/wp-content\/uploads\/2020\/12\/cropped-BE.png","width":512,"height":512,"caption":"Bahia Econ\u00f4mica"},"image":{"@id":"https:\/\/bahiaeconomica.com.br\/wp\/#\/schema\/logo\/image\/"},"sameAs":["https:\/\/www.facebook.com\/bahiaeconomica"]},{"@type":"Person","@id":"https:\/\/bahiaeconomica.com.br\/wp\/#\/schema\/person\/547396bb3b39ebb828ab5807d982c42f","name":"Emily Oliveira","sameAs":["https:\/\/bahiaeconomica.com.br\/wp\/"],"url":"https:\/\/bahiaeconomica.com.br\/wp\/author\/emily-oliveira\/"}]}},"views":8,"_links":{"self":[{"href":"https:\/\/bahiaeconomica.com.br\/wp\/wp-json\/wp\/v2\/posts\/762861"}],"collection":[{"href":"https:\/\/bahiaeconomica.com.br\/wp\/wp-json\/wp\/v2\/posts"}],"about":[{"href":"https:\/\/bahiaeconomica.com.br\/wp\/wp-json\/wp\/v2\/types\/post"}],"author":[{"embeddable":true,"href":"https:\/\/bahiaeconomica.com.br\/wp\/wp-json\/wp\/v2\/users\/18"}],"replies":[{"embeddable":true,"href":"https:\/\/bahiaeconomica.com.br\/wp\/wp-json\/wp\/v2\/comments?post=762861"}],"version-history":[{"count":1,"href":"https:\/\/bahiaeconomica.com.br\/wp\/wp-json\/wp\/v2\/posts\/762861\/revisions"}],"predecessor-version":[{"id":762867,"href":"https:\/\/bahiaeconomica.com.br\/wp\/wp-json\/wp\/v2\/posts\/762861\/revisions\/762867"}],"wp:featuredmedia":[{"embeddable":true,"href":"https:\/\/bahiaeconomica.com.br\/wp\/wp-json\/wp\/v2\/media\/762866"}],"wp:attachment":[{"href":"https:\/\/bahiaeconomica.com.br\/wp\/wp-json\/wp\/v2\/media?parent=762861"}],"wp:term":[{"taxonomy":"category","embeddable":true,"href":"https:\/\/bahiaeconomica.com.br\/wp\/wp-json\/wp\/v2\/categories?post=762861"},{"taxonomy":"post_tag","embeddable":true,"href":"https:\/\/bahiaeconomica.com.br\/wp\/wp-json\/wp\/v2\/tags?post=762861"}],"curies":[{"name":"wp","href":"https:\/\/api.w.org\/{rel}","templated":true}]}}