{"id":761910,"date":"2023-09-12T10:18:06","date_gmt":"2023-09-12T13:18:06","guid":{"rendered":"https:\/\/bahiaeconomica.com.br\/wp\/?p=761910"},"modified":"2023-09-12T10:18:06","modified_gmt":"2023-09-12T13:18:06","slug":"vereador-teo-senna-acredita-na-reeleicao-do-presidente-da-camara-municipal-de-salvador","status":"publish","type":"post","link":"https:\/\/bahiaeconomica.com.br\/wp\/2023\/09\/12\/vereador-teo-senna-acredita-na-reeleicao-do-presidente-da-camara-municipal-de-salvador\/","title":{"rendered":"VEREADOR T\u00c9O SENNA ACREDITA NA REELEI\u00c7\u00c3O DO PRESIDENTE DA C\u00c2MARA MUNICIPAL DE SALVADOR"},"content":{"rendered":"<p>A elei\u00e7\u00e3o para presid\u00eancia da C\u00e2mara Municipal de Salvador (CMS) \u00e9 somente em 2025, contudo, o vereador T\u00e9o Senna (PSDB), afirmou que acredita na reelei\u00e7\u00e3o do atual presidente da Casa, o vereador Carlos Muniz.<\/p>\n<p>Em conversa com a imprensa, o parlamentar n\u00e3o poupou elogios ao colega tucano e apontou que deve ser &#8220;un\u00e2nime&#8221; o apoio dos demais vereadores \u00e0 reelei\u00e7\u00e3o de Muniz.<\/p>\n<p>&#8220;Desde a apresenta\u00e7\u00e3o da vinda de Muniz, tenho declarado a import\u00e2ncia que \u00e9 para a C\u00e2mara e para o PSDB. Acho que a vinda de Muniz fortalece o PSDB cada vez mais. Hoje a gente pode organizar melhor o partido. Esse andamento j\u00e1 permite a reelei\u00e7\u00e3o dele. Acho que o PSDB s\u00f3 tem a ganhar&#8221;, comentou T\u00e9o, ap\u00f3s a suspens\u00e3o da 60\u00aa sess\u00e3o ordin\u00e1ria na Casa Legislativa por falta de qu\u00f3rum.<\/p>\n<p>Muniz foi eleito em 2022, sucedendo o atual vice-governador Geraldo J\u00fanior (MDB). Que, na \u00e9poca, foi respons\u00e1vel pela campanha de condu\u00e7\u00e3o do chefe do Legislativo soteropolitano.<\/p>\n<p>&#8220;O apoio \u00e9 un\u00e2nime. A gente levou um tempo aqui meio assustado com os caminhos da C\u00e2mara, e hoje Muniz tem dado equil\u00edbrio&#8221;, acrescentou T\u00e9o.<\/p>\n<p>&nbsp;<\/p>\n<p>Foto: Gabriela Ara\u00fajo\/Ag. A TARDE<\/p>\n","protected":false},"excerpt":{"rendered":"<p>A elei\u00e7\u00e3o para presid\u00eancia da C\u00e2mara Municipal de Salvador (CMS) \u00e9 somente em 2025, contudo, o vereador T\u00e9o Senna (PSDB), afirmou que acredita na reelei\u00e7\u00e3o do atual presidente da Casa, o vereador Carlos Muniz. Em conversa com a imprensa, o parlamentar n\u00e3o poupou elogios ao colega tucano e apontou que deve ser &#8220;un\u00e2nime&#8221; o apoio [&hellip;]<\/p>\n","protected":false},"author":6,"featured_media":761911,"comment_status":"closed","ping_status":"closed","sticky":false,"template":"","format":"standard","meta":[],"categories":[14601],"tags":[85,10955,404,100,19849,73,8302],"acf":[],"yoast_head":"<!-- This site is optimized with the Yoast SEO plugin v20.8 - https:\/\/yoast.com\/wordpress\/plugins\/seo\/ -->\n<title>VEREADOR T\u00c9O SENNA ACREDITA NA REELEI\u00c7\u00c3O DO PRESIDENTE DA C\u00c2MARA MUNICIPAL DE SALVADOR - Bahia Economica<\/title>\n<meta name=\"description\" content=\"O maior portal de Economia da Bahia Pol\u00edtica Bahia Economica\" \/>\n<meta name=\"robots\" content=\"index, follow, max-snippet:-1, max-image-preview:large, max-video-preview:-1\" \/>\n<link rel=\"canonical\" href=\"https:\/\/bahiaeconomica.com.br\/wp\/2023\/09\/12\/vereador-teo-senna-acredita-na-reeleicao-do-presidente-da-camara-municipal-de-salvador\/\" \/>\n<meta property=\"og:locale\" content=\"pt_BR\" \/>\n<meta property=\"og:type\" content=\"article\" \/>\n<meta property=\"og:title\" content=\"VEREADOR T\u00c9O SENNA ACREDITA NA REELEI\u00c7\u00c3O DO PRESIDENTE DA C\u00c2MARA MUNICIPAL DE SALVADOR - Bahia Economica\" \/>\n<meta property=\"og:description\" content=\"O maior portal de Economia da Bahia Pol\u00edtica Bahia Economica\" \/>\n<meta property=\"og:url\" content=\"https:\/\/bahiaeconomica.com.br\/wp\/2023\/09\/12\/vereador-teo-senna-acredita-na-reeleicao-do-presidente-da-camara-municipal-de-salvador\/\" \/>\n<meta property=\"og:site_name\" content=\"Bahia Economica\" \/>\n<meta property=\"article:publisher\" content=\"https:\/\/www.facebook.com\/bahiaeconomica\" \/>\n<meta property=\"article:published_time\" content=\"2023-09-12T13:18:06+00:00\" \/>\n<meta property=\"og:image\" content=\"https:\/\/bahiaeconomica.com.br\/wp\/wp-content\/uploads\/2023\/09\/Vereador-acredita-na-reeleicao-de-Muniz-na-CMS-apo0124194900202309111906-ScaleDownProportional.jpg\" \/>\n\t<meta property=\"og:image:width\" content=\"850\" \/>\n\t<meta property=\"og:image:height\" content=\"556\" \/>\n\t<meta property=\"og:image:type\" content=\"image\/jpeg\" \/>\n<meta name=\"author\" content=\"DS\" \/>\n<meta name=\"twitter:card\" content=\"summary_large_image\" \/>\n<meta name=\"twitter:label1\" content=\"Escrito por\" \/>\n\t<meta name=\"twitter:data1\" content=\"DS\" \/>\n\t<meta name=\"twitter:label2\" content=\"Est. tempo de leitura\" \/>\n\t<meta name=\"twitter:data2\" content=\"2 minutos\" \/>\n<script type=\"application\/ld+json\" class=\"yoast-schema-graph\">{\"@context\":\"https:\/\/schema.org\",\"@graph\":[{\"@type\":\"Article\",\"@id\":\"https:\/\/bahiaeconomica.com.br\/wp\/2023\/09\/12\/vereador-teo-senna-acredita-na-reeleicao-do-presidente-da-camara-municipal-de-salvador\/#article\",\"isPartOf\":{\"@id\":\"https:\/\/bahiaeconomica.com.br\/wp\/2023\/09\/12\/vereador-teo-senna-acredita-na-reeleicao-do-presidente-da-camara-municipal-de-salvador\/\"},\"author\":{\"name\":\"DS\",\"@id\":\"https:\/\/bahiaeconomica.com.br\/wp\/#\/schema\/person\/756f314c5bfa87c7b43a2850854305a1\"},\"headline\":\"VEREADOR T\u00c9O SENNA ACREDITA NA REELEI\u00c7\u00c3O DO PRESIDENTE DA C\u00c2MARA MUNICIPAL DE SALVADOR\",\"datePublished\":\"2023-09-12T13:18:06+00:00\",\"dateModified\":\"2023-09-12T13:18:06+00:00\",\"mainEntityOfPage\":{\"@id\":\"https:\/\/bahiaeconomica.com.br\/wp\/2023\/09\/12\/vereador-teo-senna-acredita-na-reeleicao-do-presidente-da-camara-municipal-de-salvador\/\"},\"wordCount\":226,\"publisher\":{\"@id\":\"https:\/\/bahiaeconomica.com.br\/wp\/#organization\"},\"keywords\":[\"Bahia\",\"CARLOS MUNIZ\",\"CMS\",\"Pol\u00edtica\",\"PRESID\u00caNCIA DA C\u00c2MARA\",\"Salvador\",\"T\u00e9o Senna\"],\"articleSection\":[\"Pol\u00edtica\"],\"inLanguage\":\"pt-BR\"},{\"@type\":\"WebPage\",\"@id\":\"https:\/\/bahiaeconomica.com.br\/wp\/2023\/09\/12\/vereador-teo-senna-acredita-na-reeleicao-do-presidente-da-camara-municipal-de-salvador\/\",\"url\":\"https:\/\/bahiaeconomica.com.br\/wp\/2023\/09\/12\/vereador-teo-senna-acredita-na-reeleicao-do-presidente-da-camara-municipal-de-salvador\/\",\"name\":\"VEREADOR T\u00c9O SENNA ACREDITA NA REELEI\u00c7\u00c3O DO PRESIDENTE DA C\u00c2MARA MUNICIPAL DE SALVADOR - Bahia Economica\",\"isPartOf\":{\"@id\":\"https:\/\/bahiaeconomica.com.br\/wp\/#website\"},\"datePublished\":\"2023-09-12T13:18:06+00:00\",\"dateModified\":\"2023-09-12T13:18:06+00:00\",\"description\":\"O maior portal de Economia da Bahia Pol\u00edtica Bahia Economica\",\"breadcrumb\":{\"@id\":\"https:\/\/bahiaeconomica.com.br\/wp\/2023\/09\/12\/vereador-teo-senna-acredita-na-reeleicao-do-presidente-da-camara-municipal-de-salvador\/#breadcrumb\"},\"inLanguage\":\"pt-BR\",\"potentialAction\":[{\"@type\":\"ReadAction\",\"target\":[\"https:\/\/bahiaeconomica.com.br\/wp\/2023\/09\/12\/vereador-teo-senna-acredita-na-reeleicao-do-presidente-da-camara-municipal-de-salvador\/\"]}]},{\"@type\":\"BreadcrumbList\",\"@id\":\"https:\/\/bahiaeconomica.com.br\/wp\/2023\/09\/12\/vereador-teo-senna-acredita-na-reeleicao-do-presidente-da-camara-municipal-de-salvador\/#breadcrumb\",\"itemListElement\":[{\"@type\":\"ListItem\",\"position\":1,\"name\":\"In\u00edcio\",\"item\":\"https:\/\/bahiaeconomica.com.br\/wp\/\"},{\"@type\":\"ListItem\",\"position\":2,\"name\":\"VEREADOR T\u00c9O SENNA ACREDITA NA REELEI\u00c7\u00c3O DO PRESIDENTE DA C\u00c2MARA MUNICIPAL DE SALVADOR\"}]},{\"@type\":\"WebSite\",\"@id\":\"https:\/\/bahiaeconomica.com.br\/wp\/#website\",\"url\":\"https:\/\/bahiaeconomica.com.br\/wp\/\",\"name\":\"Bahia Economica\",\"description\":\"O maior portal de Economia da Bahia\",\"publisher\":{\"@id\":\"https:\/\/bahiaeconomica.com.br\/wp\/#organization\"},\"potentialAction\":[{\"@type\":\"SearchAction\",\"target\":{\"@type\":\"EntryPoint\",\"urlTemplate\":\"https:\/\/bahiaeconomica.com.br\/wp\/?s={search_term_string}\"},\"query-input\":\"required name=search_term_string\"}],\"inLanguage\":\"pt-BR\"},{\"@type\":\"Organization\",\"@id\":\"https:\/\/bahiaeconomica.com.br\/wp\/#organization\",\"name\":\"Bahia Econ\u00f4mica\",\"url\":\"https:\/\/bahiaeconomica.com.br\/wp\/\",\"logo\":{\"@type\":\"ImageObject\",\"inLanguage\":\"pt-BR\",\"@id\":\"https:\/\/bahiaeconomica.com.br\/wp\/#\/schema\/logo\/image\/\",\"url\":\"https:\/\/bahiaeconomica.com.br\/wp\/wp-content\/uploads\/2020\/12\/cropped-BE.png\",\"contentUrl\":\"https:\/\/bahiaeconomica.com.br\/wp\/wp-content\/uploads\/2020\/12\/cropped-BE.png\",\"width\":512,\"height\":512,\"caption\":\"Bahia Econ\u00f4mica\"},\"image\":{\"@id\":\"https:\/\/bahiaeconomica.com.br\/wp\/#\/schema\/logo\/image\/\"},\"sameAs\":[\"https:\/\/www.facebook.com\/bahiaeconomica\"]},{\"@type\":\"Person\",\"@id\":\"https:\/\/bahiaeconomica.com.br\/wp\/#\/schema\/person\/756f314c5bfa87c7b43a2850854305a1\",\"name\":\"DS\",\"sameAs\":[\"https:\/\/bahiaeconomica.com.br\/wp\/beta\/\"],\"url\":\"https:\/\/bahiaeconomica.com.br\/wp\/author\/ds\/\"}]}<\/script>\n<!-- \/ Yoast SEO plugin. -->","yoast_head_json":{"title":"VEREADOR T\u00c9O SENNA ACREDITA NA REELEI\u00c7\u00c3O DO PRESIDENTE DA C\u00c2MARA MUNICIPAL DE SALVADOR - Bahia Economica","description":"O maior portal de Economia da Bahia Pol\u00edtica Bahia Economica","robots":{"index":"index","follow":"follow","max-snippet":"max-snippet:-1","max-image-preview":"max-image-preview:large","max-video-preview":"max-video-preview:-1"},"canonical":"https:\/\/bahiaeconomica.com.br\/wp\/2023\/09\/12\/vereador-teo-senna-acredita-na-reeleicao-do-presidente-da-camara-municipal-de-salvador\/","og_locale":"pt_BR","og_type":"article","og_title":"VEREADOR T\u00c9O SENNA ACREDITA NA REELEI\u00c7\u00c3O DO PRESIDENTE DA C\u00c2MARA MUNICIPAL DE SALVADOR - Bahia Economica","og_description":"O maior portal de Economia da Bahia Pol\u00edtica Bahia Economica","og_url":"https:\/\/bahiaeconomica.com.br\/wp\/2023\/09\/12\/vereador-teo-senna-acredita-na-reeleicao-do-presidente-da-camara-municipal-de-salvador\/","og_site_name":"Bahia Economica","article_publisher":"https:\/\/www.facebook.com\/bahiaeconomica","article_published_time":"2023-09-12T13:18:06+00:00","og_image":[{"width":850,"height":556,"url":"https:\/\/bahiaeconomica.com.br\/wp\/wp-content\/uploads\/2023\/09\/Vereador-acredita-na-reeleicao-de-Muniz-na-CMS-apo0124194900202309111906-ScaleDownProportional.jpg","type":"image\/jpeg"}],"author":"DS","twitter_card":"summary_large_image","twitter_misc":{"Escrito por":"DS","Est. tempo de leitura":"2 minutos"},"schema":{"@context":"https:\/\/schema.org","@graph":[{"@type":"Article","@id":"https:\/\/bahiaeconomica.com.br\/wp\/2023\/09\/12\/vereador-teo-senna-acredita-na-reeleicao-do-presidente-da-camara-municipal-de-salvador\/#article","isPartOf":{"@id":"https:\/\/bahiaeconomica.com.br\/wp\/2023\/09\/12\/vereador-teo-senna-acredita-na-reeleicao-do-presidente-da-camara-municipal-de-salvador\/"},"author":{"name":"DS","@id":"https:\/\/bahiaeconomica.com.br\/wp\/#\/schema\/person\/756f314c5bfa87c7b43a2850854305a1"},"headline":"VEREADOR T\u00c9O SENNA ACREDITA NA REELEI\u00c7\u00c3O DO PRESIDENTE DA C\u00c2MARA MUNICIPAL DE SALVADOR","datePublished":"2023-09-12T13:18:06+00:00","dateModified":"2023-09-12T13:18:06+00:00","mainEntityOfPage":{"@id":"https:\/\/bahiaeconomica.com.br\/wp\/2023\/09\/12\/vereador-teo-senna-acredita-na-reeleicao-do-presidente-da-camara-municipal-de-salvador\/"},"wordCount":226,"publisher":{"@id":"https:\/\/bahiaeconomica.com.br\/wp\/#organization"},"keywords":["Bahia","CARLOS MUNIZ","CMS","Pol\u00edtica","PRESID\u00caNCIA DA C\u00c2MARA","Salvador","T\u00e9o Senna"],"articleSection":["Pol\u00edtica"],"inLanguage":"pt-BR"},{"@type":"WebPage","@id":"https:\/\/bahiaeconomica.com.br\/wp\/2023\/09\/12\/vereador-teo-senna-acredita-na-reeleicao-do-presidente-da-camara-municipal-de-salvador\/","url":"https:\/\/bahiaeconomica.com.br\/wp\/2023\/09\/12\/vereador-teo-senna-acredita-na-reeleicao-do-presidente-da-camara-municipal-de-salvador\/","name":"VEREADOR T\u00c9O SENNA ACREDITA NA REELEI\u00c7\u00c3O DO PRESIDENTE DA C\u00c2MARA MUNICIPAL DE SALVADOR - Bahia Economica","isPartOf":{"@id":"https:\/\/bahiaeconomica.com.br\/wp\/#website"},"datePublished":"2023-09-12T13:18:06+00:00","dateModified":"2023-09-12T13:18:06+00:00","description":"O maior portal de Economia da Bahia Pol\u00edtica Bahia Economica","breadcrumb":{"@id":"https:\/\/bahiaeconomica.com.br\/wp\/2023\/09\/12\/vereador-teo-senna-acredita-na-reeleicao-do-presidente-da-camara-municipal-de-salvador\/#breadcrumb"},"inLanguage":"pt-BR","potentialAction":[{"@type":"ReadAction","target":["https:\/\/bahiaeconomica.com.br\/wp\/2023\/09\/12\/vereador-teo-senna-acredita-na-reeleicao-do-presidente-da-camara-municipal-de-salvador\/"]}]},{"@type":"BreadcrumbList","@id":"https:\/\/bahiaeconomica.com.br\/wp\/2023\/09\/12\/vereador-teo-senna-acredita-na-reeleicao-do-presidente-da-camara-municipal-de-salvador\/#breadcrumb","itemListElement":[{"@type":"ListItem","position":1,"name":"In\u00edcio","item":"https:\/\/bahiaeconomica.com.br\/wp\/"},{"@type":"ListItem","position":2,"name":"VEREADOR T\u00c9O SENNA ACREDITA NA REELEI\u00c7\u00c3O DO PRESIDENTE DA C\u00c2MARA MUNICIPAL DE SALVADOR"}]},{"@type":"WebSite","@id":"https:\/\/bahiaeconomica.com.br\/wp\/#website","url":"https:\/\/bahiaeconomica.com.br\/wp\/","name":"Bahia Economica","description":"O maior portal de Economia da Bahia","publisher":{"@id":"https:\/\/bahiaeconomica.com.br\/wp\/#organization"},"potentialAction":[{"@type":"SearchAction","target":{"@type":"EntryPoint","urlTemplate":"https:\/\/bahiaeconomica.com.br\/wp\/?s={search_term_string}"},"query-input":"required name=search_term_string"}],"inLanguage":"pt-BR"},{"@type":"Organization","@id":"https:\/\/bahiaeconomica.com.br\/wp\/#organization","name":"Bahia Econ\u00f4mica","url":"https:\/\/bahiaeconomica.com.br\/wp\/","logo":{"@type":"ImageObject","inLanguage":"pt-BR","@id":"https:\/\/bahiaeconomica.com.br\/wp\/#\/schema\/logo\/image\/","url":"https:\/\/bahiaeconomica.com.br\/wp\/wp-content\/uploads\/2020\/12\/cropped-BE.png","contentUrl":"https:\/\/bahiaeconomica.com.br\/wp\/wp-content\/uploads\/2020\/12\/cropped-BE.png","width":512,"height":512,"caption":"Bahia Econ\u00f4mica"},"image":{"@id":"https:\/\/bahiaeconomica.com.br\/wp\/#\/schema\/logo\/image\/"},"sameAs":["https:\/\/www.facebook.com\/bahiaeconomica"]},{"@type":"Person","@id":"https:\/\/bahiaeconomica.com.br\/wp\/#\/schema\/person\/756f314c5bfa87c7b43a2850854305a1","name":"DS","sameAs":["https:\/\/bahiaeconomica.com.br\/wp\/beta\/"],"url":"https:\/\/bahiaeconomica.com.br\/wp\/author\/ds\/"}]}},"views":54,"_links":{"self":[{"href":"https:\/\/bahiaeconomica.com.br\/wp\/wp-json\/wp\/v2\/posts\/761910"}],"collection":[{"href":"https:\/\/bahiaeconomica.com.br\/wp\/wp-json\/wp\/v2\/posts"}],"about":[{"href":"https:\/\/bahiaeconomica.com.br\/wp\/wp-json\/wp\/v2\/types\/post"}],"author":[{"embeddable":true,"href":"https:\/\/bahiaeconomica.com.br\/wp\/wp-json\/wp\/v2\/users\/6"}],"replies":[{"embeddable":true,"href":"https:\/\/bahiaeconomica.com.br\/wp\/wp-json\/wp\/v2\/comments?post=761910"}],"version-history":[{"count":1,"href":"https:\/\/bahiaeconomica.com.br\/wp\/wp-json\/wp\/v2\/posts\/761910\/revisions"}],"predecessor-version":[{"id":761912,"href":"https:\/\/bahiaeconomica.com.br\/wp\/wp-json\/wp\/v2\/posts\/761910\/revisions\/761912"}],"wp:featuredmedia":[{"embeddable":true,"href":"https:\/\/bahiaeconomica.com.br\/wp\/wp-json\/wp\/v2\/media\/761911"}],"wp:attachment":[{"href":"https:\/\/bahiaeconomica.com.br\/wp\/wp-json\/wp\/v2\/media?parent=761910"}],"wp:term":[{"taxonomy":"category","embeddable":true,"href":"https:\/\/bahiaeconomica.com.br\/wp\/wp-json\/wp\/v2\/categories?post=761910"},{"taxonomy":"post_tag","embeddable":true,"href":"https:\/\/bahiaeconomica.com.br\/wp\/wp-json\/wp\/v2\/tags?post=761910"}],"curies":[{"name":"wp","href":"https:\/\/api.w.org\/{rel}","templated":true}]}}