{"id":761713,"date":"2023-09-11T18:58:16","date_gmt":"2023-09-11T21:58:16","guid":{"rendered":"https:\/\/bahiaeconomica.com.br\/wp\/?p=761713"},"modified":"2023-09-11T18:33:09","modified_gmt":"2023-09-11T21:33:09","slug":"rede-dor-oferece-15-vagas-de-emprego-na-bahia-saiba-como-se-candidatar","status":"publish","type":"post","link":"https:\/\/bahiaeconomica.com.br\/wp\/2023\/09\/11\/rede-dor-oferece-15-vagas-de-emprego-na-bahia-saiba-como-se-candidatar\/","title":{"rendered":"REDE D&#8217;OR OFERECE 15 VAGAS DE EMPREGO NA BAHIA; SAIBA COMO SE CANDIDATAR"},"content":{"rendered":"<p>A Rede D\u2019Or, grupo privado de cuidados integrados em sa\u00fade, est\u00e1 com 15 oportunidades abertas em Salvador e outras cidades do estado. As vagas para a capital baiana s\u00e3o para fun\u00e7\u00f5es de Auxiliar Administrativo, Auxiliar de Exames Complementares, Auxiliar de Farm\u00e1cia, Enfermeiro, T\u00e9cnico em Anatomia Patol\u00f3gica e T\u00e9cnico de Anatomia Patol\u00f3gica. A atua\u00e7\u00e3o nos hospitais Alian\u00e7a e S\u00e3o Rafael.<\/p>\n<p>A empresa tamb\u00e9m tem vagas para Auxiliar de Contas M\u00e9dicas, T\u00e9cnico em Enfermagem, T\u00e9cnico de Manuten\u00e7\u00e3o e Jovem Aprendiz, no Hospital Santa Em\u00edlia, na cidade de Feira de Santana; e de Auxiliar de Farm\u00e1cia, no Cehon, em Teixeira de Freitas.<\/p>\n<p>A empresa oferece al\u00e9m do sal\u00e1rio benef\u00edcios como, assist\u00eancia m\u00e9dica e odontol\u00f3gica, conv\u00eanio com empresas e vale-transporte. Os interessados devem acessar o site da Rede D\u2019Or para realizar o cadastro e enviar as informa\u00e7\u00f5es curriculares.<\/p>\n<p>Foto: Divulga\u00e7\u00e3o<\/p>\n","protected":false},"excerpt":{"rendered":"<p>A Rede D\u2019Or, grupo privado de cuidados integrados em sa\u00fade, est\u00e1 com 15 oportunidades abertas em Salvador e outras cidades do estado. As vagas para a capital baiana s\u00e3o para fun\u00e7\u00f5es de Auxiliar Administrativo, Auxiliar de Exames Complementares, Auxiliar de Farm\u00e1cia, Enfermeiro, T\u00e9cnico em Anatomia Patol\u00f3gica e T\u00e9cnico de Anatomia Patol\u00f3gica. A atua\u00e7\u00e3o nos hospitais [&hellip;]<\/p>\n","protected":false},"author":17,"featured_media":761725,"comment_status":"closed","ping_status":"closed","sticky":false,"template":"","format":"standard","meta":[],"categories":[14,8],"tags":[85,174,1856],"acf":[],"yoast_head":"<!-- This site is optimized with the Yoast SEO plugin v20.8 - https:\/\/yoast.com\/wordpress\/plugins\/seo\/ -->\n<title>REDE D&#039;OR OFERECE 15 VAGAS DE EMPREGO NA BAHIA; SAIBA COMO SE CANDIDATAR - Bahia Economica<\/title>\n<meta name=\"description\" content=\"A empresa oferece al\u00e9m do sal\u00e1rio diversos benef\u00edcios\" \/>\n<meta name=\"robots\" content=\"index, follow, max-snippet:-1, max-image-preview:large, max-video-preview:-1\" \/>\n<link rel=\"canonical\" href=\"https:\/\/bahiaeconomica.com.br\/wp\/2023\/09\/11\/rede-dor-oferece-15-vagas-de-emprego-na-bahia-saiba-como-se-candidatar\/\" \/>\n<meta property=\"og:locale\" content=\"pt_BR\" \/>\n<meta property=\"og:type\" content=\"article\" \/>\n<meta property=\"og:title\" content=\"REDE D&#039;OR OFERECE 15 VAGAS DE EMPREGO NA BAHIA; SAIBA COMO SE CANDIDATAR - Bahia Economica\" \/>\n<meta property=\"og:description\" content=\"A empresa oferece al\u00e9m do sal\u00e1rio diversos benef\u00edcios\" \/>\n<meta property=\"og:url\" content=\"https:\/\/bahiaeconomica.com.br\/wp\/2023\/09\/11\/rede-dor-oferece-15-vagas-de-emprego-na-bahia-saiba-como-se-candidatar\/\" \/>\n<meta property=\"og:site_name\" content=\"Bahia Economica\" \/>\n<meta property=\"article:publisher\" content=\"https:\/\/www.facebook.com\/bahiaeconomica\" \/>\n<meta property=\"article:published_time\" content=\"2023-09-11T21:58:16+00:00\" \/>\n<meta property=\"article:modified_time\" content=\"2023-09-11T21:33:09+00:00\" \/>\n<meta property=\"og:image\" content=\"https:\/\/bahiaeconomica.com.br\/wp\/wp-content\/uploads\/2023\/09\/hospitalaliancacomprae_alo_alo_bahia.jpg\" \/>\n\t<meta property=\"og:image:width\" content=\"768\" \/>\n\t<meta property=\"og:image:height\" content=\"576\" \/>\n\t<meta property=\"og:image:type\" content=\"image\/jpeg\" \/>\n<meta name=\"author\" content=\"LUANA NEIVA\" \/>\n<meta name=\"twitter:card\" content=\"summary_large_image\" \/>\n<meta name=\"twitter:label1\" content=\"Escrito por\" \/>\n\t<meta name=\"twitter:data1\" content=\"LUANA NEIVA\" \/>\n\t<meta name=\"twitter:label2\" content=\"Est. tempo de leitura\" \/>\n\t<meta name=\"twitter:data2\" content=\"1 minuto\" \/>\n<script type=\"application\/ld+json\" class=\"yoast-schema-graph\">{\"@context\":\"https:\/\/schema.org\",\"@graph\":[{\"@type\":\"Article\",\"@id\":\"https:\/\/bahiaeconomica.com.br\/wp\/2023\/09\/11\/rede-dor-oferece-15-vagas-de-emprego-na-bahia-saiba-como-se-candidatar\/#article\",\"isPartOf\":{\"@id\":\"https:\/\/bahiaeconomica.com.br\/wp\/2023\/09\/11\/rede-dor-oferece-15-vagas-de-emprego-na-bahia-saiba-como-se-candidatar\/\"},\"author\":{\"name\":\"LUANA NEIVA\",\"@id\":\"https:\/\/bahiaeconomica.com.br\/wp\/#\/schema\/person\/1ce30764265540f754d66197c4212789\"},\"headline\":\"REDE D&#8217;OR OFERECE 15 VAGAS DE EMPREGO NA BAHIA; SAIBA COMO SE CANDIDATAR\",\"datePublished\":\"2023-09-11T21:58:16+00:00\",\"dateModified\":\"2023-09-11T21:33:09+00:00\",\"mainEntityOfPage\":{\"@id\":\"https:\/\/bahiaeconomica.com.br\/wp\/2023\/09\/11\/rede-dor-oferece-15-vagas-de-emprego-na-bahia-saiba-como-se-candidatar\/\"},\"wordCount\":177,\"publisher\":{\"@id\":\"https:\/\/bahiaeconomica.com.br\/wp\/#organization\"},\"keywords\":[\"Bahia\",\"emprego\",\"vaga\"],\"articleSection\":[\"DESTAQUE DO DIA\",\"EMPREGOS \/ CONCURSOS\"],\"inLanguage\":\"pt-BR\"},{\"@type\":\"WebPage\",\"@id\":\"https:\/\/bahiaeconomica.com.br\/wp\/2023\/09\/11\/rede-dor-oferece-15-vagas-de-emprego-na-bahia-saiba-como-se-candidatar\/\",\"url\":\"https:\/\/bahiaeconomica.com.br\/wp\/2023\/09\/11\/rede-dor-oferece-15-vagas-de-emprego-na-bahia-saiba-como-se-candidatar\/\",\"name\":\"REDE D'OR OFERECE 15 VAGAS DE EMPREGO NA BAHIA; SAIBA COMO SE CANDIDATAR - Bahia Economica\",\"isPartOf\":{\"@id\":\"https:\/\/bahiaeconomica.com.br\/wp\/#website\"},\"datePublished\":\"2023-09-11T21:58:16+00:00\",\"dateModified\":\"2023-09-11T21:33:09+00:00\",\"description\":\"A empresa oferece al\u00e9m do sal\u00e1rio diversos benef\u00edcios\",\"breadcrumb\":{\"@id\":\"https:\/\/bahiaeconomica.com.br\/wp\/2023\/09\/11\/rede-dor-oferece-15-vagas-de-emprego-na-bahia-saiba-como-se-candidatar\/#breadcrumb\"},\"inLanguage\":\"pt-BR\",\"potentialAction\":[{\"@type\":\"ReadAction\",\"target\":[\"https:\/\/bahiaeconomica.com.br\/wp\/2023\/09\/11\/rede-dor-oferece-15-vagas-de-emprego-na-bahia-saiba-como-se-candidatar\/\"]}]},{\"@type\":\"BreadcrumbList\",\"@id\":\"https:\/\/bahiaeconomica.com.br\/wp\/2023\/09\/11\/rede-dor-oferece-15-vagas-de-emprego-na-bahia-saiba-como-se-candidatar\/#breadcrumb\",\"itemListElement\":[{\"@type\":\"ListItem\",\"position\":1,\"name\":\"In\u00edcio\",\"item\":\"https:\/\/bahiaeconomica.com.br\/wp\/\"},{\"@type\":\"ListItem\",\"position\":2,\"name\":\"REDE D&#8217;OR OFERECE 15 VAGAS DE EMPREGO NA BAHIA; SAIBA COMO SE CANDIDATAR\"}]},{\"@type\":\"WebSite\",\"@id\":\"https:\/\/bahiaeconomica.com.br\/wp\/#website\",\"url\":\"https:\/\/bahiaeconomica.com.br\/wp\/\",\"name\":\"Bahia Economica\",\"description\":\"O maior portal de Economia da Bahia\",\"publisher\":{\"@id\":\"https:\/\/bahiaeconomica.com.br\/wp\/#organization\"},\"potentialAction\":[{\"@type\":\"SearchAction\",\"target\":{\"@type\":\"EntryPoint\",\"urlTemplate\":\"https:\/\/bahiaeconomica.com.br\/wp\/?s={search_term_string}\"},\"query-input\":\"required name=search_term_string\"}],\"inLanguage\":\"pt-BR\"},{\"@type\":\"Organization\",\"@id\":\"https:\/\/bahiaeconomica.com.br\/wp\/#organization\",\"name\":\"Bahia Econ\u00f4mica\",\"url\":\"https:\/\/bahiaeconomica.com.br\/wp\/\",\"logo\":{\"@type\":\"ImageObject\",\"inLanguage\":\"pt-BR\",\"@id\":\"https:\/\/bahiaeconomica.com.br\/wp\/#\/schema\/logo\/image\/\",\"url\":\"https:\/\/bahiaeconomica.com.br\/wp\/wp-content\/uploads\/2020\/12\/cropped-BE.png\",\"contentUrl\":\"https:\/\/bahiaeconomica.com.br\/wp\/wp-content\/uploads\/2020\/12\/cropped-BE.png\",\"width\":512,\"height\":512,\"caption\":\"Bahia Econ\u00f4mica\"},\"image\":{\"@id\":\"https:\/\/bahiaeconomica.com.br\/wp\/#\/schema\/logo\/image\/\"},\"sameAs\":[\"https:\/\/www.facebook.com\/bahiaeconomica\"]},{\"@type\":\"Person\",\"@id\":\"https:\/\/bahiaeconomica.com.br\/wp\/#\/schema\/person\/1ce30764265540f754d66197c4212789\",\"name\":\"LUANA NEIVA\",\"sameAs\":[\"http:\/\/www.bahiaeconomica.com.br\"],\"url\":\"https:\/\/bahiaeconomica.com.br\/wp\/author\/luana-neiva\/\"}]}<\/script>\n<!-- \/ Yoast SEO plugin. -->","yoast_head_json":{"title":"REDE D'OR OFERECE 15 VAGAS DE EMPREGO NA BAHIA; SAIBA COMO SE CANDIDATAR - Bahia Economica","description":"A empresa oferece al\u00e9m do sal\u00e1rio diversos benef\u00edcios","robots":{"index":"index","follow":"follow","max-snippet":"max-snippet:-1","max-image-preview":"max-image-preview:large","max-video-preview":"max-video-preview:-1"},"canonical":"https:\/\/bahiaeconomica.com.br\/wp\/2023\/09\/11\/rede-dor-oferece-15-vagas-de-emprego-na-bahia-saiba-como-se-candidatar\/","og_locale":"pt_BR","og_type":"article","og_title":"REDE D'OR OFERECE 15 VAGAS DE EMPREGO NA BAHIA; SAIBA COMO SE CANDIDATAR - Bahia Economica","og_description":"A empresa oferece al\u00e9m do sal\u00e1rio diversos benef\u00edcios","og_url":"https:\/\/bahiaeconomica.com.br\/wp\/2023\/09\/11\/rede-dor-oferece-15-vagas-de-emprego-na-bahia-saiba-como-se-candidatar\/","og_site_name":"Bahia Economica","article_publisher":"https:\/\/www.facebook.com\/bahiaeconomica","article_published_time":"2023-09-11T21:58:16+00:00","article_modified_time":"2023-09-11T21:33:09+00:00","og_image":[{"width":768,"height":576,"url":"https:\/\/bahiaeconomica.com.br\/wp\/wp-content\/uploads\/2023\/09\/hospitalaliancacomprae_alo_alo_bahia.jpg","type":"image\/jpeg"}],"author":"LUANA NEIVA","twitter_card":"summary_large_image","twitter_misc":{"Escrito por":"LUANA NEIVA","Est. tempo de leitura":"1 minuto"},"schema":{"@context":"https:\/\/schema.org","@graph":[{"@type":"Article","@id":"https:\/\/bahiaeconomica.com.br\/wp\/2023\/09\/11\/rede-dor-oferece-15-vagas-de-emprego-na-bahia-saiba-como-se-candidatar\/#article","isPartOf":{"@id":"https:\/\/bahiaeconomica.com.br\/wp\/2023\/09\/11\/rede-dor-oferece-15-vagas-de-emprego-na-bahia-saiba-como-se-candidatar\/"},"author":{"name":"LUANA NEIVA","@id":"https:\/\/bahiaeconomica.com.br\/wp\/#\/schema\/person\/1ce30764265540f754d66197c4212789"},"headline":"REDE D&#8217;OR OFERECE 15 VAGAS DE EMPREGO NA BAHIA; SAIBA COMO SE CANDIDATAR","datePublished":"2023-09-11T21:58:16+00:00","dateModified":"2023-09-11T21:33:09+00:00","mainEntityOfPage":{"@id":"https:\/\/bahiaeconomica.com.br\/wp\/2023\/09\/11\/rede-dor-oferece-15-vagas-de-emprego-na-bahia-saiba-como-se-candidatar\/"},"wordCount":177,"publisher":{"@id":"https:\/\/bahiaeconomica.com.br\/wp\/#organization"},"keywords":["Bahia","emprego","vaga"],"articleSection":["DESTAQUE DO DIA","EMPREGOS \/ CONCURSOS"],"inLanguage":"pt-BR"},{"@type":"WebPage","@id":"https:\/\/bahiaeconomica.com.br\/wp\/2023\/09\/11\/rede-dor-oferece-15-vagas-de-emprego-na-bahia-saiba-como-se-candidatar\/","url":"https:\/\/bahiaeconomica.com.br\/wp\/2023\/09\/11\/rede-dor-oferece-15-vagas-de-emprego-na-bahia-saiba-como-se-candidatar\/","name":"REDE D'OR OFERECE 15 VAGAS DE EMPREGO NA BAHIA; SAIBA COMO SE CANDIDATAR - Bahia Economica","isPartOf":{"@id":"https:\/\/bahiaeconomica.com.br\/wp\/#website"},"datePublished":"2023-09-11T21:58:16+00:00","dateModified":"2023-09-11T21:33:09+00:00","description":"A empresa oferece al\u00e9m do sal\u00e1rio diversos benef\u00edcios","breadcrumb":{"@id":"https:\/\/bahiaeconomica.com.br\/wp\/2023\/09\/11\/rede-dor-oferece-15-vagas-de-emprego-na-bahia-saiba-como-se-candidatar\/#breadcrumb"},"inLanguage":"pt-BR","potentialAction":[{"@type":"ReadAction","target":["https:\/\/bahiaeconomica.com.br\/wp\/2023\/09\/11\/rede-dor-oferece-15-vagas-de-emprego-na-bahia-saiba-como-se-candidatar\/"]}]},{"@type":"BreadcrumbList","@id":"https:\/\/bahiaeconomica.com.br\/wp\/2023\/09\/11\/rede-dor-oferece-15-vagas-de-emprego-na-bahia-saiba-como-se-candidatar\/#breadcrumb","itemListElement":[{"@type":"ListItem","position":1,"name":"In\u00edcio","item":"https:\/\/bahiaeconomica.com.br\/wp\/"},{"@type":"ListItem","position":2,"name":"REDE D&#8217;OR OFERECE 15 VAGAS DE EMPREGO NA BAHIA; SAIBA COMO SE CANDIDATAR"}]},{"@type":"WebSite","@id":"https:\/\/bahiaeconomica.com.br\/wp\/#website","url":"https:\/\/bahiaeconomica.com.br\/wp\/","name":"Bahia Economica","description":"O maior portal de Economia da Bahia","publisher":{"@id":"https:\/\/bahiaeconomica.com.br\/wp\/#organization"},"potentialAction":[{"@type":"SearchAction","target":{"@type":"EntryPoint","urlTemplate":"https:\/\/bahiaeconomica.com.br\/wp\/?s={search_term_string}"},"query-input":"required name=search_term_string"}],"inLanguage":"pt-BR"},{"@type":"Organization","@id":"https:\/\/bahiaeconomica.com.br\/wp\/#organization","name":"Bahia Econ\u00f4mica","url":"https:\/\/bahiaeconomica.com.br\/wp\/","logo":{"@type":"ImageObject","inLanguage":"pt-BR","@id":"https:\/\/bahiaeconomica.com.br\/wp\/#\/schema\/logo\/image\/","url":"https:\/\/bahiaeconomica.com.br\/wp\/wp-content\/uploads\/2020\/12\/cropped-BE.png","contentUrl":"https:\/\/bahiaeconomica.com.br\/wp\/wp-content\/uploads\/2020\/12\/cropped-BE.png","width":512,"height":512,"caption":"Bahia Econ\u00f4mica"},"image":{"@id":"https:\/\/bahiaeconomica.com.br\/wp\/#\/schema\/logo\/image\/"},"sameAs":["https:\/\/www.facebook.com\/bahiaeconomica"]},{"@type":"Person","@id":"https:\/\/bahiaeconomica.com.br\/wp\/#\/schema\/person\/1ce30764265540f754d66197c4212789","name":"LUANA NEIVA","sameAs":["http:\/\/www.bahiaeconomica.com.br"],"url":"https:\/\/bahiaeconomica.com.br\/wp\/author\/luana-neiva\/"}]}},"views":28,"_links":{"self":[{"href":"https:\/\/bahiaeconomica.com.br\/wp\/wp-json\/wp\/v2\/posts\/761713"}],"collection":[{"href":"https:\/\/bahiaeconomica.com.br\/wp\/wp-json\/wp\/v2\/posts"}],"about":[{"href":"https:\/\/bahiaeconomica.com.br\/wp\/wp-json\/wp\/v2\/types\/post"}],"author":[{"embeddable":true,"href":"https:\/\/bahiaeconomica.com.br\/wp\/wp-json\/wp\/v2\/users\/17"}],"replies":[{"embeddable":true,"href":"https:\/\/bahiaeconomica.com.br\/wp\/wp-json\/wp\/v2\/comments?post=761713"}],"version-history":[{"count":2,"href":"https:\/\/bahiaeconomica.com.br\/wp\/wp-json\/wp\/v2\/posts\/761713\/revisions"}],"predecessor-version":[{"id":761727,"href":"https:\/\/bahiaeconomica.com.br\/wp\/wp-json\/wp\/v2\/posts\/761713\/revisions\/761727"}],"wp:featuredmedia":[{"embeddable":true,"href":"https:\/\/bahiaeconomica.com.br\/wp\/wp-json\/wp\/v2\/media\/761725"}],"wp:attachment":[{"href":"https:\/\/bahiaeconomica.com.br\/wp\/wp-json\/wp\/v2\/media?parent=761713"}],"wp:term":[{"taxonomy":"category","embeddable":true,"href":"https:\/\/bahiaeconomica.com.br\/wp\/wp-json\/wp\/v2\/categories?post=761713"},{"taxonomy":"post_tag","embeddable":true,"href":"https:\/\/bahiaeconomica.com.br\/wp\/wp-json\/wp\/v2\/tags?post=761713"}],"curies":[{"name":"wp","href":"https:\/\/api.w.org\/{rel}","templated":true}]}}