{"id":761432,"date":"2023-09-11T06:55:32","date_gmt":"2023-09-11T09:55:32","guid":{"rendered":"https:\/\/bahiaeconomica.com.br\/wp\/?p=761432"},"modified":"2023-09-11T07:12:50","modified_gmt":"2023-09-11T10:12:50","slug":"mauro-cid-sera-afastado-de-suas-funcoes-militares-diz-exercito","status":"publish","type":"post","link":"https:\/\/bahiaeconomica.com.br\/wp\/2023\/09\/11\/mauro-cid-sera-afastado-de-suas-funcoes-militares-diz-exercito\/","title":{"rendered":"MAURO CID SER\u00c1 AFASTADO DE SUAS FUN\u00c7\u00d5ES MILITARES, DIZ EX\u00c9RCITO"},"content":{"rendered":"<p>De acordo com uma reportagem do Metr\u00f3poles, o Centro de Comunica\u00e7\u00e3o Social do Ex\u00e9rcito Brasileiro informou, neste domingo (10),que vai cumprir a decis\u00e3o judicial expedida pelo ministro do Supremo Tribunal Federal (STF) Alexandre de Moraes, e ir\u00e1 afastar o ex-ajudante de ordens de Jair Messias Bolsonaro (PL), tenente-coronel Mauro C\u00e9sar Barbosa Cid de suas fun\u00e7\u00f5es. A partir do cumprimento da decis\u00e3o, Cid ficar\u00e1 agregado ao Departamento-Geral do Pessoal (DGP) sem ocupar cargo e exercer fun\u00e7\u00e3o.<\/p>\n<p>O Metr\u00f3poles aponta ainda que o Ex\u00e9rcito cumpre determina\u00e7\u00e3o de Moraes na mesma decis\u00e3o em que homologou dela\u00e7\u00e3o premiada de Cid, proposta pela defesa do ex-ajudante de ordens do ex-presidente da Rep\u00fablica \u00e0 Pol\u00edcia Federal. No documento, o ministro concedeu liberdade provis\u00f3ria a Cid, com imposi\u00e7\u00e3o de cautelares, como uso de tornozeleira eletr\u00f4nica, proibi\u00e7\u00e3o de sair de casa em determinados hor\u00e1rios e afastamento das fun\u00e7\u00f5es no Ex\u00e9rcito. Notificada, a For\u00e7a diz que cumprir\u00e1.<\/p>\n<p>Moraes tamb\u00e9m mandou suspender quaisquer documentos de porte de arma de fogo em nome do investigado, al\u00e9m de quaisquer Certificados de Registro para realizar atividades de colecionamento de armas de fogo, tiro desportivo e ca\u00e7a (CACs), e o uso de redes sociais. Ainda segundo o Metr\u00f3poles, o ministro do STF proibiu Mauro Cid de se ausentar do pa\u00eds, com obriga\u00e7\u00e3o de realizar a entrega de seus passaportes dentro de cinco dias. Determinou, ainda, que os passaportes sejam tornados sem efeito.<\/p>\n<p>Foto: Lula Marques\/Ag\u00eancia Brasil<\/p>\n","protected":false},"excerpt":{"rendered":"<p>De acordo com uma reportagem do Metr\u00f3poles, o Centro de Comunica\u00e7\u00e3o Social do Ex\u00e9rcito Brasileiro informou, neste domingo (10),que vai cumprir a decis\u00e3o judicial expedida pelo ministro do Supremo Tribunal Federal (STF) Alexandre de Moraes, e ir\u00e1 afastar o ex-ajudante de ordens de Jair Messias Bolsonaro (PL), tenente-coronel Mauro C\u00e9sar Barbosa Cid de suas fun\u00e7\u00f5es. [&hellip;]<\/p>\n","protected":false},"author":8,"featured_media":761433,"comment_status":"closed","ping_status":"closed","sticky":false,"template":"","format":"standard","meta":[],"categories":[14,14601],"tags":[85,2404,1294,100],"acf":[],"yoast_head":"<!-- This site is optimized with the Yoast SEO plugin v20.8 - https:\/\/yoast.com\/wordpress\/plugins\/seo\/ -->\n<title>MAURO CID SER\u00c1 AFASTADO DE SUAS FUN\u00c7\u00d5ES MILITARES, DIZ EX\u00c9RCITO - Bahia Economica<\/title>\n<meta name=\"description\" content=\"O maior portal de Economia da Bahia DESTAQUE DO DIA, Pol\u00edtica Bahia Economica De acordo com uma reportagem do Metr\u00f3poles, o Centro de Comunica\u00e7\u00e3o\" \/>\n<meta name=\"robots\" content=\"index, follow, max-snippet:-1, max-image-preview:large, max-video-preview:-1\" \/>\n<link rel=\"canonical\" href=\"https:\/\/bahiaeconomica.com.br\/wp\/2023\/09\/11\/mauro-cid-sera-afastado-de-suas-funcoes-militares-diz-exercito\/\" \/>\n<meta property=\"og:locale\" content=\"pt_BR\" \/>\n<meta property=\"og:type\" content=\"article\" \/>\n<meta property=\"og:title\" content=\"MAURO CID SER\u00c1 AFASTADO DE SUAS FUN\u00c7\u00d5ES MILITARES, DIZ EX\u00c9RCITO - Bahia Economica\" \/>\n<meta property=\"og:description\" content=\"O maior portal de Economia da Bahia DESTAQUE DO DIA, Pol\u00edtica Bahia Economica De acordo com uma reportagem do Metr\u00f3poles, o Centro de Comunica\u00e7\u00e3o\" \/>\n<meta property=\"og:url\" content=\"https:\/\/bahiaeconomica.com.br\/wp\/2023\/09\/11\/mauro-cid-sera-afastado-de-suas-funcoes-militares-diz-exercito\/\" \/>\n<meta property=\"og:site_name\" content=\"Bahia Economica\" \/>\n<meta property=\"article:publisher\" content=\"https:\/\/www.facebook.com\/bahiaeconomica\" \/>\n<meta property=\"article:published_time\" content=\"2023-09-11T09:55:32+00:00\" \/>\n<meta property=\"article:modified_time\" content=\"2023-09-11T10:12:50+00:00\" \/>\n<meta property=\"og:image\" content=\"https:\/\/bahiaeconomica.com.br\/wp\/wp-content\/uploads\/2023\/09\/sem_titulo-7_15.jpg\" \/>\n\t<meta property=\"og:image:width\" content=\"600\" \/>\n\t<meta property=\"og:image:height\" content=\"420\" \/>\n\t<meta property=\"og:image:type\" content=\"image\/jpeg\" \/>\n<meta name=\"author\" content=\"JP\" \/>\n<meta name=\"twitter:card\" content=\"summary_large_image\" \/>\n<meta name=\"twitter:label1\" content=\"Escrito por\" \/>\n\t<meta name=\"twitter:data1\" content=\"JP\" \/>\n\t<meta name=\"twitter:label2\" content=\"Est. tempo de leitura\" \/>\n\t<meta name=\"twitter:data2\" content=\"2 minutos\" \/>\n<script type=\"application\/ld+json\" class=\"yoast-schema-graph\">{\"@context\":\"https:\/\/schema.org\",\"@graph\":[{\"@type\":\"Article\",\"@id\":\"https:\/\/bahiaeconomica.com.br\/wp\/2023\/09\/11\/mauro-cid-sera-afastado-de-suas-funcoes-militares-diz-exercito\/#article\",\"isPartOf\":{\"@id\":\"https:\/\/bahiaeconomica.com.br\/wp\/2023\/09\/11\/mauro-cid-sera-afastado-de-suas-funcoes-militares-diz-exercito\/\"},\"author\":{\"name\":\"JP\",\"@id\":\"https:\/\/bahiaeconomica.com.br\/wp\/#\/schema\/person\/c86d3a3f8960425a0f9d0e5245991f4e\"},\"headline\":\"MAURO CID SER\u00c1 AFASTADO DE SUAS FUN\u00c7\u00d5ES MILITARES, DIZ EX\u00c9RCITO\",\"datePublished\":\"2023-09-11T09:55:32+00:00\",\"dateModified\":\"2023-09-11T10:12:50+00:00\",\"mainEntityOfPage\":{\"@id\":\"https:\/\/bahiaeconomica.com.br\/wp\/2023\/09\/11\/mauro-cid-sera-afastado-de-suas-funcoes-militares-diz-exercito\/\"},\"wordCount\":274,\"publisher\":{\"@id\":\"https:\/\/bahiaeconomica.com.br\/wp\/#organization\"},\"keywords\":[\"Bahia\",\"cid\",\"mauro\",\"Pol\u00edtica\"],\"articleSection\":[\"DESTAQUE DO DIA\",\"Pol\u00edtica\"],\"inLanguage\":\"pt-BR\"},{\"@type\":\"WebPage\",\"@id\":\"https:\/\/bahiaeconomica.com.br\/wp\/2023\/09\/11\/mauro-cid-sera-afastado-de-suas-funcoes-militares-diz-exercito\/\",\"url\":\"https:\/\/bahiaeconomica.com.br\/wp\/2023\/09\/11\/mauro-cid-sera-afastado-de-suas-funcoes-militares-diz-exercito\/\",\"name\":\"MAURO CID SER\u00c1 AFASTADO DE SUAS FUN\u00c7\u00d5ES MILITARES, DIZ EX\u00c9RCITO - Bahia Economica\",\"isPartOf\":{\"@id\":\"https:\/\/bahiaeconomica.com.br\/wp\/#website\"},\"datePublished\":\"2023-09-11T09:55:32+00:00\",\"dateModified\":\"2023-09-11T10:12:50+00:00\",\"description\":\"O maior portal de Economia da Bahia DESTAQUE DO DIA, Pol\u00edtica Bahia Economica De acordo com uma reportagem do Metr\u00f3poles, o Centro de Comunica\u00e7\u00e3o\",\"breadcrumb\":{\"@id\":\"https:\/\/bahiaeconomica.com.br\/wp\/2023\/09\/11\/mauro-cid-sera-afastado-de-suas-funcoes-militares-diz-exercito\/#breadcrumb\"},\"inLanguage\":\"pt-BR\",\"potentialAction\":[{\"@type\":\"ReadAction\",\"target\":[\"https:\/\/bahiaeconomica.com.br\/wp\/2023\/09\/11\/mauro-cid-sera-afastado-de-suas-funcoes-militares-diz-exercito\/\"]}]},{\"@type\":\"BreadcrumbList\",\"@id\":\"https:\/\/bahiaeconomica.com.br\/wp\/2023\/09\/11\/mauro-cid-sera-afastado-de-suas-funcoes-militares-diz-exercito\/#breadcrumb\",\"itemListElement\":[{\"@type\":\"ListItem\",\"position\":1,\"name\":\"In\u00edcio\",\"item\":\"https:\/\/bahiaeconomica.com.br\/wp\/\"},{\"@type\":\"ListItem\",\"position\":2,\"name\":\"MAURO CID SER\u00c1 AFASTADO DE SUAS FUN\u00c7\u00d5ES MILITARES, DIZ EX\u00c9RCITO\"}]},{\"@type\":\"WebSite\",\"@id\":\"https:\/\/bahiaeconomica.com.br\/wp\/#website\",\"url\":\"https:\/\/bahiaeconomica.com.br\/wp\/\",\"name\":\"Bahia Economica\",\"description\":\"O maior portal de Economia da Bahia\",\"publisher\":{\"@id\":\"https:\/\/bahiaeconomica.com.br\/wp\/#organization\"},\"potentialAction\":[{\"@type\":\"SearchAction\",\"target\":{\"@type\":\"EntryPoint\",\"urlTemplate\":\"https:\/\/bahiaeconomica.com.br\/wp\/?s={search_term_string}\"},\"query-input\":\"required name=search_term_string\"}],\"inLanguage\":\"pt-BR\"},{\"@type\":\"Organization\",\"@id\":\"https:\/\/bahiaeconomica.com.br\/wp\/#organization\",\"name\":\"Bahia Econ\u00f4mica\",\"url\":\"https:\/\/bahiaeconomica.com.br\/wp\/\",\"logo\":{\"@type\":\"ImageObject\",\"inLanguage\":\"pt-BR\",\"@id\":\"https:\/\/bahiaeconomica.com.br\/wp\/#\/schema\/logo\/image\/\",\"url\":\"https:\/\/bahiaeconomica.com.br\/wp\/wp-content\/uploads\/2020\/12\/cropped-BE.png\",\"contentUrl\":\"https:\/\/bahiaeconomica.com.br\/wp\/wp-content\/uploads\/2020\/12\/cropped-BE.png\",\"width\":512,\"height\":512,\"caption\":\"Bahia Econ\u00f4mica\"},\"image\":{\"@id\":\"https:\/\/bahiaeconomica.com.br\/wp\/#\/schema\/logo\/image\/\"},\"sameAs\":[\"https:\/\/www.facebook.com\/bahiaeconomica\"]},{\"@type\":\"Person\",\"@id\":\"https:\/\/bahiaeconomica.com.br\/wp\/#\/schema\/person\/c86d3a3f8960425a0f9d0e5245991f4e\",\"name\":\"JP\",\"sameAs\":[\"https:\/\/bahiaeconomica.com.br\/wp\/beta\/\"],\"url\":\"https:\/\/bahiaeconomica.com.br\/wp\/author\/jp\/\"}]}<\/script>\n<!-- \/ Yoast SEO plugin. -->","yoast_head_json":{"title":"MAURO CID SER\u00c1 AFASTADO DE SUAS FUN\u00c7\u00d5ES MILITARES, DIZ EX\u00c9RCITO - Bahia Economica","description":"O maior portal de Economia da Bahia DESTAQUE DO DIA, Pol\u00edtica Bahia Economica De acordo com uma reportagem do Metr\u00f3poles, o Centro de Comunica\u00e7\u00e3o","robots":{"index":"index","follow":"follow","max-snippet":"max-snippet:-1","max-image-preview":"max-image-preview:large","max-video-preview":"max-video-preview:-1"},"canonical":"https:\/\/bahiaeconomica.com.br\/wp\/2023\/09\/11\/mauro-cid-sera-afastado-de-suas-funcoes-militares-diz-exercito\/","og_locale":"pt_BR","og_type":"article","og_title":"MAURO CID SER\u00c1 AFASTADO DE SUAS FUN\u00c7\u00d5ES MILITARES, DIZ EX\u00c9RCITO - Bahia Economica","og_description":"O maior portal de Economia da Bahia DESTAQUE DO DIA, Pol\u00edtica Bahia Economica De acordo com uma reportagem do Metr\u00f3poles, o Centro de Comunica\u00e7\u00e3o","og_url":"https:\/\/bahiaeconomica.com.br\/wp\/2023\/09\/11\/mauro-cid-sera-afastado-de-suas-funcoes-militares-diz-exercito\/","og_site_name":"Bahia Economica","article_publisher":"https:\/\/www.facebook.com\/bahiaeconomica","article_published_time":"2023-09-11T09:55:32+00:00","article_modified_time":"2023-09-11T10:12:50+00:00","og_image":[{"width":600,"height":420,"url":"https:\/\/bahiaeconomica.com.br\/wp\/wp-content\/uploads\/2023\/09\/sem_titulo-7_15.jpg","type":"image\/jpeg"}],"author":"JP","twitter_card":"summary_large_image","twitter_misc":{"Escrito por":"JP","Est. tempo de leitura":"2 minutos"},"schema":{"@context":"https:\/\/schema.org","@graph":[{"@type":"Article","@id":"https:\/\/bahiaeconomica.com.br\/wp\/2023\/09\/11\/mauro-cid-sera-afastado-de-suas-funcoes-militares-diz-exercito\/#article","isPartOf":{"@id":"https:\/\/bahiaeconomica.com.br\/wp\/2023\/09\/11\/mauro-cid-sera-afastado-de-suas-funcoes-militares-diz-exercito\/"},"author":{"name":"JP","@id":"https:\/\/bahiaeconomica.com.br\/wp\/#\/schema\/person\/c86d3a3f8960425a0f9d0e5245991f4e"},"headline":"MAURO CID SER\u00c1 AFASTADO DE SUAS FUN\u00c7\u00d5ES MILITARES, DIZ EX\u00c9RCITO","datePublished":"2023-09-11T09:55:32+00:00","dateModified":"2023-09-11T10:12:50+00:00","mainEntityOfPage":{"@id":"https:\/\/bahiaeconomica.com.br\/wp\/2023\/09\/11\/mauro-cid-sera-afastado-de-suas-funcoes-militares-diz-exercito\/"},"wordCount":274,"publisher":{"@id":"https:\/\/bahiaeconomica.com.br\/wp\/#organization"},"keywords":["Bahia","cid","mauro","Pol\u00edtica"],"articleSection":["DESTAQUE DO DIA","Pol\u00edtica"],"inLanguage":"pt-BR"},{"@type":"WebPage","@id":"https:\/\/bahiaeconomica.com.br\/wp\/2023\/09\/11\/mauro-cid-sera-afastado-de-suas-funcoes-militares-diz-exercito\/","url":"https:\/\/bahiaeconomica.com.br\/wp\/2023\/09\/11\/mauro-cid-sera-afastado-de-suas-funcoes-militares-diz-exercito\/","name":"MAURO CID SER\u00c1 AFASTADO DE SUAS FUN\u00c7\u00d5ES MILITARES, DIZ EX\u00c9RCITO - Bahia Economica","isPartOf":{"@id":"https:\/\/bahiaeconomica.com.br\/wp\/#website"},"datePublished":"2023-09-11T09:55:32+00:00","dateModified":"2023-09-11T10:12:50+00:00","description":"O maior portal de Economia da Bahia DESTAQUE DO DIA, Pol\u00edtica Bahia Economica De acordo com uma reportagem do Metr\u00f3poles, o Centro de Comunica\u00e7\u00e3o","breadcrumb":{"@id":"https:\/\/bahiaeconomica.com.br\/wp\/2023\/09\/11\/mauro-cid-sera-afastado-de-suas-funcoes-militares-diz-exercito\/#breadcrumb"},"inLanguage":"pt-BR","potentialAction":[{"@type":"ReadAction","target":["https:\/\/bahiaeconomica.com.br\/wp\/2023\/09\/11\/mauro-cid-sera-afastado-de-suas-funcoes-militares-diz-exercito\/"]}]},{"@type":"BreadcrumbList","@id":"https:\/\/bahiaeconomica.com.br\/wp\/2023\/09\/11\/mauro-cid-sera-afastado-de-suas-funcoes-militares-diz-exercito\/#breadcrumb","itemListElement":[{"@type":"ListItem","position":1,"name":"In\u00edcio","item":"https:\/\/bahiaeconomica.com.br\/wp\/"},{"@type":"ListItem","position":2,"name":"MAURO CID SER\u00c1 AFASTADO DE SUAS FUN\u00c7\u00d5ES MILITARES, DIZ EX\u00c9RCITO"}]},{"@type":"WebSite","@id":"https:\/\/bahiaeconomica.com.br\/wp\/#website","url":"https:\/\/bahiaeconomica.com.br\/wp\/","name":"Bahia Economica","description":"O maior portal de Economia da Bahia","publisher":{"@id":"https:\/\/bahiaeconomica.com.br\/wp\/#organization"},"potentialAction":[{"@type":"SearchAction","target":{"@type":"EntryPoint","urlTemplate":"https:\/\/bahiaeconomica.com.br\/wp\/?s={search_term_string}"},"query-input":"required name=search_term_string"}],"inLanguage":"pt-BR"},{"@type":"Organization","@id":"https:\/\/bahiaeconomica.com.br\/wp\/#organization","name":"Bahia Econ\u00f4mica","url":"https:\/\/bahiaeconomica.com.br\/wp\/","logo":{"@type":"ImageObject","inLanguage":"pt-BR","@id":"https:\/\/bahiaeconomica.com.br\/wp\/#\/schema\/logo\/image\/","url":"https:\/\/bahiaeconomica.com.br\/wp\/wp-content\/uploads\/2020\/12\/cropped-BE.png","contentUrl":"https:\/\/bahiaeconomica.com.br\/wp\/wp-content\/uploads\/2020\/12\/cropped-BE.png","width":512,"height":512,"caption":"Bahia Econ\u00f4mica"},"image":{"@id":"https:\/\/bahiaeconomica.com.br\/wp\/#\/schema\/logo\/image\/"},"sameAs":["https:\/\/www.facebook.com\/bahiaeconomica"]},{"@type":"Person","@id":"https:\/\/bahiaeconomica.com.br\/wp\/#\/schema\/person\/c86d3a3f8960425a0f9d0e5245991f4e","name":"JP","sameAs":["https:\/\/bahiaeconomica.com.br\/wp\/beta\/"],"url":"https:\/\/bahiaeconomica.com.br\/wp\/author\/jp\/"}]}},"views":8,"_links":{"self":[{"href":"https:\/\/bahiaeconomica.com.br\/wp\/wp-json\/wp\/v2\/posts\/761432"}],"collection":[{"href":"https:\/\/bahiaeconomica.com.br\/wp\/wp-json\/wp\/v2\/posts"}],"about":[{"href":"https:\/\/bahiaeconomica.com.br\/wp\/wp-json\/wp\/v2\/types\/post"}],"author":[{"embeddable":true,"href":"https:\/\/bahiaeconomica.com.br\/wp\/wp-json\/wp\/v2\/users\/8"}],"replies":[{"embeddable":true,"href":"https:\/\/bahiaeconomica.com.br\/wp\/wp-json\/wp\/v2\/comments?post=761432"}],"version-history":[{"count":1,"href":"https:\/\/bahiaeconomica.com.br\/wp\/wp-json\/wp\/v2\/posts\/761432\/revisions"}],"predecessor-version":[{"id":761434,"href":"https:\/\/bahiaeconomica.com.br\/wp\/wp-json\/wp\/v2\/posts\/761432\/revisions\/761434"}],"wp:featuredmedia":[{"embeddable":true,"href":"https:\/\/bahiaeconomica.com.br\/wp\/wp-json\/wp\/v2\/media\/761433"}],"wp:attachment":[{"href":"https:\/\/bahiaeconomica.com.br\/wp\/wp-json\/wp\/v2\/media?parent=761432"}],"wp:term":[{"taxonomy":"category","embeddable":true,"href":"https:\/\/bahiaeconomica.com.br\/wp\/wp-json\/wp\/v2\/categories?post=761432"},{"taxonomy":"post_tag","embeddable":true,"href":"https:\/\/bahiaeconomica.com.br\/wp\/wp-json\/wp\/v2\/tags?post=761432"}],"curies":[{"name":"wp","href":"https:\/\/api.w.org\/{rel}","templated":true}]}}