{"id":761380,"date":"2023-09-09T10:36:08","date_gmt":"2023-09-09T13:36:08","guid":{"rendered":"https:\/\/bahiaeconomica.com.br\/wp\/?p=761380"},"modified":"2023-09-09T10:36:08","modified_gmt":"2023-09-09T13:36:08","slug":"junior-cigano-vence-revanche-contra-werdum-em-decisao-dividida","status":"publish","type":"post","link":"https:\/\/bahiaeconomica.com.br\/wp\/2023\/09\/09\/junior-cigano-vence-revanche-contra-werdum-em-decisao-dividida\/","title":{"rendered":"J\u00daNIOR CIGANO VENCE REVANCHE CONTRA WERDUM EM DECIS\u00c3O DIVIDIDA"},"content":{"rendered":"<p>J\u00fanior Cigano voltou a vencer Fabr\u00edcio Werdum, na noite desta sexta-feira, 8, pelo Gamebread Bareknuckle, em Jacksonville, no estado da Fl\u00f3rida, nos Estados Unidos. Ap\u00f3s tr\u00eas rounds de cinco minutos, os ju\u00edzes deram a vit\u00f3ria para o paranaense radicado na Bahia por decis\u00e3o dividida (30-27, 30-27 e 28-29). O resultado gerou pol\u00eamica, por conta do \u00e1rbitro que assinalou triunfo para Werdum.<\/p>\n<p>&#8220;Brasil, obrigado pela torcida, obrigado pelo apoio. Werdum \u00e9 uma lenda, um cara muito forte, que foi um &#8216;pump&#8217; da minha carreira e fico feliz de estar lutando com ele de novo&#8221;, disse Cigano. O primeiro combate entre os brasileiros aconteceu em outubro de 2008. A luta marcou a estreia de Cigano no UFC, que ainda venceu Fabr\u00edcio Werdum por nocaute no primeiro round.<\/p>\n<p>Cigano agora deve ficar de olho em outro duelo do Gamebred Bareknuckle MMA. No dia 28 de outubro, Alan Belcher e Roy Nelson se enfrentam pelo cintur\u00e3o inaugural da categoria. O vencedor deve ser o pr\u00f3ximo advers\u00e1rio do brasileiro na organiza\u00e7\u00e3o.<\/p>\n<p>Foto: Divulga\u00e7\u00e3o | Gamebred Bareknuckle<\/p>\n","protected":false},"excerpt":{"rendered":"<p>J\u00fanior Cigano voltou a vencer Fabr\u00edcio Werdum, na noite desta sexta-feira, 8, pelo Gamebread Bareknuckle, em Jacksonville, no estado da Fl\u00f3rida, nos Estados Unidos. Ap\u00f3s tr\u00eas rounds de cinco minutos, os ju\u00edzes deram a vit\u00f3ria para o paranaense radicado na Bahia por decis\u00e3o dividida (30-27, 30-27 e 28-29). O resultado gerou pol\u00eamica, por conta do [&hellip;]<\/p>\n","protected":false},"author":8,"featured_media":761381,"comment_status":"closed","ping_status":"closed","sticky":false,"template":"","format":"standard","meta":[],"categories":[4486],"tags":[52,19327,100],"acf":[],"yoast_head":"<!-- This site is optimized with the Yoast SEO plugin v20.8 - https:\/\/yoast.com\/wordpress\/plugins\/seo\/ -->\n<title>J\u00daNIOR CIGANO VENCE REVANCHE CONTRA WERDUM EM DECIS\u00c3O DIVIDIDA - Bahia Economica<\/title>\n<meta name=\"description\" content=\"O maior portal de Economia da Bahia Esporte Bahia Economica J\u00fanior Cigano voltou a vencer Fabr\u00edcio Werdum, na noite desta sexta-feira\" \/>\n<meta name=\"robots\" content=\"index, follow, max-snippet:-1, max-image-preview:large, max-video-preview:-1\" \/>\n<link rel=\"canonical\" href=\"https:\/\/bahiaeconomica.com.br\/wp\/2023\/09\/09\/junior-cigano-vence-revanche-contra-werdum-em-decisao-dividida\/\" \/>\n<meta property=\"og:locale\" content=\"pt_BR\" \/>\n<meta property=\"og:type\" content=\"article\" \/>\n<meta property=\"og:title\" content=\"J\u00daNIOR CIGANO VENCE REVANCHE CONTRA WERDUM EM DECIS\u00c3O DIVIDIDA - Bahia Economica\" \/>\n<meta property=\"og:description\" content=\"O maior portal de Economia da Bahia Esporte Bahia Economica J\u00fanior Cigano voltou a vencer Fabr\u00edcio Werdum, na noite desta sexta-feira\" \/>\n<meta property=\"og:url\" content=\"https:\/\/bahiaeconomica.com.br\/wp\/2023\/09\/09\/junior-cigano-vence-revanche-contra-werdum-em-decisao-dividida\/\" \/>\n<meta property=\"og:site_name\" content=\"Bahia Economica\" \/>\n<meta property=\"article:publisher\" content=\"https:\/\/www.facebook.com\/bahiaeconomica\" \/>\n<meta property=\"article:published_time\" content=\"2023-09-09T13:36:08+00:00\" \/>\n<meta property=\"og:image\" content=\"https:\/\/bahiaeconomica.com.br\/wp\/wp-content\/uploads\/2023\/09\/Junior-Cigano-vence-revanche-contra-Werdum-em-deci0124167900202309090957-ScaleDownProportional.webp\" \/>\n\t<meta property=\"og:image:width\" content=\"1080\" \/>\n\t<meta property=\"og:image:height\" content=\"684\" \/>\n\t<meta property=\"og:image:type\" content=\"image\/webp\" \/>\n<meta name=\"author\" content=\"JP\" \/>\n<meta name=\"twitter:card\" content=\"summary_large_image\" \/>\n<meta name=\"twitter:label1\" content=\"Escrito por\" \/>\n\t<meta name=\"twitter:data1\" content=\"JP\" \/>\n\t<meta name=\"twitter:label2\" content=\"Est. tempo de leitura\" \/>\n\t<meta name=\"twitter:data2\" content=\"1 minuto\" \/>\n<script type=\"application\/ld+json\" class=\"yoast-schema-graph\">{\"@context\":\"https:\/\/schema.org\",\"@graph\":[{\"@type\":\"Article\",\"@id\":\"https:\/\/bahiaeconomica.com.br\/wp\/2023\/09\/09\/junior-cigano-vence-revanche-contra-werdum-em-decisao-dividida\/#article\",\"isPartOf\":{\"@id\":\"https:\/\/bahiaeconomica.com.br\/wp\/2023\/09\/09\/junior-cigano-vence-revanche-contra-werdum-em-decisao-dividida\/\"},\"author\":{\"name\":\"JP\",\"@id\":\"https:\/\/bahiaeconomica.com.br\/wp\/#\/schema\/person\/c86d3a3f8960425a0f9d0e5245991f4e\"},\"headline\":\"J\u00daNIOR CIGANO VENCE REVANCHE CONTRA WERDUM EM DECIS\u00c3O DIVIDIDA\",\"datePublished\":\"2023-09-09T13:36:08+00:00\",\"dateModified\":\"2023-09-09T13:36:08+00:00\",\"mainEntityOfPage\":{\"@id\":\"https:\/\/bahiaeconomica.com.br\/wp\/2023\/09\/09\/junior-cigano-vence-revanche-contra-werdum-em-decisao-dividida\/\"},\"wordCount\":192,\"publisher\":{\"@id\":\"https:\/\/bahiaeconomica.com.br\/wp\/#organization\"},\"keywords\":[\"Brasil\",\"cigano\",\"Pol\u00edtica\"],\"articleSection\":[\"Esporte\"],\"inLanguage\":\"pt-BR\"},{\"@type\":\"WebPage\",\"@id\":\"https:\/\/bahiaeconomica.com.br\/wp\/2023\/09\/09\/junior-cigano-vence-revanche-contra-werdum-em-decisao-dividida\/\",\"url\":\"https:\/\/bahiaeconomica.com.br\/wp\/2023\/09\/09\/junior-cigano-vence-revanche-contra-werdum-em-decisao-dividida\/\",\"name\":\"J\u00daNIOR CIGANO VENCE REVANCHE CONTRA WERDUM EM DECIS\u00c3O DIVIDIDA - Bahia Economica\",\"isPartOf\":{\"@id\":\"https:\/\/bahiaeconomica.com.br\/wp\/#website\"},\"datePublished\":\"2023-09-09T13:36:08+00:00\",\"dateModified\":\"2023-09-09T13:36:08+00:00\",\"description\":\"O maior portal de Economia da Bahia Esporte Bahia Economica J\u00fanior Cigano voltou a vencer Fabr\u00edcio Werdum, na noite desta sexta-feira\",\"breadcrumb\":{\"@id\":\"https:\/\/bahiaeconomica.com.br\/wp\/2023\/09\/09\/junior-cigano-vence-revanche-contra-werdum-em-decisao-dividida\/#breadcrumb\"},\"inLanguage\":\"pt-BR\",\"potentialAction\":[{\"@type\":\"ReadAction\",\"target\":[\"https:\/\/bahiaeconomica.com.br\/wp\/2023\/09\/09\/junior-cigano-vence-revanche-contra-werdum-em-decisao-dividida\/\"]}]},{\"@type\":\"BreadcrumbList\",\"@id\":\"https:\/\/bahiaeconomica.com.br\/wp\/2023\/09\/09\/junior-cigano-vence-revanche-contra-werdum-em-decisao-dividida\/#breadcrumb\",\"itemListElement\":[{\"@type\":\"ListItem\",\"position\":1,\"name\":\"In\u00edcio\",\"item\":\"https:\/\/bahiaeconomica.com.br\/wp\/\"},{\"@type\":\"ListItem\",\"position\":2,\"name\":\"J\u00daNIOR CIGANO VENCE REVANCHE CONTRA WERDUM EM DECIS\u00c3O DIVIDIDA\"}]},{\"@type\":\"WebSite\",\"@id\":\"https:\/\/bahiaeconomica.com.br\/wp\/#website\",\"url\":\"https:\/\/bahiaeconomica.com.br\/wp\/\",\"name\":\"Bahia Economica\",\"description\":\"O maior portal de Economia da Bahia\",\"publisher\":{\"@id\":\"https:\/\/bahiaeconomica.com.br\/wp\/#organization\"},\"potentialAction\":[{\"@type\":\"SearchAction\",\"target\":{\"@type\":\"EntryPoint\",\"urlTemplate\":\"https:\/\/bahiaeconomica.com.br\/wp\/?s={search_term_string}\"},\"query-input\":\"required name=search_term_string\"}],\"inLanguage\":\"pt-BR\"},{\"@type\":\"Organization\",\"@id\":\"https:\/\/bahiaeconomica.com.br\/wp\/#organization\",\"name\":\"Bahia Econ\u00f4mica\",\"url\":\"https:\/\/bahiaeconomica.com.br\/wp\/\",\"logo\":{\"@type\":\"ImageObject\",\"inLanguage\":\"pt-BR\",\"@id\":\"https:\/\/bahiaeconomica.com.br\/wp\/#\/schema\/logo\/image\/\",\"url\":\"https:\/\/bahiaeconomica.com.br\/wp\/wp-content\/uploads\/2020\/12\/cropped-BE.png\",\"contentUrl\":\"https:\/\/bahiaeconomica.com.br\/wp\/wp-content\/uploads\/2020\/12\/cropped-BE.png\",\"width\":512,\"height\":512,\"caption\":\"Bahia Econ\u00f4mica\"},\"image\":{\"@id\":\"https:\/\/bahiaeconomica.com.br\/wp\/#\/schema\/logo\/image\/\"},\"sameAs\":[\"https:\/\/www.facebook.com\/bahiaeconomica\"]},{\"@type\":\"Person\",\"@id\":\"https:\/\/bahiaeconomica.com.br\/wp\/#\/schema\/person\/c86d3a3f8960425a0f9d0e5245991f4e\",\"name\":\"JP\",\"sameAs\":[\"https:\/\/bahiaeconomica.com.br\/wp\/beta\/\"],\"url\":\"https:\/\/bahiaeconomica.com.br\/wp\/author\/jp\/\"}]}<\/script>\n<!-- \/ Yoast SEO plugin. -->","yoast_head_json":{"title":"J\u00daNIOR CIGANO VENCE REVANCHE CONTRA WERDUM EM DECIS\u00c3O DIVIDIDA - Bahia Economica","description":"O maior portal de Economia da Bahia Esporte Bahia Economica J\u00fanior Cigano voltou a vencer Fabr\u00edcio Werdum, na noite desta sexta-feira","robots":{"index":"index","follow":"follow","max-snippet":"max-snippet:-1","max-image-preview":"max-image-preview:large","max-video-preview":"max-video-preview:-1"},"canonical":"https:\/\/bahiaeconomica.com.br\/wp\/2023\/09\/09\/junior-cigano-vence-revanche-contra-werdum-em-decisao-dividida\/","og_locale":"pt_BR","og_type":"article","og_title":"J\u00daNIOR CIGANO VENCE REVANCHE CONTRA WERDUM EM DECIS\u00c3O DIVIDIDA - Bahia Economica","og_description":"O maior portal de Economia da Bahia Esporte Bahia Economica J\u00fanior Cigano voltou a vencer Fabr\u00edcio Werdum, na noite desta sexta-feira","og_url":"https:\/\/bahiaeconomica.com.br\/wp\/2023\/09\/09\/junior-cigano-vence-revanche-contra-werdum-em-decisao-dividida\/","og_site_name":"Bahia Economica","article_publisher":"https:\/\/www.facebook.com\/bahiaeconomica","article_published_time":"2023-09-09T13:36:08+00:00","og_image":[{"width":1080,"height":684,"url":"https:\/\/bahiaeconomica.com.br\/wp\/wp-content\/uploads\/2023\/09\/Junior-Cigano-vence-revanche-contra-Werdum-em-deci0124167900202309090957-ScaleDownProportional.webp","type":"image\/webp"}],"author":"JP","twitter_card":"summary_large_image","twitter_misc":{"Escrito por":"JP","Est. tempo de leitura":"1 minuto"},"schema":{"@context":"https:\/\/schema.org","@graph":[{"@type":"Article","@id":"https:\/\/bahiaeconomica.com.br\/wp\/2023\/09\/09\/junior-cigano-vence-revanche-contra-werdum-em-decisao-dividida\/#article","isPartOf":{"@id":"https:\/\/bahiaeconomica.com.br\/wp\/2023\/09\/09\/junior-cigano-vence-revanche-contra-werdum-em-decisao-dividida\/"},"author":{"name":"JP","@id":"https:\/\/bahiaeconomica.com.br\/wp\/#\/schema\/person\/c86d3a3f8960425a0f9d0e5245991f4e"},"headline":"J\u00daNIOR CIGANO VENCE REVANCHE CONTRA WERDUM EM DECIS\u00c3O DIVIDIDA","datePublished":"2023-09-09T13:36:08+00:00","dateModified":"2023-09-09T13:36:08+00:00","mainEntityOfPage":{"@id":"https:\/\/bahiaeconomica.com.br\/wp\/2023\/09\/09\/junior-cigano-vence-revanche-contra-werdum-em-decisao-dividida\/"},"wordCount":192,"publisher":{"@id":"https:\/\/bahiaeconomica.com.br\/wp\/#organization"},"keywords":["Brasil","cigano","Pol\u00edtica"],"articleSection":["Esporte"],"inLanguage":"pt-BR"},{"@type":"WebPage","@id":"https:\/\/bahiaeconomica.com.br\/wp\/2023\/09\/09\/junior-cigano-vence-revanche-contra-werdum-em-decisao-dividida\/","url":"https:\/\/bahiaeconomica.com.br\/wp\/2023\/09\/09\/junior-cigano-vence-revanche-contra-werdum-em-decisao-dividida\/","name":"J\u00daNIOR CIGANO VENCE REVANCHE CONTRA WERDUM EM DECIS\u00c3O DIVIDIDA - Bahia Economica","isPartOf":{"@id":"https:\/\/bahiaeconomica.com.br\/wp\/#website"},"datePublished":"2023-09-09T13:36:08+00:00","dateModified":"2023-09-09T13:36:08+00:00","description":"O maior portal de Economia da Bahia Esporte Bahia Economica J\u00fanior Cigano voltou a vencer Fabr\u00edcio Werdum, na noite desta sexta-feira","breadcrumb":{"@id":"https:\/\/bahiaeconomica.com.br\/wp\/2023\/09\/09\/junior-cigano-vence-revanche-contra-werdum-em-decisao-dividida\/#breadcrumb"},"inLanguage":"pt-BR","potentialAction":[{"@type":"ReadAction","target":["https:\/\/bahiaeconomica.com.br\/wp\/2023\/09\/09\/junior-cigano-vence-revanche-contra-werdum-em-decisao-dividida\/"]}]},{"@type":"BreadcrumbList","@id":"https:\/\/bahiaeconomica.com.br\/wp\/2023\/09\/09\/junior-cigano-vence-revanche-contra-werdum-em-decisao-dividida\/#breadcrumb","itemListElement":[{"@type":"ListItem","position":1,"name":"In\u00edcio","item":"https:\/\/bahiaeconomica.com.br\/wp\/"},{"@type":"ListItem","position":2,"name":"J\u00daNIOR CIGANO VENCE REVANCHE CONTRA WERDUM EM DECIS\u00c3O DIVIDIDA"}]},{"@type":"WebSite","@id":"https:\/\/bahiaeconomica.com.br\/wp\/#website","url":"https:\/\/bahiaeconomica.com.br\/wp\/","name":"Bahia Economica","description":"O maior portal de Economia da Bahia","publisher":{"@id":"https:\/\/bahiaeconomica.com.br\/wp\/#organization"},"potentialAction":[{"@type":"SearchAction","target":{"@type":"EntryPoint","urlTemplate":"https:\/\/bahiaeconomica.com.br\/wp\/?s={search_term_string}"},"query-input":"required name=search_term_string"}],"inLanguage":"pt-BR"},{"@type":"Organization","@id":"https:\/\/bahiaeconomica.com.br\/wp\/#organization","name":"Bahia Econ\u00f4mica","url":"https:\/\/bahiaeconomica.com.br\/wp\/","logo":{"@type":"ImageObject","inLanguage":"pt-BR","@id":"https:\/\/bahiaeconomica.com.br\/wp\/#\/schema\/logo\/image\/","url":"https:\/\/bahiaeconomica.com.br\/wp\/wp-content\/uploads\/2020\/12\/cropped-BE.png","contentUrl":"https:\/\/bahiaeconomica.com.br\/wp\/wp-content\/uploads\/2020\/12\/cropped-BE.png","width":512,"height":512,"caption":"Bahia Econ\u00f4mica"},"image":{"@id":"https:\/\/bahiaeconomica.com.br\/wp\/#\/schema\/logo\/image\/"},"sameAs":["https:\/\/www.facebook.com\/bahiaeconomica"]},{"@type":"Person","@id":"https:\/\/bahiaeconomica.com.br\/wp\/#\/schema\/person\/c86d3a3f8960425a0f9d0e5245991f4e","name":"JP","sameAs":["https:\/\/bahiaeconomica.com.br\/wp\/beta\/"],"url":"https:\/\/bahiaeconomica.com.br\/wp\/author\/jp\/"}]}},"views":26,"_links":{"self":[{"href":"https:\/\/bahiaeconomica.com.br\/wp\/wp-json\/wp\/v2\/posts\/761380"}],"collection":[{"href":"https:\/\/bahiaeconomica.com.br\/wp\/wp-json\/wp\/v2\/posts"}],"about":[{"href":"https:\/\/bahiaeconomica.com.br\/wp\/wp-json\/wp\/v2\/types\/post"}],"author":[{"embeddable":true,"href":"https:\/\/bahiaeconomica.com.br\/wp\/wp-json\/wp\/v2\/users\/8"}],"replies":[{"embeddable":true,"href":"https:\/\/bahiaeconomica.com.br\/wp\/wp-json\/wp\/v2\/comments?post=761380"}],"version-history":[{"count":1,"href":"https:\/\/bahiaeconomica.com.br\/wp\/wp-json\/wp\/v2\/posts\/761380\/revisions"}],"predecessor-version":[{"id":761382,"href":"https:\/\/bahiaeconomica.com.br\/wp\/wp-json\/wp\/v2\/posts\/761380\/revisions\/761382"}],"wp:featuredmedia":[{"embeddable":true,"href":"https:\/\/bahiaeconomica.com.br\/wp\/wp-json\/wp\/v2\/media\/761381"}],"wp:attachment":[{"href":"https:\/\/bahiaeconomica.com.br\/wp\/wp-json\/wp\/v2\/media?parent=761380"}],"wp:term":[{"taxonomy":"category","embeddable":true,"href":"https:\/\/bahiaeconomica.com.br\/wp\/wp-json\/wp\/v2\/categories?post=761380"},{"taxonomy":"post_tag","embeddable":true,"href":"https:\/\/bahiaeconomica.com.br\/wp\/wp-json\/wp\/v2\/tags?post=761380"}],"curies":[{"name":"wp","href":"https:\/\/api.w.org\/{rel}","templated":true}]}}