{"id":761162,"date":"2023-09-08T14:57:46","date_gmt":"2023-09-08T17:57:46","guid":{"rendered":"https:\/\/bahiaeconomica.com.br\/wp\/?p=761162"},"modified":"2023-09-08T14:57:46","modified_gmt":"2023-09-08T17:57:46","slug":"mais-de-120-presentes-de-delegacoes-estrangeiras-no-governo-bolsonaro-deveriam-estar-no-acervo-publico","status":"publish","type":"post","link":"https:\/\/bahiaeconomica.com.br\/wp\/2023\/09\/08\/mais-de-120-presentes-de-delegacoes-estrangeiras-no-governo-bolsonaro-deveriam-estar-no-acervo-publico\/","title":{"rendered":"MAIS DE 120 PRESENTES DE DELEGA\u00c7\u00d5ES ESTRANGEIRAS NO GOVERNO BOLSONARO DEVERIAM ESTAR NO ACERVO P\u00daBLICO"},"content":{"rendered":"<p>Cerca de 128 presentes recebidos de delega\u00e7\u00f5es estrangeiras durante o governo do ex-presidente Jair Bolsonaro (PL) deveriam estar no acervo p\u00fablico, de acordo com o relat\u00f3rio de fiscaliza\u00e7\u00e3o do Tribunal de Contas da Uni\u00e3o (TCU). Conforme o documento, 17 deles s\u00e3o de &#8220;elevado valor comercial&#8221;.<\/p>\n<p>Segundo o TCU, por causa desse alto valor, \u201ctamb\u00e9m deveriam ser incorporados ao patrim\u00f4nio da Uni\u00e3o\u201d.<\/p>\n<p>\u201cAl\u00e9m disso, n\u00e3o foram identificadas quaisquer fundamenta\u00e7\u00f5es aptas a justificar a distribui\u00e7\u00e3o dos itens entre os acervos p\u00fablico (patrim\u00f4nio da Uni\u00e3o) e documental privado do ex-presidente. Tamb\u00e9m foi constatado que h\u00e1 presentes recebidos pelo ex-presidente que n\u00e3o foram registrados. Essas constata\u00e7\u00f5es s\u00e3o decorrentes de defici\u00eancias existentes no processo de trabalho correlato ao recebimento e \u00e0 incorpora\u00e7\u00e3o desses bens\u201d, diz o documento.<\/p>\n<p><strong>Foto: Marcos Corr\u00eaa\/PR\/Flickr<\/strong><\/p>\n","protected":false},"excerpt":{"rendered":"<p>Cerca de 128 presentes recebidos de delega\u00e7\u00f5es estrangeiras durante o governo do ex-presidente Jair Bolsonaro (PL) deveriam estar no acervo p\u00fablico, de acordo com o relat\u00f3rio de fiscaliza\u00e7\u00e3o do Tribunal de Contas da Uni\u00e3o (TCU). Conforme o documento, 17 deles s\u00e3o de &#8220;elevado valor comercial&#8221;. Segundo o TCU, por causa desse alto valor, \u201ctamb\u00e9m deveriam [&hellip;]<\/p>\n","protected":false},"author":18,"featured_media":761174,"comment_status":"closed","ping_status":"closed","sticky":false,"template":"","format":"standard","meta":[],"categories":[14601],"tags":[19687,19686,111,100,19684,19683,19685,1125],"acf":[],"yoast_head":"<!-- This site is optimized with the Yoast SEO plugin v20.8 - https:\/\/yoast.com\/wordpress\/plugins\/seo\/ -->\n<title>MAIS DE 120 PRESENTES DE DELEGA\u00c7\u00d5ES ESTRANGEIRAS NO GOVERNO BOLSONARO DEVERIAM ESTAR NO ACERVO P\u00daBLICO - Bahia Economica<\/title>\n<meta name=\"description\" content=\"O maior portal de Economia da Bahia Pol\u00edtica Bahia Economica Cerca de 128 presentes recebidos de delega\u00e7\u00f5es estrangeiras durante\" \/>\n<meta name=\"robots\" content=\"index, follow, max-snippet:-1, max-image-preview:large, max-video-preview:-1\" \/>\n<link rel=\"canonical\" href=\"https:\/\/bahiaeconomica.com.br\/wp\/2023\/09\/08\/mais-de-120-presentes-de-delegacoes-estrangeiras-no-governo-bolsonaro-deveriam-estar-no-acervo-publico\/\" \/>\n<meta property=\"og:locale\" content=\"pt_BR\" \/>\n<meta property=\"og:type\" content=\"article\" \/>\n<meta property=\"og:title\" content=\"MAIS DE 120 PRESENTES DE DELEGA\u00c7\u00d5ES ESTRANGEIRAS NO GOVERNO BOLSONARO DEVERIAM ESTAR NO ACERVO P\u00daBLICO - Bahia Economica\" \/>\n<meta property=\"og:description\" content=\"O maior portal de Economia da Bahia Pol\u00edtica Bahia Economica Cerca de 128 presentes recebidos de delega\u00e7\u00f5es estrangeiras durante\" \/>\n<meta property=\"og:url\" content=\"https:\/\/bahiaeconomica.com.br\/wp\/2023\/09\/08\/mais-de-120-presentes-de-delegacoes-estrangeiras-no-governo-bolsonaro-deveriam-estar-no-acervo-publico\/\" \/>\n<meta property=\"og:site_name\" content=\"Bahia Economica\" \/>\n<meta property=\"article:publisher\" content=\"https:\/\/www.facebook.com\/bahiaeconomica\" \/>\n<meta property=\"article:published_time\" content=\"2023-09-08T17:57:46+00:00\" \/>\n<meta property=\"og:image\" content=\"https:\/\/bahiaeconomica.com.br\/wp\/wp-content\/uploads\/2023\/09\/51525811325_489b2f7fb1_o-1.webp\" \/>\n\t<meta property=\"og:image:width\" content=\"1024\" \/>\n\t<meta property=\"og:image:height\" content=\"683\" \/>\n\t<meta property=\"og:image:type\" content=\"image\/webp\" \/>\n<meta name=\"author\" content=\"Emily Oliveira\" \/>\n<meta name=\"twitter:card\" content=\"summary_large_image\" \/>\n<meta name=\"twitter:label1\" content=\"Escrito por\" \/>\n\t<meta name=\"twitter:data1\" content=\"Emily Oliveira\" \/>\n\t<meta name=\"twitter:label2\" content=\"Est. tempo de leitura\" \/>\n\t<meta name=\"twitter:data2\" content=\"1 minuto\" \/>\n<script type=\"application\/ld+json\" class=\"yoast-schema-graph\">{\"@context\":\"https:\/\/schema.org\",\"@graph\":[{\"@type\":\"Article\",\"@id\":\"https:\/\/bahiaeconomica.com.br\/wp\/2023\/09\/08\/mais-de-120-presentes-de-delegacoes-estrangeiras-no-governo-bolsonaro-deveriam-estar-no-acervo-publico\/#article\",\"isPartOf\":{\"@id\":\"https:\/\/bahiaeconomica.com.br\/wp\/2023\/09\/08\/mais-de-120-presentes-de-delegacoes-estrangeiras-no-governo-bolsonaro-deveriam-estar-no-acervo-publico\/\"},\"author\":{\"name\":\"Emily Oliveira\",\"@id\":\"https:\/\/bahiaeconomica.com.br\/wp\/#\/schema\/person\/547396bb3b39ebb828ab5807d982c42f\"},\"headline\":\"MAIS DE 120 PRESENTES DE DELEGA\u00c7\u00d5ES ESTRANGEIRAS NO GOVERNO BOLSONARO DEVERIAM ESTAR NO ACERVO P\u00daBLICO\",\"datePublished\":\"2023-09-08T17:57:46+00:00\",\"dateModified\":\"2023-09-08T17:57:46+00:00\",\"mainEntityOfPage\":{\"@id\":\"https:\/\/bahiaeconomica.com.br\/wp\/2023\/09\/08\/mais-de-120-presentes-de-delegacoes-estrangeiras-no-governo-bolsonaro-deveriam-estar-no-acervo-publico\/\"},\"wordCount\":163,\"publisher\":{\"@id\":\"https:\/\/bahiaeconomica.com.br\/wp\/#organization\"},\"keywords\":[\"elevado valor comercial\",\"ex presidente bolsonar\",\"governo Bolsonaro\",\"Pol\u00edtica\",\"presentes de alto valor\",\"presentes estrangeiros\",\"relat\u00f3rio do TCU\",\"TCU\"],\"articleSection\":[\"Pol\u00edtica\"],\"inLanguage\":\"pt-BR\"},{\"@type\":\"WebPage\",\"@id\":\"https:\/\/bahiaeconomica.com.br\/wp\/2023\/09\/08\/mais-de-120-presentes-de-delegacoes-estrangeiras-no-governo-bolsonaro-deveriam-estar-no-acervo-publico\/\",\"url\":\"https:\/\/bahiaeconomica.com.br\/wp\/2023\/09\/08\/mais-de-120-presentes-de-delegacoes-estrangeiras-no-governo-bolsonaro-deveriam-estar-no-acervo-publico\/\",\"name\":\"MAIS DE 120 PRESENTES DE DELEGA\u00c7\u00d5ES ESTRANGEIRAS NO GOVERNO BOLSONARO DEVERIAM ESTAR NO ACERVO P\u00daBLICO - Bahia Economica\",\"isPartOf\":{\"@id\":\"https:\/\/bahiaeconomica.com.br\/wp\/#website\"},\"datePublished\":\"2023-09-08T17:57:46+00:00\",\"dateModified\":\"2023-09-08T17:57:46+00:00\",\"description\":\"O maior portal de Economia da Bahia Pol\u00edtica Bahia Economica Cerca de 128 presentes recebidos de delega\u00e7\u00f5es estrangeiras durante\",\"breadcrumb\":{\"@id\":\"https:\/\/bahiaeconomica.com.br\/wp\/2023\/09\/08\/mais-de-120-presentes-de-delegacoes-estrangeiras-no-governo-bolsonaro-deveriam-estar-no-acervo-publico\/#breadcrumb\"},\"inLanguage\":\"pt-BR\",\"potentialAction\":[{\"@type\":\"ReadAction\",\"target\":[\"https:\/\/bahiaeconomica.com.br\/wp\/2023\/09\/08\/mais-de-120-presentes-de-delegacoes-estrangeiras-no-governo-bolsonaro-deveriam-estar-no-acervo-publico\/\"]}]},{\"@type\":\"BreadcrumbList\",\"@id\":\"https:\/\/bahiaeconomica.com.br\/wp\/2023\/09\/08\/mais-de-120-presentes-de-delegacoes-estrangeiras-no-governo-bolsonaro-deveriam-estar-no-acervo-publico\/#breadcrumb\",\"itemListElement\":[{\"@type\":\"ListItem\",\"position\":1,\"name\":\"In\u00edcio\",\"item\":\"https:\/\/bahiaeconomica.com.br\/wp\/\"},{\"@type\":\"ListItem\",\"position\":2,\"name\":\"MAIS DE 120 PRESENTES DE DELEGA\u00c7\u00d5ES ESTRANGEIRAS NO GOVERNO BOLSONARO DEVERIAM ESTAR NO ACERVO P\u00daBLICO\"}]},{\"@type\":\"WebSite\",\"@id\":\"https:\/\/bahiaeconomica.com.br\/wp\/#website\",\"url\":\"https:\/\/bahiaeconomica.com.br\/wp\/\",\"name\":\"Bahia Economica\",\"description\":\"O maior portal de Economia da Bahia\",\"publisher\":{\"@id\":\"https:\/\/bahiaeconomica.com.br\/wp\/#organization\"},\"potentialAction\":[{\"@type\":\"SearchAction\",\"target\":{\"@type\":\"EntryPoint\",\"urlTemplate\":\"https:\/\/bahiaeconomica.com.br\/wp\/?s={search_term_string}\"},\"query-input\":\"required name=search_term_string\"}],\"inLanguage\":\"pt-BR\"},{\"@type\":\"Organization\",\"@id\":\"https:\/\/bahiaeconomica.com.br\/wp\/#organization\",\"name\":\"Bahia Econ\u00f4mica\",\"url\":\"https:\/\/bahiaeconomica.com.br\/wp\/\",\"logo\":{\"@type\":\"ImageObject\",\"inLanguage\":\"pt-BR\",\"@id\":\"https:\/\/bahiaeconomica.com.br\/wp\/#\/schema\/logo\/image\/\",\"url\":\"https:\/\/bahiaeconomica.com.br\/wp\/wp-content\/uploads\/2020\/12\/cropped-BE.png\",\"contentUrl\":\"https:\/\/bahiaeconomica.com.br\/wp\/wp-content\/uploads\/2020\/12\/cropped-BE.png\",\"width\":512,\"height\":512,\"caption\":\"Bahia Econ\u00f4mica\"},\"image\":{\"@id\":\"https:\/\/bahiaeconomica.com.br\/wp\/#\/schema\/logo\/image\/\"},\"sameAs\":[\"https:\/\/www.facebook.com\/bahiaeconomica\"]},{\"@type\":\"Person\",\"@id\":\"https:\/\/bahiaeconomica.com.br\/wp\/#\/schema\/person\/547396bb3b39ebb828ab5807d982c42f\",\"name\":\"Emily Oliveira\",\"sameAs\":[\"https:\/\/bahiaeconomica.com.br\/wp\/\"],\"url\":\"https:\/\/bahiaeconomica.com.br\/wp\/author\/emily-oliveira\/\"}]}<\/script>\n<!-- \/ Yoast SEO plugin. -->","yoast_head_json":{"title":"MAIS DE 120 PRESENTES DE DELEGA\u00c7\u00d5ES ESTRANGEIRAS NO GOVERNO BOLSONARO DEVERIAM ESTAR NO ACERVO P\u00daBLICO - Bahia Economica","description":"O maior portal de Economia da Bahia Pol\u00edtica Bahia Economica Cerca de 128 presentes recebidos de delega\u00e7\u00f5es estrangeiras durante","robots":{"index":"index","follow":"follow","max-snippet":"max-snippet:-1","max-image-preview":"max-image-preview:large","max-video-preview":"max-video-preview:-1"},"canonical":"https:\/\/bahiaeconomica.com.br\/wp\/2023\/09\/08\/mais-de-120-presentes-de-delegacoes-estrangeiras-no-governo-bolsonaro-deveriam-estar-no-acervo-publico\/","og_locale":"pt_BR","og_type":"article","og_title":"MAIS DE 120 PRESENTES DE DELEGA\u00c7\u00d5ES ESTRANGEIRAS NO GOVERNO BOLSONARO DEVERIAM ESTAR NO ACERVO P\u00daBLICO - Bahia Economica","og_description":"O maior portal de Economia da Bahia Pol\u00edtica Bahia Economica Cerca de 128 presentes recebidos de delega\u00e7\u00f5es estrangeiras durante","og_url":"https:\/\/bahiaeconomica.com.br\/wp\/2023\/09\/08\/mais-de-120-presentes-de-delegacoes-estrangeiras-no-governo-bolsonaro-deveriam-estar-no-acervo-publico\/","og_site_name":"Bahia Economica","article_publisher":"https:\/\/www.facebook.com\/bahiaeconomica","article_published_time":"2023-09-08T17:57:46+00:00","og_image":[{"width":1024,"height":683,"url":"https:\/\/bahiaeconomica.com.br\/wp\/wp-content\/uploads\/2023\/09\/51525811325_489b2f7fb1_o-1.webp","type":"image\/webp"}],"author":"Emily Oliveira","twitter_card":"summary_large_image","twitter_misc":{"Escrito por":"Emily Oliveira","Est. tempo de leitura":"1 minuto"},"schema":{"@context":"https:\/\/schema.org","@graph":[{"@type":"Article","@id":"https:\/\/bahiaeconomica.com.br\/wp\/2023\/09\/08\/mais-de-120-presentes-de-delegacoes-estrangeiras-no-governo-bolsonaro-deveriam-estar-no-acervo-publico\/#article","isPartOf":{"@id":"https:\/\/bahiaeconomica.com.br\/wp\/2023\/09\/08\/mais-de-120-presentes-de-delegacoes-estrangeiras-no-governo-bolsonaro-deveriam-estar-no-acervo-publico\/"},"author":{"name":"Emily Oliveira","@id":"https:\/\/bahiaeconomica.com.br\/wp\/#\/schema\/person\/547396bb3b39ebb828ab5807d982c42f"},"headline":"MAIS DE 120 PRESENTES DE DELEGA\u00c7\u00d5ES ESTRANGEIRAS NO GOVERNO BOLSONARO DEVERIAM ESTAR NO ACERVO P\u00daBLICO","datePublished":"2023-09-08T17:57:46+00:00","dateModified":"2023-09-08T17:57:46+00:00","mainEntityOfPage":{"@id":"https:\/\/bahiaeconomica.com.br\/wp\/2023\/09\/08\/mais-de-120-presentes-de-delegacoes-estrangeiras-no-governo-bolsonaro-deveriam-estar-no-acervo-publico\/"},"wordCount":163,"publisher":{"@id":"https:\/\/bahiaeconomica.com.br\/wp\/#organization"},"keywords":["elevado valor comercial","ex presidente bolsonar","governo Bolsonaro","Pol\u00edtica","presentes de alto valor","presentes estrangeiros","relat\u00f3rio do TCU","TCU"],"articleSection":["Pol\u00edtica"],"inLanguage":"pt-BR"},{"@type":"WebPage","@id":"https:\/\/bahiaeconomica.com.br\/wp\/2023\/09\/08\/mais-de-120-presentes-de-delegacoes-estrangeiras-no-governo-bolsonaro-deveriam-estar-no-acervo-publico\/","url":"https:\/\/bahiaeconomica.com.br\/wp\/2023\/09\/08\/mais-de-120-presentes-de-delegacoes-estrangeiras-no-governo-bolsonaro-deveriam-estar-no-acervo-publico\/","name":"MAIS DE 120 PRESENTES DE DELEGA\u00c7\u00d5ES ESTRANGEIRAS NO GOVERNO BOLSONARO DEVERIAM ESTAR NO ACERVO P\u00daBLICO - Bahia Economica","isPartOf":{"@id":"https:\/\/bahiaeconomica.com.br\/wp\/#website"},"datePublished":"2023-09-08T17:57:46+00:00","dateModified":"2023-09-08T17:57:46+00:00","description":"O maior portal de Economia da Bahia Pol\u00edtica Bahia Economica Cerca de 128 presentes recebidos de delega\u00e7\u00f5es estrangeiras durante","breadcrumb":{"@id":"https:\/\/bahiaeconomica.com.br\/wp\/2023\/09\/08\/mais-de-120-presentes-de-delegacoes-estrangeiras-no-governo-bolsonaro-deveriam-estar-no-acervo-publico\/#breadcrumb"},"inLanguage":"pt-BR","potentialAction":[{"@type":"ReadAction","target":["https:\/\/bahiaeconomica.com.br\/wp\/2023\/09\/08\/mais-de-120-presentes-de-delegacoes-estrangeiras-no-governo-bolsonaro-deveriam-estar-no-acervo-publico\/"]}]},{"@type":"BreadcrumbList","@id":"https:\/\/bahiaeconomica.com.br\/wp\/2023\/09\/08\/mais-de-120-presentes-de-delegacoes-estrangeiras-no-governo-bolsonaro-deveriam-estar-no-acervo-publico\/#breadcrumb","itemListElement":[{"@type":"ListItem","position":1,"name":"In\u00edcio","item":"https:\/\/bahiaeconomica.com.br\/wp\/"},{"@type":"ListItem","position":2,"name":"MAIS DE 120 PRESENTES DE DELEGA\u00c7\u00d5ES ESTRANGEIRAS NO GOVERNO BOLSONARO DEVERIAM ESTAR NO ACERVO P\u00daBLICO"}]},{"@type":"WebSite","@id":"https:\/\/bahiaeconomica.com.br\/wp\/#website","url":"https:\/\/bahiaeconomica.com.br\/wp\/","name":"Bahia Economica","description":"O maior portal de Economia da Bahia","publisher":{"@id":"https:\/\/bahiaeconomica.com.br\/wp\/#organization"},"potentialAction":[{"@type":"SearchAction","target":{"@type":"EntryPoint","urlTemplate":"https:\/\/bahiaeconomica.com.br\/wp\/?s={search_term_string}"},"query-input":"required name=search_term_string"}],"inLanguage":"pt-BR"},{"@type":"Organization","@id":"https:\/\/bahiaeconomica.com.br\/wp\/#organization","name":"Bahia Econ\u00f4mica","url":"https:\/\/bahiaeconomica.com.br\/wp\/","logo":{"@type":"ImageObject","inLanguage":"pt-BR","@id":"https:\/\/bahiaeconomica.com.br\/wp\/#\/schema\/logo\/image\/","url":"https:\/\/bahiaeconomica.com.br\/wp\/wp-content\/uploads\/2020\/12\/cropped-BE.png","contentUrl":"https:\/\/bahiaeconomica.com.br\/wp\/wp-content\/uploads\/2020\/12\/cropped-BE.png","width":512,"height":512,"caption":"Bahia Econ\u00f4mica"},"image":{"@id":"https:\/\/bahiaeconomica.com.br\/wp\/#\/schema\/logo\/image\/"},"sameAs":["https:\/\/www.facebook.com\/bahiaeconomica"]},{"@type":"Person","@id":"https:\/\/bahiaeconomica.com.br\/wp\/#\/schema\/person\/547396bb3b39ebb828ab5807d982c42f","name":"Emily Oliveira","sameAs":["https:\/\/bahiaeconomica.com.br\/wp\/"],"url":"https:\/\/bahiaeconomica.com.br\/wp\/author\/emily-oliveira\/"}]}},"views":10,"_links":{"self":[{"href":"https:\/\/bahiaeconomica.com.br\/wp\/wp-json\/wp\/v2\/posts\/761162"}],"collection":[{"href":"https:\/\/bahiaeconomica.com.br\/wp\/wp-json\/wp\/v2\/posts"}],"about":[{"href":"https:\/\/bahiaeconomica.com.br\/wp\/wp-json\/wp\/v2\/types\/post"}],"author":[{"embeddable":true,"href":"https:\/\/bahiaeconomica.com.br\/wp\/wp-json\/wp\/v2\/users\/18"}],"replies":[{"embeddable":true,"href":"https:\/\/bahiaeconomica.com.br\/wp\/wp-json\/wp\/v2\/comments?post=761162"}],"version-history":[{"count":1,"href":"https:\/\/bahiaeconomica.com.br\/wp\/wp-json\/wp\/v2\/posts\/761162\/revisions"}],"predecessor-version":[{"id":761178,"href":"https:\/\/bahiaeconomica.com.br\/wp\/wp-json\/wp\/v2\/posts\/761162\/revisions\/761178"}],"wp:featuredmedia":[{"embeddable":true,"href":"https:\/\/bahiaeconomica.com.br\/wp\/wp-json\/wp\/v2\/media\/761174"}],"wp:attachment":[{"href":"https:\/\/bahiaeconomica.com.br\/wp\/wp-json\/wp\/v2\/media?parent=761162"}],"wp:term":[{"taxonomy":"category","embeddable":true,"href":"https:\/\/bahiaeconomica.com.br\/wp\/wp-json\/wp\/v2\/categories?post=761162"},{"taxonomy":"post_tag","embeddable":true,"href":"https:\/\/bahiaeconomica.com.br\/wp\/wp-json\/wp\/v2\/tags?post=761162"}],"curies":[{"name":"wp","href":"https:\/\/api.w.org\/{rel}","templated":true}]}}