{"id":761094,"date":"2023-09-08T12:56:59","date_gmt":"2023-09-08T15:56:59","guid":{"rendered":"https:\/\/bahiaeconomica.com.br\/wp\/?p=761094"},"modified":"2023-09-08T12:56:59","modified_gmt":"2023-09-08T15:56:59","slug":"covid-19-51-da-populacao-quer-julgamento-e-punicao-por-mortes","status":"publish","type":"post","link":"https:\/\/bahiaeconomica.com.br\/wp\/2023\/09\/08\/covid-19-51-da-populacao-quer-julgamento-e-punicao-por-mortes\/","title":{"rendered":"COVID-19: 51% DA POPULA\u00c7\u00c3O QUER JULGAMENTO E PUNI\u00c7\u00c3O POR MORTES"},"content":{"rendered":"<p>Um levantamento realizado pelo Centro de Estudos SoU Ci\u00eancia da Universidade Federal de S\u00e3o Paulo (Unifesp) mostra que 51,5% da popula\u00e7\u00e3o quer que os crimes associados a mais de 700 mil mortes pelo novo coronav\u00edrus no Brasil sejam julgados e condenados. O levantamento aponta que, para 62,1% dos entrevistados, o governo do ex-presidente Jair Bolsonaro e o Minist\u00e9rio da Sa\u00fade foram os principais respons\u00e1veis pelas mortes. Para pesquisadores, se a conduta tivesse sido outra, haveria menos \u00f3bitos.<\/p>\n<p>O levantamento apurou que 76,5% dos entrevistados disseram ter acompanhado a Comiss\u00e3o Parlamentar de Inqu\u00e9rito (CPI) da Covid-19, comiss\u00e3o realizada no Senado Federal em 2021, e que esse acompanhamento foi essencial para dar embasamento \u00e0s opini\u00f5es.<\/p>\n<p>O estudo perguntou qual seria a forma para a repara\u00e7\u00e3o dos crimes. As tr\u00eas provid\u00eancias sugeridas pelo estudo para reparar os crimes que tiveram maior ades\u00e3o foram: criar uma Comiss\u00e3o da Verdade para apurar os crimes (44,7%), indenizar as v\u00edtimas, crian\u00e7as que perderam pai e\/ou m\u00e3e (39%) e criar um Tribunal Especial para acelerar os julgamentos (38,3%).<\/p>\n<p>\u201cA Comiss\u00e3o da Verdade foi mais aceita entre pessoas do Centro-Oeste (58,7%), que ganham de tr\u00eas a cinco sal\u00e1rios m\u00ednimos (53,3%) e que t\u00eam ensino superior (50,9%). E menos aceita entre quem estudou at\u00e9 o ensino fundamental (32,9%), recebe menos de um sal\u00e1rio (35,0%) e tem entre 18 e 24 anos (36,3%)\u201d, informou a Unifesp.<\/p>\n<p>O estudo apurou que as indeniza\u00e7\u00f5es foram mais aceitas entre as pessoas de outras religi\u00f5es (45,1%) \u2014 grupo que re\u00fane esp\u00edritas, candomblecistas, umbandistas, budistas, etc \u2014 que ganha de tr\u00eas a cinco sal\u00e1rios m\u00ednimos (45,0%) e estudaram at\u00e9 o ensino m\u00e9dio (43,3%). E menos aceitas entre os que estudaram at\u00e9 o ensino fundamental (28,8%), que ganham mais de cinco sal\u00e1rios (31,1%) e menos de um sal\u00e1rio (35,4%).<\/p>\n<p>O tribunal especial foi mais aceito entre as pessoas de 25 a 34 anos (44,6%), sem religi\u00e3o (44,6%), e de outras religi\u00f5es (43,9%). E menos aceito entre os que estudaram at\u00e9 o ensino fundamental (25,6%), que ganham at\u00e9 um sal\u00e1rio m\u00ednimo e mais de cinco sal\u00e1rios m\u00ednimos (28,7% e 32,5%) e que t\u00eam de 18 a 24 anos (32,5%).<\/p>\n<p>A maioria dos entrevistados (52,4%) disse ainda que, para prevenir ou reduzir a mortalidade de uma poss\u00edvel epidemia ou pandemia futura, a melhor op\u00e7\u00e3o \u00e9 o aumento de investimentos no Sistema \u00danico de Sa\u00fade (SUS). Para 46,5%, o melhor caminho \u00e9 ampliar o investimento em ci\u00eancia e pesquisa e 38,7% aumentar a produ\u00e7\u00e3o de vacinas com tecnologia nacional.<\/p>\n<p>A pesquisa apurou que, em rela\u00e7\u00e3o \u00e0 prefer\u00eancia eleitoral, os eleitores do ex-presidente Jair Bolsonaro tomaram 58 milh\u00f5es de doses a menos de vacinas contra a covid-19 do que os do atual presidente, Luiz In\u00e1cio Lula da Silva. Considerando o sistema vacinal completo, os que votaram em Lula receberam 38% a mais de doses dos imunizantes contra a covid-19 do que os eleitores de Bolsonaro.<\/p>\n<p>\u201cEsse \u00edndice confirma a diferen\u00e7a da ades\u00e3o a outras campanhas de vacina\u00e7\u00e3o (como sarampo, poliomielite e influenza) por lulistas e bolsonaristas: 83 % e 65%, respectivamente. No caso da vacina\u00e7\u00e3o infantil contra a covid-19, a disparidade \u00e9 ainda maior. Os 76% eleitores de Lula s\u00e3o favor\u00e1veis e apenas 39% dos eleitores de Bolsonaro concordam\u201d, disse a Unifesp.<\/p>\n<p>Foto: Rovena Rosa\/Ag\u00eancia Brasil<br \/>\nSa\u00fade Fonte: Ag\u00eancia Brasil<\/p>\n","protected":false},"excerpt":{"rendered":"<p>Um levantamento realizado pelo Centro de Estudos SoU Ci\u00eancia da Universidade Federal de S\u00e3o Paulo (Unifesp) mostra que 51,5% da popula\u00e7\u00e3o quer que os crimes associados a mais de 700 mil mortes pelo novo coronav\u00edrus no Brasil sejam julgados e condenados. O levantamento aponta que, para 62,1% dos entrevistados, o governo do ex-presidente Jair Bolsonaro [&hellip;]<\/p>\n","protected":false},"author":15,"featured_media":761103,"comment_status":"closed","ping_status":"closed","sticky":false,"template":"","format":"standard","meta":[],"categories":[21],"tags":[],"acf":[],"yoast_head":"<!-- This site is optimized with the Yoast SEO plugin v20.8 - https:\/\/yoast.com\/wordpress\/plugins\/seo\/ -->\n<title>COVID-19: 51% DA POPULA\u00c7\u00c3O QUER JULGAMENTO E PUNI\u00c7\u00c3O POR MORTES - Bahia Economica<\/title>\n<meta name=\"description\" content=\"O maior portal de Economia da Bahia Sa\u00fade \/ Educa\u00e7\u00e3o Bahia Economica Um levantamento realizado pelo Centro de Estudos SoU Ci\u00eancia da\" \/>\n<meta name=\"robots\" content=\"index, follow, max-snippet:-1, max-image-preview:large, max-video-preview:-1\" \/>\n<link rel=\"canonical\" href=\"https:\/\/bahiaeconomica.com.br\/wp\/2023\/09\/08\/covid-19-51-da-populacao-quer-julgamento-e-punicao-por-mortes\/\" \/>\n<meta property=\"og:locale\" content=\"pt_BR\" \/>\n<meta property=\"og:type\" content=\"article\" \/>\n<meta property=\"og:title\" content=\"COVID-19: 51% DA POPULA\u00c7\u00c3O QUER JULGAMENTO E PUNI\u00c7\u00c3O POR MORTES - Bahia Economica\" \/>\n<meta property=\"og:description\" content=\"O maior portal de Economia da Bahia Sa\u00fade \/ Educa\u00e7\u00e3o Bahia Economica Um levantamento realizado pelo Centro de Estudos SoU Ci\u00eancia da\" \/>\n<meta property=\"og:url\" content=\"https:\/\/bahiaeconomica.com.br\/wp\/2023\/09\/08\/covid-19-51-da-populacao-quer-julgamento-e-punicao-por-mortes\/\" \/>\n<meta property=\"og:site_name\" content=\"Bahia Economica\" \/>\n<meta property=\"article:publisher\" content=\"https:\/\/www.facebook.com\/bahiaeconomica\" \/>\n<meta property=\"article:published_time\" content=\"2023-09-08T15:56:59+00:00\" \/>\n<meta property=\"og:image\" content=\"https:\/\/bahiaeconomica.com.br\/wp\/wp-content\/uploads\/2023\/09\/20230908124030759967i.jpg\" \/>\n\t<meta property=\"og:image:width\" content=\"754\" \/>\n\t<meta property=\"og:image:height\" content=\"503\" \/>\n\t<meta property=\"og:image:type\" content=\"image\/jpeg\" \/>\n<meta name=\"author\" content=\"VICTORIA ISABEL\" \/>\n<meta name=\"twitter:card\" content=\"summary_large_image\" \/>\n<meta name=\"twitter:label1\" content=\"Escrito por\" \/>\n\t<meta name=\"twitter:data1\" content=\"VICTORIA ISABEL\" \/>\n\t<meta name=\"twitter:label2\" content=\"Est. tempo de leitura\" \/>\n\t<meta name=\"twitter:data2\" content=\"3 minutos\" \/>\n<script type=\"application\/ld+json\" class=\"yoast-schema-graph\">{\"@context\":\"https:\/\/schema.org\",\"@graph\":[{\"@type\":\"Article\",\"@id\":\"https:\/\/bahiaeconomica.com.br\/wp\/2023\/09\/08\/covid-19-51-da-populacao-quer-julgamento-e-punicao-por-mortes\/#article\",\"isPartOf\":{\"@id\":\"https:\/\/bahiaeconomica.com.br\/wp\/2023\/09\/08\/covid-19-51-da-populacao-quer-julgamento-e-punicao-por-mortes\/\"},\"author\":{\"name\":\"VICTORIA ISABEL\",\"@id\":\"https:\/\/bahiaeconomica.com.br\/wp\/#\/schema\/person\/b719ce0fb1c09f3c7a00d9243ced4a6f\"},\"headline\":\"COVID-19: 51% DA POPULA\u00c7\u00c3O QUER JULGAMENTO E PUNI\u00c7\u00c3O POR MORTES\",\"datePublished\":\"2023-09-08T15:56:59+00:00\",\"dateModified\":\"2023-09-08T15:56:59+00:00\",\"mainEntityOfPage\":{\"@id\":\"https:\/\/bahiaeconomica.com.br\/wp\/2023\/09\/08\/covid-19-51-da-populacao-quer-julgamento-e-punicao-por-mortes\/\"},\"wordCount\":563,\"publisher\":{\"@id\":\"https:\/\/bahiaeconomica.com.br\/wp\/#organization\"},\"articleSection\":[\"Sa\u00fade \/ Educa\u00e7\u00e3o\"],\"inLanguage\":\"pt-BR\"},{\"@type\":\"WebPage\",\"@id\":\"https:\/\/bahiaeconomica.com.br\/wp\/2023\/09\/08\/covid-19-51-da-populacao-quer-julgamento-e-punicao-por-mortes\/\",\"url\":\"https:\/\/bahiaeconomica.com.br\/wp\/2023\/09\/08\/covid-19-51-da-populacao-quer-julgamento-e-punicao-por-mortes\/\",\"name\":\"COVID-19: 51% DA POPULA\u00c7\u00c3O QUER JULGAMENTO E PUNI\u00c7\u00c3O POR MORTES - Bahia Economica\",\"isPartOf\":{\"@id\":\"https:\/\/bahiaeconomica.com.br\/wp\/#website\"},\"datePublished\":\"2023-09-08T15:56:59+00:00\",\"dateModified\":\"2023-09-08T15:56:59+00:00\",\"description\":\"O maior portal de Economia da Bahia Sa\u00fade \/ Educa\u00e7\u00e3o Bahia Economica Um levantamento realizado pelo Centro de Estudos SoU Ci\u00eancia da\",\"breadcrumb\":{\"@id\":\"https:\/\/bahiaeconomica.com.br\/wp\/2023\/09\/08\/covid-19-51-da-populacao-quer-julgamento-e-punicao-por-mortes\/#breadcrumb\"},\"inLanguage\":\"pt-BR\",\"potentialAction\":[{\"@type\":\"ReadAction\",\"target\":[\"https:\/\/bahiaeconomica.com.br\/wp\/2023\/09\/08\/covid-19-51-da-populacao-quer-julgamento-e-punicao-por-mortes\/\"]}]},{\"@type\":\"BreadcrumbList\",\"@id\":\"https:\/\/bahiaeconomica.com.br\/wp\/2023\/09\/08\/covid-19-51-da-populacao-quer-julgamento-e-punicao-por-mortes\/#breadcrumb\",\"itemListElement\":[{\"@type\":\"ListItem\",\"position\":1,\"name\":\"In\u00edcio\",\"item\":\"https:\/\/bahiaeconomica.com.br\/wp\/\"},{\"@type\":\"ListItem\",\"position\":2,\"name\":\"COVID-19: 51% DA POPULA\u00c7\u00c3O QUER JULGAMENTO E PUNI\u00c7\u00c3O POR MORTES\"}]},{\"@type\":\"WebSite\",\"@id\":\"https:\/\/bahiaeconomica.com.br\/wp\/#website\",\"url\":\"https:\/\/bahiaeconomica.com.br\/wp\/\",\"name\":\"Bahia Economica\",\"description\":\"O maior portal de Economia da Bahia\",\"publisher\":{\"@id\":\"https:\/\/bahiaeconomica.com.br\/wp\/#organization\"},\"potentialAction\":[{\"@type\":\"SearchAction\",\"target\":{\"@type\":\"EntryPoint\",\"urlTemplate\":\"https:\/\/bahiaeconomica.com.br\/wp\/?s={search_term_string}\"},\"query-input\":\"required name=search_term_string\"}],\"inLanguage\":\"pt-BR\"},{\"@type\":\"Organization\",\"@id\":\"https:\/\/bahiaeconomica.com.br\/wp\/#organization\",\"name\":\"Bahia Econ\u00f4mica\",\"url\":\"https:\/\/bahiaeconomica.com.br\/wp\/\",\"logo\":{\"@type\":\"ImageObject\",\"inLanguage\":\"pt-BR\",\"@id\":\"https:\/\/bahiaeconomica.com.br\/wp\/#\/schema\/logo\/image\/\",\"url\":\"https:\/\/bahiaeconomica.com.br\/wp\/wp-content\/uploads\/2020\/12\/cropped-BE.png\",\"contentUrl\":\"https:\/\/bahiaeconomica.com.br\/wp\/wp-content\/uploads\/2020\/12\/cropped-BE.png\",\"width\":512,\"height\":512,\"caption\":\"Bahia Econ\u00f4mica\"},\"image\":{\"@id\":\"https:\/\/bahiaeconomica.com.br\/wp\/#\/schema\/logo\/image\/\"},\"sameAs\":[\"https:\/\/www.facebook.com\/bahiaeconomica\"]},{\"@type\":\"Person\",\"@id\":\"https:\/\/bahiaeconomica.com.br\/wp\/#\/schema\/person\/b719ce0fb1c09f3c7a00d9243ced4a6f\",\"name\":\"VICTORIA ISABEL\",\"sameAs\":[\"http:\/\/www.bahiaeconomica.com.br\"],\"url\":\"https:\/\/bahiaeconomica.com.br\/wp\/author\/victoria-isabel\/\"}]}<\/script>\n<!-- \/ Yoast SEO plugin. -->","yoast_head_json":{"title":"COVID-19: 51% DA POPULA\u00c7\u00c3O QUER JULGAMENTO E PUNI\u00c7\u00c3O POR MORTES - Bahia Economica","description":"O maior portal de Economia da Bahia Sa\u00fade \/ Educa\u00e7\u00e3o Bahia Economica Um levantamento realizado pelo Centro de Estudos SoU Ci\u00eancia da","robots":{"index":"index","follow":"follow","max-snippet":"max-snippet:-1","max-image-preview":"max-image-preview:large","max-video-preview":"max-video-preview:-1"},"canonical":"https:\/\/bahiaeconomica.com.br\/wp\/2023\/09\/08\/covid-19-51-da-populacao-quer-julgamento-e-punicao-por-mortes\/","og_locale":"pt_BR","og_type":"article","og_title":"COVID-19: 51% DA POPULA\u00c7\u00c3O QUER JULGAMENTO E PUNI\u00c7\u00c3O POR MORTES - Bahia Economica","og_description":"O maior portal de Economia da Bahia Sa\u00fade \/ Educa\u00e7\u00e3o Bahia Economica Um levantamento realizado pelo Centro de Estudos SoU Ci\u00eancia da","og_url":"https:\/\/bahiaeconomica.com.br\/wp\/2023\/09\/08\/covid-19-51-da-populacao-quer-julgamento-e-punicao-por-mortes\/","og_site_name":"Bahia Economica","article_publisher":"https:\/\/www.facebook.com\/bahiaeconomica","article_published_time":"2023-09-08T15:56:59+00:00","og_image":[{"width":754,"height":503,"url":"https:\/\/bahiaeconomica.com.br\/wp\/wp-content\/uploads\/2023\/09\/20230908124030759967i.jpg","type":"image\/jpeg"}],"author":"VICTORIA ISABEL","twitter_card":"summary_large_image","twitter_misc":{"Escrito por":"VICTORIA ISABEL","Est. tempo de leitura":"3 minutos"},"schema":{"@context":"https:\/\/schema.org","@graph":[{"@type":"Article","@id":"https:\/\/bahiaeconomica.com.br\/wp\/2023\/09\/08\/covid-19-51-da-populacao-quer-julgamento-e-punicao-por-mortes\/#article","isPartOf":{"@id":"https:\/\/bahiaeconomica.com.br\/wp\/2023\/09\/08\/covid-19-51-da-populacao-quer-julgamento-e-punicao-por-mortes\/"},"author":{"name":"VICTORIA ISABEL","@id":"https:\/\/bahiaeconomica.com.br\/wp\/#\/schema\/person\/b719ce0fb1c09f3c7a00d9243ced4a6f"},"headline":"COVID-19: 51% DA POPULA\u00c7\u00c3O QUER JULGAMENTO E PUNI\u00c7\u00c3O POR MORTES","datePublished":"2023-09-08T15:56:59+00:00","dateModified":"2023-09-08T15:56:59+00:00","mainEntityOfPage":{"@id":"https:\/\/bahiaeconomica.com.br\/wp\/2023\/09\/08\/covid-19-51-da-populacao-quer-julgamento-e-punicao-por-mortes\/"},"wordCount":563,"publisher":{"@id":"https:\/\/bahiaeconomica.com.br\/wp\/#organization"},"articleSection":["Sa\u00fade \/ Educa\u00e7\u00e3o"],"inLanguage":"pt-BR"},{"@type":"WebPage","@id":"https:\/\/bahiaeconomica.com.br\/wp\/2023\/09\/08\/covid-19-51-da-populacao-quer-julgamento-e-punicao-por-mortes\/","url":"https:\/\/bahiaeconomica.com.br\/wp\/2023\/09\/08\/covid-19-51-da-populacao-quer-julgamento-e-punicao-por-mortes\/","name":"COVID-19: 51% DA POPULA\u00c7\u00c3O QUER JULGAMENTO E PUNI\u00c7\u00c3O POR MORTES - Bahia Economica","isPartOf":{"@id":"https:\/\/bahiaeconomica.com.br\/wp\/#website"},"datePublished":"2023-09-08T15:56:59+00:00","dateModified":"2023-09-08T15:56:59+00:00","description":"O maior portal de Economia da Bahia Sa\u00fade \/ Educa\u00e7\u00e3o Bahia Economica Um levantamento realizado pelo Centro de Estudos SoU Ci\u00eancia da","breadcrumb":{"@id":"https:\/\/bahiaeconomica.com.br\/wp\/2023\/09\/08\/covid-19-51-da-populacao-quer-julgamento-e-punicao-por-mortes\/#breadcrumb"},"inLanguage":"pt-BR","potentialAction":[{"@type":"ReadAction","target":["https:\/\/bahiaeconomica.com.br\/wp\/2023\/09\/08\/covid-19-51-da-populacao-quer-julgamento-e-punicao-por-mortes\/"]}]},{"@type":"BreadcrumbList","@id":"https:\/\/bahiaeconomica.com.br\/wp\/2023\/09\/08\/covid-19-51-da-populacao-quer-julgamento-e-punicao-por-mortes\/#breadcrumb","itemListElement":[{"@type":"ListItem","position":1,"name":"In\u00edcio","item":"https:\/\/bahiaeconomica.com.br\/wp\/"},{"@type":"ListItem","position":2,"name":"COVID-19: 51% DA POPULA\u00c7\u00c3O QUER JULGAMENTO E PUNI\u00c7\u00c3O POR MORTES"}]},{"@type":"WebSite","@id":"https:\/\/bahiaeconomica.com.br\/wp\/#website","url":"https:\/\/bahiaeconomica.com.br\/wp\/","name":"Bahia Economica","description":"O maior portal de Economia da Bahia","publisher":{"@id":"https:\/\/bahiaeconomica.com.br\/wp\/#organization"},"potentialAction":[{"@type":"SearchAction","target":{"@type":"EntryPoint","urlTemplate":"https:\/\/bahiaeconomica.com.br\/wp\/?s={search_term_string}"},"query-input":"required name=search_term_string"}],"inLanguage":"pt-BR"},{"@type":"Organization","@id":"https:\/\/bahiaeconomica.com.br\/wp\/#organization","name":"Bahia Econ\u00f4mica","url":"https:\/\/bahiaeconomica.com.br\/wp\/","logo":{"@type":"ImageObject","inLanguage":"pt-BR","@id":"https:\/\/bahiaeconomica.com.br\/wp\/#\/schema\/logo\/image\/","url":"https:\/\/bahiaeconomica.com.br\/wp\/wp-content\/uploads\/2020\/12\/cropped-BE.png","contentUrl":"https:\/\/bahiaeconomica.com.br\/wp\/wp-content\/uploads\/2020\/12\/cropped-BE.png","width":512,"height":512,"caption":"Bahia Econ\u00f4mica"},"image":{"@id":"https:\/\/bahiaeconomica.com.br\/wp\/#\/schema\/logo\/image\/"},"sameAs":["https:\/\/www.facebook.com\/bahiaeconomica"]},{"@type":"Person","@id":"https:\/\/bahiaeconomica.com.br\/wp\/#\/schema\/person\/b719ce0fb1c09f3c7a00d9243ced4a6f","name":"VICTORIA ISABEL","sameAs":["http:\/\/www.bahiaeconomica.com.br"],"url":"https:\/\/bahiaeconomica.com.br\/wp\/author\/victoria-isabel\/"}]}},"views":5,"_links":{"self":[{"href":"https:\/\/bahiaeconomica.com.br\/wp\/wp-json\/wp\/v2\/posts\/761094"}],"collection":[{"href":"https:\/\/bahiaeconomica.com.br\/wp\/wp-json\/wp\/v2\/posts"}],"about":[{"href":"https:\/\/bahiaeconomica.com.br\/wp\/wp-json\/wp\/v2\/types\/post"}],"author":[{"embeddable":true,"href":"https:\/\/bahiaeconomica.com.br\/wp\/wp-json\/wp\/v2\/users\/15"}],"replies":[{"embeddable":true,"href":"https:\/\/bahiaeconomica.com.br\/wp\/wp-json\/wp\/v2\/comments?post=761094"}],"version-history":[{"count":1,"href":"https:\/\/bahiaeconomica.com.br\/wp\/wp-json\/wp\/v2\/posts\/761094\/revisions"}],"predecessor-version":[{"id":761104,"href":"https:\/\/bahiaeconomica.com.br\/wp\/wp-json\/wp\/v2\/posts\/761094\/revisions\/761104"}],"wp:featuredmedia":[{"embeddable":true,"href":"https:\/\/bahiaeconomica.com.br\/wp\/wp-json\/wp\/v2\/media\/761103"}],"wp:attachment":[{"href":"https:\/\/bahiaeconomica.com.br\/wp\/wp-json\/wp\/v2\/media?parent=761094"}],"wp:term":[{"taxonomy":"category","embeddable":true,"href":"https:\/\/bahiaeconomica.com.br\/wp\/wp-json\/wp\/v2\/categories?post=761094"},{"taxonomy":"post_tag","embeddable":true,"href":"https:\/\/bahiaeconomica.com.br\/wp\/wp-json\/wp\/v2\/tags?post=761094"}],"curies":[{"name":"wp","href":"https:\/\/api.w.org\/{rel}","templated":true}]}}