{"id":760986,"date":"2023-09-08T08:58:48","date_gmt":"2023-09-08T11:58:48","guid":{"rendered":"https:\/\/bahiaeconomica.com.br\/wp\/?p=760986"},"modified":"2023-09-08T08:18:57","modified_gmt":"2023-09-08T11:18:57","slug":"no-g20-lula-vai-discutir-combustiveis-meio-ambiente-e-pobreza","status":"publish","type":"post","link":"https:\/\/bahiaeconomica.com.br\/wp\/2023\/09\/08\/no-g20-lula-vai-discutir-combustiveis-meio-ambiente-e-pobreza\/","title":{"rendered":"NO G20, LULA VAI DISCUTIR COMBUST\u00cdVEIS, MEIO AMBIENTE E POBREZA"},"content":{"rendered":"<p>O presidente Luiz In\u00e1cio Lula da Silva est\u00e1 a caminho de Nova D\u00e9li, capital da \u00cdndia, onde participar\u00e1 da 18\u00aa C\u00fapula do G20, grupo que re\u00fane as 19 na\u00e7\u00f5es de maior economia do mundo e a Uni\u00e3o Europeia. A comitiva brasileira embarcou logo ap\u00f3s o desfile do Dia da Independ\u00eancia, na Esplanada dos Minist\u00e9rios, na quinta-feira (7), com previs\u00e3o de chegada \u00e0 cidade indiana no final da noite desta sexta-feira (8), pelo hor\u00e1rio oficial de Bras\u00edlia, manh\u00e3 de s\u00e1bado no pa\u00eds asi\u00e1tico. A reuni\u00e3o de l\u00edderes ocorre nos dias 9 e 10.<\/p>\n<p>A c\u00fapula \u00e9 o ponto alto das atividades do G20, e marcar\u00e1 tamb\u00e9m a reta final da presid\u00eancia rotativa do bloco, atualmente com a \u00cdndia, e que ser\u00e1 assumida pelo Brasil, pela primeira vez, a partir do dia 1\u00ba de dezembro. Uma s\u00e9rie de reuni\u00f5es t\u00e9cnicas ocorreram e seguem ocorrendo, inclusive em escala ministerial, entre os pa\u00edses do grupo.<\/p>\n<p>Na ter\u00e7a-feira (5), durante o programa Conversa com o Presidente, transmitido pelo Canal Gov, Lula deu alguns detalhes sobre pontos que abordar\u00e1 na capital indiana. Um dos destaques \u00e9 um acordo com a \u00cdndia envolvendo combust\u00edvel renov\u00e1vel e a luta contra a desigualdade.<\/p>\n<p>\u201cO Brasil tem muita conversa para fazer. Brasil e \u00cdndia v\u00e3o discutir a quest\u00e3o do etanol como combust\u00edvel alternativo, que \u00e9 extremamente importante, e n\u00f3s temos que discutir com os outros pa\u00edses uma luta contra a desigualdade\u201d, anunciou Lula.<\/p>\n<p><strong>Programa\u00e7\u00e3o<\/strong><br \/>\nA programa\u00e7\u00e3o oficial da c\u00fapula do G20 prev\u00ea pelo menos tr\u00eas sess\u00f5es tem\u00e1ticas principais. No s\u00e1bado, o presidente Lula participa de duas delas, sendo uma o painel Um Planeta, que se ocupar\u00e1 de temas como desenvolvimento sustent\u00e1vel, transi\u00e7\u00e3o energ\u00e9tica, mudan\u00e7as clim\u00e1ticas, preserva\u00e7\u00e3o ambiental e emiss\u00f5es de carbono. A segunda atividade \u00e9 o painel Uma Fam\u00edlia, que tratar\u00e1 de temas como crescimento inclusivo, progresso nos objetivos de desenvolvimento sustent\u00e1vel (ODS), educa\u00e7\u00e3o, sa\u00fade e desenvolvimento liderado por mulheres.<\/p>\n<p>No domingo (10), est\u00e1 prevista a terceira sess\u00e3o da c\u00fapula, intitulada Um Futuro, painel que ter\u00e1 como temas as transforma\u00e7\u00f5es tecnol\u00f3gicas, a infraestrutura p\u00fablica digital, reformas multilaterais e o futuro do trabalho e emprego.<\/p>\n<p><strong>Presid\u00eancia<\/strong><br \/>\nNa sequ\u00eancia da terceira reuni\u00e3o, haver\u00e1 a cerim\u00f4nia de transfer\u00eancia da presid\u00eancia do G20. O primeiro-ministro indiano, Narendra Modi, falar\u00e1 sobre a presid\u00eancia da \u00cdndia este ano, numa esp\u00e9cie de balan\u00e7o. J\u00e1 o presidente Lula vai encerrar o evento, apresentando as prioridades e os desafios da futura presid\u00eancia brasileira, que come\u00e7a efetivamente a partir de 1\u00ba de dezembro. O Pal\u00e1cio do Planalto n\u00e3o detalhou os poss\u00edveis encontros bilaterais de Lula com outros chefes de Estado e de governo.<\/p>\n<p>A presid\u00eancia rotativa do Brasil no G20 vai at\u00e9 o fim de 2024, quando uma nova c\u00fapula ser\u00e1 realizada, no Brasil, no Rio de Janeiro. O encontro est\u00e1 previsto para ocorrer nos dias 18 e 19 de novembro do ano que vem.<\/p>\n<p>Na entrevista concedida ao programa Conversa com o Presidente, Lula tamb\u00e9m ressaltou o protagonismo do Brasil em n\u00edvel mundial ao longo dos pr\u00f3ximos anos, que, segundo ele, refor\u00e7am que o pa\u00eds voltou a ter prest\u00edgio junto \u00e0 comunidade internacional.<\/p>\n<p>\u201cAno que vem o Brasil vai sediar o G20, que ser\u00e1 no Rio de Janeiro. N\u00f3s vamos presidir o G20 ano que vem, em 2025 n\u00f3s vamos presidir os Brics, e tamb\u00e9m em 2025 vamos fazer a COP30, em Bel\u00e9m. S\u00e3o tr\u00eas megaeventos que v\u00e3o dar ao Brasil uma visibilidade diferente do que ele teve nos \u00faltimos anos\u201d, frisou. \u201cO Brasil volta a fazer com que o mundo nos respeite pela seriedade com que a gente trata as pessoas e a seriedade com que a gente trata a quest\u00e3o do clima\u201d, disse o presidente.<\/p>\n<p>Fonte: Ag\u00eancia Brasil<br \/>\nFoto: \u00a0Ricardo Stuckert\/PR<\/p>\n","protected":false},"excerpt":{"rendered":"<p>O presidente Luiz In\u00e1cio Lula da Silva est\u00e1 a caminho de Nova D\u00e9li, capital da \u00cdndia, onde participar\u00e1 da 18\u00aa C\u00fapula do G20, grupo que re\u00fane as 19 na\u00e7\u00f5es de maior economia do mundo e a Uni\u00e3o Europeia. A comitiva brasileira embarcou logo ap\u00f3s o desfile do Dia da Independ\u00eancia, na Esplanada dos Minist\u00e9rios, na [&hellip;]<\/p>\n","protected":false},"author":15,"featured_media":760989,"comment_status":"closed","ping_status":"closed","sticky":false,"template":"","format":"standard","meta":[],"categories":[14,3],"tags":[1242,10157,3231,8495,1988],"acf":[],"yoast_head":"<!-- This site is optimized with the Yoast SEO plugin v20.8 - https:\/\/yoast.com\/wordpress\/plugins\/seo\/ -->\n<title>NO G20, LULA VAI DISCUTIR COMBUST\u00cdVEIS, MEIO AMBIENTE E POBREZA - Bahia Economica<\/title>\n<meta name=\"description\" content=\"O maior portal de Economia da Bahia DESTAQUE DO DIA, ECONOMIA \/ POL\u00cdTICA Bahia Economica O presidente Luiz In\u00e1cio Lula da Silva est\u00e1 a caminho de Nova D\u00e9li,\" \/>\n<meta name=\"robots\" content=\"index, follow, max-snippet:-1, max-image-preview:large, max-video-preview:-1\" \/>\n<link rel=\"canonical\" href=\"https:\/\/bahiaeconomica.com.br\/wp\/2023\/09\/08\/no-g20-lula-vai-discutir-combustiveis-meio-ambiente-e-pobreza\/\" \/>\n<meta property=\"og:locale\" content=\"pt_BR\" \/>\n<meta property=\"og:type\" content=\"article\" \/>\n<meta property=\"og:title\" content=\"NO G20, LULA VAI DISCUTIR COMBUST\u00cdVEIS, MEIO AMBIENTE E POBREZA - Bahia Economica\" \/>\n<meta property=\"og:description\" content=\"O maior portal de Economia da Bahia DESTAQUE DO DIA, ECONOMIA \/ POL\u00cdTICA Bahia Economica O presidente Luiz In\u00e1cio Lula da Silva est\u00e1 a caminho de Nova D\u00e9li,\" \/>\n<meta property=\"og:url\" content=\"https:\/\/bahiaeconomica.com.br\/wp\/2023\/09\/08\/no-g20-lula-vai-discutir-combustiveis-meio-ambiente-e-pobreza\/\" \/>\n<meta property=\"og:site_name\" content=\"Bahia Economica\" \/>\n<meta property=\"article:publisher\" content=\"https:\/\/www.facebook.com\/bahiaeconomica\" \/>\n<meta property=\"article:published_time\" content=\"2023-09-08T11:58:48+00:00\" \/>\n<meta property=\"article:modified_time\" content=\"2023-09-08T11:18:57+00:00\" \/>\n<meta property=\"og:image\" content=\"https:\/\/bahiaeconomica.com.br\/wp\/wp-content\/uploads\/2023\/09\/53169954515_8e83ecec05_o.jpg\" \/>\n\t<meta property=\"og:image:width\" content=\"1170\" \/>\n\t<meta property=\"og:image:height\" content=\"700\" \/>\n\t<meta property=\"og:image:type\" content=\"image\/jpeg\" \/>\n<meta name=\"author\" content=\"VICTORIA ISABEL\" \/>\n<meta name=\"twitter:card\" content=\"summary_large_image\" \/>\n<meta name=\"twitter:label1\" content=\"Escrito por\" \/>\n\t<meta name=\"twitter:data1\" content=\"VICTORIA ISABEL\" \/>\n\t<meta name=\"twitter:label2\" content=\"Est. tempo de leitura\" \/>\n\t<meta name=\"twitter:data2\" content=\"4 minutos\" \/>\n<script type=\"application\/ld+json\" class=\"yoast-schema-graph\">{\"@context\":\"https:\/\/schema.org\",\"@graph\":[{\"@type\":\"Article\",\"@id\":\"https:\/\/bahiaeconomica.com.br\/wp\/2023\/09\/08\/no-g20-lula-vai-discutir-combustiveis-meio-ambiente-e-pobreza\/#article\",\"isPartOf\":{\"@id\":\"https:\/\/bahiaeconomica.com.br\/wp\/2023\/09\/08\/no-g20-lula-vai-discutir-combustiveis-meio-ambiente-e-pobreza\/\"},\"author\":{\"name\":\"VICTORIA ISABEL\",\"@id\":\"https:\/\/bahiaeconomica.com.br\/wp\/#\/schema\/person\/b719ce0fb1c09f3c7a00d9243ced4a6f\"},\"headline\":\"NO G20, LULA VAI DISCUTIR COMBUST\u00cdVEIS, MEIO AMBIENTE E POBREZA\",\"datePublished\":\"2023-09-08T11:58:48+00:00\",\"dateModified\":\"2023-09-08T11:18:57+00:00\",\"mainEntityOfPage\":{\"@id\":\"https:\/\/bahiaeconomica.com.br\/wp\/2023\/09\/08\/no-g20-lula-vai-discutir-combustiveis-meio-ambiente-e-pobreza\/\"},\"wordCount\":681,\"publisher\":{\"@id\":\"https:\/\/bahiaeconomica.com.br\/wp\/#organization\"},\"keywords\":[\"combust\u00edveis\",\"G20\",\"governo lula\",\"Meio Ambiente\",\"pobreza\"],\"articleSection\":[\"DESTAQUE DO DIA\",\"ECONOMIA \/ POL\u00cdTICA\"],\"inLanguage\":\"pt-BR\"},{\"@type\":\"WebPage\",\"@id\":\"https:\/\/bahiaeconomica.com.br\/wp\/2023\/09\/08\/no-g20-lula-vai-discutir-combustiveis-meio-ambiente-e-pobreza\/\",\"url\":\"https:\/\/bahiaeconomica.com.br\/wp\/2023\/09\/08\/no-g20-lula-vai-discutir-combustiveis-meio-ambiente-e-pobreza\/\",\"name\":\"NO G20, LULA VAI DISCUTIR COMBUST\u00cdVEIS, MEIO AMBIENTE E POBREZA - Bahia Economica\",\"isPartOf\":{\"@id\":\"https:\/\/bahiaeconomica.com.br\/wp\/#website\"},\"datePublished\":\"2023-09-08T11:58:48+00:00\",\"dateModified\":\"2023-09-08T11:18:57+00:00\",\"description\":\"O maior portal de Economia da Bahia DESTAQUE DO DIA, ECONOMIA \/ POL\u00cdTICA Bahia Economica O presidente Luiz In\u00e1cio Lula da Silva est\u00e1 a caminho de Nova D\u00e9li,\",\"breadcrumb\":{\"@id\":\"https:\/\/bahiaeconomica.com.br\/wp\/2023\/09\/08\/no-g20-lula-vai-discutir-combustiveis-meio-ambiente-e-pobreza\/#breadcrumb\"},\"inLanguage\":\"pt-BR\",\"potentialAction\":[{\"@type\":\"ReadAction\",\"target\":[\"https:\/\/bahiaeconomica.com.br\/wp\/2023\/09\/08\/no-g20-lula-vai-discutir-combustiveis-meio-ambiente-e-pobreza\/\"]}]},{\"@type\":\"BreadcrumbList\",\"@id\":\"https:\/\/bahiaeconomica.com.br\/wp\/2023\/09\/08\/no-g20-lula-vai-discutir-combustiveis-meio-ambiente-e-pobreza\/#breadcrumb\",\"itemListElement\":[{\"@type\":\"ListItem\",\"position\":1,\"name\":\"In\u00edcio\",\"item\":\"https:\/\/bahiaeconomica.com.br\/wp\/\"},{\"@type\":\"ListItem\",\"position\":2,\"name\":\"NO G20, LULA VAI DISCUTIR COMBUST\u00cdVEIS, MEIO AMBIENTE E POBREZA\"}]},{\"@type\":\"WebSite\",\"@id\":\"https:\/\/bahiaeconomica.com.br\/wp\/#website\",\"url\":\"https:\/\/bahiaeconomica.com.br\/wp\/\",\"name\":\"Bahia Economica\",\"description\":\"O maior portal de Economia da Bahia\",\"publisher\":{\"@id\":\"https:\/\/bahiaeconomica.com.br\/wp\/#organization\"},\"potentialAction\":[{\"@type\":\"SearchAction\",\"target\":{\"@type\":\"EntryPoint\",\"urlTemplate\":\"https:\/\/bahiaeconomica.com.br\/wp\/?s={search_term_string}\"},\"query-input\":\"required name=search_term_string\"}],\"inLanguage\":\"pt-BR\"},{\"@type\":\"Organization\",\"@id\":\"https:\/\/bahiaeconomica.com.br\/wp\/#organization\",\"name\":\"Bahia Econ\u00f4mica\",\"url\":\"https:\/\/bahiaeconomica.com.br\/wp\/\",\"logo\":{\"@type\":\"ImageObject\",\"inLanguage\":\"pt-BR\",\"@id\":\"https:\/\/bahiaeconomica.com.br\/wp\/#\/schema\/logo\/image\/\",\"url\":\"https:\/\/bahiaeconomica.com.br\/wp\/wp-content\/uploads\/2020\/12\/cropped-BE.png\",\"contentUrl\":\"https:\/\/bahiaeconomica.com.br\/wp\/wp-content\/uploads\/2020\/12\/cropped-BE.png\",\"width\":512,\"height\":512,\"caption\":\"Bahia Econ\u00f4mica\"},\"image\":{\"@id\":\"https:\/\/bahiaeconomica.com.br\/wp\/#\/schema\/logo\/image\/\"},\"sameAs\":[\"https:\/\/www.facebook.com\/bahiaeconomica\"]},{\"@type\":\"Person\",\"@id\":\"https:\/\/bahiaeconomica.com.br\/wp\/#\/schema\/person\/b719ce0fb1c09f3c7a00d9243ced4a6f\",\"name\":\"VICTORIA ISABEL\",\"sameAs\":[\"http:\/\/www.bahiaeconomica.com.br\"],\"url\":\"https:\/\/bahiaeconomica.com.br\/wp\/author\/victoria-isabel\/\"}]}<\/script>\n<!-- \/ Yoast SEO plugin. -->","yoast_head_json":{"title":"NO G20, LULA VAI DISCUTIR COMBUST\u00cdVEIS, MEIO AMBIENTE E POBREZA - Bahia Economica","description":"O maior portal de Economia da Bahia DESTAQUE DO DIA, ECONOMIA \/ POL\u00cdTICA Bahia Economica O presidente Luiz In\u00e1cio Lula da Silva est\u00e1 a caminho de Nova D\u00e9li,","robots":{"index":"index","follow":"follow","max-snippet":"max-snippet:-1","max-image-preview":"max-image-preview:large","max-video-preview":"max-video-preview:-1"},"canonical":"https:\/\/bahiaeconomica.com.br\/wp\/2023\/09\/08\/no-g20-lula-vai-discutir-combustiveis-meio-ambiente-e-pobreza\/","og_locale":"pt_BR","og_type":"article","og_title":"NO G20, LULA VAI DISCUTIR COMBUST\u00cdVEIS, MEIO AMBIENTE E POBREZA - Bahia Economica","og_description":"O maior portal de Economia da Bahia DESTAQUE DO DIA, ECONOMIA \/ POL\u00cdTICA Bahia Economica O presidente Luiz In\u00e1cio Lula da Silva est\u00e1 a caminho de Nova D\u00e9li,","og_url":"https:\/\/bahiaeconomica.com.br\/wp\/2023\/09\/08\/no-g20-lula-vai-discutir-combustiveis-meio-ambiente-e-pobreza\/","og_site_name":"Bahia Economica","article_publisher":"https:\/\/www.facebook.com\/bahiaeconomica","article_published_time":"2023-09-08T11:58:48+00:00","article_modified_time":"2023-09-08T11:18:57+00:00","og_image":[{"width":1170,"height":700,"url":"https:\/\/bahiaeconomica.com.br\/wp\/wp-content\/uploads\/2023\/09\/53169954515_8e83ecec05_o.jpg","type":"image\/jpeg"}],"author":"VICTORIA ISABEL","twitter_card":"summary_large_image","twitter_misc":{"Escrito por":"VICTORIA ISABEL","Est. tempo de leitura":"4 minutos"},"schema":{"@context":"https:\/\/schema.org","@graph":[{"@type":"Article","@id":"https:\/\/bahiaeconomica.com.br\/wp\/2023\/09\/08\/no-g20-lula-vai-discutir-combustiveis-meio-ambiente-e-pobreza\/#article","isPartOf":{"@id":"https:\/\/bahiaeconomica.com.br\/wp\/2023\/09\/08\/no-g20-lula-vai-discutir-combustiveis-meio-ambiente-e-pobreza\/"},"author":{"name":"VICTORIA ISABEL","@id":"https:\/\/bahiaeconomica.com.br\/wp\/#\/schema\/person\/b719ce0fb1c09f3c7a00d9243ced4a6f"},"headline":"NO G20, LULA VAI DISCUTIR COMBUST\u00cdVEIS, MEIO AMBIENTE E POBREZA","datePublished":"2023-09-08T11:58:48+00:00","dateModified":"2023-09-08T11:18:57+00:00","mainEntityOfPage":{"@id":"https:\/\/bahiaeconomica.com.br\/wp\/2023\/09\/08\/no-g20-lula-vai-discutir-combustiveis-meio-ambiente-e-pobreza\/"},"wordCount":681,"publisher":{"@id":"https:\/\/bahiaeconomica.com.br\/wp\/#organization"},"keywords":["combust\u00edveis","G20","governo lula","Meio Ambiente","pobreza"],"articleSection":["DESTAQUE DO DIA","ECONOMIA \/ POL\u00cdTICA"],"inLanguage":"pt-BR"},{"@type":"WebPage","@id":"https:\/\/bahiaeconomica.com.br\/wp\/2023\/09\/08\/no-g20-lula-vai-discutir-combustiveis-meio-ambiente-e-pobreza\/","url":"https:\/\/bahiaeconomica.com.br\/wp\/2023\/09\/08\/no-g20-lula-vai-discutir-combustiveis-meio-ambiente-e-pobreza\/","name":"NO G20, LULA VAI DISCUTIR COMBUST\u00cdVEIS, MEIO AMBIENTE E POBREZA - Bahia Economica","isPartOf":{"@id":"https:\/\/bahiaeconomica.com.br\/wp\/#website"},"datePublished":"2023-09-08T11:58:48+00:00","dateModified":"2023-09-08T11:18:57+00:00","description":"O maior portal de Economia da Bahia DESTAQUE DO DIA, ECONOMIA \/ POL\u00cdTICA Bahia Economica O presidente Luiz In\u00e1cio Lula da Silva est\u00e1 a caminho de Nova D\u00e9li,","breadcrumb":{"@id":"https:\/\/bahiaeconomica.com.br\/wp\/2023\/09\/08\/no-g20-lula-vai-discutir-combustiveis-meio-ambiente-e-pobreza\/#breadcrumb"},"inLanguage":"pt-BR","potentialAction":[{"@type":"ReadAction","target":["https:\/\/bahiaeconomica.com.br\/wp\/2023\/09\/08\/no-g20-lula-vai-discutir-combustiveis-meio-ambiente-e-pobreza\/"]}]},{"@type":"BreadcrumbList","@id":"https:\/\/bahiaeconomica.com.br\/wp\/2023\/09\/08\/no-g20-lula-vai-discutir-combustiveis-meio-ambiente-e-pobreza\/#breadcrumb","itemListElement":[{"@type":"ListItem","position":1,"name":"In\u00edcio","item":"https:\/\/bahiaeconomica.com.br\/wp\/"},{"@type":"ListItem","position":2,"name":"NO G20, LULA VAI DISCUTIR COMBUST\u00cdVEIS, MEIO AMBIENTE E POBREZA"}]},{"@type":"WebSite","@id":"https:\/\/bahiaeconomica.com.br\/wp\/#website","url":"https:\/\/bahiaeconomica.com.br\/wp\/","name":"Bahia Economica","description":"O maior portal de Economia da Bahia","publisher":{"@id":"https:\/\/bahiaeconomica.com.br\/wp\/#organization"},"potentialAction":[{"@type":"SearchAction","target":{"@type":"EntryPoint","urlTemplate":"https:\/\/bahiaeconomica.com.br\/wp\/?s={search_term_string}"},"query-input":"required name=search_term_string"}],"inLanguage":"pt-BR"},{"@type":"Organization","@id":"https:\/\/bahiaeconomica.com.br\/wp\/#organization","name":"Bahia Econ\u00f4mica","url":"https:\/\/bahiaeconomica.com.br\/wp\/","logo":{"@type":"ImageObject","inLanguage":"pt-BR","@id":"https:\/\/bahiaeconomica.com.br\/wp\/#\/schema\/logo\/image\/","url":"https:\/\/bahiaeconomica.com.br\/wp\/wp-content\/uploads\/2020\/12\/cropped-BE.png","contentUrl":"https:\/\/bahiaeconomica.com.br\/wp\/wp-content\/uploads\/2020\/12\/cropped-BE.png","width":512,"height":512,"caption":"Bahia Econ\u00f4mica"},"image":{"@id":"https:\/\/bahiaeconomica.com.br\/wp\/#\/schema\/logo\/image\/"},"sameAs":["https:\/\/www.facebook.com\/bahiaeconomica"]},{"@type":"Person","@id":"https:\/\/bahiaeconomica.com.br\/wp\/#\/schema\/person\/b719ce0fb1c09f3c7a00d9243ced4a6f","name":"VICTORIA ISABEL","sameAs":["http:\/\/www.bahiaeconomica.com.br"],"url":"https:\/\/bahiaeconomica.com.br\/wp\/author\/victoria-isabel\/"}]}},"views":30,"_links":{"self":[{"href":"https:\/\/bahiaeconomica.com.br\/wp\/wp-json\/wp\/v2\/posts\/760986"}],"collection":[{"href":"https:\/\/bahiaeconomica.com.br\/wp\/wp-json\/wp\/v2\/posts"}],"about":[{"href":"https:\/\/bahiaeconomica.com.br\/wp\/wp-json\/wp\/v2\/types\/post"}],"author":[{"embeddable":true,"href":"https:\/\/bahiaeconomica.com.br\/wp\/wp-json\/wp\/v2\/users\/15"}],"replies":[{"embeddable":true,"href":"https:\/\/bahiaeconomica.com.br\/wp\/wp-json\/wp\/v2\/comments?post=760986"}],"version-history":[{"count":1,"href":"https:\/\/bahiaeconomica.com.br\/wp\/wp-json\/wp\/v2\/posts\/760986\/revisions"}],"predecessor-version":[{"id":760991,"href":"https:\/\/bahiaeconomica.com.br\/wp\/wp-json\/wp\/v2\/posts\/760986\/revisions\/760991"}],"wp:featuredmedia":[{"embeddable":true,"href":"https:\/\/bahiaeconomica.com.br\/wp\/wp-json\/wp\/v2\/media\/760989"}],"wp:attachment":[{"href":"https:\/\/bahiaeconomica.com.br\/wp\/wp-json\/wp\/v2\/media?parent=760986"}],"wp:term":[{"taxonomy":"category","embeddable":true,"href":"https:\/\/bahiaeconomica.com.br\/wp\/wp-json\/wp\/v2\/categories?post=760986"},{"taxonomy":"post_tag","embeddable":true,"href":"https:\/\/bahiaeconomica.com.br\/wp\/wp-json\/wp\/v2\/tags?post=760986"}],"curies":[{"name":"wp","href":"https:\/\/api.w.org\/{rel}","templated":true}]}}