{"id":760701,"date":"2023-09-06T15:17:56","date_gmt":"2023-09-06T18:17:56","guid":{"rendered":"https:\/\/bahiaeconomica.com.br\/wp\/?p=760701"},"modified":"2023-09-06T15:17:56","modified_gmt":"2023-09-06T18:17:56","slug":"nova-unidade-do-colegio-bernoulli-abre-mais-de-25-vagas-de-emprego-para-professores-saiba-mais","status":"publish","type":"post","link":"https:\/\/bahiaeconomica.com.br\/wp\/2023\/09\/06\/nova-unidade-do-colegio-bernoulli-abre-mais-de-25-vagas-de-emprego-para-professores-saiba-mais\/","title":{"rendered":"NOVA UNIDADE DO COL\u00c9GIO BERNOULLI ABRE MAIS DE 25 VAGAS DE EMPREGO PARA PROFESSORES; SAIBA MAIS"},"content":{"rendered":"<p>A nova unidade do Col\u00e9gio Bernoulli, no Caminho das \u00c1rvores est\u00e1 com 27 vagas de emprego para professores. Para participar, os profissionais devem ter experi\u00eancia no cargo pretendido, engajamento, proatividade, gostar de desafios e buscar uma oportunidade para impulsionar a carreira. Os interessados devem se candidatar atrav\u00e9s do <a href=\"https:\/\/bernoullidocentes.gupy.io\/\">link<\/a>.<\/p>\n<p>Al\u00e9m dos sal\u00e1rios, os benef\u00edcios incluem assist\u00eancia m\u00e9dica coparticipativa, assist\u00eancia odontol\u00f3gica, seguro de vida e TotalPass (servi\u00e7o para uso em academias).<\/p>\n<p>A unidade Caminho das \u00c1rvores, localizada na Alameda das Catabas, ter\u00e1 atua\u00e7\u00e3o em todas as fases, pois contemplar\u00e1 a Educa\u00e7\u00e3o Infantil (a partir dos 4 anos de idade), o Ensino Fundamental (Anos Iniciais e Finais) e o Ensino M\u00e9dio, integrando a tecnologia como meio para estimular o desenvolvimento.<\/p>\n<p>Foto: Divulga\u00e7\u00e3o \/ Assessoria<\/p>\n","protected":false},"excerpt":{"rendered":"<p>A nova unidade do Col\u00e9gio Bernoulli, no Caminho das \u00c1rvores est\u00e1 com 27 vagas de emprego para professores. Para participar, os profissionais devem ter experi\u00eancia no cargo pretendido, engajamento, proatividade, gostar de desafios e buscar uma oportunidade para impulsionar a carreira. Os interessados devem se candidatar atrav\u00e9s do link. Al\u00e9m dos sal\u00e1rios, os benef\u00edcios incluem [&hellip;]<\/p>\n","protected":false},"author":17,"featured_media":760704,"comment_status":"closed","ping_status":"closed","sticky":false,"template":"","format":"standard","meta":[],"categories":[8],"tags":[11013,1521,846,73,1013],"acf":[],"yoast_head":"<!-- This site is optimized with the Yoast SEO plugin v20.8 - https:\/\/yoast.com\/wordpress\/plugins\/seo\/ -->\n<title>NOVA UNIDADE DO COL\u00c9GIO BERNOULLI ABRE MAIS DE 25 VAGAS DE EMPREGO PARA PROFESSORES; SAIBA MAIS - Bahia Economica<\/title>\n<meta name=\"description\" content=\"Para participar, os profissionais devem ter experi\u00eancia no cargo pretendido\" \/>\n<meta name=\"robots\" content=\"index, follow, max-snippet:-1, max-image-preview:large, max-video-preview:-1\" \/>\n<link rel=\"canonical\" href=\"https:\/\/bahiaeconomica.com.br\/wp\/2023\/09\/06\/nova-unidade-do-colegio-bernoulli-abre-mais-de-25-vagas-de-emprego-para-professores-saiba-mais\/\" \/>\n<meta property=\"og:locale\" content=\"pt_BR\" \/>\n<meta property=\"og:type\" content=\"article\" \/>\n<meta property=\"og:title\" content=\"NOVA UNIDADE DO COL\u00c9GIO BERNOULLI ABRE MAIS DE 25 VAGAS DE EMPREGO PARA PROFESSORES; SAIBA MAIS - Bahia Economica\" \/>\n<meta property=\"og:description\" content=\"Para participar, os profissionais devem ter experi\u00eancia no cargo pretendido\" \/>\n<meta property=\"og:url\" content=\"https:\/\/bahiaeconomica.com.br\/wp\/2023\/09\/06\/nova-unidade-do-colegio-bernoulli-abre-mais-de-25-vagas-de-emprego-para-professores-saiba-mais\/\" \/>\n<meta property=\"og:site_name\" content=\"Bahia Economica\" \/>\n<meta property=\"article:publisher\" content=\"https:\/\/www.facebook.com\/bahiaeconomica\" \/>\n<meta property=\"article:published_time\" content=\"2023-09-06T18:17:56+00:00\" \/>\n<meta property=\"og:image\" content=\"https:\/\/bahiaeconomica.com.br\/wp\/wp-content\/uploads\/2023\/09\/Divulgacao-scaled.jpg\" \/>\n\t<meta property=\"og:image:width\" content=\"2560\" \/>\n\t<meta property=\"og:image:height\" content=\"1440\" \/>\n\t<meta property=\"og:image:type\" content=\"image\/jpeg\" \/>\n<meta name=\"author\" content=\"LUANA NEIVA\" \/>\n<meta name=\"twitter:card\" content=\"summary_large_image\" \/>\n<meta name=\"twitter:label1\" content=\"Escrito por\" \/>\n\t<meta name=\"twitter:data1\" content=\"LUANA NEIVA\" \/>\n\t<meta name=\"twitter:label2\" content=\"Est. tempo de leitura\" \/>\n\t<meta name=\"twitter:data2\" content=\"1 minuto\" \/>\n<script type=\"application\/ld+json\" class=\"yoast-schema-graph\">{\"@context\":\"https:\/\/schema.org\",\"@graph\":[{\"@type\":\"Article\",\"@id\":\"https:\/\/bahiaeconomica.com.br\/wp\/2023\/09\/06\/nova-unidade-do-colegio-bernoulli-abre-mais-de-25-vagas-de-emprego-para-professores-saiba-mais\/#article\",\"isPartOf\":{\"@id\":\"https:\/\/bahiaeconomica.com.br\/wp\/2023\/09\/06\/nova-unidade-do-colegio-bernoulli-abre-mais-de-25-vagas-de-emprego-para-professores-saiba-mais\/\"},\"author\":{\"name\":\"LUANA NEIVA\",\"@id\":\"https:\/\/bahiaeconomica.com.br\/wp\/#\/schema\/person\/1ce30764265540f754d66197c4212789\"},\"headline\":\"NOVA UNIDADE DO COL\u00c9GIO BERNOULLI ABRE MAIS DE 25 VAGAS DE EMPREGO PARA PROFESSORES; SAIBA MAIS\",\"datePublished\":\"2023-09-06T18:17:56+00:00\",\"dateModified\":\"2023-09-06T18:17:56+00:00\",\"mainEntityOfPage\":{\"@id\":\"https:\/\/bahiaeconomica.com.br\/wp\/2023\/09\/06\/nova-unidade-do-colegio-bernoulli-abre-mais-de-25-vagas-de-emprego-para-professores-saiba-mais\/\"},\"wordCount\":150,\"publisher\":{\"@id\":\"https:\/\/bahiaeconomica.com.br\/wp\/#organization\"},\"keywords\":[\"Bernoulli\",\"col\u00e9gio\",\"obras\",\"Salvador\",\"vagas\"],\"articleSection\":[\"EMPREGOS \/ CONCURSOS\"],\"inLanguage\":\"pt-BR\"},{\"@type\":\"WebPage\",\"@id\":\"https:\/\/bahiaeconomica.com.br\/wp\/2023\/09\/06\/nova-unidade-do-colegio-bernoulli-abre-mais-de-25-vagas-de-emprego-para-professores-saiba-mais\/\",\"url\":\"https:\/\/bahiaeconomica.com.br\/wp\/2023\/09\/06\/nova-unidade-do-colegio-bernoulli-abre-mais-de-25-vagas-de-emprego-para-professores-saiba-mais\/\",\"name\":\"NOVA UNIDADE DO COL\u00c9GIO BERNOULLI ABRE MAIS DE 25 VAGAS DE EMPREGO PARA PROFESSORES; SAIBA MAIS - Bahia Economica\",\"isPartOf\":{\"@id\":\"https:\/\/bahiaeconomica.com.br\/wp\/#website\"},\"datePublished\":\"2023-09-06T18:17:56+00:00\",\"dateModified\":\"2023-09-06T18:17:56+00:00\",\"description\":\"Para participar, os profissionais devem ter experi\u00eancia no cargo pretendido\",\"breadcrumb\":{\"@id\":\"https:\/\/bahiaeconomica.com.br\/wp\/2023\/09\/06\/nova-unidade-do-colegio-bernoulli-abre-mais-de-25-vagas-de-emprego-para-professores-saiba-mais\/#breadcrumb\"},\"inLanguage\":\"pt-BR\",\"potentialAction\":[{\"@type\":\"ReadAction\",\"target\":[\"https:\/\/bahiaeconomica.com.br\/wp\/2023\/09\/06\/nova-unidade-do-colegio-bernoulli-abre-mais-de-25-vagas-de-emprego-para-professores-saiba-mais\/\"]}]},{\"@type\":\"BreadcrumbList\",\"@id\":\"https:\/\/bahiaeconomica.com.br\/wp\/2023\/09\/06\/nova-unidade-do-colegio-bernoulli-abre-mais-de-25-vagas-de-emprego-para-professores-saiba-mais\/#breadcrumb\",\"itemListElement\":[{\"@type\":\"ListItem\",\"position\":1,\"name\":\"In\u00edcio\",\"item\":\"https:\/\/bahiaeconomica.com.br\/wp\/\"},{\"@type\":\"ListItem\",\"position\":2,\"name\":\"NOVA UNIDADE DO COL\u00c9GIO BERNOULLI ABRE MAIS DE 25 VAGAS DE EMPREGO PARA PROFESSORES; SAIBA MAIS\"}]},{\"@type\":\"WebSite\",\"@id\":\"https:\/\/bahiaeconomica.com.br\/wp\/#website\",\"url\":\"https:\/\/bahiaeconomica.com.br\/wp\/\",\"name\":\"Bahia Economica\",\"description\":\"O maior portal de Economia da Bahia\",\"publisher\":{\"@id\":\"https:\/\/bahiaeconomica.com.br\/wp\/#organization\"},\"potentialAction\":[{\"@type\":\"SearchAction\",\"target\":{\"@type\":\"EntryPoint\",\"urlTemplate\":\"https:\/\/bahiaeconomica.com.br\/wp\/?s={search_term_string}\"},\"query-input\":\"required name=search_term_string\"}],\"inLanguage\":\"pt-BR\"},{\"@type\":\"Organization\",\"@id\":\"https:\/\/bahiaeconomica.com.br\/wp\/#organization\",\"name\":\"Bahia Econ\u00f4mica\",\"url\":\"https:\/\/bahiaeconomica.com.br\/wp\/\",\"logo\":{\"@type\":\"ImageObject\",\"inLanguage\":\"pt-BR\",\"@id\":\"https:\/\/bahiaeconomica.com.br\/wp\/#\/schema\/logo\/image\/\",\"url\":\"https:\/\/bahiaeconomica.com.br\/wp\/wp-content\/uploads\/2020\/12\/cropped-BE.png\",\"contentUrl\":\"https:\/\/bahiaeconomica.com.br\/wp\/wp-content\/uploads\/2020\/12\/cropped-BE.png\",\"width\":512,\"height\":512,\"caption\":\"Bahia Econ\u00f4mica\"},\"image\":{\"@id\":\"https:\/\/bahiaeconomica.com.br\/wp\/#\/schema\/logo\/image\/\"},\"sameAs\":[\"https:\/\/www.facebook.com\/bahiaeconomica\"]},{\"@type\":\"Person\",\"@id\":\"https:\/\/bahiaeconomica.com.br\/wp\/#\/schema\/person\/1ce30764265540f754d66197c4212789\",\"name\":\"LUANA NEIVA\",\"sameAs\":[\"http:\/\/www.bahiaeconomica.com.br\"],\"url\":\"https:\/\/bahiaeconomica.com.br\/wp\/author\/luana-neiva\/\"}]}<\/script>\n<!-- \/ Yoast SEO plugin. -->","yoast_head_json":{"title":"NOVA UNIDADE DO COL\u00c9GIO BERNOULLI ABRE MAIS DE 25 VAGAS DE EMPREGO PARA PROFESSORES; SAIBA MAIS - Bahia Economica","description":"Para participar, os profissionais devem ter experi\u00eancia no cargo pretendido","robots":{"index":"index","follow":"follow","max-snippet":"max-snippet:-1","max-image-preview":"max-image-preview:large","max-video-preview":"max-video-preview:-1"},"canonical":"https:\/\/bahiaeconomica.com.br\/wp\/2023\/09\/06\/nova-unidade-do-colegio-bernoulli-abre-mais-de-25-vagas-de-emprego-para-professores-saiba-mais\/","og_locale":"pt_BR","og_type":"article","og_title":"NOVA UNIDADE DO COL\u00c9GIO BERNOULLI ABRE MAIS DE 25 VAGAS DE EMPREGO PARA PROFESSORES; SAIBA MAIS - Bahia Economica","og_description":"Para participar, os profissionais devem ter experi\u00eancia no cargo pretendido","og_url":"https:\/\/bahiaeconomica.com.br\/wp\/2023\/09\/06\/nova-unidade-do-colegio-bernoulli-abre-mais-de-25-vagas-de-emprego-para-professores-saiba-mais\/","og_site_name":"Bahia Economica","article_publisher":"https:\/\/www.facebook.com\/bahiaeconomica","article_published_time":"2023-09-06T18:17:56+00:00","og_image":[{"width":2560,"height":1440,"url":"https:\/\/bahiaeconomica.com.br\/wp\/wp-content\/uploads\/2023\/09\/Divulgacao-scaled.jpg","type":"image\/jpeg"}],"author":"LUANA NEIVA","twitter_card":"summary_large_image","twitter_misc":{"Escrito por":"LUANA NEIVA","Est. tempo de leitura":"1 minuto"},"schema":{"@context":"https:\/\/schema.org","@graph":[{"@type":"Article","@id":"https:\/\/bahiaeconomica.com.br\/wp\/2023\/09\/06\/nova-unidade-do-colegio-bernoulli-abre-mais-de-25-vagas-de-emprego-para-professores-saiba-mais\/#article","isPartOf":{"@id":"https:\/\/bahiaeconomica.com.br\/wp\/2023\/09\/06\/nova-unidade-do-colegio-bernoulli-abre-mais-de-25-vagas-de-emprego-para-professores-saiba-mais\/"},"author":{"name":"LUANA NEIVA","@id":"https:\/\/bahiaeconomica.com.br\/wp\/#\/schema\/person\/1ce30764265540f754d66197c4212789"},"headline":"NOVA UNIDADE DO COL\u00c9GIO BERNOULLI ABRE MAIS DE 25 VAGAS DE EMPREGO PARA PROFESSORES; SAIBA MAIS","datePublished":"2023-09-06T18:17:56+00:00","dateModified":"2023-09-06T18:17:56+00:00","mainEntityOfPage":{"@id":"https:\/\/bahiaeconomica.com.br\/wp\/2023\/09\/06\/nova-unidade-do-colegio-bernoulli-abre-mais-de-25-vagas-de-emprego-para-professores-saiba-mais\/"},"wordCount":150,"publisher":{"@id":"https:\/\/bahiaeconomica.com.br\/wp\/#organization"},"keywords":["Bernoulli","col\u00e9gio","obras","Salvador","vagas"],"articleSection":["EMPREGOS \/ CONCURSOS"],"inLanguage":"pt-BR"},{"@type":"WebPage","@id":"https:\/\/bahiaeconomica.com.br\/wp\/2023\/09\/06\/nova-unidade-do-colegio-bernoulli-abre-mais-de-25-vagas-de-emprego-para-professores-saiba-mais\/","url":"https:\/\/bahiaeconomica.com.br\/wp\/2023\/09\/06\/nova-unidade-do-colegio-bernoulli-abre-mais-de-25-vagas-de-emprego-para-professores-saiba-mais\/","name":"NOVA UNIDADE DO COL\u00c9GIO BERNOULLI ABRE MAIS DE 25 VAGAS DE EMPREGO PARA PROFESSORES; SAIBA MAIS - Bahia Economica","isPartOf":{"@id":"https:\/\/bahiaeconomica.com.br\/wp\/#website"},"datePublished":"2023-09-06T18:17:56+00:00","dateModified":"2023-09-06T18:17:56+00:00","description":"Para participar, os profissionais devem ter experi\u00eancia no cargo pretendido","breadcrumb":{"@id":"https:\/\/bahiaeconomica.com.br\/wp\/2023\/09\/06\/nova-unidade-do-colegio-bernoulli-abre-mais-de-25-vagas-de-emprego-para-professores-saiba-mais\/#breadcrumb"},"inLanguage":"pt-BR","potentialAction":[{"@type":"ReadAction","target":["https:\/\/bahiaeconomica.com.br\/wp\/2023\/09\/06\/nova-unidade-do-colegio-bernoulli-abre-mais-de-25-vagas-de-emprego-para-professores-saiba-mais\/"]}]},{"@type":"BreadcrumbList","@id":"https:\/\/bahiaeconomica.com.br\/wp\/2023\/09\/06\/nova-unidade-do-colegio-bernoulli-abre-mais-de-25-vagas-de-emprego-para-professores-saiba-mais\/#breadcrumb","itemListElement":[{"@type":"ListItem","position":1,"name":"In\u00edcio","item":"https:\/\/bahiaeconomica.com.br\/wp\/"},{"@type":"ListItem","position":2,"name":"NOVA UNIDADE DO COL\u00c9GIO BERNOULLI ABRE MAIS DE 25 VAGAS DE EMPREGO PARA PROFESSORES; SAIBA MAIS"}]},{"@type":"WebSite","@id":"https:\/\/bahiaeconomica.com.br\/wp\/#website","url":"https:\/\/bahiaeconomica.com.br\/wp\/","name":"Bahia Economica","description":"O maior portal de Economia da Bahia","publisher":{"@id":"https:\/\/bahiaeconomica.com.br\/wp\/#organization"},"potentialAction":[{"@type":"SearchAction","target":{"@type":"EntryPoint","urlTemplate":"https:\/\/bahiaeconomica.com.br\/wp\/?s={search_term_string}"},"query-input":"required name=search_term_string"}],"inLanguage":"pt-BR"},{"@type":"Organization","@id":"https:\/\/bahiaeconomica.com.br\/wp\/#organization","name":"Bahia Econ\u00f4mica","url":"https:\/\/bahiaeconomica.com.br\/wp\/","logo":{"@type":"ImageObject","inLanguage":"pt-BR","@id":"https:\/\/bahiaeconomica.com.br\/wp\/#\/schema\/logo\/image\/","url":"https:\/\/bahiaeconomica.com.br\/wp\/wp-content\/uploads\/2020\/12\/cropped-BE.png","contentUrl":"https:\/\/bahiaeconomica.com.br\/wp\/wp-content\/uploads\/2020\/12\/cropped-BE.png","width":512,"height":512,"caption":"Bahia Econ\u00f4mica"},"image":{"@id":"https:\/\/bahiaeconomica.com.br\/wp\/#\/schema\/logo\/image\/"},"sameAs":["https:\/\/www.facebook.com\/bahiaeconomica"]},{"@type":"Person","@id":"https:\/\/bahiaeconomica.com.br\/wp\/#\/schema\/person\/1ce30764265540f754d66197c4212789","name":"LUANA NEIVA","sameAs":["http:\/\/www.bahiaeconomica.com.br"],"url":"https:\/\/bahiaeconomica.com.br\/wp\/author\/luana-neiva\/"}]}},"views":132,"_links":{"self":[{"href":"https:\/\/bahiaeconomica.com.br\/wp\/wp-json\/wp\/v2\/posts\/760701"}],"collection":[{"href":"https:\/\/bahiaeconomica.com.br\/wp\/wp-json\/wp\/v2\/posts"}],"about":[{"href":"https:\/\/bahiaeconomica.com.br\/wp\/wp-json\/wp\/v2\/types\/post"}],"author":[{"embeddable":true,"href":"https:\/\/bahiaeconomica.com.br\/wp\/wp-json\/wp\/v2\/users\/17"}],"replies":[{"embeddable":true,"href":"https:\/\/bahiaeconomica.com.br\/wp\/wp-json\/wp\/v2\/comments?post=760701"}],"version-history":[{"count":1,"href":"https:\/\/bahiaeconomica.com.br\/wp\/wp-json\/wp\/v2\/posts\/760701\/revisions"}],"predecessor-version":[{"id":760706,"href":"https:\/\/bahiaeconomica.com.br\/wp\/wp-json\/wp\/v2\/posts\/760701\/revisions\/760706"}],"wp:featuredmedia":[{"embeddable":true,"href":"https:\/\/bahiaeconomica.com.br\/wp\/wp-json\/wp\/v2\/media\/760704"}],"wp:attachment":[{"href":"https:\/\/bahiaeconomica.com.br\/wp\/wp-json\/wp\/v2\/media?parent=760701"}],"wp:term":[{"taxonomy":"category","embeddable":true,"href":"https:\/\/bahiaeconomica.com.br\/wp\/wp-json\/wp\/v2\/categories?post=760701"},{"taxonomy":"post_tag","embeddable":true,"href":"https:\/\/bahiaeconomica.com.br\/wp\/wp-json\/wp\/v2\/tags?post=760701"}],"curies":[{"name":"wp","href":"https:\/\/api.w.org\/{rel}","templated":true}]}}