{"id":760227,"date":"2023-09-05T12:45:08","date_gmt":"2023-09-05T15:45:08","guid":{"rendered":"https:\/\/bahiaeconomica.com.br\/wp\/?p=760227"},"modified":"2023-09-05T13:56:32","modified_gmt":"2023-09-05T16:56:32","slug":"serie-internacional-de-concertos-chega-a-salvador","status":"publish","type":"post","link":"https:\/\/bahiaeconomica.com.br\/wp\/2023\/09\/05\/serie-internacional-de-concertos-chega-a-salvador\/","title":{"rendered":"S\u00c9RIE INTERNACIONAL DE CONCERTOS CHEGA A SALVADOR"},"content":{"rendered":"<p>Os amantes da m\u00fasica em Salvador t\u00eam uma programa\u00e7\u00e3o diferente para curtir este m\u00eas: os famosos concertos Candlelight chegar\u00e3o \u00e0 cidade, trazendo uma experi\u00eancia cultural inusitada para desfrutar com a fam\u00edlia. Criados pela Fever, a plataforma global n\u00famero 1 de descoberta de entretenimento ao vivo, concertos far\u00e3o uma s\u00e9rie de programas especiais envolvendo-os em um cen\u00e1rio iluminado por milhares de velas. As primeiras apresenta\u00e7\u00f5es desta s\u00e9rie acontecer\u00e3o na Casa Salvatore.<\/p>\n<p>Os espet\u00e1culos, sucesso em mais de 100 cidades pelo mundo, far\u00e3o sua estreia no dia 29 de setembro com Candlelight: O Melhor de Vivaldi. No concerto a famosa sele\u00e7\u00e3o de As Quatro Esta\u00e7\u00f5es do compositor barroco Antonio Vivaldi ser\u00e1 executada pelo Quarteto de Cordas &#8211; Monte Cristo Coral &amp; Orquestra.<\/p>\n<p>Al\u00e9m deste concerto, est\u00e3o planejados\u00a0 ainda mais tr\u00eas programas Candlelight na cidade at\u00e9 dezembro:\u00a0 Candlelight Tributo a Coldplay que trar\u00e1 para o palco a vers\u00e3o instrumental dos maiores sucessos da banda do vocalista Chris Martin, Candlelight Tributo ao Queen\u00a0 onde cl\u00e1ssicos da banda brit\u00e2nico ser\u00e3o tocados e Candlelight: Os Cl\u00e1ssicos do Rock de Queen a Pink Floyd\u00a0 com cl\u00e1ssicos de bandas lend\u00e1rias como Aerosmith, Deep Purple , Pink Floyd e Queen em vers\u00e3o instrumental.<\/p>\n<p>Os espet\u00e1culos ter\u00e3o sempre dois hor\u00e1rios de apresenta\u00e7\u00e3o, \u00e0s 19h00 e 21h00 e dura\u00e7\u00e3o de 60 minutos. Todos os ingressos para estas atra\u00e7\u00f5es e outras experi\u00eancias Fever podem ser adquiridas exclusivamente no site ou app da plataforma.<\/p>\n","protected":false},"excerpt":{"rendered":"<p>Os amantes da m\u00fasica em Salvador t\u00eam uma programa\u00e7\u00e3o diferente para curtir este m\u00eas: os famosos concertos Candlelight chegar\u00e3o \u00e0 cidade, trazendo uma experi\u00eancia cultural inusitada para desfrutar com a fam\u00edlia. Criados pela Fever, a plataforma global n\u00famero 1 de descoberta de entretenimento ao vivo, concertos far\u00e3o uma s\u00e9rie de programas especiais envolvendo-os em um [&hellip;]<\/p>\n","protected":false},"author":15,"featured_media":760228,"comment_status":"closed","ping_status":"closed","sticky":false,"template":"","format":"standard","meta":[],"categories":[689],"tags":[19503,73],"acf":[],"yoast_head":"<!-- This site is optimized with the Yoast SEO plugin v20.8 - https:\/\/yoast.com\/wordpress\/plugins\/seo\/ -->\n<title>S\u00c9RIE INTERNACIONAL DE CONCERTOS CHEGA A SALVADOR - Bahia Economica<\/title>\n<meta name=\"description\" content=\"O maior portal de Economia da Bahia CULTURA E ARTE Bahia Economica\" \/>\n<meta name=\"robots\" content=\"index, follow, max-snippet:-1, max-image-preview:large, max-video-preview:-1\" \/>\n<link rel=\"canonical\" href=\"https:\/\/bahiaeconomica.com.br\/wp\/2023\/09\/05\/serie-internacional-de-concertos-chega-a-salvador\/\" \/>\n<meta property=\"og:locale\" content=\"pt_BR\" \/>\n<meta property=\"og:type\" content=\"article\" \/>\n<meta property=\"og:title\" content=\"S\u00c9RIE INTERNACIONAL DE CONCERTOS CHEGA A SALVADOR - Bahia Economica\" \/>\n<meta property=\"og:description\" content=\"O maior portal de Economia da Bahia CULTURA E ARTE Bahia Economica\" \/>\n<meta property=\"og:url\" content=\"https:\/\/bahiaeconomica.com.br\/wp\/2023\/09\/05\/serie-internacional-de-concertos-chega-a-salvador\/\" \/>\n<meta property=\"og:site_name\" content=\"Bahia Economica\" \/>\n<meta property=\"article:publisher\" content=\"https:\/\/www.facebook.com\/bahiaeconomica\" \/>\n<meta property=\"article:published_time\" content=\"2023-09-05T15:45:08+00:00\" \/>\n<meta property=\"article:modified_time\" content=\"2023-09-05T16:56:32+00:00\" \/>\n<meta property=\"og:image\" content=\"https:\/\/bahiaeconomica.com.br\/wp\/wp-content\/uploads\/2023\/09\/concertos_Candlelight_em_Salvador__.jpg\" \/>\n\t<meta property=\"og:image:width\" content=\"1137\" \/>\n\t<meta property=\"og:image:height\" content=\"758\" \/>\n\t<meta property=\"og:image:type\" content=\"image\/jpeg\" \/>\n<meta name=\"author\" content=\"VICTORIA ISABEL\" \/>\n<meta name=\"twitter:card\" content=\"summary_large_image\" \/>\n<meta name=\"twitter:label1\" content=\"Escrito por\" \/>\n\t<meta name=\"twitter:data1\" content=\"VICTORIA ISABEL\" \/>\n\t<meta name=\"twitter:label2\" content=\"Est. tempo de leitura\" \/>\n\t<meta name=\"twitter:data2\" content=\"1 minuto\" \/>\n<script type=\"application\/ld+json\" class=\"yoast-schema-graph\">{\"@context\":\"https:\/\/schema.org\",\"@graph\":[{\"@type\":\"Article\",\"@id\":\"https:\/\/bahiaeconomica.com.br\/wp\/2023\/09\/05\/serie-internacional-de-concertos-chega-a-salvador\/#article\",\"isPartOf\":{\"@id\":\"https:\/\/bahiaeconomica.com.br\/wp\/2023\/09\/05\/serie-internacional-de-concertos-chega-a-salvador\/\"},\"author\":{\"name\":\"VICTORIA ISABEL\",\"@id\":\"https:\/\/bahiaeconomica.com.br\/wp\/#\/schema\/person\/b719ce0fb1c09f3c7a00d9243ced4a6f\"},\"headline\":\"S\u00c9RIE INTERNACIONAL DE CONCERTOS CHEGA A SALVADOR\",\"datePublished\":\"2023-09-05T15:45:08+00:00\",\"dateModified\":\"2023-09-05T16:56:32+00:00\",\"mainEntityOfPage\":{\"@id\":\"https:\/\/bahiaeconomica.com.br\/wp\/2023\/09\/05\/serie-internacional-de-concertos-chega-a-salvador\/\"},\"wordCount\":269,\"publisher\":{\"@id\":\"https:\/\/bahiaeconomica.com.br\/wp\/#organization\"},\"keywords\":[\"consertos\",\"Salvador\"],\"articleSection\":[\"CULTURA E ARTE\"],\"inLanguage\":\"pt-BR\"},{\"@type\":\"WebPage\",\"@id\":\"https:\/\/bahiaeconomica.com.br\/wp\/2023\/09\/05\/serie-internacional-de-concertos-chega-a-salvador\/\",\"url\":\"https:\/\/bahiaeconomica.com.br\/wp\/2023\/09\/05\/serie-internacional-de-concertos-chega-a-salvador\/\",\"name\":\"S\u00c9RIE INTERNACIONAL DE CONCERTOS CHEGA A SALVADOR - Bahia Economica\",\"isPartOf\":{\"@id\":\"https:\/\/bahiaeconomica.com.br\/wp\/#website\"},\"datePublished\":\"2023-09-05T15:45:08+00:00\",\"dateModified\":\"2023-09-05T16:56:32+00:00\",\"description\":\"O maior portal de Economia da Bahia CULTURA E ARTE Bahia Economica\",\"breadcrumb\":{\"@id\":\"https:\/\/bahiaeconomica.com.br\/wp\/2023\/09\/05\/serie-internacional-de-concertos-chega-a-salvador\/#breadcrumb\"},\"inLanguage\":\"pt-BR\",\"potentialAction\":[{\"@type\":\"ReadAction\",\"target\":[\"https:\/\/bahiaeconomica.com.br\/wp\/2023\/09\/05\/serie-internacional-de-concertos-chega-a-salvador\/\"]}]},{\"@type\":\"BreadcrumbList\",\"@id\":\"https:\/\/bahiaeconomica.com.br\/wp\/2023\/09\/05\/serie-internacional-de-concertos-chega-a-salvador\/#breadcrumb\",\"itemListElement\":[{\"@type\":\"ListItem\",\"position\":1,\"name\":\"In\u00edcio\",\"item\":\"https:\/\/bahiaeconomica.com.br\/wp\/\"},{\"@type\":\"ListItem\",\"position\":2,\"name\":\"S\u00c9RIE INTERNACIONAL DE CONCERTOS CHEGA A SALVADOR\"}]},{\"@type\":\"WebSite\",\"@id\":\"https:\/\/bahiaeconomica.com.br\/wp\/#website\",\"url\":\"https:\/\/bahiaeconomica.com.br\/wp\/\",\"name\":\"Bahia Economica\",\"description\":\"O maior portal de Economia da Bahia\",\"publisher\":{\"@id\":\"https:\/\/bahiaeconomica.com.br\/wp\/#organization\"},\"potentialAction\":[{\"@type\":\"SearchAction\",\"target\":{\"@type\":\"EntryPoint\",\"urlTemplate\":\"https:\/\/bahiaeconomica.com.br\/wp\/?s={search_term_string}\"},\"query-input\":\"required name=search_term_string\"}],\"inLanguage\":\"pt-BR\"},{\"@type\":\"Organization\",\"@id\":\"https:\/\/bahiaeconomica.com.br\/wp\/#organization\",\"name\":\"Bahia Econ\u00f4mica\",\"url\":\"https:\/\/bahiaeconomica.com.br\/wp\/\",\"logo\":{\"@type\":\"ImageObject\",\"inLanguage\":\"pt-BR\",\"@id\":\"https:\/\/bahiaeconomica.com.br\/wp\/#\/schema\/logo\/image\/\",\"url\":\"https:\/\/bahiaeconomica.com.br\/wp\/wp-content\/uploads\/2020\/12\/cropped-BE.png\",\"contentUrl\":\"https:\/\/bahiaeconomica.com.br\/wp\/wp-content\/uploads\/2020\/12\/cropped-BE.png\",\"width\":512,\"height\":512,\"caption\":\"Bahia Econ\u00f4mica\"},\"image\":{\"@id\":\"https:\/\/bahiaeconomica.com.br\/wp\/#\/schema\/logo\/image\/\"},\"sameAs\":[\"https:\/\/www.facebook.com\/bahiaeconomica\"]},{\"@type\":\"Person\",\"@id\":\"https:\/\/bahiaeconomica.com.br\/wp\/#\/schema\/person\/b719ce0fb1c09f3c7a00d9243ced4a6f\",\"name\":\"VICTORIA ISABEL\",\"sameAs\":[\"http:\/\/www.bahiaeconomica.com.br\"],\"url\":\"https:\/\/bahiaeconomica.com.br\/wp\/author\/victoria-isabel\/\"}]}<\/script>\n<!-- \/ Yoast SEO plugin. -->","yoast_head_json":{"title":"S\u00c9RIE INTERNACIONAL DE CONCERTOS CHEGA A SALVADOR - Bahia Economica","description":"O maior portal de Economia da Bahia CULTURA E ARTE Bahia Economica","robots":{"index":"index","follow":"follow","max-snippet":"max-snippet:-1","max-image-preview":"max-image-preview:large","max-video-preview":"max-video-preview:-1"},"canonical":"https:\/\/bahiaeconomica.com.br\/wp\/2023\/09\/05\/serie-internacional-de-concertos-chega-a-salvador\/","og_locale":"pt_BR","og_type":"article","og_title":"S\u00c9RIE INTERNACIONAL DE CONCERTOS CHEGA A SALVADOR - Bahia Economica","og_description":"O maior portal de Economia da Bahia CULTURA E ARTE Bahia Economica","og_url":"https:\/\/bahiaeconomica.com.br\/wp\/2023\/09\/05\/serie-internacional-de-concertos-chega-a-salvador\/","og_site_name":"Bahia Economica","article_publisher":"https:\/\/www.facebook.com\/bahiaeconomica","article_published_time":"2023-09-05T15:45:08+00:00","article_modified_time":"2023-09-05T16:56:32+00:00","og_image":[{"width":1137,"height":758,"url":"https:\/\/bahiaeconomica.com.br\/wp\/wp-content\/uploads\/2023\/09\/concertos_Candlelight_em_Salvador__.jpg","type":"image\/jpeg"}],"author":"VICTORIA ISABEL","twitter_card":"summary_large_image","twitter_misc":{"Escrito por":"VICTORIA ISABEL","Est. tempo de leitura":"1 minuto"},"schema":{"@context":"https:\/\/schema.org","@graph":[{"@type":"Article","@id":"https:\/\/bahiaeconomica.com.br\/wp\/2023\/09\/05\/serie-internacional-de-concertos-chega-a-salvador\/#article","isPartOf":{"@id":"https:\/\/bahiaeconomica.com.br\/wp\/2023\/09\/05\/serie-internacional-de-concertos-chega-a-salvador\/"},"author":{"name":"VICTORIA ISABEL","@id":"https:\/\/bahiaeconomica.com.br\/wp\/#\/schema\/person\/b719ce0fb1c09f3c7a00d9243ced4a6f"},"headline":"S\u00c9RIE INTERNACIONAL DE CONCERTOS CHEGA A SALVADOR","datePublished":"2023-09-05T15:45:08+00:00","dateModified":"2023-09-05T16:56:32+00:00","mainEntityOfPage":{"@id":"https:\/\/bahiaeconomica.com.br\/wp\/2023\/09\/05\/serie-internacional-de-concertos-chega-a-salvador\/"},"wordCount":269,"publisher":{"@id":"https:\/\/bahiaeconomica.com.br\/wp\/#organization"},"keywords":["consertos","Salvador"],"articleSection":["CULTURA E ARTE"],"inLanguage":"pt-BR"},{"@type":"WebPage","@id":"https:\/\/bahiaeconomica.com.br\/wp\/2023\/09\/05\/serie-internacional-de-concertos-chega-a-salvador\/","url":"https:\/\/bahiaeconomica.com.br\/wp\/2023\/09\/05\/serie-internacional-de-concertos-chega-a-salvador\/","name":"S\u00c9RIE INTERNACIONAL DE CONCERTOS CHEGA A SALVADOR - Bahia Economica","isPartOf":{"@id":"https:\/\/bahiaeconomica.com.br\/wp\/#website"},"datePublished":"2023-09-05T15:45:08+00:00","dateModified":"2023-09-05T16:56:32+00:00","description":"O maior portal de Economia da Bahia CULTURA E ARTE Bahia Economica","breadcrumb":{"@id":"https:\/\/bahiaeconomica.com.br\/wp\/2023\/09\/05\/serie-internacional-de-concertos-chega-a-salvador\/#breadcrumb"},"inLanguage":"pt-BR","potentialAction":[{"@type":"ReadAction","target":["https:\/\/bahiaeconomica.com.br\/wp\/2023\/09\/05\/serie-internacional-de-concertos-chega-a-salvador\/"]}]},{"@type":"BreadcrumbList","@id":"https:\/\/bahiaeconomica.com.br\/wp\/2023\/09\/05\/serie-internacional-de-concertos-chega-a-salvador\/#breadcrumb","itemListElement":[{"@type":"ListItem","position":1,"name":"In\u00edcio","item":"https:\/\/bahiaeconomica.com.br\/wp\/"},{"@type":"ListItem","position":2,"name":"S\u00c9RIE INTERNACIONAL DE CONCERTOS CHEGA A SALVADOR"}]},{"@type":"WebSite","@id":"https:\/\/bahiaeconomica.com.br\/wp\/#website","url":"https:\/\/bahiaeconomica.com.br\/wp\/","name":"Bahia Economica","description":"O maior portal de Economia da Bahia","publisher":{"@id":"https:\/\/bahiaeconomica.com.br\/wp\/#organization"},"potentialAction":[{"@type":"SearchAction","target":{"@type":"EntryPoint","urlTemplate":"https:\/\/bahiaeconomica.com.br\/wp\/?s={search_term_string}"},"query-input":"required name=search_term_string"}],"inLanguage":"pt-BR"},{"@type":"Organization","@id":"https:\/\/bahiaeconomica.com.br\/wp\/#organization","name":"Bahia Econ\u00f4mica","url":"https:\/\/bahiaeconomica.com.br\/wp\/","logo":{"@type":"ImageObject","inLanguage":"pt-BR","@id":"https:\/\/bahiaeconomica.com.br\/wp\/#\/schema\/logo\/image\/","url":"https:\/\/bahiaeconomica.com.br\/wp\/wp-content\/uploads\/2020\/12\/cropped-BE.png","contentUrl":"https:\/\/bahiaeconomica.com.br\/wp\/wp-content\/uploads\/2020\/12\/cropped-BE.png","width":512,"height":512,"caption":"Bahia Econ\u00f4mica"},"image":{"@id":"https:\/\/bahiaeconomica.com.br\/wp\/#\/schema\/logo\/image\/"},"sameAs":["https:\/\/www.facebook.com\/bahiaeconomica"]},{"@type":"Person","@id":"https:\/\/bahiaeconomica.com.br\/wp\/#\/schema\/person\/b719ce0fb1c09f3c7a00d9243ced4a6f","name":"VICTORIA ISABEL","sameAs":["http:\/\/www.bahiaeconomica.com.br"],"url":"https:\/\/bahiaeconomica.com.br\/wp\/author\/victoria-isabel\/"}]}},"views":34,"_links":{"self":[{"href":"https:\/\/bahiaeconomica.com.br\/wp\/wp-json\/wp\/v2\/posts\/760227"}],"collection":[{"href":"https:\/\/bahiaeconomica.com.br\/wp\/wp-json\/wp\/v2\/posts"}],"about":[{"href":"https:\/\/bahiaeconomica.com.br\/wp\/wp-json\/wp\/v2\/types\/post"}],"author":[{"embeddable":true,"href":"https:\/\/bahiaeconomica.com.br\/wp\/wp-json\/wp\/v2\/users\/15"}],"replies":[{"embeddable":true,"href":"https:\/\/bahiaeconomica.com.br\/wp\/wp-json\/wp\/v2\/comments?post=760227"}],"version-history":[{"count":2,"href":"https:\/\/bahiaeconomica.com.br\/wp\/wp-json\/wp\/v2\/posts\/760227\/revisions"}],"predecessor-version":[{"id":760266,"href":"https:\/\/bahiaeconomica.com.br\/wp\/wp-json\/wp\/v2\/posts\/760227\/revisions\/760266"}],"wp:featuredmedia":[{"embeddable":true,"href":"https:\/\/bahiaeconomica.com.br\/wp\/wp-json\/wp\/v2\/media\/760228"}],"wp:attachment":[{"href":"https:\/\/bahiaeconomica.com.br\/wp\/wp-json\/wp\/v2\/media?parent=760227"}],"wp:term":[{"taxonomy":"category","embeddable":true,"href":"https:\/\/bahiaeconomica.com.br\/wp\/wp-json\/wp\/v2\/categories?post=760227"},{"taxonomy":"post_tag","embeddable":true,"href":"https:\/\/bahiaeconomica.com.br\/wp\/wp-json\/wp\/v2\/tags?post=760227"}],"curies":[{"name":"wp","href":"https:\/\/api.w.org\/{rel}","templated":true}]}}