{"id":760126,"date":"2023-09-05T09:37:25","date_gmt":"2023-09-05T12:37:25","guid":{"rendered":"https:\/\/bahiaeconomica.com.br\/wp\/?p=760126"},"modified":"2023-09-05T09:39:36","modified_gmt":"2023-09-05T12:39:36","slug":"ufba-retoma-atividades-nesta-terca-feira-5-apos-tregua-no-confronto-de-faccoes","status":"publish","type":"post","link":"https:\/\/bahiaeconomica.com.br\/wp\/2023\/09\/05\/ufba-retoma-atividades-nesta-terca-feira-5-apos-tregua-no-confronto-de-faccoes\/","title":{"rendered":"UFBA RETOMA ATIVIDADES NESTA TER\u00c7A (5), AP\u00d3S \u2018TR\u00c9GUA\u2019 EM CONFRONTO NO ALTO DAS POMBAS E CALABAR"},"content":{"rendered":"<p>As aulas da Universidade Federal da Bahia (Ufba) foram retomadas nesta ter\u00e7a-feira (5), ap\u00f3s a tr\u00e9gua no confronto entre as fac\u00e7\u00f5es criminosas nos bairros de Alto das Pombas e Calabar. As atividades foram suspensas na manh\u00e3 desta segunda-feira (4) \u00a0nos campi de Ondina, Federa\u00e7\u00e3o, Canela e S\u00e3o L\u00e1zaro ap\u00f3s confrontos entre traficantes e policiais na localidade.<\/p>\n<p>\u201cA Administra\u00e7\u00e3o Central da UFBA est\u00e1 monitorando cuidadosamente a situa\u00e7\u00e3o vivida nas \u00faltimas horas na cidade na quest\u00e3o de seguran\u00e7a. Consideramos que existem condi\u00e7\u00f5es para manter as aulas e demais atividades administrativas da UFBA, dia 5 de setembro. Havendo necessidade, a Universidade tomar\u00e1 as medidas necess\u00e1rias e informar\u00e1 \u00e0 comunidade\u201d, diz a nota da institui\u00e7\u00e3o enviada \u00e0 imprensa.<\/p>\n<p>Foto: Divulga\u00e7\u00e3o\/UFBA<\/p>\n","protected":false},"excerpt":{"rendered":"<p>As aulas da Universidade Federal da Bahia (Ufba) foram retomadas nesta ter\u00e7a-feira (5), ap\u00f3s a tr\u00e9gua no confronto entre as fac\u00e7\u00f5es criminosas nos bairros de Alto das Pombas e Calabar. As atividades foram suspensas na manh\u00e3 desta segunda-feira (4) \u00a0nos campi de Ondina, Federa\u00e7\u00e3o, Canela e S\u00e3o L\u00e1zaro ap\u00f3s confrontos entre traficantes e policiais na [&hellip;]<\/p>\n","protected":false},"author":15,"featured_media":760135,"comment_status":"closed","ping_status":"closed","sticky":false,"template":"","format":"standard","meta":[],"categories":[5],"tags":[531,5142,1625,1274],"acf":[],"yoast_head":"<!-- This site is optimized with the Yoast SEO plugin v20.8 - https:\/\/yoast.com\/wordpress\/plugins\/seo\/ -->\n<title>UFBA RETOMA ATIVIDADES NESTA TER\u00c7A (5), AP\u00d3S \u2018TR\u00c9GUA\u2019 EM CONFRONTO NO ALTO DAS POMBAS E CALABAR - Bahia Economica<\/title>\n<meta name=\"description\" content=\"O maior portal de Economia da Bahia MUNIC\u00cdPIOS Bahia Economica\" \/>\n<meta name=\"robots\" content=\"index, follow, max-snippet:-1, max-image-preview:large, max-video-preview:-1\" \/>\n<link rel=\"canonical\" href=\"https:\/\/bahiaeconomica.com.br\/wp\/2023\/09\/05\/ufba-retoma-atividades-nesta-terca-feira-5-apos-tregua-no-confronto-de-faccoes\/\" \/>\n<meta property=\"og:locale\" content=\"pt_BR\" \/>\n<meta property=\"og:type\" content=\"article\" \/>\n<meta property=\"og:title\" content=\"UFBA RETOMA ATIVIDADES NESTA TER\u00c7A (5), AP\u00d3S \u2018TR\u00c9GUA\u2019 EM CONFRONTO NO ALTO DAS POMBAS E CALABAR - Bahia Economica\" \/>\n<meta property=\"og:description\" content=\"O maior portal de Economia da Bahia MUNIC\u00cdPIOS Bahia Economica\" \/>\n<meta property=\"og:url\" content=\"https:\/\/bahiaeconomica.com.br\/wp\/2023\/09\/05\/ufba-retoma-atividades-nesta-terca-feira-5-apos-tregua-no-confronto-de-faccoes\/\" \/>\n<meta property=\"og:site_name\" content=\"Bahia Economica\" \/>\n<meta property=\"article:publisher\" content=\"https:\/\/www.facebook.com\/bahiaeconomica\" \/>\n<meta property=\"article:published_time\" content=\"2023-09-05T12:37:25+00:00\" \/>\n<meta property=\"article:modified_time\" content=\"2023-09-05T12:39:36+00:00\" \/>\n<meta property=\"og:image\" content=\"https:\/\/bahiaeconomica.com.br\/wp\/wp-content\/uploads\/2023\/09\/universidade_federal_bahia_ufba_campus-15327369.jpg\" \/>\n\t<meta property=\"og:image:width\" content=\"1920\" \/>\n\t<meta property=\"og:image:height\" content=\"1440\" \/>\n\t<meta property=\"og:image:type\" content=\"image\/jpeg\" \/>\n<meta name=\"author\" content=\"VICTORIA ISABEL\" \/>\n<meta name=\"twitter:card\" content=\"summary_large_image\" \/>\n<meta name=\"twitter:label1\" content=\"Escrito por\" \/>\n\t<meta name=\"twitter:data1\" content=\"VICTORIA ISABEL\" \/>\n\t<meta name=\"twitter:label2\" content=\"Est. tempo de leitura\" \/>\n\t<meta name=\"twitter:data2\" content=\"1 minuto\" \/>\n<script type=\"application\/ld+json\" class=\"yoast-schema-graph\">{\"@context\":\"https:\/\/schema.org\",\"@graph\":[{\"@type\":\"Article\",\"@id\":\"https:\/\/bahiaeconomica.com.br\/wp\/2023\/09\/05\/ufba-retoma-atividades-nesta-terca-feira-5-apos-tregua-no-confronto-de-faccoes\/#article\",\"isPartOf\":{\"@id\":\"https:\/\/bahiaeconomica.com.br\/wp\/2023\/09\/05\/ufba-retoma-atividades-nesta-terca-feira-5-apos-tregua-no-confronto-de-faccoes\/\"},\"author\":{\"name\":\"VICTORIA ISABEL\",\"@id\":\"https:\/\/bahiaeconomica.com.br\/wp\/#\/schema\/person\/b719ce0fb1c09f3c7a00d9243ced4a6f\"},\"headline\":\"UFBA RETOMA ATIVIDADES NESTA TER\u00c7A (5), AP\u00d3S \u2018TR\u00c9GUA\u2019 EM CONFRONTO NO ALTO DAS POMBAS E CALABAR\",\"datePublished\":\"2023-09-05T12:37:25+00:00\",\"dateModified\":\"2023-09-05T12:39:36+00:00\",\"mainEntityOfPage\":{\"@id\":\"https:\/\/bahiaeconomica.com.br\/wp\/2023\/09\/05\/ufba-retoma-atividades-nesta-terca-feira-5-apos-tregua-no-confronto-de-faccoes\/\"},\"wordCount\":146,\"publisher\":{\"@id\":\"https:\/\/bahiaeconomica.com.br\/wp\/#organization\"},\"keywords\":[\"Aulas\",\"retomadas\",\"suspensas\",\"ufba\"],\"articleSection\":[\"MUNIC\u00cdPIOS\"],\"inLanguage\":\"pt-BR\"},{\"@type\":\"WebPage\",\"@id\":\"https:\/\/bahiaeconomica.com.br\/wp\/2023\/09\/05\/ufba-retoma-atividades-nesta-terca-feira-5-apos-tregua-no-confronto-de-faccoes\/\",\"url\":\"https:\/\/bahiaeconomica.com.br\/wp\/2023\/09\/05\/ufba-retoma-atividades-nesta-terca-feira-5-apos-tregua-no-confronto-de-faccoes\/\",\"name\":\"UFBA RETOMA ATIVIDADES NESTA TER\u00c7A (5), AP\u00d3S \u2018TR\u00c9GUA\u2019 EM CONFRONTO NO ALTO DAS POMBAS E CALABAR - Bahia Economica\",\"isPartOf\":{\"@id\":\"https:\/\/bahiaeconomica.com.br\/wp\/#website\"},\"datePublished\":\"2023-09-05T12:37:25+00:00\",\"dateModified\":\"2023-09-05T12:39:36+00:00\",\"description\":\"O maior portal de Economia da Bahia MUNIC\u00cdPIOS Bahia Economica\",\"breadcrumb\":{\"@id\":\"https:\/\/bahiaeconomica.com.br\/wp\/2023\/09\/05\/ufba-retoma-atividades-nesta-terca-feira-5-apos-tregua-no-confronto-de-faccoes\/#breadcrumb\"},\"inLanguage\":\"pt-BR\",\"potentialAction\":[{\"@type\":\"ReadAction\",\"target\":[\"https:\/\/bahiaeconomica.com.br\/wp\/2023\/09\/05\/ufba-retoma-atividades-nesta-terca-feira-5-apos-tregua-no-confronto-de-faccoes\/\"]}]},{\"@type\":\"BreadcrumbList\",\"@id\":\"https:\/\/bahiaeconomica.com.br\/wp\/2023\/09\/05\/ufba-retoma-atividades-nesta-terca-feira-5-apos-tregua-no-confronto-de-faccoes\/#breadcrumb\",\"itemListElement\":[{\"@type\":\"ListItem\",\"position\":1,\"name\":\"In\u00edcio\",\"item\":\"https:\/\/bahiaeconomica.com.br\/wp\/\"},{\"@type\":\"ListItem\",\"position\":2,\"name\":\"UFBA RETOMA ATIVIDADES NESTA TER\u00c7A (5), AP\u00d3S \u2018TR\u00c9GUA\u2019 EM CONFRONTO NO ALTO DAS POMBAS E CALABAR\"}]},{\"@type\":\"WebSite\",\"@id\":\"https:\/\/bahiaeconomica.com.br\/wp\/#website\",\"url\":\"https:\/\/bahiaeconomica.com.br\/wp\/\",\"name\":\"Bahia Economica\",\"description\":\"O maior portal de Economia da Bahia\",\"publisher\":{\"@id\":\"https:\/\/bahiaeconomica.com.br\/wp\/#organization\"},\"potentialAction\":[{\"@type\":\"SearchAction\",\"target\":{\"@type\":\"EntryPoint\",\"urlTemplate\":\"https:\/\/bahiaeconomica.com.br\/wp\/?s={search_term_string}\"},\"query-input\":\"required name=search_term_string\"}],\"inLanguage\":\"pt-BR\"},{\"@type\":\"Organization\",\"@id\":\"https:\/\/bahiaeconomica.com.br\/wp\/#organization\",\"name\":\"Bahia Econ\u00f4mica\",\"url\":\"https:\/\/bahiaeconomica.com.br\/wp\/\",\"logo\":{\"@type\":\"ImageObject\",\"inLanguage\":\"pt-BR\",\"@id\":\"https:\/\/bahiaeconomica.com.br\/wp\/#\/schema\/logo\/image\/\",\"url\":\"https:\/\/bahiaeconomica.com.br\/wp\/wp-content\/uploads\/2020\/12\/cropped-BE.png\",\"contentUrl\":\"https:\/\/bahiaeconomica.com.br\/wp\/wp-content\/uploads\/2020\/12\/cropped-BE.png\",\"width\":512,\"height\":512,\"caption\":\"Bahia Econ\u00f4mica\"},\"image\":{\"@id\":\"https:\/\/bahiaeconomica.com.br\/wp\/#\/schema\/logo\/image\/\"},\"sameAs\":[\"https:\/\/www.facebook.com\/bahiaeconomica\"]},{\"@type\":\"Person\",\"@id\":\"https:\/\/bahiaeconomica.com.br\/wp\/#\/schema\/person\/b719ce0fb1c09f3c7a00d9243ced4a6f\",\"name\":\"VICTORIA ISABEL\",\"sameAs\":[\"http:\/\/www.bahiaeconomica.com.br\"],\"url\":\"https:\/\/bahiaeconomica.com.br\/wp\/author\/victoria-isabel\/\"}]}<\/script>\n<!-- \/ Yoast SEO plugin. -->","yoast_head_json":{"title":"UFBA RETOMA ATIVIDADES NESTA TER\u00c7A (5), AP\u00d3S \u2018TR\u00c9GUA\u2019 EM CONFRONTO NO ALTO DAS POMBAS E CALABAR - Bahia Economica","description":"O maior portal de Economia da Bahia MUNIC\u00cdPIOS Bahia Economica","robots":{"index":"index","follow":"follow","max-snippet":"max-snippet:-1","max-image-preview":"max-image-preview:large","max-video-preview":"max-video-preview:-1"},"canonical":"https:\/\/bahiaeconomica.com.br\/wp\/2023\/09\/05\/ufba-retoma-atividades-nesta-terca-feira-5-apos-tregua-no-confronto-de-faccoes\/","og_locale":"pt_BR","og_type":"article","og_title":"UFBA RETOMA ATIVIDADES NESTA TER\u00c7A (5), AP\u00d3S \u2018TR\u00c9GUA\u2019 EM CONFRONTO NO ALTO DAS POMBAS E CALABAR - Bahia Economica","og_description":"O maior portal de Economia da Bahia MUNIC\u00cdPIOS Bahia Economica","og_url":"https:\/\/bahiaeconomica.com.br\/wp\/2023\/09\/05\/ufba-retoma-atividades-nesta-terca-feira-5-apos-tregua-no-confronto-de-faccoes\/","og_site_name":"Bahia Economica","article_publisher":"https:\/\/www.facebook.com\/bahiaeconomica","article_published_time":"2023-09-05T12:37:25+00:00","article_modified_time":"2023-09-05T12:39:36+00:00","og_image":[{"width":1920,"height":1440,"url":"https:\/\/bahiaeconomica.com.br\/wp\/wp-content\/uploads\/2023\/09\/universidade_federal_bahia_ufba_campus-15327369.jpg","type":"image\/jpeg"}],"author":"VICTORIA ISABEL","twitter_card":"summary_large_image","twitter_misc":{"Escrito por":"VICTORIA ISABEL","Est. tempo de leitura":"1 minuto"},"schema":{"@context":"https:\/\/schema.org","@graph":[{"@type":"Article","@id":"https:\/\/bahiaeconomica.com.br\/wp\/2023\/09\/05\/ufba-retoma-atividades-nesta-terca-feira-5-apos-tregua-no-confronto-de-faccoes\/#article","isPartOf":{"@id":"https:\/\/bahiaeconomica.com.br\/wp\/2023\/09\/05\/ufba-retoma-atividades-nesta-terca-feira-5-apos-tregua-no-confronto-de-faccoes\/"},"author":{"name":"VICTORIA ISABEL","@id":"https:\/\/bahiaeconomica.com.br\/wp\/#\/schema\/person\/b719ce0fb1c09f3c7a00d9243ced4a6f"},"headline":"UFBA RETOMA ATIVIDADES NESTA TER\u00c7A (5), AP\u00d3S \u2018TR\u00c9GUA\u2019 EM CONFRONTO NO ALTO DAS POMBAS E CALABAR","datePublished":"2023-09-05T12:37:25+00:00","dateModified":"2023-09-05T12:39:36+00:00","mainEntityOfPage":{"@id":"https:\/\/bahiaeconomica.com.br\/wp\/2023\/09\/05\/ufba-retoma-atividades-nesta-terca-feira-5-apos-tregua-no-confronto-de-faccoes\/"},"wordCount":146,"publisher":{"@id":"https:\/\/bahiaeconomica.com.br\/wp\/#organization"},"keywords":["Aulas","retomadas","suspensas","ufba"],"articleSection":["MUNIC\u00cdPIOS"],"inLanguage":"pt-BR"},{"@type":"WebPage","@id":"https:\/\/bahiaeconomica.com.br\/wp\/2023\/09\/05\/ufba-retoma-atividades-nesta-terca-feira-5-apos-tregua-no-confronto-de-faccoes\/","url":"https:\/\/bahiaeconomica.com.br\/wp\/2023\/09\/05\/ufba-retoma-atividades-nesta-terca-feira-5-apos-tregua-no-confronto-de-faccoes\/","name":"UFBA RETOMA ATIVIDADES NESTA TER\u00c7A (5), AP\u00d3S \u2018TR\u00c9GUA\u2019 EM CONFRONTO NO ALTO DAS POMBAS E CALABAR - Bahia Economica","isPartOf":{"@id":"https:\/\/bahiaeconomica.com.br\/wp\/#website"},"datePublished":"2023-09-05T12:37:25+00:00","dateModified":"2023-09-05T12:39:36+00:00","description":"O maior portal de Economia da Bahia MUNIC\u00cdPIOS Bahia Economica","breadcrumb":{"@id":"https:\/\/bahiaeconomica.com.br\/wp\/2023\/09\/05\/ufba-retoma-atividades-nesta-terca-feira-5-apos-tregua-no-confronto-de-faccoes\/#breadcrumb"},"inLanguage":"pt-BR","potentialAction":[{"@type":"ReadAction","target":["https:\/\/bahiaeconomica.com.br\/wp\/2023\/09\/05\/ufba-retoma-atividades-nesta-terca-feira-5-apos-tregua-no-confronto-de-faccoes\/"]}]},{"@type":"BreadcrumbList","@id":"https:\/\/bahiaeconomica.com.br\/wp\/2023\/09\/05\/ufba-retoma-atividades-nesta-terca-feira-5-apos-tregua-no-confronto-de-faccoes\/#breadcrumb","itemListElement":[{"@type":"ListItem","position":1,"name":"In\u00edcio","item":"https:\/\/bahiaeconomica.com.br\/wp\/"},{"@type":"ListItem","position":2,"name":"UFBA RETOMA ATIVIDADES NESTA TER\u00c7A (5), AP\u00d3S \u2018TR\u00c9GUA\u2019 EM CONFRONTO NO ALTO DAS POMBAS E CALABAR"}]},{"@type":"WebSite","@id":"https:\/\/bahiaeconomica.com.br\/wp\/#website","url":"https:\/\/bahiaeconomica.com.br\/wp\/","name":"Bahia Economica","description":"O maior portal de Economia da Bahia","publisher":{"@id":"https:\/\/bahiaeconomica.com.br\/wp\/#organization"},"potentialAction":[{"@type":"SearchAction","target":{"@type":"EntryPoint","urlTemplate":"https:\/\/bahiaeconomica.com.br\/wp\/?s={search_term_string}"},"query-input":"required name=search_term_string"}],"inLanguage":"pt-BR"},{"@type":"Organization","@id":"https:\/\/bahiaeconomica.com.br\/wp\/#organization","name":"Bahia Econ\u00f4mica","url":"https:\/\/bahiaeconomica.com.br\/wp\/","logo":{"@type":"ImageObject","inLanguage":"pt-BR","@id":"https:\/\/bahiaeconomica.com.br\/wp\/#\/schema\/logo\/image\/","url":"https:\/\/bahiaeconomica.com.br\/wp\/wp-content\/uploads\/2020\/12\/cropped-BE.png","contentUrl":"https:\/\/bahiaeconomica.com.br\/wp\/wp-content\/uploads\/2020\/12\/cropped-BE.png","width":512,"height":512,"caption":"Bahia Econ\u00f4mica"},"image":{"@id":"https:\/\/bahiaeconomica.com.br\/wp\/#\/schema\/logo\/image\/"},"sameAs":["https:\/\/www.facebook.com\/bahiaeconomica"]},{"@type":"Person","@id":"https:\/\/bahiaeconomica.com.br\/wp\/#\/schema\/person\/b719ce0fb1c09f3c7a00d9243ced4a6f","name":"VICTORIA ISABEL","sameAs":["http:\/\/www.bahiaeconomica.com.br"],"url":"https:\/\/bahiaeconomica.com.br\/wp\/author\/victoria-isabel\/"}]}},"views":23,"_links":{"self":[{"href":"https:\/\/bahiaeconomica.com.br\/wp\/wp-json\/wp\/v2\/posts\/760126"}],"collection":[{"href":"https:\/\/bahiaeconomica.com.br\/wp\/wp-json\/wp\/v2\/posts"}],"about":[{"href":"https:\/\/bahiaeconomica.com.br\/wp\/wp-json\/wp\/v2\/types\/post"}],"author":[{"embeddable":true,"href":"https:\/\/bahiaeconomica.com.br\/wp\/wp-json\/wp\/v2\/users\/15"}],"replies":[{"embeddable":true,"href":"https:\/\/bahiaeconomica.com.br\/wp\/wp-json\/wp\/v2\/comments?post=760126"}],"version-history":[{"count":2,"href":"https:\/\/bahiaeconomica.com.br\/wp\/wp-json\/wp\/v2\/posts\/760126\/revisions"}],"predecessor-version":[{"id":760137,"href":"https:\/\/bahiaeconomica.com.br\/wp\/wp-json\/wp\/v2\/posts\/760126\/revisions\/760137"}],"wp:featuredmedia":[{"embeddable":true,"href":"https:\/\/bahiaeconomica.com.br\/wp\/wp-json\/wp\/v2\/media\/760135"}],"wp:attachment":[{"href":"https:\/\/bahiaeconomica.com.br\/wp\/wp-json\/wp\/v2\/media?parent=760126"}],"wp:term":[{"taxonomy":"category","embeddable":true,"href":"https:\/\/bahiaeconomica.com.br\/wp\/wp-json\/wp\/v2\/categories?post=760126"},{"taxonomy":"post_tag","embeddable":true,"href":"https:\/\/bahiaeconomica.com.br\/wp\/wp-json\/wp\/v2\/tags?post=760126"}],"curies":[{"name":"wp","href":"https:\/\/api.w.org\/{rel}","templated":true}]}}