{"id":759884,"date":"2023-09-04T14:57:13","date_gmt":"2023-09-04T17:57:13","guid":{"rendered":"https:\/\/bahiaeconomica.com.br\/wp\/?p=759884"},"modified":"2023-09-04T15:01:37","modified_gmt":"2023-09-04T18:01:37","slug":"werner-nega-possibilidade-de-intervencao-na-seguranca-publica-da-bahia-nao-vejo-necessidade","status":"publish","type":"post","link":"https:\/\/bahiaeconomica.com.br\/wp\/2023\/09\/04\/werner-nega-possibilidade-de-intervencao-na-seguranca-publica-da-bahia-nao-vejo-necessidade\/","title":{"rendered":"WERNER NEGA POSSIBILIDADE DE INTERVEN\u00c7\u00c3O NA SEGURAN\u00c7A P\u00daBLICA DA BAHIA: &#8220;N\u00c3O VEJO NECESSIDADE&#8221;"},"content":{"rendered":"<p>Em entrevista \u00e0 imprensa, o secret\u00e1rio de seguran\u00e7a p\u00fablica da Bahia, Marcelo Werner, negou a possibilidade de interven\u00e7\u00e3o federal na \u00e1rea de seguran\u00e7a do estado por conta de a\u00e7\u00f5es realizadas pela pasta. Ele ainda afirmou que confia plenamente na estrutura de persecu\u00e7\u00e3o penal da pol\u00edcia civil e militar.<\/p>\n<p>\u201cN\u00e3o, eu n\u00e3o vejo necessidade nenhuma de interven\u00e7\u00e3o. At\u00e9 porque n\u00f3s temos realizado a\u00e7\u00f5es efetivas, a\u00e7\u00f5es de investimento, a\u00e7\u00f5es de policiamento e a\u00e7\u00f5es de opera\u00e7\u00f5es de intelig\u00eancia. Temos inclusive n\u00fameros que demonstram que essas a\u00e7\u00f5es t\u00eam tido resultado necess\u00e1rio. Se voc\u00ea lembrar no in\u00edcio do ano, n\u00f3s mandamos 84 policiais do Choque para l\u00e1 [Bras\u00edlia] depois do anti-democratico ficaram l\u00e1 quase 60 dias. A gente confia plenamente na estrutura de persecu\u00e7\u00e3o penal na pol\u00edcia civil na Pol\u00edcia Militar\u201d, disse o secret\u00e1rio.<\/p>\n<p>Werner contou tamb\u00e9m que tem total convic\u00e7\u00e3o do trabalho da PM e que por isso n\u00e3o teria necessidade de refor\u00e7o policial. \u201cA gente tem total convic\u00e7\u00e3o do que est\u00e1 sendo feito. N\u00f3s j\u00e1 temos tido bons retornos, n\u00fameros em rela\u00e7\u00e3o a isso a\u00ed. A reestrutura\u00e7\u00e3o que foi feita tamb\u00e9m, \u00e9 eu costumo dizer que a explora\u00e7\u00e3o ela come\u00e7a a dar frutos, tem que ter um pouquinho de matura\u00e7\u00e3o, mas era s\u00f3 o fato de j\u00e1 ter o policiamento no interior com uma an\u00e1lise mais robusta&#8221;.<\/p>\n<p>&#8220;Acho que a gente est\u00e1 no caminho certo sim, cada vez mais e a comunidade acredita apesar dessa quest\u00e3o que a gente v\u00ea da pol\u00edtica do terror que \u00e9 dif\u00edcil. A gente est\u00e1 tratando sobre isso, mas a gente entende a realidade, sabe o trabalho que tem que ser feito e vem vem l\u00f3gico com todo apoio tamb\u00e9m do Governo federal. Vamos continuar realizando, pois a gente acredita que podemos melhorar e vamos melhorar cada vez mais seguran\u00e7a\u201d,\u00a0 finalizou.<\/p>\n<p>Foto: Divulga\u00e7\u00e3o \/ Redes Sociais<\/p>\n","protected":false},"excerpt":{"rendered":"<p>Em entrevista \u00e0 imprensa, o secret\u00e1rio de seguran\u00e7a p\u00fablica da Bahia, Marcelo Werner, negou a possibilidade de interven\u00e7\u00e3o federal na \u00e1rea de seguran\u00e7a do estado por conta de a\u00e7\u00f5es realizadas pela pasta. Ele ainda afirmou que confia plenamente na estrutura de persecu\u00e7\u00e3o penal da pol\u00edcia civil e militar. \u201cN\u00e3o, eu n\u00e3o vejo necessidade nenhuma de [&hellip;]<\/p>\n","protected":false},"author":17,"featured_media":759892,"comment_status":"closed","ping_status":"closed","sticky":false,"template":"","format":"standard","meta":[],"categories":[14,14601],"tags":[85,1296,1755],"acf":[],"yoast_head":"<!-- This site is optimized with the Yoast SEO plugin v20.8 - https:\/\/yoast.com\/wordpress\/plugins\/seo\/ -->\n<title>WERNER NEGA POSSIBILIDADE DE INTERVEN\u00c7\u00c3O NA SEGURAN\u00c7A P\u00daBLICA DA BAHIA: &quot;N\u00c3O VEJO NECESSIDADE&quot; - Bahia Economica<\/title>\n<meta name=\"description\" content=\"Ele ainda afirmou que confia plenamente na estrutura de persecu\u00e7\u00e3o penal da pol\u00edcia civil e militar\" \/>\n<meta name=\"robots\" content=\"index, follow, max-snippet:-1, max-image-preview:large, max-video-preview:-1\" \/>\n<link rel=\"canonical\" href=\"https:\/\/bahiaeconomica.com.br\/wp\/2023\/09\/04\/werner-nega-possibilidade-de-intervencao-na-seguranca-publica-da-bahia-nao-vejo-necessidade\/\" \/>\n<meta property=\"og:locale\" content=\"pt_BR\" \/>\n<meta property=\"og:type\" content=\"article\" \/>\n<meta property=\"og:title\" content=\"WERNER NEGA POSSIBILIDADE DE INTERVEN\u00c7\u00c3O NA SEGURAN\u00c7A P\u00daBLICA DA BAHIA: &quot;N\u00c3O VEJO NECESSIDADE&quot; - Bahia Economica\" \/>\n<meta property=\"og:description\" content=\"Ele ainda afirmou que confia plenamente na estrutura de persecu\u00e7\u00e3o penal da pol\u00edcia civil e militar\" \/>\n<meta property=\"og:url\" content=\"https:\/\/bahiaeconomica.com.br\/wp\/2023\/09\/04\/werner-nega-possibilidade-de-intervencao-na-seguranca-publica-da-bahia-nao-vejo-necessidade\/\" \/>\n<meta property=\"og:site_name\" content=\"Bahia Economica\" \/>\n<meta property=\"article:publisher\" content=\"https:\/\/www.facebook.com\/bahiaeconomica\" \/>\n<meta property=\"article:published_time\" content=\"2023-09-04T17:57:13+00:00\" \/>\n<meta property=\"article:modified_time\" content=\"2023-09-04T18:01:37+00:00\" \/>\n<meta property=\"og:image\" content=\"https:\/\/bahiaeconomica.com.br\/wp\/wp-content\/uploads\/2023\/09\/3807d6a350395ab63b3979c08ce382ac.jpg\" \/>\n\t<meta property=\"og:image:width\" content=\"1000\" \/>\n\t<meta property=\"og:image:height\" content=\"666\" \/>\n\t<meta property=\"og:image:type\" content=\"image\/jpeg\" \/>\n<meta name=\"author\" content=\"LUANA NEIVA\" \/>\n<meta name=\"twitter:card\" content=\"summary_large_image\" \/>\n<meta name=\"twitter:label1\" content=\"Escrito por\" \/>\n\t<meta name=\"twitter:data1\" content=\"LUANA NEIVA\" \/>\n\t<meta name=\"twitter:label2\" content=\"Est. tempo de leitura\" \/>\n\t<meta name=\"twitter:data2\" content=\"2 minutos\" \/>\n<script type=\"application\/ld+json\" class=\"yoast-schema-graph\">{\"@context\":\"https:\/\/schema.org\",\"@graph\":[{\"@type\":\"Article\",\"@id\":\"https:\/\/bahiaeconomica.com.br\/wp\/2023\/09\/04\/werner-nega-possibilidade-de-intervencao-na-seguranca-publica-da-bahia-nao-vejo-necessidade\/#article\",\"isPartOf\":{\"@id\":\"https:\/\/bahiaeconomica.com.br\/wp\/2023\/09\/04\/werner-nega-possibilidade-de-intervencao-na-seguranca-publica-da-bahia-nao-vejo-necessidade\/\"},\"author\":{\"name\":\"LUANA NEIVA\",\"@id\":\"https:\/\/bahiaeconomica.com.br\/wp\/#\/schema\/person\/1ce30764265540f754d66197c4212789\"},\"headline\":\"WERNER NEGA POSSIBILIDADE DE INTERVEN\u00c7\u00c3O NA SEGURAN\u00c7A P\u00daBLICA DA BAHIA: &#8220;N\u00c3O VEJO NECESSIDADE&#8221;\",\"datePublished\":\"2023-09-04T17:57:13+00:00\",\"dateModified\":\"2023-09-04T18:01:37+00:00\",\"mainEntityOfPage\":{\"@id\":\"https:\/\/bahiaeconomica.com.br\/wp\/2023\/09\/04\/werner-nega-possibilidade-de-intervencao-na-seguranca-publica-da-bahia-nao-vejo-necessidade\/\"},\"wordCount\":359,\"publisher\":{\"@id\":\"https:\/\/bahiaeconomica.com.br\/wp\/#organization\"},\"keywords\":[\"Bahia\",\"entrevista\",\"seguran\u00e7a\"],\"articleSection\":[\"DESTAQUE DO DIA\",\"Pol\u00edtica\"],\"inLanguage\":\"pt-BR\"},{\"@type\":\"WebPage\",\"@id\":\"https:\/\/bahiaeconomica.com.br\/wp\/2023\/09\/04\/werner-nega-possibilidade-de-intervencao-na-seguranca-publica-da-bahia-nao-vejo-necessidade\/\",\"url\":\"https:\/\/bahiaeconomica.com.br\/wp\/2023\/09\/04\/werner-nega-possibilidade-de-intervencao-na-seguranca-publica-da-bahia-nao-vejo-necessidade\/\",\"name\":\"WERNER NEGA POSSIBILIDADE DE INTERVEN\u00c7\u00c3O NA SEGURAN\u00c7A P\u00daBLICA DA BAHIA: \\\"N\u00c3O VEJO NECESSIDADE\\\" - Bahia Economica\",\"isPartOf\":{\"@id\":\"https:\/\/bahiaeconomica.com.br\/wp\/#website\"},\"datePublished\":\"2023-09-04T17:57:13+00:00\",\"dateModified\":\"2023-09-04T18:01:37+00:00\",\"description\":\"Ele ainda afirmou que confia plenamente na estrutura de persecu\u00e7\u00e3o penal da pol\u00edcia civil e militar\",\"breadcrumb\":{\"@id\":\"https:\/\/bahiaeconomica.com.br\/wp\/2023\/09\/04\/werner-nega-possibilidade-de-intervencao-na-seguranca-publica-da-bahia-nao-vejo-necessidade\/#breadcrumb\"},\"inLanguage\":\"pt-BR\",\"potentialAction\":[{\"@type\":\"ReadAction\",\"target\":[\"https:\/\/bahiaeconomica.com.br\/wp\/2023\/09\/04\/werner-nega-possibilidade-de-intervencao-na-seguranca-publica-da-bahia-nao-vejo-necessidade\/\"]}]},{\"@type\":\"BreadcrumbList\",\"@id\":\"https:\/\/bahiaeconomica.com.br\/wp\/2023\/09\/04\/werner-nega-possibilidade-de-intervencao-na-seguranca-publica-da-bahia-nao-vejo-necessidade\/#breadcrumb\",\"itemListElement\":[{\"@type\":\"ListItem\",\"position\":1,\"name\":\"In\u00edcio\",\"item\":\"https:\/\/bahiaeconomica.com.br\/wp\/\"},{\"@type\":\"ListItem\",\"position\":2,\"name\":\"WERNER NEGA POSSIBILIDADE DE INTERVEN\u00c7\u00c3O NA SEGURAN\u00c7A P\u00daBLICA DA BAHIA: &#8220;N\u00c3O VEJO NECESSIDADE&#8221;\"}]},{\"@type\":\"WebSite\",\"@id\":\"https:\/\/bahiaeconomica.com.br\/wp\/#website\",\"url\":\"https:\/\/bahiaeconomica.com.br\/wp\/\",\"name\":\"Bahia Economica\",\"description\":\"O maior portal de Economia da Bahia\",\"publisher\":{\"@id\":\"https:\/\/bahiaeconomica.com.br\/wp\/#organization\"},\"potentialAction\":[{\"@type\":\"SearchAction\",\"target\":{\"@type\":\"EntryPoint\",\"urlTemplate\":\"https:\/\/bahiaeconomica.com.br\/wp\/?s={search_term_string}\"},\"query-input\":\"required name=search_term_string\"}],\"inLanguage\":\"pt-BR\"},{\"@type\":\"Organization\",\"@id\":\"https:\/\/bahiaeconomica.com.br\/wp\/#organization\",\"name\":\"Bahia Econ\u00f4mica\",\"url\":\"https:\/\/bahiaeconomica.com.br\/wp\/\",\"logo\":{\"@type\":\"ImageObject\",\"inLanguage\":\"pt-BR\",\"@id\":\"https:\/\/bahiaeconomica.com.br\/wp\/#\/schema\/logo\/image\/\",\"url\":\"https:\/\/bahiaeconomica.com.br\/wp\/wp-content\/uploads\/2020\/12\/cropped-BE.png\",\"contentUrl\":\"https:\/\/bahiaeconomica.com.br\/wp\/wp-content\/uploads\/2020\/12\/cropped-BE.png\",\"width\":512,\"height\":512,\"caption\":\"Bahia Econ\u00f4mica\"},\"image\":{\"@id\":\"https:\/\/bahiaeconomica.com.br\/wp\/#\/schema\/logo\/image\/\"},\"sameAs\":[\"https:\/\/www.facebook.com\/bahiaeconomica\"]},{\"@type\":\"Person\",\"@id\":\"https:\/\/bahiaeconomica.com.br\/wp\/#\/schema\/person\/1ce30764265540f754d66197c4212789\",\"name\":\"LUANA NEIVA\",\"sameAs\":[\"http:\/\/www.bahiaeconomica.com.br\"],\"url\":\"https:\/\/bahiaeconomica.com.br\/wp\/author\/luana-neiva\/\"}]}<\/script>\n<!-- \/ Yoast SEO plugin. -->","yoast_head_json":{"title":"WERNER NEGA POSSIBILIDADE DE INTERVEN\u00c7\u00c3O NA SEGURAN\u00c7A P\u00daBLICA DA BAHIA: \"N\u00c3O VEJO NECESSIDADE\" - Bahia Economica","description":"Ele ainda afirmou que confia plenamente na estrutura de persecu\u00e7\u00e3o penal da pol\u00edcia civil e militar","robots":{"index":"index","follow":"follow","max-snippet":"max-snippet:-1","max-image-preview":"max-image-preview:large","max-video-preview":"max-video-preview:-1"},"canonical":"https:\/\/bahiaeconomica.com.br\/wp\/2023\/09\/04\/werner-nega-possibilidade-de-intervencao-na-seguranca-publica-da-bahia-nao-vejo-necessidade\/","og_locale":"pt_BR","og_type":"article","og_title":"WERNER NEGA POSSIBILIDADE DE INTERVEN\u00c7\u00c3O NA SEGURAN\u00c7A P\u00daBLICA DA BAHIA: \"N\u00c3O VEJO NECESSIDADE\" - Bahia Economica","og_description":"Ele ainda afirmou que confia plenamente na estrutura de persecu\u00e7\u00e3o penal da pol\u00edcia civil e militar","og_url":"https:\/\/bahiaeconomica.com.br\/wp\/2023\/09\/04\/werner-nega-possibilidade-de-intervencao-na-seguranca-publica-da-bahia-nao-vejo-necessidade\/","og_site_name":"Bahia Economica","article_publisher":"https:\/\/www.facebook.com\/bahiaeconomica","article_published_time":"2023-09-04T17:57:13+00:00","article_modified_time":"2023-09-04T18:01:37+00:00","og_image":[{"width":1000,"height":666,"url":"https:\/\/bahiaeconomica.com.br\/wp\/wp-content\/uploads\/2023\/09\/3807d6a350395ab63b3979c08ce382ac.jpg","type":"image\/jpeg"}],"author":"LUANA NEIVA","twitter_card":"summary_large_image","twitter_misc":{"Escrito por":"LUANA NEIVA","Est. tempo de leitura":"2 minutos"},"schema":{"@context":"https:\/\/schema.org","@graph":[{"@type":"Article","@id":"https:\/\/bahiaeconomica.com.br\/wp\/2023\/09\/04\/werner-nega-possibilidade-de-intervencao-na-seguranca-publica-da-bahia-nao-vejo-necessidade\/#article","isPartOf":{"@id":"https:\/\/bahiaeconomica.com.br\/wp\/2023\/09\/04\/werner-nega-possibilidade-de-intervencao-na-seguranca-publica-da-bahia-nao-vejo-necessidade\/"},"author":{"name":"LUANA NEIVA","@id":"https:\/\/bahiaeconomica.com.br\/wp\/#\/schema\/person\/1ce30764265540f754d66197c4212789"},"headline":"WERNER NEGA POSSIBILIDADE DE INTERVEN\u00c7\u00c3O NA SEGURAN\u00c7A P\u00daBLICA DA BAHIA: &#8220;N\u00c3O VEJO NECESSIDADE&#8221;","datePublished":"2023-09-04T17:57:13+00:00","dateModified":"2023-09-04T18:01:37+00:00","mainEntityOfPage":{"@id":"https:\/\/bahiaeconomica.com.br\/wp\/2023\/09\/04\/werner-nega-possibilidade-de-intervencao-na-seguranca-publica-da-bahia-nao-vejo-necessidade\/"},"wordCount":359,"publisher":{"@id":"https:\/\/bahiaeconomica.com.br\/wp\/#organization"},"keywords":["Bahia","entrevista","seguran\u00e7a"],"articleSection":["DESTAQUE DO DIA","Pol\u00edtica"],"inLanguage":"pt-BR"},{"@type":"WebPage","@id":"https:\/\/bahiaeconomica.com.br\/wp\/2023\/09\/04\/werner-nega-possibilidade-de-intervencao-na-seguranca-publica-da-bahia-nao-vejo-necessidade\/","url":"https:\/\/bahiaeconomica.com.br\/wp\/2023\/09\/04\/werner-nega-possibilidade-de-intervencao-na-seguranca-publica-da-bahia-nao-vejo-necessidade\/","name":"WERNER NEGA POSSIBILIDADE DE INTERVEN\u00c7\u00c3O NA SEGURAN\u00c7A P\u00daBLICA DA BAHIA: \"N\u00c3O VEJO NECESSIDADE\" - Bahia Economica","isPartOf":{"@id":"https:\/\/bahiaeconomica.com.br\/wp\/#website"},"datePublished":"2023-09-04T17:57:13+00:00","dateModified":"2023-09-04T18:01:37+00:00","description":"Ele ainda afirmou que confia plenamente na estrutura de persecu\u00e7\u00e3o penal da pol\u00edcia civil e militar","breadcrumb":{"@id":"https:\/\/bahiaeconomica.com.br\/wp\/2023\/09\/04\/werner-nega-possibilidade-de-intervencao-na-seguranca-publica-da-bahia-nao-vejo-necessidade\/#breadcrumb"},"inLanguage":"pt-BR","potentialAction":[{"@type":"ReadAction","target":["https:\/\/bahiaeconomica.com.br\/wp\/2023\/09\/04\/werner-nega-possibilidade-de-intervencao-na-seguranca-publica-da-bahia-nao-vejo-necessidade\/"]}]},{"@type":"BreadcrumbList","@id":"https:\/\/bahiaeconomica.com.br\/wp\/2023\/09\/04\/werner-nega-possibilidade-de-intervencao-na-seguranca-publica-da-bahia-nao-vejo-necessidade\/#breadcrumb","itemListElement":[{"@type":"ListItem","position":1,"name":"In\u00edcio","item":"https:\/\/bahiaeconomica.com.br\/wp\/"},{"@type":"ListItem","position":2,"name":"WERNER NEGA POSSIBILIDADE DE INTERVEN\u00c7\u00c3O NA SEGURAN\u00c7A P\u00daBLICA DA BAHIA: &#8220;N\u00c3O VEJO NECESSIDADE&#8221;"}]},{"@type":"WebSite","@id":"https:\/\/bahiaeconomica.com.br\/wp\/#website","url":"https:\/\/bahiaeconomica.com.br\/wp\/","name":"Bahia Economica","description":"O maior portal de Economia da Bahia","publisher":{"@id":"https:\/\/bahiaeconomica.com.br\/wp\/#organization"},"potentialAction":[{"@type":"SearchAction","target":{"@type":"EntryPoint","urlTemplate":"https:\/\/bahiaeconomica.com.br\/wp\/?s={search_term_string}"},"query-input":"required name=search_term_string"}],"inLanguage":"pt-BR"},{"@type":"Organization","@id":"https:\/\/bahiaeconomica.com.br\/wp\/#organization","name":"Bahia Econ\u00f4mica","url":"https:\/\/bahiaeconomica.com.br\/wp\/","logo":{"@type":"ImageObject","inLanguage":"pt-BR","@id":"https:\/\/bahiaeconomica.com.br\/wp\/#\/schema\/logo\/image\/","url":"https:\/\/bahiaeconomica.com.br\/wp\/wp-content\/uploads\/2020\/12\/cropped-BE.png","contentUrl":"https:\/\/bahiaeconomica.com.br\/wp\/wp-content\/uploads\/2020\/12\/cropped-BE.png","width":512,"height":512,"caption":"Bahia Econ\u00f4mica"},"image":{"@id":"https:\/\/bahiaeconomica.com.br\/wp\/#\/schema\/logo\/image\/"},"sameAs":["https:\/\/www.facebook.com\/bahiaeconomica"]},{"@type":"Person","@id":"https:\/\/bahiaeconomica.com.br\/wp\/#\/schema\/person\/1ce30764265540f754d66197c4212789","name":"LUANA NEIVA","sameAs":["http:\/\/www.bahiaeconomica.com.br"],"url":"https:\/\/bahiaeconomica.com.br\/wp\/author\/luana-neiva\/"}]}},"views":90,"_links":{"self":[{"href":"https:\/\/bahiaeconomica.com.br\/wp\/wp-json\/wp\/v2\/posts\/759884"}],"collection":[{"href":"https:\/\/bahiaeconomica.com.br\/wp\/wp-json\/wp\/v2\/posts"}],"about":[{"href":"https:\/\/bahiaeconomica.com.br\/wp\/wp-json\/wp\/v2\/types\/post"}],"author":[{"embeddable":true,"href":"https:\/\/bahiaeconomica.com.br\/wp\/wp-json\/wp\/v2\/users\/17"}],"replies":[{"embeddable":true,"href":"https:\/\/bahiaeconomica.com.br\/wp\/wp-json\/wp\/v2\/comments?post=759884"}],"version-history":[{"count":1,"href":"https:\/\/bahiaeconomica.com.br\/wp\/wp-json\/wp\/v2\/posts\/759884\/revisions"}],"predecessor-version":[{"id":759895,"href":"https:\/\/bahiaeconomica.com.br\/wp\/wp-json\/wp\/v2\/posts\/759884\/revisions\/759895"}],"wp:featuredmedia":[{"embeddable":true,"href":"https:\/\/bahiaeconomica.com.br\/wp\/wp-json\/wp\/v2\/media\/759892"}],"wp:attachment":[{"href":"https:\/\/bahiaeconomica.com.br\/wp\/wp-json\/wp\/v2\/media?parent=759884"}],"wp:term":[{"taxonomy":"category","embeddable":true,"href":"https:\/\/bahiaeconomica.com.br\/wp\/wp-json\/wp\/v2\/categories?post=759884"},{"taxonomy":"post_tag","embeddable":true,"href":"https:\/\/bahiaeconomica.com.br\/wp\/wp-json\/wp\/v2\/tags?post=759884"}],"curies":[{"name":"wp","href":"https:\/\/api.w.org\/{rel}","templated":true}]}}