{"id":759465,"date":"2023-09-01T17:00:39","date_gmt":"2023-09-01T20:00:39","guid":{"rendered":"https:\/\/bahiaeconomica.com.br\/wp\/?p=759465"},"modified":"2023-09-01T17:06:03","modified_gmt":"2023-09-01T20:06:03","slug":"ze-trindade-explica-sobre-sua-retirada-da-disputa-para-eleicoes-2024-em-salvador","status":"publish","type":"post","link":"https:\/\/bahiaeconomica.com.br\/wp\/2023\/09\/01\/ze-trindade-explica-sobre-sua-retirada-da-disputa-para-eleicoes-2024-em-salvador\/","title":{"rendered":"PRESIDENTE DA CONDER EXPLICA SOBRE SUA RETIRADA DA DISPUTA PARA ELEI\u00c7\u00d5ES 2024, EM SALVADOR"},"content":{"rendered":"<p>Nesta sexta (01), o presidente da Conder, Z\u00e9 Trindade, <strong><a href=\"https:\/\/bahiaeconomica.com.br\/wp\/2023\/09\/01\/fora-do-pareo-presidente-da-conder-retira-nome-da-disputa-para-2024-em-salvador\/\">retirou deu nome da disputa<\/a><\/strong> para a Prefeitura de Salvador, em 2024. Ele afirmou que continuar\u00e1 trabalhando por Salvador, honrando todos os compromissos assumidos com o governador Jer\u00f4nimo (PT), \u00e0 frente da companhia estadual.<\/p>\n<p>Segundo Trindade, a retirada do seu nome foi motivada por quest\u00f5es m\u00e9dicas. Ele tamb\u00e9m agradeceu por todo apoio recebido durante o processo de indica\u00e7\u00e3o para disputa interna.<\/p>\n<p>\u201cSou muito grato a todos e todas que confiaram em meu nome para disputar as elei\u00e7\u00f5es na capital, mas neste momento meu foco \u00e9 continuar transformando a vida das pessoas \u00e0 frente da Conder e dedicar aten\u00e7\u00e3o especial \u00e0 sa\u00fade, respeitando as orienta\u00e7\u00f5es m\u00e9dicas que recebi ap\u00f3s uma interven\u00e7\u00e3o card\u00edaca\u201d, afirmou.<\/p>\n<p>Ainda de acordo com Jos\u00e9 Trindade, a decis\u00e3o n\u00e3o ter\u00e1 volta.<\/p>\n<p>\u201c\u00c9 uma decis\u00e3o irrevers\u00edvel. Estou muito bem ap\u00f3s o procedimento, tenho trabalhado com a mesma intensidade de sempre \u00e0 frente da Conder, mas precisarei ser mais rigoroso nos cuidados com a sa\u00fade nos pr\u00f3ximos meses para que a recupera\u00e7\u00e3o seja plena e r\u00e1pida. O momento \u00e9 incompat\u00edvel com uma mudan\u00e7a de rotina para uma agenda mais intensa de campanha\u201d, explicou o gestor.<\/p>\n<p>Ao A Tarde, o presidente da Conder projetou a possibilidade de disputar as elei\u00e7\u00f5es de 2026.<\/p>\n<p>&#8220;2026 \u00e9 logo ali. Em fun\u00e7\u00e3o disso [da quest\u00e3o de sa\u00fade], eu preferi abdicar [da pr\u00e9-candidatura a prefeito de Salvador] e tratar da minha sa\u00fade. Isso n\u00e3o vai me impedir de forma nenhuma de continuar no grupo, ajudando o Jer\u00f4nimo com o candidato [a prefeito] que ser\u00e1 definido, para que a gente possa representar esse projeto pol\u00edtico vitorioso na Bahia nesses \u00faltimos 16 anos e meio&#8221;, concluiu.<\/p>\n<p>&nbsp;<\/p>\n<blockquote class=\"twitter-tweet\">\n<p dir=\"ltr\" lang=\"pt\">Sou muito grato a todos que confiaram em mim para disputar as elei\u00e7\u00f5es na capital, mas neste momento meu foco \u00e9 continuar transformando vidas \u00e0 frente da Conder e dedicar aten\u00e7\u00e3o especial \u00e0 sa\u00fade, respeitando as orienta\u00e7\u00f5es m\u00e9dicas que recebi ap\u00f3s uma interven\u00e7\u00e3o card\u00edaca.<\/p>\n<p>\u2014 Z\u00e9 Trindade (@zetrindade_) <a href=\"https:\/\/twitter.com\/zetrindade_\/status\/1697694474137170013?ref_src=twsrc%5Etfw\">September 1, 2023<\/a><\/p><\/blockquote>\n<p><script async src=\"https:\/\/platform.twitter.com\/widgets.js\" charset=\"utf-8\"><\/script><\/p>\n<p>Foto: Reprodu\u00e7\u00e3o\/Redes Sociais<\/p>\n","protected":false},"excerpt":{"rendered":"<p>Nesta sexta (01), o presidente da Conder, Z\u00e9 Trindade, retirou deu nome da disputa para a Prefeitura de Salvador, em 2024. Ele afirmou que continuar\u00e1 trabalhando por Salvador, honrando todos os compromissos assumidos com o governador Jer\u00f4nimo (PT), \u00e0 frente da companhia estadual. Segundo Trindade, a retirada do seu nome foi motivada por quest\u00f5es m\u00e9dicas. [&hellip;]<\/p>\n","protected":false},"author":6,"featured_media":759466,"comment_status":"closed","ping_status":"closed","sticky":false,"template":"","format":"standard","meta":[],"categories":[14,14601],"tags":[85,2819,700,1544,100,73,14127],"acf":[],"yoast_head":"<!-- This site is optimized with the Yoast SEO plugin v20.8 - https:\/\/yoast.com\/wordpress\/plugins\/seo\/ -->\n<title>PRESIDENTE DA CONDER EXPLICA SOBRE SUA RETIRADA DA DISPUTA PARA ELEI\u00c7\u00d5ES 2024, EM SALVADOR - Bahia Economica<\/title>\n<meta name=\"description\" content=\"O maior portal de Economia da Bahia DESTAQUE DO DIA, Pol\u00edtica Bahia Economica\" \/>\n<meta name=\"robots\" content=\"index, follow, max-snippet:-1, max-image-preview:large, max-video-preview:-1\" \/>\n<link rel=\"canonical\" href=\"https:\/\/bahiaeconomica.com.br\/wp\/2023\/09\/01\/ze-trindade-explica-sobre-sua-retirada-da-disputa-para-eleicoes-2024-em-salvador\/\" \/>\n<meta property=\"og:locale\" content=\"pt_BR\" \/>\n<meta property=\"og:type\" content=\"article\" \/>\n<meta property=\"og:title\" content=\"PRESIDENTE DA CONDER EXPLICA SOBRE SUA RETIRADA DA DISPUTA PARA ELEI\u00c7\u00d5ES 2024, EM SALVADOR - Bahia Economica\" \/>\n<meta property=\"og:description\" content=\"O maior portal de Economia da Bahia DESTAQUE DO DIA, Pol\u00edtica Bahia Economica\" \/>\n<meta property=\"og:url\" content=\"https:\/\/bahiaeconomica.com.br\/wp\/2023\/09\/01\/ze-trindade-explica-sobre-sua-retirada-da-disputa-para-eleicoes-2024-em-salvador\/\" \/>\n<meta property=\"og:site_name\" content=\"Bahia Economica\" \/>\n<meta property=\"article:publisher\" content=\"https:\/\/www.facebook.com\/bahiaeconomica\" \/>\n<meta property=\"article:published_time\" content=\"2023-09-01T20:00:39+00:00\" \/>\n<meta property=\"article:modified_time\" content=\"2023-09-01T20:06:03+00:00\" \/>\n<meta property=\"og:image\" content=\"https:\/\/bahiaeconomica.com.br\/wp\/wp-content\/uploads\/2023\/09\/zetrindade_1-768x511-1.jpg\" \/>\n\t<meta property=\"og:image:width\" content=\"770\" \/>\n\t<meta property=\"og:image:height\" content=\"474\" \/>\n\t<meta property=\"og:image:type\" content=\"image\/jpeg\" \/>\n<meta name=\"author\" content=\"DS\" \/>\n<meta name=\"twitter:card\" content=\"summary_large_image\" \/>\n<meta name=\"twitter:label1\" content=\"Escrito por\" \/>\n\t<meta name=\"twitter:data1\" content=\"DS\" \/>\n\t<meta name=\"twitter:label2\" content=\"Est. tempo de leitura\" \/>\n\t<meta name=\"twitter:data2\" content=\"2 minutos\" \/>\n<script type=\"application\/ld+json\" class=\"yoast-schema-graph\">{\"@context\":\"https:\/\/schema.org\",\"@graph\":[{\"@type\":\"Article\",\"@id\":\"https:\/\/bahiaeconomica.com.br\/wp\/2023\/09\/01\/ze-trindade-explica-sobre-sua-retirada-da-disputa-para-eleicoes-2024-em-salvador\/#article\",\"isPartOf\":{\"@id\":\"https:\/\/bahiaeconomica.com.br\/wp\/2023\/09\/01\/ze-trindade-explica-sobre-sua-retirada-da-disputa-para-eleicoes-2024-em-salvador\/\"},\"author\":{\"name\":\"DS\",\"@id\":\"https:\/\/bahiaeconomica.com.br\/wp\/#\/schema\/person\/756f314c5bfa87c7b43a2850854305a1\"},\"headline\":\"PRESIDENTE DA CONDER EXPLICA SOBRE SUA RETIRADA DA DISPUTA PARA ELEI\u00c7\u00d5ES 2024, EM SALVADOR\",\"datePublished\":\"2023-09-01T20:00:39+00:00\",\"dateModified\":\"2023-09-01T20:06:03+00:00\",\"mainEntityOfPage\":{\"@id\":\"https:\/\/bahiaeconomica.com.br\/wp\/2023\/09\/01\/ze-trindade-explica-sobre-sua-retirada-da-disputa-para-eleicoes-2024-em-salvador\/\"},\"wordCount\":370,\"publisher\":{\"@id\":\"https:\/\/bahiaeconomica.com.br\/wp\/#organization\"},\"keywords\":[\"Bahia\",\"conder\",\"eleicoes\",\"jeronimo\",\"Pol\u00edtica\",\"Salvador\",\"Z\u00e9 Trindade\"],\"articleSection\":[\"DESTAQUE DO DIA\",\"Pol\u00edtica\"],\"inLanguage\":\"pt-BR\"},{\"@type\":\"WebPage\",\"@id\":\"https:\/\/bahiaeconomica.com.br\/wp\/2023\/09\/01\/ze-trindade-explica-sobre-sua-retirada-da-disputa-para-eleicoes-2024-em-salvador\/\",\"url\":\"https:\/\/bahiaeconomica.com.br\/wp\/2023\/09\/01\/ze-trindade-explica-sobre-sua-retirada-da-disputa-para-eleicoes-2024-em-salvador\/\",\"name\":\"PRESIDENTE DA CONDER EXPLICA SOBRE SUA RETIRADA DA DISPUTA PARA ELEI\u00c7\u00d5ES 2024, EM SALVADOR - Bahia Economica\",\"isPartOf\":{\"@id\":\"https:\/\/bahiaeconomica.com.br\/wp\/#website\"},\"datePublished\":\"2023-09-01T20:00:39+00:00\",\"dateModified\":\"2023-09-01T20:06:03+00:00\",\"description\":\"O maior portal de Economia da Bahia DESTAQUE DO DIA, Pol\u00edtica Bahia Economica\",\"breadcrumb\":{\"@id\":\"https:\/\/bahiaeconomica.com.br\/wp\/2023\/09\/01\/ze-trindade-explica-sobre-sua-retirada-da-disputa-para-eleicoes-2024-em-salvador\/#breadcrumb\"},\"inLanguage\":\"pt-BR\",\"potentialAction\":[{\"@type\":\"ReadAction\",\"target\":[\"https:\/\/bahiaeconomica.com.br\/wp\/2023\/09\/01\/ze-trindade-explica-sobre-sua-retirada-da-disputa-para-eleicoes-2024-em-salvador\/\"]}]},{\"@type\":\"BreadcrumbList\",\"@id\":\"https:\/\/bahiaeconomica.com.br\/wp\/2023\/09\/01\/ze-trindade-explica-sobre-sua-retirada-da-disputa-para-eleicoes-2024-em-salvador\/#breadcrumb\",\"itemListElement\":[{\"@type\":\"ListItem\",\"position\":1,\"name\":\"In\u00edcio\",\"item\":\"https:\/\/bahiaeconomica.com.br\/wp\/\"},{\"@type\":\"ListItem\",\"position\":2,\"name\":\"PRESIDENTE DA CONDER EXPLICA SOBRE SUA RETIRADA DA DISPUTA PARA ELEI\u00c7\u00d5ES 2024, EM SALVADOR\"}]},{\"@type\":\"WebSite\",\"@id\":\"https:\/\/bahiaeconomica.com.br\/wp\/#website\",\"url\":\"https:\/\/bahiaeconomica.com.br\/wp\/\",\"name\":\"Bahia Economica\",\"description\":\"O maior portal de Economia da Bahia\",\"publisher\":{\"@id\":\"https:\/\/bahiaeconomica.com.br\/wp\/#organization\"},\"potentialAction\":[{\"@type\":\"SearchAction\",\"target\":{\"@type\":\"EntryPoint\",\"urlTemplate\":\"https:\/\/bahiaeconomica.com.br\/wp\/?s={search_term_string}\"},\"query-input\":\"required name=search_term_string\"}],\"inLanguage\":\"pt-BR\"},{\"@type\":\"Organization\",\"@id\":\"https:\/\/bahiaeconomica.com.br\/wp\/#organization\",\"name\":\"Bahia Econ\u00f4mica\",\"url\":\"https:\/\/bahiaeconomica.com.br\/wp\/\",\"logo\":{\"@type\":\"ImageObject\",\"inLanguage\":\"pt-BR\",\"@id\":\"https:\/\/bahiaeconomica.com.br\/wp\/#\/schema\/logo\/image\/\",\"url\":\"https:\/\/bahiaeconomica.com.br\/wp\/wp-content\/uploads\/2020\/12\/cropped-BE.png\",\"contentUrl\":\"https:\/\/bahiaeconomica.com.br\/wp\/wp-content\/uploads\/2020\/12\/cropped-BE.png\",\"width\":512,\"height\":512,\"caption\":\"Bahia Econ\u00f4mica\"},\"image\":{\"@id\":\"https:\/\/bahiaeconomica.com.br\/wp\/#\/schema\/logo\/image\/\"},\"sameAs\":[\"https:\/\/www.facebook.com\/bahiaeconomica\"]},{\"@type\":\"Person\",\"@id\":\"https:\/\/bahiaeconomica.com.br\/wp\/#\/schema\/person\/756f314c5bfa87c7b43a2850854305a1\",\"name\":\"DS\",\"sameAs\":[\"https:\/\/bahiaeconomica.com.br\/wp\/beta\/\"],\"url\":\"https:\/\/bahiaeconomica.com.br\/wp\/author\/ds\/\"}]}<\/script>\n<!-- \/ Yoast SEO plugin. -->","yoast_head_json":{"title":"PRESIDENTE DA CONDER EXPLICA SOBRE SUA RETIRADA DA DISPUTA PARA ELEI\u00c7\u00d5ES 2024, EM SALVADOR - Bahia Economica","description":"O maior portal de Economia da Bahia DESTAQUE DO DIA, Pol\u00edtica Bahia Economica","robots":{"index":"index","follow":"follow","max-snippet":"max-snippet:-1","max-image-preview":"max-image-preview:large","max-video-preview":"max-video-preview:-1"},"canonical":"https:\/\/bahiaeconomica.com.br\/wp\/2023\/09\/01\/ze-trindade-explica-sobre-sua-retirada-da-disputa-para-eleicoes-2024-em-salvador\/","og_locale":"pt_BR","og_type":"article","og_title":"PRESIDENTE DA CONDER EXPLICA SOBRE SUA RETIRADA DA DISPUTA PARA ELEI\u00c7\u00d5ES 2024, EM SALVADOR - Bahia Economica","og_description":"O maior portal de Economia da Bahia DESTAQUE DO DIA, Pol\u00edtica Bahia Economica","og_url":"https:\/\/bahiaeconomica.com.br\/wp\/2023\/09\/01\/ze-trindade-explica-sobre-sua-retirada-da-disputa-para-eleicoes-2024-em-salvador\/","og_site_name":"Bahia Economica","article_publisher":"https:\/\/www.facebook.com\/bahiaeconomica","article_published_time":"2023-09-01T20:00:39+00:00","article_modified_time":"2023-09-01T20:06:03+00:00","og_image":[{"width":770,"height":474,"url":"https:\/\/bahiaeconomica.com.br\/wp\/wp-content\/uploads\/2023\/09\/zetrindade_1-768x511-1.jpg","type":"image\/jpeg"}],"author":"DS","twitter_card":"summary_large_image","twitter_misc":{"Escrito por":"DS","Est. tempo de leitura":"2 minutos"},"schema":{"@context":"https:\/\/schema.org","@graph":[{"@type":"Article","@id":"https:\/\/bahiaeconomica.com.br\/wp\/2023\/09\/01\/ze-trindade-explica-sobre-sua-retirada-da-disputa-para-eleicoes-2024-em-salvador\/#article","isPartOf":{"@id":"https:\/\/bahiaeconomica.com.br\/wp\/2023\/09\/01\/ze-trindade-explica-sobre-sua-retirada-da-disputa-para-eleicoes-2024-em-salvador\/"},"author":{"name":"DS","@id":"https:\/\/bahiaeconomica.com.br\/wp\/#\/schema\/person\/756f314c5bfa87c7b43a2850854305a1"},"headline":"PRESIDENTE DA CONDER EXPLICA SOBRE SUA RETIRADA DA DISPUTA PARA ELEI\u00c7\u00d5ES 2024, EM SALVADOR","datePublished":"2023-09-01T20:00:39+00:00","dateModified":"2023-09-01T20:06:03+00:00","mainEntityOfPage":{"@id":"https:\/\/bahiaeconomica.com.br\/wp\/2023\/09\/01\/ze-trindade-explica-sobre-sua-retirada-da-disputa-para-eleicoes-2024-em-salvador\/"},"wordCount":370,"publisher":{"@id":"https:\/\/bahiaeconomica.com.br\/wp\/#organization"},"keywords":["Bahia","conder","eleicoes","jeronimo","Pol\u00edtica","Salvador","Z\u00e9 Trindade"],"articleSection":["DESTAQUE DO DIA","Pol\u00edtica"],"inLanguage":"pt-BR"},{"@type":"WebPage","@id":"https:\/\/bahiaeconomica.com.br\/wp\/2023\/09\/01\/ze-trindade-explica-sobre-sua-retirada-da-disputa-para-eleicoes-2024-em-salvador\/","url":"https:\/\/bahiaeconomica.com.br\/wp\/2023\/09\/01\/ze-trindade-explica-sobre-sua-retirada-da-disputa-para-eleicoes-2024-em-salvador\/","name":"PRESIDENTE DA CONDER EXPLICA SOBRE SUA RETIRADA DA DISPUTA PARA ELEI\u00c7\u00d5ES 2024, EM SALVADOR - Bahia Economica","isPartOf":{"@id":"https:\/\/bahiaeconomica.com.br\/wp\/#website"},"datePublished":"2023-09-01T20:00:39+00:00","dateModified":"2023-09-01T20:06:03+00:00","description":"O maior portal de Economia da Bahia DESTAQUE DO DIA, Pol\u00edtica Bahia Economica","breadcrumb":{"@id":"https:\/\/bahiaeconomica.com.br\/wp\/2023\/09\/01\/ze-trindade-explica-sobre-sua-retirada-da-disputa-para-eleicoes-2024-em-salvador\/#breadcrumb"},"inLanguage":"pt-BR","potentialAction":[{"@type":"ReadAction","target":["https:\/\/bahiaeconomica.com.br\/wp\/2023\/09\/01\/ze-trindade-explica-sobre-sua-retirada-da-disputa-para-eleicoes-2024-em-salvador\/"]}]},{"@type":"BreadcrumbList","@id":"https:\/\/bahiaeconomica.com.br\/wp\/2023\/09\/01\/ze-trindade-explica-sobre-sua-retirada-da-disputa-para-eleicoes-2024-em-salvador\/#breadcrumb","itemListElement":[{"@type":"ListItem","position":1,"name":"In\u00edcio","item":"https:\/\/bahiaeconomica.com.br\/wp\/"},{"@type":"ListItem","position":2,"name":"PRESIDENTE DA CONDER EXPLICA SOBRE SUA RETIRADA DA DISPUTA PARA ELEI\u00c7\u00d5ES 2024, EM SALVADOR"}]},{"@type":"WebSite","@id":"https:\/\/bahiaeconomica.com.br\/wp\/#website","url":"https:\/\/bahiaeconomica.com.br\/wp\/","name":"Bahia Economica","description":"O maior portal de Economia da Bahia","publisher":{"@id":"https:\/\/bahiaeconomica.com.br\/wp\/#organization"},"potentialAction":[{"@type":"SearchAction","target":{"@type":"EntryPoint","urlTemplate":"https:\/\/bahiaeconomica.com.br\/wp\/?s={search_term_string}"},"query-input":"required name=search_term_string"}],"inLanguage":"pt-BR"},{"@type":"Organization","@id":"https:\/\/bahiaeconomica.com.br\/wp\/#organization","name":"Bahia Econ\u00f4mica","url":"https:\/\/bahiaeconomica.com.br\/wp\/","logo":{"@type":"ImageObject","inLanguage":"pt-BR","@id":"https:\/\/bahiaeconomica.com.br\/wp\/#\/schema\/logo\/image\/","url":"https:\/\/bahiaeconomica.com.br\/wp\/wp-content\/uploads\/2020\/12\/cropped-BE.png","contentUrl":"https:\/\/bahiaeconomica.com.br\/wp\/wp-content\/uploads\/2020\/12\/cropped-BE.png","width":512,"height":512,"caption":"Bahia Econ\u00f4mica"},"image":{"@id":"https:\/\/bahiaeconomica.com.br\/wp\/#\/schema\/logo\/image\/"},"sameAs":["https:\/\/www.facebook.com\/bahiaeconomica"]},{"@type":"Person","@id":"https:\/\/bahiaeconomica.com.br\/wp\/#\/schema\/person\/756f314c5bfa87c7b43a2850854305a1","name":"DS","sameAs":["https:\/\/bahiaeconomica.com.br\/wp\/beta\/"],"url":"https:\/\/bahiaeconomica.com.br\/wp\/author\/ds\/"}]}},"views":64,"_links":{"self":[{"href":"https:\/\/bahiaeconomica.com.br\/wp\/wp-json\/wp\/v2\/posts\/759465"}],"collection":[{"href":"https:\/\/bahiaeconomica.com.br\/wp\/wp-json\/wp\/v2\/posts"}],"about":[{"href":"https:\/\/bahiaeconomica.com.br\/wp\/wp-json\/wp\/v2\/types\/post"}],"author":[{"embeddable":true,"href":"https:\/\/bahiaeconomica.com.br\/wp\/wp-json\/wp\/v2\/users\/6"}],"replies":[{"embeddable":true,"href":"https:\/\/bahiaeconomica.com.br\/wp\/wp-json\/wp\/v2\/comments?post=759465"}],"version-history":[{"count":3,"href":"https:\/\/bahiaeconomica.com.br\/wp\/wp-json\/wp\/v2\/posts\/759465\/revisions"}],"predecessor-version":[{"id":759492,"href":"https:\/\/bahiaeconomica.com.br\/wp\/wp-json\/wp\/v2\/posts\/759465\/revisions\/759492"}],"wp:featuredmedia":[{"embeddable":true,"href":"https:\/\/bahiaeconomica.com.br\/wp\/wp-json\/wp\/v2\/media\/759466"}],"wp:attachment":[{"href":"https:\/\/bahiaeconomica.com.br\/wp\/wp-json\/wp\/v2\/media?parent=759465"}],"wp:term":[{"taxonomy":"category","embeddable":true,"href":"https:\/\/bahiaeconomica.com.br\/wp\/wp-json\/wp\/v2\/categories?post=759465"},{"taxonomy":"post_tag","embeddable":true,"href":"https:\/\/bahiaeconomica.com.br\/wp\/wp-json\/wp\/v2\/tags?post=759465"}],"curies":[{"name":"wp","href":"https:\/\/api.w.org\/{rel}","templated":true}]}}