{"id":759243,"date":"2023-09-01T08:29:11","date_gmt":"2023-09-01T11:29:11","guid":{"rendered":"https:\/\/bahiaeconomica.com.br\/wp\/?p=759243"},"modified":"2023-09-01T08:29:45","modified_gmt":"2023-09-01T11:29:45","slug":"prazo-para-pedidos-de-reaplicacao-do-encceja-acaba-nesta-sexta-feira","status":"publish","type":"post","link":"https:\/\/bahiaeconomica.com.br\/wp\/2023\/09\/01\/prazo-para-pedidos-de-reaplicacao-do-encceja-acaba-nesta-sexta-feira\/","title":{"rendered":"PRAZO PARA PEDIDOS DE REAPLICA\u00c7\u00c3O DO ENCCEJA ACABA NESTA SEXTA-FEIRA"},"content":{"rendered":"<p>Os participantes que &#8211; por problemas log\u00edsticos ou de sa\u00fade &#8211; n\u00e3o puderam fazer o Exame Nacional para Certifica\u00e7\u00e3o de Compet\u00eancias de Jovens e Adultos (Encceja) 2023 t\u00eam at\u00e9 esta sexta-feira (1\u00ba) para apresentar pedido de reaplica\u00e7\u00e3o da prova.<\/p>\n<p>Segundo o Instituto Nacional de Estudos e Pesquisas Educacionais An\u00edsio Teixeira (Inep), a oportunidade \u00e9 voltada \u201capenas aos participantes que tiveram problemas log\u00edsticos no domingo, 27 de agosto, ou que apresentaram sintomas de doen\u00e7as infectocontagiosas na v\u00e9spera da aplica\u00e7\u00e3o\u201d. As solicita\u00e7\u00f5es devem ser feitas por meio do Sistema Encceja.<\/p>\n<p>Conforme previsto no edital, nos casos em que o participante tinha suspeita de doen\u00e7a infectocontagiosa ser\u00e1 necess\u00e1rio constar o nome completo dele, o diagn\u00f3stico com a descri\u00e7\u00e3o da condi\u00e7\u00e3o e o c\u00f3digo da Classifica\u00e7\u00e3o Internacional de Doen\u00e7a, al\u00e9m da assinatura e da identifica\u00e7\u00e3o do profissional respons\u00e1vel pelo diagn\u00f3stico, \u201ccom registro no Conselho Regional de Medicina (CRM), Minist\u00e9rio da Sa\u00fade ou \u00f3rg\u00e3o competente\u201d.<br \/>\n\u00c9 necess\u00e1rio anexar o documento em formato PDF, PNG ou JPG, no tamanho m\u00e1ximo de 2 MB.<\/p>\n<p>A reaplica\u00e7\u00e3o ocorrer\u00e1 nos dias 17 e 18 de outubro, datas em que est\u00e1 prevista a realiza\u00e7\u00e3o do exame para Pessoas Privadas de Liberdade ou Sob Medida Socioeducativa que inclua priva\u00e7\u00e3o de liberdade (Encceja PPL).<\/p>\n<p>No caso de pessoas que tiveram problemas log\u00edsticos, o pedido para reaplica\u00e7\u00e3o do exame s\u00f3 ter\u00e1 efeito nas situa\u00e7\u00f5es previstas em edital, o que abrange, por exemplo, desastres naturais ou falta de energia el\u00e9trica que prejudicaram a aplica\u00e7\u00e3o do exame. A situa\u00e7\u00e3o dever\u00e1 ser relatada por meio do Sistema Encceja.<\/p>\n<p>Foto: USP Imagens<br \/>\nFonte: Ag\u00eancia Brasil<\/p>\n","protected":false},"excerpt":{"rendered":"<p>Os participantes que &#8211; por problemas log\u00edsticos ou de sa\u00fade &#8211; n\u00e3o puderam fazer o Exame Nacional para Certifica\u00e7\u00e3o de Compet\u00eancias de Jovens e Adultos (Encceja) 2023 t\u00eam at\u00e9 esta sexta-feira (1\u00ba) para apresentar pedido de reaplica\u00e7\u00e3o da prova. Segundo o Instituto Nacional de Estudos e Pesquisas Educacionais An\u00edsio Teixeira (Inep), a oportunidade \u00e9 voltada [&hellip;]<\/p>\n","protected":false},"author":15,"featured_media":759245,"comment_status":"closed","ping_status":"closed","sticky":false,"template":"","format":"standard","meta":[],"categories":[21],"tags":[10580,19350,1080,10497,58],"acf":[],"yoast_head":"<!-- This site is optimized with the Yoast SEO plugin v20.8 - https:\/\/yoast.com\/wordpress\/plugins\/seo\/ -->\n<title>PRAZO PARA PEDIDOS DE REAPLICA\u00c7\u00c3O DO ENCCEJA ACABA NESTA SEXTA-FEIRA - Bahia Economica<\/title>\n<meta name=\"description\" content=\"O maior portal de Economia da Bahia Sa\u00fade \/ Educa\u00e7\u00e3o Bahia Economica Os participantes que - por problemas log\u00edsticos ou de sa\u00fade - n\u00e3o puderam fazer o Exame\" \/>\n<meta name=\"robots\" content=\"index, follow, max-snippet:-1, max-image-preview:large, max-video-preview:-1\" \/>\n<link rel=\"canonical\" href=\"https:\/\/bahiaeconomica.com.br\/wp\/2023\/09\/01\/prazo-para-pedidos-de-reaplicacao-do-encceja-acaba-nesta-sexta-feira\/\" \/>\n<meta property=\"og:locale\" content=\"pt_BR\" \/>\n<meta property=\"og:type\" content=\"article\" \/>\n<meta property=\"og:title\" content=\"PRAZO PARA PEDIDOS DE REAPLICA\u00c7\u00c3O DO ENCCEJA ACABA NESTA SEXTA-FEIRA - Bahia Economica\" \/>\n<meta property=\"og:description\" content=\"O maior portal de Economia da Bahia Sa\u00fade \/ Educa\u00e7\u00e3o Bahia Economica Os participantes que - por problemas log\u00edsticos ou de sa\u00fade - n\u00e3o puderam fazer o Exame\" \/>\n<meta property=\"og:url\" content=\"https:\/\/bahiaeconomica.com.br\/wp\/2023\/09\/01\/prazo-para-pedidos-de-reaplicacao-do-encceja-acaba-nesta-sexta-feira\/\" \/>\n<meta property=\"og:site_name\" content=\"Bahia Economica\" \/>\n<meta property=\"article:publisher\" content=\"https:\/\/www.facebook.com\/bahiaeconomica\" \/>\n<meta property=\"article:published_time\" content=\"2023-09-01T11:29:11+00:00\" \/>\n<meta property=\"article:modified_time\" content=\"2023-09-01T11:29:45+00:00\" \/>\n<meta property=\"og:image\" content=\"https:\/\/bahiaeconomica.com.br\/wp\/wp-content\/uploads\/2023\/09\/2426871251-vestibular-fuvest-prova-aluno-alunos-enem-sala-de-aula-usp-imagens.jpg\" \/>\n\t<meta property=\"og:image:width\" content=\"1920\" \/>\n\t<meta property=\"og:image:height\" content=\"1280\" \/>\n\t<meta property=\"og:image:type\" content=\"image\/jpeg\" \/>\n<meta name=\"author\" content=\"VICTORIA ISABEL\" \/>\n<meta name=\"twitter:card\" content=\"summary_large_image\" \/>\n<meta name=\"twitter:label1\" content=\"Escrito por\" \/>\n\t<meta name=\"twitter:data1\" content=\"VICTORIA ISABEL\" \/>\n\t<meta name=\"twitter:label2\" content=\"Est. tempo de leitura\" \/>\n\t<meta name=\"twitter:data2\" content=\"2 minutos\" \/>\n<script type=\"application\/ld+json\" class=\"yoast-schema-graph\">{\"@context\":\"https:\/\/schema.org\",\"@graph\":[{\"@type\":\"Article\",\"@id\":\"https:\/\/bahiaeconomica.com.br\/wp\/2023\/09\/01\/prazo-para-pedidos-de-reaplicacao-do-encceja-acaba-nesta-sexta-feira\/#article\",\"isPartOf\":{\"@id\":\"https:\/\/bahiaeconomica.com.br\/wp\/2023\/09\/01\/prazo-para-pedidos-de-reaplicacao-do-encceja-acaba-nesta-sexta-feira\/\"},\"author\":{\"name\":\"VICTORIA ISABEL\",\"@id\":\"https:\/\/bahiaeconomica.com.br\/wp\/#\/schema\/person\/b719ce0fb1c09f3c7a00d9243ced4a6f\"},\"headline\":\"PRAZO PARA PEDIDOS DE REAPLICA\u00c7\u00c3O DO ENCCEJA ACABA NESTA SEXTA-FEIRA\",\"datePublished\":\"2023-09-01T11:29:11+00:00\",\"dateModified\":\"2023-09-01T11:29:45+00:00\",\"mainEntityOfPage\":{\"@id\":\"https:\/\/bahiaeconomica.com.br\/wp\/2023\/09\/01\/prazo-para-pedidos-de-reaplicacao-do-encceja-acaba-nesta-sexta-feira\/\"},\"wordCount\":301,\"publisher\":{\"@id\":\"https:\/\/bahiaeconomica.com.br\/wp\/#organization\"},\"keywords\":[\"encceja\",\"log\u00edsticos\",\"prova\",\"reaplica\u00e7\u00e3o\",\"sa\u00fade\"],\"articleSection\":[\"Sa\u00fade \/ Educa\u00e7\u00e3o\"],\"inLanguage\":\"pt-BR\"},{\"@type\":\"WebPage\",\"@id\":\"https:\/\/bahiaeconomica.com.br\/wp\/2023\/09\/01\/prazo-para-pedidos-de-reaplicacao-do-encceja-acaba-nesta-sexta-feira\/\",\"url\":\"https:\/\/bahiaeconomica.com.br\/wp\/2023\/09\/01\/prazo-para-pedidos-de-reaplicacao-do-encceja-acaba-nesta-sexta-feira\/\",\"name\":\"PRAZO PARA PEDIDOS DE REAPLICA\u00c7\u00c3O DO ENCCEJA ACABA NESTA SEXTA-FEIRA - Bahia Economica\",\"isPartOf\":{\"@id\":\"https:\/\/bahiaeconomica.com.br\/wp\/#website\"},\"datePublished\":\"2023-09-01T11:29:11+00:00\",\"dateModified\":\"2023-09-01T11:29:45+00:00\",\"description\":\"O maior portal de Economia da Bahia Sa\u00fade \/ Educa\u00e7\u00e3o Bahia Economica Os participantes que - por problemas log\u00edsticos ou de sa\u00fade - n\u00e3o puderam fazer o Exame\",\"breadcrumb\":{\"@id\":\"https:\/\/bahiaeconomica.com.br\/wp\/2023\/09\/01\/prazo-para-pedidos-de-reaplicacao-do-encceja-acaba-nesta-sexta-feira\/#breadcrumb\"},\"inLanguage\":\"pt-BR\",\"potentialAction\":[{\"@type\":\"ReadAction\",\"target\":[\"https:\/\/bahiaeconomica.com.br\/wp\/2023\/09\/01\/prazo-para-pedidos-de-reaplicacao-do-encceja-acaba-nesta-sexta-feira\/\"]}]},{\"@type\":\"BreadcrumbList\",\"@id\":\"https:\/\/bahiaeconomica.com.br\/wp\/2023\/09\/01\/prazo-para-pedidos-de-reaplicacao-do-encceja-acaba-nesta-sexta-feira\/#breadcrumb\",\"itemListElement\":[{\"@type\":\"ListItem\",\"position\":1,\"name\":\"In\u00edcio\",\"item\":\"https:\/\/bahiaeconomica.com.br\/wp\/\"},{\"@type\":\"ListItem\",\"position\":2,\"name\":\"PRAZO PARA PEDIDOS DE REAPLICA\u00c7\u00c3O DO ENCCEJA ACABA NESTA SEXTA-FEIRA\"}]},{\"@type\":\"WebSite\",\"@id\":\"https:\/\/bahiaeconomica.com.br\/wp\/#website\",\"url\":\"https:\/\/bahiaeconomica.com.br\/wp\/\",\"name\":\"Bahia Economica\",\"description\":\"O maior portal de Economia da Bahia\",\"publisher\":{\"@id\":\"https:\/\/bahiaeconomica.com.br\/wp\/#organization\"},\"potentialAction\":[{\"@type\":\"SearchAction\",\"target\":{\"@type\":\"EntryPoint\",\"urlTemplate\":\"https:\/\/bahiaeconomica.com.br\/wp\/?s={search_term_string}\"},\"query-input\":\"required name=search_term_string\"}],\"inLanguage\":\"pt-BR\"},{\"@type\":\"Organization\",\"@id\":\"https:\/\/bahiaeconomica.com.br\/wp\/#organization\",\"name\":\"Bahia Econ\u00f4mica\",\"url\":\"https:\/\/bahiaeconomica.com.br\/wp\/\",\"logo\":{\"@type\":\"ImageObject\",\"inLanguage\":\"pt-BR\",\"@id\":\"https:\/\/bahiaeconomica.com.br\/wp\/#\/schema\/logo\/image\/\",\"url\":\"https:\/\/bahiaeconomica.com.br\/wp\/wp-content\/uploads\/2020\/12\/cropped-BE.png\",\"contentUrl\":\"https:\/\/bahiaeconomica.com.br\/wp\/wp-content\/uploads\/2020\/12\/cropped-BE.png\",\"width\":512,\"height\":512,\"caption\":\"Bahia Econ\u00f4mica\"},\"image\":{\"@id\":\"https:\/\/bahiaeconomica.com.br\/wp\/#\/schema\/logo\/image\/\"},\"sameAs\":[\"https:\/\/www.facebook.com\/bahiaeconomica\"]},{\"@type\":\"Person\",\"@id\":\"https:\/\/bahiaeconomica.com.br\/wp\/#\/schema\/person\/b719ce0fb1c09f3c7a00d9243ced4a6f\",\"name\":\"VICTORIA ISABEL\",\"sameAs\":[\"http:\/\/www.bahiaeconomica.com.br\"],\"url\":\"https:\/\/bahiaeconomica.com.br\/wp\/author\/victoria-isabel\/\"}]}<\/script>\n<!-- \/ Yoast SEO plugin. -->","yoast_head_json":{"title":"PRAZO PARA PEDIDOS DE REAPLICA\u00c7\u00c3O DO ENCCEJA ACABA NESTA SEXTA-FEIRA - Bahia Economica","description":"O maior portal de Economia da Bahia Sa\u00fade \/ Educa\u00e7\u00e3o Bahia Economica Os participantes que - por problemas log\u00edsticos ou de sa\u00fade - n\u00e3o puderam fazer o Exame","robots":{"index":"index","follow":"follow","max-snippet":"max-snippet:-1","max-image-preview":"max-image-preview:large","max-video-preview":"max-video-preview:-1"},"canonical":"https:\/\/bahiaeconomica.com.br\/wp\/2023\/09\/01\/prazo-para-pedidos-de-reaplicacao-do-encceja-acaba-nesta-sexta-feira\/","og_locale":"pt_BR","og_type":"article","og_title":"PRAZO PARA PEDIDOS DE REAPLICA\u00c7\u00c3O DO ENCCEJA ACABA NESTA SEXTA-FEIRA - Bahia Economica","og_description":"O maior portal de Economia da Bahia Sa\u00fade \/ Educa\u00e7\u00e3o Bahia Economica Os participantes que - por problemas log\u00edsticos ou de sa\u00fade - n\u00e3o puderam fazer o Exame","og_url":"https:\/\/bahiaeconomica.com.br\/wp\/2023\/09\/01\/prazo-para-pedidos-de-reaplicacao-do-encceja-acaba-nesta-sexta-feira\/","og_site_name":"Bahia Economica","article_publisher":"https:\/\/www.facebook.com\/bahiaeconomica","article_published_time":"2023-09-01T11:29:11+00:00","article_modified_time":"2023-09-01T11:29:45+00:00","og_image":[{"width":1920,"height":1280,"url":"https:\/\/bahiaeconomica.com.br\/wp\/wp-content\/uploads\/2023\/09\/2426871251-vestibular-fuvest-prova-aluno-alunos-enem-sala-de-aula-usp-imagens.jpg","type":"image\/jpeg"}],"author":"VICTORIA ISABEL","twitter_card":"summary_large_image","twitter_misc":{"Escrito por":"VICTORIA ISABEL","Est. tempo de leitura":"2 minutos"},"schema":{"@context":"https:\/\/schema.org","@graph":[{"@type":"Article","@id":"https:\/\/bahiaeconomica.com.br\/wp\/2023\/09\/01\/prazo-para-pedidos-de-reaplicacao-do-encceja-acaba-nesta-sexta-feira\/#article","isPartOf":{"@id":"https:\/\/bahiaeconomica.com.br\/wp\/2023\/09\/01\/prazo-para-pedidos-de-reaplicacao-do-encceja-acaba-nesta-sexta-feira\/"},"author":{"name":"VICTORIA ISABEL","@id":"https:\/\/bahiaeconomica.com.br\/wp\/#\/schema\/person\/b719ce0fb1c09f3c7a00d9243ced4a6f"},"headline":"PRAZO PARA PEDIDOS DE REAPLICA\u00c7\u00c3O DO ENCCEJA ACABA NESTA SEXTA-FEIRA","datePublished":"2023-09-01T11:29:11+00:00","dateModified":"2023-09-01T11:29:45+00:00","mainEntityOfPage":{"@id":"https:\/\/bahiaeconomica.com.br\/wp\/2023\/09\/01\/prazo-para-pedidos-de-reaplicacao-do-encceja-acaba-nesta-sexta-feira\/"},"wordCount":301,"publisher":{"@id":"https:\/\/bahiaeconomica.com.br\/wp\/#organization"},"keywords":["encceja","log\u00edsticos","prova","reaplica\u00e7\u00e3o","sa\u00fade"],"articleSection":["Sa\u00fade \/ Educa\u00e7\u00e3o"],"inLanguage":"pt-BR"},{"@type":"WebPage","@id":"https:\/\/bahiaeconomica.com.br\/wp\/2023\/09\/01\/prazo-para-pedidos-de-reaplicacao-do-encceja-acaba-nesta-sexta-feira\/","url":"https:\/\/bahiaeconomica.com.br\/wp\/2023\/09\/01\/prazo-para-pedidos-de-reaplicacao-do-encceja-acaba-nesta-sexta-feira\/","name":"PRAZO PARA PEDIDOS DE REAPLICA\u00c7\u00c3O DO ENCCEJA ACABA NESTA SEXTA-FEIRA - Bahia Economica","isPartOf":{"@id":"https:\/\/bahiaeconomica.com.br\/wp\/#website"},"datePublished":"2023-09-01T11:29:11+00:00","dateModified":"2023-09-01T11:29:45+00:00","description":"O maior portal de Economia da Bahia Sa\u00fade \/ Educa\u00e7\u00e3o Bahia Economica Os participantes que - por problemas log\u00edsticos ou de sa\u00fade - n\u00e3o puderam fazer o Exame","breadcrumb":{"@id":"https:\/\/bahiaeconomica.com.br\/wp\/2023\/09\/01\/prazo-para-pedidos-de-reaplicacao-do-encceja-acaba-nesta-sexta-feira\/#breadcrumb"},"inLanguage":"pt-BR","potentialAction":[{"@type":"ReadAction","target":["https:\/\/bahiaeconomica.com.br\/wp\/2023\/09\/01\/prazo-para-pedidos-de-reaplicacao-do-encceja-acaba-nesta-sexta-feira\/"]}]},{"@type":"BreadcrumbList","@id":"https:\/\/bahiaeconomica.com.br\/wp\/2023\/09\/01\/prazo-para-pedidos-de-reaplicacao-do-encceja-acaba-nesta-sexta-feira\/#breadcrumb","itemListElement":[{"@type":"ListItem","position":1,"name":"In\u00edcio","item":"https:\/\/bahiaeconomica.com.br\/wp\/"},{"@type":"ListItem","position":2,"name":"PRAZO PARA PEDIDOS DE REAPLICA\u00c7\u00c3O DO ENCCEJA ACABA NESTA SEXTA-FEIRA"}]},{"@type":"WebSite","@id":"https:\/\/bahiaeconomica.com.br\/wp\/#website","url":"https:\/\/bahiaeconomica.com.br\/wp\/","name":"Bahia Economica","description":"O maior portal de Economia da Bahia","publisher":{"@id":"https:\/\/bahiaeconomica.com.br\/wp\/#organization"},"potentialAction":[{"@type":"SearchAction","target":{"@type":"EntryPoint","urlTemplate":"https:\/\/bahiaeconomica.com.br\/wp\/?s={search_term_string}"},"query-input":"required name=search_term_string"}],"inLanguage":"pt-BR"},{"@type":"Organization","@id":"https:\/\/bahiaeconomica.com.br\/wp\/#organization","name":"Bahia Econ\u00f4mica","url":"https:\/\/bahiaeconomica.com.br\/wp\/","logo":{"@type":"ImageObject","inLanguage":"pt-BR","@id":"https:\/\/bahiaeconomica.com.br\/wp\/#\/schema\/logo\/image\/","url":"https:\/\/bahiaeconomica.com.br\/wp\/wp-content\/uploads\/2020\/12\/cropped-BE.png","contentUrl":"https:\/\/bahiaeconomica.com.br\/wp\/wp-content\/uploads\/2020\/12\/cropped-BE.png","width":512,"height":512,"caption":"Bahia Econ\u00f4mica"},"image":{"@id":"https:\/\/bahiaeconomica.com.br\/wp\/#\/schema\/logo\/image\/"},"sameAs":["https:\/\/www.facebook.com\/bahiaeconomica"]},{"@type":"Person","@id":"https:\/\/bahiaeconomica.com.br\/wp\/#\/schema\/person\/b719ce0fb1c09f3c7a00d9243ced4a6f","name":"VICTORIA ISABEL","sameAs":["http:\/\/www.bahiaeconomica.com.br"],"url":"https:\/\/bahiaeconomica.com.br\/wp\/author\/victoria-isabel\/"}]}},"views":17,"_links":{"self":[{"href":"https:\/\/bahiaeconomica.com.br\/wp\/wp-json\/wp\/v2\/posts\/759243"}],"collection":[{"href":"https:\/\/bahiaeconomica.com.br\/wp\/wp-json\/wp\/v2\/posts"}],"about":[{"href":"https:\/\/bahiaeconomica.com.br\/wp\/wp-json\/wp\/v2\/types\/post"}],"author":[{"embeddable":true,"href":"https:\/\/bahiaeconomica.com.br\/wp\/wp-json\/wp\/v2\/users\/15"}],"replies":[{"embeddable":true,"href":"https:\/\/bahiaeconomica.com.br\/wp\/wp-json\/wp\/v2\/comments?post=759243"}],"version-history":[{"count":2,"href":"https:\/\/bahiaeconomica.com.br\/wp\/wp-json\/wp\/v2\/posts\/759243\/revisions"}],"predecessor-version":[{"id":759247,"href":"https:\/\/bahiaeconomica.com.br\/wp\/wp-json\/wp\/v2\/posts\/759243\/revisions\/759247"}],"wp:featuredmedia":[{"embeddable":true,"href":"https:\/\/bahiaeconomica.com.br\/wp\/wp-json\/wp\/v2\/media\/759245"}],"wp:attachment":[{"href":"https:\/\/bahiaeconomica.com.br\/wp\/wp-json\/wp\/v2\/media?parent=759243"}],"wp:term":[{"taxonomy":"category","embeddable":true,"href":"https:\/\/bahiaeconomica.com.br\/wp\/wp-json\/wp\/v2\/categories?post=759243"},{"taxonomy":"post_tag","embeddable":true,"href":"https:\/\/bahiaeconomica.com.br\/wp\/wp-json\/wp\/v2\/tags?post=759243"}],"curies":[{"name":"wp","href":"https:\/\/api.w.org\/{rel}","templated":true}]}}