{"id":758585,"date":"2023-08-30T11:46:28","date_gmt":"2023-08-30T14:46:28","guid":{"rendered":"https:\/\/bahiaeconomica.com.br\/wp\/?p=758585"},"modified":"2023-08-30T11:49:31","modified_gmt":"2023-08-30T14:49:31","slug":"tivoli-ecoresort-praia-do-forte-e-eleito-melhor-resort-de-praia-da-america-do-sul","status":"publish","type":"post","link":"https:\/\/bahiaeconomica.com.br\/wp\/2023\/08\/30\/tivoli-ecoresort-praia-do-forte-e-eleito-melhor-resort-de-praia-da-america-do-sul\/","title":{"rendered":"RESORT NA BAHIA \u00c9  ELEITO O MELHOR DA AM\u00c9RICA DO SUL"},"content":{"rendered":"<p>O Tivoli Ecoresort Praia do Forte, localizado em Mata de S\u00e3o Jo\u00e3o, no Litoral Norte baiano, foi eleito o Melhor Resort de Praia da Am\u00e9rica do Sul, em mais uma edi\u00e7\u00e3o do World Travel Awards Caribe &amp; The Americas 2023.<\/p>\n<p>A escolha foi feita por profissionais das ind\u00fastrias de viagens e turismo que se reuniram, no \u00faltimo final de semana, na ilha paradis\u00edaca de Santa Lucia, no Caribe.<\/p>\n<p>O pr\u00eamio \u00e9 uma iniciativa global para reconhecer a excel\u00eancia das empresas de viagens e turismo. Os World Travel Awards ou WTAs servem tamb\u00e9m para incentivar e fomentar a excel\u00eancia em todos os setores da ind\u00fastria global do turismo.<\/p>\n<p>O Tivoli Ecoresort Praia do Forte \u00e9 o destino ideal para os amantes do ecoturismo, de belezas naturais e do prazer de desfrutar de tempo e conforto num resort de luxo na Bahia, perto de Salvador.<\/p>\n<p>Foto: Divulga\u00e7\u00e3o<\/p>\n","protected":false},"excerpt":{"rendered":"<p>O Tivoli Ecoresort Praia do Forte, localizado em Mata de S\u00e3o Jo\u00e3o, no Litoral Norte baiano, foi eleito o Melhor Resort de Praia da Am\u00e9rica do Sul, em mais uma edi\u00e7\u00e3o do World Travel Awards Caribe &amp; The Americas 2023. A escolha foi feita por profissionais das ind\u00fastrias de viagens e turismo que se reuniram, [&hellip;]<\/p>\n","protected":false},"author":15,"featured_media":758586,"comment_status":"closed","ping_status":"closed","sticky":false,"template":"","format":"standard","meta":[],"categories":[7],"tags":[85,1094,9441,19193],"acf":[],"yoast_head":"<!-- This site is optimized with the Yoast SEO plugin v20.8 - https:\/\/yoast.com\/wordpress\/plugins\/seo\/ -->\n<title>RESORT NA BAHIA \u00c9 ELEITO O MELHOR DA AM\u00c9RICA DO SUL - Bahia Economica<\/title>\n<meta name=\"description\" content=\"O maior portal de Economia da Bahia BAHIA INVEST Bahia Economica O Tivoli Ecoresort Praia do Forte, localizado em Mata de S\u00e3o Jo\u00e3o,\" \/>\n<meta name=\"robots\" content=\"index, follow, max-snippet:-1, max-image-preview:large, max-video-preview:-1\" \/>\n<link rel=\"canonical\" href=\"https:\/\/bahiaeconomica.com.br\/wp\/2023\/08\/30\/tivoli-ecoresort-praia-do-forte-e-eleito-melhor-resort-de-praia-da-america-do-sul\/\" \/>\n<meta property=\"og:locale\" content=\"pt_BR\" \/>\n<meta property=\"og:type\" content=\"article\" \/>\n<meta property=\"og:title\" content=\"RESORT NA BAHIA \u00c9 ELEITO O MELHOR DA AM\u00c9RICA DO SUL - Bahia Economica\" \/>\n<meta property=\"og:description\" content=\"O maior portal de Economia da Bahia BAHIA INVEST Bahia Economica O Tivoli Ecoresort Praia do Forte, localizado em Mata de S\u00e3o Jo\u00e3o,\" \/>\n<meta property=\"og:url\" content=\"https:\/\/bahiaeconomica.com.br\/wp\/2023\/08\/30\/tivoli-ecoresort-praia-do-forte-e-eleito-melhor-resort-de-praia-da-america-do-sul\/\" \/>\n<meta property=\"og:site_name\" content=\"Bahia Economica\" \/>\n<meta property=\"article:publisher\" content=\"https:\/\/www.facebook.com\/bahiaeconomica\" \/>\n<meta property=\"article:published_time\" content=\"2023-08-30T14:46:28+00:00\" \/>\n<meta property=\"article:modified_time\" content=\"2023-08-30T14:49:31+00:00\" \/>\n<meta property=\"og:image\" content=\"https:\/\/bahiaeconomica.com.br\/wp\/wp-content\/uploads\/2023\/08\/WhatsApp-Image-2023-08-30-at-11.42.51.jpeg\" \/>\n\t<meta property=\"og:image:width\" content=\"1230\" \/>\n\t<meta property=\"og:image:height\" content=\"637\" \/>\n\t<meta property=\"og:image:type\" content=\"image\/jpeg\" \/>\n<meta name=\"author\" content=\"VICTORIA ISABEL\" \/>\n<meta name=\"twitter:card\" content=\"summary_large_image\" \/>\n<meta name=\"twitter:label1\" content=\"Escrito por\" \/>\n\t<meta name=\"twitter:data1\" content=\"VICTORIA ISABEL\" \/>\n\t<meta name=\"twitter:label2\" content=\"Est. tempo de leitura\" \/>\n\t<meta name=\"twitter:data2\" content=\"1 minuto\" \/>\n<script type=\"application\/ld+json\" class=\"yoast-schema-graph\">{\"@context\":\"https:\/\/schema.org\",\"@graph\":[{\"@type\":\"Article\",\"@id\":\"https:\/\/bahiaeconomica.com.br\/wp\/2023\/08\/30\/tivoli-ecoresort-praia-do-forte-e-eleito-melhor-resort-de-praia-da-america-do-sul\/#article\",\"isPartOf\":{\"@id\":\"https:\/\/bahiaeconomica.com.br\/wp\/2023\/08\/30\/tivoli-ecoresort-praia-do-forte-e-eleito-melhor-resort-de-praia-da-america-do-sul\/\"},\"author\":{\"name\":\"VICTORIA ISABEL\",\"@id\":\"https:\/\/bahiaeconomica.com.br\/wp\/#\/schema\/person\/b719ce0fb1c09f3c7a00d9243ced4a6f\"},\"headline\":\"RESORT NA BAHIA \u00c9 ELEITO O MELHOR DA AM\u00c9RICA DO SUL\",\"datePublished\":\"2023-08-30T14:46:28+00:00\",\"dateModified\":\"2023-08-30T14:49:31+00:00\",\"mainEntityOfPage\":{\"@id\":\"https:\/\/bahiaeconomica.com.br\/wp\/2023\/08\/30\/tivoli-ecoresort-praia-do-forte-e-eleito-melhor-resort-de-praia-da-america-do-sul\/\"},\"wordCount\":165,\"publisher\":{\"@id\":\"https:\/\/bahiaeconomica.com.br\/wp\/#organization\"},\"keywords\":[\"Bahia\",\"premio\",\"resort\",\"Tivoli Ecoresort Praia do Forte\"],\"articleSection\":[\"BAHIA INVEST\"],\"inLanguage\":\"pt-BR\"},{\"@type\":\"WebPage\",\"@id\":\"https:\/\/bahiaeconomica.com.br\/wp\/2023\/08\/30\/tivoli-ecoresort-praia-do-forte-e-eleito-melhor-resort-de-praia-da-america-do-sul\/\",\"url\":\"https:\/\/bahiaeconomica.com.br\/wp\/2023\/08\/30\/tivoli-ecoresort-praia-do-forte-e-eleito-melhor-resort-de-praia-da-america-do-sul\/\",\"name\":\"RESORT NA BAHIA \u00c9 ELEITO O MELHOR DA AM\u00c9RICA DO SUL - Bahia Economica\",\"isPartOf\":{\"@id\":\"https:\/\/bahiaeconomica.com.br\/wp\/#website\"},\"datePublished\":\"2023-08-30T14:46:28+00:00\",\"dateModified\":\"2023-08-30T14:49:31+00:00\",\"description\":\"O maior portal de Economia da Bahia BAHIA INVEST Bahia Economica O Tivoli Ecoresort Praia do Forte, localizado em Mata de S\u00e3o Jo\u00e3o,\",\"breadcrumb\":{\"@id\":\"https:\/\/bahiaeconomica.com.br\/wp\/2023\/08\/30\/tivoli-ecoresort-praia-do-forte-e-eleito-melhor-resort-de-praia-da-america-do-sul\/#breadcrumb\"},\"inLanguage\":\"pt-BR\",\"potentialAction\":[{\"@type\":\"ReadAction\",\"target\":[\"https:\/\/bahiaeconomica.com.br\/wp\/2023\/08\/30\/tivoli-ecoresort-praia-do-forte-e-eleito-melhor-resort-de-praia-da-america-do-sul\/\"]}]},{\"@type\":\"BreadcrumbList\",\"@id\":\"https:\/\/bahiaeconomica.com.br\/wp\/2023\/08\/30\/tivoli-ecoresort-praia-do-forte-e-eleito-melhor-resort-de-praia-da-america-do-sul\/#breadcrumb\",\"itemListElement\":[{\"@type\":\"ListItem\",\"position\":1,\"name\":\"In\u00edcio\",\"item\":\"https:\/\/bahiaeconomica.com.br\/wp\/\"},{\"@type\":\"ListItem\",\"position\":2,\"name\":\"RESORT NA BAHIA \u00c9 ELEITO O MELHOR DA AM\u00c9RICA DO SUL\"}]},{\"@type\":\"WebSite\",\"@id\":\"https:\/\/bahiaeconomica.com.br\/wp\/#website\",\"url\":\"https:\/\/bahiaeconomica.com.br\/wp\/\",\"name\":\"Bahia Economica\",\"description\":\"O maior portal de Economia da Bahia\",\"publisher\":{\"@id\":\"https:\/\/bahiaeconomica.com.br\/wp\/#organization\"},\"potentialAction\":[{\"@type\":\"SearchAction\",\"target\":{\"@type\":\"EntryPoint\",\"urlTemplate\":\"https:\/\/bahiaeconomica.com.br\/wp\/?s={search_term_string}\"},\"query-input\":\"required name=search_term_string\"}],\"inLanguage\":\"pt-BR\"},{\"@type\":\"Organization\",\"@id\":\"https:\/\/bahiaeconomica.com.br\/wp\/#organization\",\"name\":\"Bahia Econ\u00f4mica\",\"url\":\"https:\/\/bahiaeconomica.com.br\/wp\/\",\"logo\":{\"@type\":\"ImageObject\",\"inLanguage\":\"pt-BR\",\"@id\":\"https:\/\/bahiaeconomica.com.br\/wp\/#\/schema\/logo\/image\/\",\"url\":\"https:\/\/bahiaeconomica.com.br\/wp\/wp-content\/uploads\/2020\/12\/cropped-BE.png\",\"contentUrl\":\"https:\/\/bahiaeconomica.com.br\/wp\/wp-content\/uploads\/2020\/12\/cropped-BE.png\",\"width\":512,\"height\":512,\"caption\":\"Bahia Econ\u00f4mica\"},\"image\":{\"@id\":\"https:\/\/bahiaeconomica.com.br\/wp\/#\/schema\/logo\/image\/\"},\"sameAs\":[\"https:\/\/www.facebook.com\/bahiaeconomica\"]},{\"@type\":\"Person\",\"@id\":\"https:\/\/bahiaeconomica.com.br\/wp\/#\/schema\/person\/b719ce0fb1c09f3c7a00d9243ced4a6f\",\"name\":\"VICTORIA ISABEL\",\"sameAs\":[\"http:\/\/www.bahiaeconomica.com.br\"],\"url\":\"https:\/\/bahiaeconomica.com.br\/wp\/author\/victoria-isabel\/\"}]}<\/script>\n<!-- \/ Yoast SEO plugin. -->","yoast_head_json":{"title":"RESORT NA BAHIA \u00c9 ELEITO O MELHOR DA AM\u00c9RICA DO SUL - Bahia Economica","description":"O maior portal de Economia da Bahia BAHIA INVEST Bahia Economica O Tivoli Ecoresort Praia do Forte, localizado em Mata de S\u00e3o Jo\u00e3o,","robots":{"index":"index","follow":"follow","max-snippet":"max-snippet:-1","max-image-preview":"max-image-preview:large","max-video-preview":"max-video-preview:-1"},"canonical":"https:\/\/bahiaeconomica.com.br\/wp\/2023\/08\/30\/tivoli-ecoresort-praia-do-forte-e-eleito-melhor-resort-de-praia-da-america-do-sul\/","og_locale":"pt_BR","og_type":"article","og_title":"RESORT NA BAHIA \u00c9 ELEITO O MELHOR DA AM\u00c9RICA DO SUL - Bahia Economica","og_description":"O maior portal de Economia da Bahia BAHIA INVEST Bahia Economica O Tivoli Ecoresort Praia do Forte, localizado em Mata de S\u00e3o Jo\u00e3o,","og_url":"https:\/\/bahiaeconomica.com.br\/wp\/2023\/08\/30\/tivoli-ecoresort-praia-do-forte-e-eleito-melhor-resort-de-praia-da-america-do-sul\/","og_site_name":"Bahia Economica","article_publisher":"https:\/\/www.facebook.com\/bahiaeconomica","article_published_time":"2023-08-30T14:46:28+00:00","article_modified_time":"2023-08-30T14:49:31+00:00","og_image":[{"width":1230,"height":637,"url":"https:\/\/bahiaeconomica.com.br\/wp\/wp-content\/uploads\/2023\/08\/WhatsApp-Image-2023-08-30-at-11.42.51.jpeg","type":"image\/jpeg"}],"author":"VICTORIA ISABEL","twitter_card":"summary_large_image","twitter_misc":{"Escrito por":"VICTORIA ISABEL","Est. tempo de leitura":"1 minuto"},"schema":{"@context":"https:\/\/schema.org","@graph":[{"@type":"Article","@id":"https:\/\/bahiaeconomica.com.br\/wp\/2023\/08\/30\/tivoli-ecoresort-praia-do-forte-e-eleito-melhor-resort-de-praia-da-america-do-sul\/#article","isPartOf":{"@id":"https:\/\/bahiaeconomica.com.br\/wp\/2023\/08\/30\/tivoli-ecoresort-praia-do-forte-e-eleito-melhor-resort-de-praia-da-america-do-sul\/"},"author":{"name":"VICTORIA ISABEL","@id":"https:\/\/bahiaeconomica.com.br\/wp\/#\/schema\/person\/b719ce0fb1c09f3c7a00d9243ced4a6f"},"headline":"RESORT NA BAHIA \u00c9 ELEITO O MELHOR DA AM\u00c9RICA DO SUL","datePublished":"2023-08-30T14:46:28+00:00","dateModified":"2023-08-30T14:49:31+00:00","mainEntityOfPage":{"@id":"https:\/\/bahiaeconomica.com.br\/wp\/2023\/08\/30\/tivoli-ecoresort-praia-do-forte-e-eleito-melhor-resort-de-praia-da-america-do-sul\/"},"wordCount":165,"publisher":{"@id":"https:\/\/bahiaeconomica.com.br\/wp\/#organization"},"keywords":["Bahia","premio","resort","Tivoli Ecoresort Praia do Forte"],"articleSection":["BAHIA INVEST"],"inLanguage":"pt-BR"},{"@type":"WebPage","@id":"https:\/\/bahiaeconomica.com.br\/wp\/2023\/08\/30\/tivoli-ecoresort-praia-do-forte-e-eleito-melhor-resort-de-praia-da-america-do-sul\/","url":"https:\/\/bahiaeconomica.com.br\/wp\/2023\/08\/30\/tivoli-ecoresort-praia-do-forte-e-eleito-melhor-resort-de-praia-da-america-do-sul\/","name":"RESORT NA BAHIA \u00c9 ELEITO O MELHOR DA AM\u00c9RICA DO SUL - Bahia Economica","isPartOf":{"@id":"https:\/\/bahiaeconomica.com.br\/wp\/#website"},"datePublished":"2023-08-30T14:46:28+00:00","dateModified":"2023-08-30T14:49:31+00:00","description":"O maior portal de Economia da Bahia BAHIA INVEST Bahia Economica O Tivoli Ecoresort Praia do Forte, localizado em Mata de S\u00e3o Jo\u00e3o,","breadcrumb":{"@id":"https:\/\/bahiaeconomica.com.br\/wp\/2023\/08\/30\/tivoli-ecoresort-praia-do-forte-e-eleito-melhor-resort-de-praia-da-america-do-sul\/#breadcrumb"},"inLanguage":"pt-BR","potentialAction":[{"@type":"ReadAction","target":["https:\/\/bahiaeconomica.com.br\/wp\/2023\/08\/30\/tivoli-ecoresort-praia-do-forte-e-eleito-melhor-resort-de-praia-da-america-do-sul\/"]}]},{"@type":"BreadcrumbList","@id":"https:\/\/bahiaeconomica.com.br\/wp\/2023\/08\/30\/tivoli-ecoresort-praia-do-forte-e-eleito-melhor-resort-de-praia-da-america-do-sul\/#breadcrumb","itemListElement":[{"@type":"ListItem","position":1,"name":"In\u00edcio","item":"https:\/\/bahiaeconomica.com.br\/wp\/"},{"@type":"ListItem","position":2,"name":"RESORT NA BAHIA \u00c9 ELEITO O MELHOR DA AM\u00c9RICA DO SUL"}]},{"@type":"WebSite","@id":"https:\/\/bahiaeconomica.com.br\/wp\/#website","url":"https:\/\/bahiaeconomica.com.br\/wp\/","name":"Bahia Economica","description":"O maior portal de Economia da Bahia","publisher":{"@id":"https:\/\/bahiaeconomica.com.br\/wp\/#organization"},"potentialAction":[{"@type":"SearchAction","target":{"@type":"EntryPoint","urlTemplate":"https:\/\/bahiaeconomica.com.br\/wp\/?s={search_term_string}"},"query-input":"required name=search_term_string"}],"inLanguage":"pt-BR"},{"@type":"Organization","@id":"https:\/\/bahiaeconomica.com.br\/wp\/#organization","name":"Bahia Econ\u00f4mica","url":"https:\/\/bahiaeconomica.com.br\/wp\/","logo":{"@type":"ImageObject","inLanguage":"pt-BR","@id":"https:\/\/bahiaeconomica.com.br\/wp\/#\/schema\/logo\/image\/","url":"https:\/\/bahiaeconomica.com.br\/wp\/wp-content\/uploads\/2020\/12\/cropped-BE.png","contentUrl":"https:\/\/bahiaeconomica.com.br\/wp\/wp-content\/uploads\/2020\/12\/cropped-BE.png","width":512,"height":512,"caption":"Bahia Econ\u00f4mica"},"image":{"@id":"https:\/\/bahiaeconomica.com.br\/wp\/#\/schema\/logo\/image\/"},"sameAs":["https:\/\/www.facebook.com\/bahiaeconomica"]},{"@type":"Person","@id":"https:\/\/bahiaeconomica.com.br\/wp\/#\/schema\/person\/b719ce0fb1c09f3c7a00d9243ced4a6f","name":"VICTORIA ISABEL","sameAs":["http:\/\/www.bahiaeconomica.com.br"],"url":"https:\/\/bahiaeconomica.com.br\/wp\/author\/victoria-isabel\/"}]}},"views":1208,"_links":{"self":[{"href":"https:\/\/bahiaeconomica.com.br\/wp\/wp-json\/wp\/v2\/posts\/758585"}],"collection":[{"href":"https:\/\/bahiaeconomica.com.br\/wp\/wp-json\/wp\/v2\/posts"}],"about":[{"href":"https:\/\/bahiaeconomica.com.br\/wp\/wp-json\/wp\/v2\/types\/post"}],"author":[{"embeddable":true,"href":"https:\/\/bahiaeconomica.com.br\/wp\/wp-json\/wp\/v2\/users\/15"}],"replies":[{"embeddable":true,"href":"https:\/\/bahiaeconomica.com.br\/wp\/wp-json\/wp\/v2\/comments?post=758585"}],"version-history":[{"count":2,"href":"https:\/\/bahiaeconomica.com.br\/wp\/wp-json\/wp\/v2\/posts\/758585\/revisions"}],"predecessor-version":[{"id":758589,"href":"https:\/\/bahiaeconomica.com.br\/wp\/wp-json\/wp\/v2\/posts\/758585\/revisions\/758589"}],"wp:featuredmedia":[{"embeddable":true,"href":"https:\/\/bahiaeconomica.com.br\/wp\/wp-json\/wp\/v2\/media\/758586"}],"wp:attachment":[{"href":"https:\/\/bahiaeconomica.com.br\/wp\/wp-json\/wp\/v2\/media?parent=758585"}],"wp:term":[{"taxonomy":"category","embeddable":true,"href":"https:\/\/bahiaeconomica.com.br\/wp\/wp-json\/wp\/v2\/categories?post=758585"},{"taxonomy":"post_tag","embeddable":true,"href":"https:\/\/bahiaeconomica.com.br\/wp\/wp-json\/wp\/v2\/tags?post=758585"}],"curies":[{"name":"wp","href":"https:\/\/api.w.org\/{rel}","templated":true}]}}