{"id":758340,"date":"2023-08-29T15:33:33","date_gmt":"2023-08-29T18:33:33","guid":{"rendered":"https:\/\/bahiaeconomica.com.br\/wp\/?p=758340"},"modified":"2023-08-29T15:33:33","modified_gmt":"2023-08-29T18:33:33","slug":"governo-planeja-alterar-meta-de-deficit-primario-zero-para-proximo-ano","status":"publish","type":"post","link":"https:\/\/bahiaeconomica.com.br\/wp\/2023\/08\/29\/governo-planeja-alterar-meta-de-deficit-primario-zero-para-proximo-ano\/","title":{"rendered":"GOVERNO PLANEJA ALTERAR META DE D\u00c9FICIT PRIM\u00c1RIO ZERO PARA PR\u00d3XIMO ANO"},"content":{"rendered":"<p>Em meio a possibilidade de dificuldades para cumprir o resultado previsto pelo arcabou\u00e7o fiscal que substituiu o teto de gastos, o Governo Federal planeja alterar a meta de d\u00e9ficit prim\u00e1rio zero para o pr\u00f3ximo ano.<\/p>\n<p>Parte dos auxiliares de Lula apoia a revis\u00e3o para um d\u00e9ficit prim\u00e1rio entre 0,5% e 0,75% do Produto Interno Bruto (PIB) para 2024. De acordo com informa\u00e7\u00f5es do site Valor Econ\u00f4mico, fontes do Pal\u00e1cio do Planalto admitem que essa discuss\u00e3o existe dentro do governo, mas que nenhuma decis\u00e3o foi tomada at\u00e9 o momento.<\/p>\n<p>O tema ser\u00e1 discutido em reuni\u00e3o entre o presidente Luiz In\u00e1cio Lula da Silva (PT) e os ministros Rui Costa (Casa Civil), Fernando Haddad (Fazenda), Simone Tebet (Planejamento) e Esther Dweck (Gest\u00e3o). O encontro est\u00e1 previsto para acontecer na tarde desta ter\u00e7a-feira (29).<\/p>\n<p>Ainda segundo o site, a press\u00e3o est\u00e1 vindo dos ministros presidente. Fontes do Minist\u00e9rio da Fazenda e do Minist\u00e9rio do Planejamento e Or\u00e7amento, contudo, negam que haja inten\u00e7\u00e3o do governo de alterar a meta fiscal.<\/p>\n<section>Foto: Divulga\u00e7\u00e3o \/ Ag\u00eancia Brasil<\/p>\n<\/section>\n","protected":false},"excerpt":{"rendered":"<p>Em meio a possibilidade de dificuldades para cumprir o resultado previsto pelo arcabou\u00e7o fiscal que substituiu o teto de gastos, o Governo Federal planeja alterar a meta de d\u00e9ficit prim\u00e1rio zero para o pr\u00f3ximo ano. Parte dos auxiliares de Lula apoia a revis\u00e3o para um d\u00e9ficit prim\u00e1rio entre 0,5% e 0,75% do Produto Interno Bruto [&hellip;]<\/p>\n","protected":false},"author":16,"featured_media":758345,"comment_status":"closed","ping_status":"closed","sticky":false,"template":"","format":"standard","meta":[],"categories":[3],"tags":[19109,213,233],"acf":[],"yoast_head":"<!-- This site is optimized with the Yoast SEO plugin v20.8 - https:\/\/yoast.com\/wordpress\/plugins\/seo\/ -->\n<title>GOVERNO PLANEJA ALTERAR META DE D\u00c9FICIT PRIM\u00c1RIO ZERO PARA PR\u00d3XIMO ANO - Bahia Economica<\/title>\n<meta name=\"description\" content=\"Em meio a possibilidade de dificuldades para cumprir o resultado previsto pelo arcabou\u00e7o fiscal que substituiu o teto de gastos.\" \/>\n<meta name=\"robots\" content=\"index, follow, max-snippet:-1, max-image-preview:large, max-video-preview:-1\" \/>\n<link rel=\"canonical\" href=\"https:\/\/bahiaeconomica.com.br\/wp\/2023\/08\/29\/governo-planeja-alterar-meta-de-deficit-primario-zero-para-proximo-ano\/\" \/>\n<meta property=\"og:locale\" content=\"pt_BR\" \/>\n<meta property=\"og:type\" content=\"article\" \/>\n<meta property=\"og:title\" content=\"GOVERNO PLANEJA ALTERAR META DE D\u00c9FICIT PRIM\u00c1RIO ZERO PARA PR\u00d3XIMO ANO - Bahia Economica\" \/>\n<meta property=\"og:description\" content=\"Em meio a possibilidade de dificuldades para cumprir o resultado previsto pelo arcabou\u00e7o fiscal que substituiu o teto de gastos.\" \/>\n<meta property=\"og:url\" content=\"https:\/\/bahiaeconomica.com.br\/wp\/2023\/08\/29\/governo-planeja-alterar-meta-de-deficit-primario-zero-para-proximo-ano\/\" \/>\n<meta property=\"og:site_name\" content=\"Bahia Economica\" \/>\n<meta property=\"article:publisher\" content=\"https:\/\/www.facebook.com\/bahiaeconomica\" \/>\n<meta property=\"article:published_time\" content=\"2023-08-29T18:33:33+00:00\" \/>\n<meta property=\"og:image\" content=\"https:\/\/bahiaeconomica.com.br\/wp\/wp-content\/uploads\/2023\/08\/Prazo-para-sacar-cotas-do-PISPasep-termina-neste-s0123765200202308041104-ScaleDownProportional-1.webp\" \/>\n\t<meta property=\"og:image:width\" content=\"1170\" \/>\n\t<meta property=\"og:image:height\" content=\"700\" \/>\n\t<meta property=\"og:image:type\" content=\"image\/webp\" \/>\n<meta name=\"author\" content=\"LUIZA NASCIMENTO\" \/>\n<meta name=\"twitter:card\" content=\"summary_large_image\" \/>\n<meta name=\"twitter:label1\" content=\"Escrito por\" \/>\n\t<meta name=\"twitter:data1\" content=\"LUIZA NASCIMENTO\" \/>\n\t<meta name=\"twitter:label2\" content=\"Est. tempo de leitura\" \/>\n\t<meta name=\"twitter:data2\" content=\"1 minuto\" \/>\n<script type=\"application\/ld+json\" class=\"yoast-schema-graph\">{\"@context\":\"https:\/\/schema.org\",\"@graph\":[{\"@type\":\"Article\",\"@id\":\"https:\/\/bahiaeconomica.com.br\/wp\/2023\/08\/29\/governo-planeja-alterar-meta-de-deficit-primario-zero-para-proximo-ano\/#article\",\"isPartOf\":{\"@id\":\"https:\/\/bahiaeconomica.com.br\/wp\/2023\/08\/29\/governo-planeja-alterar-meta-de-deficit-primario-zero-para-proximo-ano\/\"},\"author\":{\"name\":\"LUIZA NASCIMENTO\",\"@id\":\"https:\/\/bahiaeconomica.com.br\/wp\/#\/schema\/person\/18273ac0fe04bfd4e7b101bf17d40152\"},\"headline\":\"GOVERNO PLANEJA ALTERAR META DE D\u00c9FICIT PRIM\u00c1RIO ZERO PARA PR\u00d3XIMO ANO\",\"datePublished\":\"2023-08-29T18:33:33+00:00\",\"dateModified\":\"2023-08-29T18:33:33+00:00\",\"mainEntityOfPage\":{\"@id\":\"https:\/\/bahiaeconomica.com.br\/wp\/2023\/08\/29\/governo-planeja-alterar-meta-de-deficit-primario-zero-para-proximo-ano\/\"},\"wordCount\":203,\"publisher\":{\"@id\":\"https:\/\/bahiaeconomica.com.br\/wp\/#organization\"},\"keywords\":[\"deficit primario zero\",\"Economia\",\"Governo\"],\"articleSection\":[\"ECONOMIA \/ POL\u00cdTICA\"],\"inLanguage\":\"pt-BR\"},{\"@type\":\"WebPage\",\"@id\":\"https:\/\/bahiaeconomica.com.br\/wp\/2023\/08\/29\/governo-planeja-alterar-meta-de-deficit-primario-zero-para-proximo-ano\/\",\"url\":\"https:\/\/bahiaeconomica.com.br\/wp\/2023\/08\/29\/governo-planeja-alterar-meta-de-deficit-primario-zero-para-proximo-ano\/\",\"name\":\"GOVERNO PLANEJA ALTERAR META DE D\u00c9FICIT PRIM\u00c1RIO ZERO PARA PR\u00d3XIMO ANO - Bahia Economica\",\"isPartOf\":{\"@id\":\"https:\/\/bahiaeconomica.com.br\/wp\/#website\"},\"datePublished\":\"2023-08-29T18:33:33+00:00\",\"dateModified\":\"2023-08-29T18:33:33+00:00\",\"description\":\"Em meio a possibilidade de dificuldades para cumprir o resultado previsto pelo arcabou\u00e7o fiscal que substituiu o teto de gastos.\",\"breadcrumb\":{\"@id\":\"https:\/\/bahiaeconomica.com.br\/wp\/2023\/08\/29\/governo-planeja-alterar-meta-de-deficit-primario-zero-para-proximo-ano\/#breadcrumb\"},\"inLanguage\":\"pt-BR\",\"potentialAction\":[{\"@type\":\"ReadAction\",\"target\":[\"https:\/\/bahiaeconomica.com.br\/wp\/2023\/08\/29\/governo-planeja-alterar-meta-de-deficit-primario-zero-para-proximo-ano\/\"]}]},{\"@type\":\"BreadcrumbList\",\"@id\":\"https:\/\/bahiaeconomica.com.br\/wp\/2023\/08\/29\/governo-planeja-alterar-meta-de-deficit-primario-zero-para-proximo-ano\/#breadcrumb\",\"itemListElement\":[{\"@type\":\"ListItem\",\"position\":1,\"name\":\"In\u00edcio\",\"item\":\"https:\/\/bahiaeconomica.com.br\/wp\/\"},{\"@type\":\"ListItem\",\"position\":2,\"name\":\"GOVERNO PLANEJA ALTERAR META DE D\u00c9FICIT PRIM\u00c1RIO ZERO PARA PR\u00d3XIMO ANO\"}]},{\"@type\":\"WebSite\",\"@id\":\"https:\/\/bahiaeconomica.com.br\/wp\/#website\",\"url\":\"https:\/\/bahiaeconomica.com.br\/wp\/\",\"name\":\"Bahia Economica\",\"description\":\"O maior portal de Economia da Bahia\",\"publisher\":{\"@id\":\"https:\/\/bahiaeconomica.com.br\/wp\/#organization\"},\"potentialAction\":[{\"@type\":\"SearchAction\",\"target\":{\"@type\":\"EntryPoint\",\"urlTemplate\":\"https:\/\/bahiaeconomica.com.br\/wp\/?s={search_term_string}\"},\"query-input\":\"required name=search_term_string\"}],\"inLanguage\":\"pt-BR\"},{\"@type\":\"Organization\",\"@id\":\"https:\/\/bahiaeconomica.com.br\/wp\/#organization\",\"name\":\"Bahia Econ\u00f4mica\",\"url\":\"https:\/\/bahiaeconomica.com.br\/wp\/\",\"logo\":{\"@type\":\"ImageObject\",\"inLanguage\":\"pt-BR\",\"@id\":\"https:\/\/bahiaeconomica.com.br\/wp\/#\/schema\/logo\/image\/\",\"url\":\"https:\/\/bahiaeconomica.com.br\/wp\/wp-content\/uploads\/2020\/12\/cropped-BE.png\",\"contentUrl\":\"https:\/\/bahiaeconomica.com.br\/wp\/wp-content\/uploads\/2020\/12\/cropped-BE.png\",\"width\":512,\"height\":512,\"caption\":\"Bahia Econ\u00f4mica\"},\"image\":{\"@id\":\"https:\/\/bahiaeconomica.com.br\/wp\/#\/schema\/logo\/image\/\"},\"sameAs\":[\"https:\/\/www.facebook.com\/bahiaeconomica\"]},{\"@type\":\"Person\",\"@id\":\"https:\/\/bahiaeconomica.com.br\/wp\/#\/schema\/person\/18273ac0fe04bfd4e7b101bf17d40152\",\"name\":\"LUIZA NASCIMENTO\",\"sameAs\":[\"http:\/\/www.bahiaeconomica.com.br\"],\"url\":\"https:\/\/bahiaeconomica.com.br\/wp\/author\/luiza-nascimento\/\"}]}<\/script>\n<!-- \/ Yoast SEO plugin. -->","yoast_head_json":{"title":"GOVERNO PLANEJA ALTERAR META DE D\u00c9FICIT PRIM\u00c1RIO ZERO PARA PR\u00d3XIMO ANO - Bahia Economica","description":"Em meio a possibilidade de dificuldades para cumprir o resultado previsto pelo arcabou\u00e7o fiscal que substituiu o teto de gastos.","robots":{"index":"index","follow":"follow","max-snippet":"max-snippet:-1","max-image-preview":"max-image-preview:large","max-video-preview":"max-video-preview:-1"},"canonical":"https:\/\/bahiaeconomica.com.br\/wp\/2023\/08\/29\/governo-planeja-alterar-meta-de-deficit-primario-zero-para-proximo-ano\/","og_locale":"pt_BR","og_type":"article","og_title":"GOVERNO PLANEJA ALTERAR META DE D\u00c9FICIT PRIM\u00c1RIO ZERO PARA PR\u00d3XIMO ANO - Bahia Economica","og_description":"Em meio a possibilidade de dificuldades para cumprir o resultado previsto pelo arcabou\u00e7o fiscal que substituiu o teto de gastos.","og_url":"https:\/\/bahiaeconomica.com.br\/wp\/2023\/08\/29\/governo-planeja-alterar-meta-de-deficit-primario-zero-para-proximo-ano\/","og_site_name":"Bahia Economica","article_publisher":"https:\/\/www.facebook.com\/bahiaeconomica","article_published_time":"2023-08-29T18:33:33+00:00","og_image":[{"width":1170,"height":700,"url":"https:\/\/bahiaeconomica.com.br\/wp\/wp-content\/uploads\/2023\/08\/Prazo-para-sacar-cotas-do-PISPasep-termina-neste-s0123765200202308041104-ScaleDownProportional-1.webp","type":"image\/webp"}],"author":"LUIZA NASCIMENTO","twitter_card":"summary_large_image","twitter_misc":{"Escrito por":"LUIZA NASCIMENTO","Est. tempo de leitura":"1 minuto"},"schema":{"@context":"https:\/\/schema.org","@graph":[{"@type":"Article","@id":"https:\/\/bahiaeconomica.com.br\/wp\/2023\/08\/29\/governo-planeja-alterar-meta-de-deficit-primario-zero-para-proximo-ano\/#article","isPartOf":{"@id":"https:\/\/bahiaeconomica.com.br\/wp\/2023\/08\/29\/governo-planeja-alterar-meta-de-deficit-primario-zero-para-proximo-ano\/"},"author":{"name":"LUIZA NASCIMENTO","@id":"https:\/\/bahiaeconomica.com.br\/wp\/#\/schema\/person\/18273ac0fe04bfd4e7b101bf17d40152"},"headline":"GOVERNO PLANEJA ALTERAR META DE D\u00c9FICIT PRIM\u00c1RIO ZERO PARA PR\u00d3XIMO ANO","datePublished":"2023-08-29T18:33:33+00:00","dateModified":"2023-08-29T18:33:33+00:00","mainEntityOfPage":{"@id":"https:\/\/bahiaeconomica.com.br\/wp\/2023\/08\/29\/governo-planeja-alterar-meta-de-deficit-primario-zero-para-proximo-ano\/"},"wordCount":203,"publisher":{"@id":"https:\/\/bahiaeconomica.com.br\/wp\/#organization"},"keywords":["deficit primario zero","Economia","Governo"],"articleSection":["ECONOMIA \/ POL\u00cdTICA"],"inLanguage":"pt-BR"},{"@type":"WebPage","@id":"https:\/\/bahiaeconomica.com.br\/wp\/2023\/08\/29\/governo-planeja-alterar-meta-de-deficit-primario-zero-para-proximo-ano\/","url":"https:\/\/bahiaeconomica.com.br\/wp\/2023\/08\/29\/governo-planeja-alterar-meta-de-deficit-primario-zero-para-proximo-ano\/","name":"GOVERNO PLANEJA ALTERAR META DE D\u00c9FICIT PRIM\u00c1RIO ZERO PARA PR\u00d3XIMO ANO - Bahia Economica","isPartOf":{"@id":"https:\/\/bahiaeconomica.com.br\/wp\/#website"},"datePublished":"2023-08-29T18:33:33+00:00","dateModified":"2023-08-29T18:33:33+00:00","description":"Em meio a possibilidade de dificuldades para cumprir o resultado previsto pelo arcabou\u00e7o fiscal que substituiu o teto de gastos.","breadcrumb":{"@id":"https:\/\/bahiaeconomica.com.br\/wp\/2023\/08\/29\/governo-planeja-alterar-meta-de-deficit-primario-zero-para-proximo-ano\/#breadcrumb"},"inLanguage":"pt-BR","potentialAction":[{"@type":"ReadAction","target":["https:\/\/bahiaeconomica.com.br\/wp\/2023\/08\/29\/governo-planeja-alterar-meta-de-deficit-primario-zero-para-proximo-ano\/"]}]},{"@type":"BreadcrumbList","@id":"https:\/\/bahiaeconomica.com.br\/wp\/2023\/08\/29\/governo-planeja-alterar-meta-de-deficit-primario-zero-para-proximo-ano\/#breadcrumb","itemListElement":[{"@type":"ListItem","position":1,"name":"In\u00edcio","item":"https:\/\/bahiaeconomica.com.br\/wp\/"},{"@type":"ListItem","position":2,"name":"GOVERNO PLANEJA ALTERAR META DE D\u00c9FICIT PRIM\u00c1RIO ZERO PARA PR\u00d3XIMO ANO"}]},{"@type":"WebSite","@id":"https:\/\/bahiaeconomica.com.br\/wp\/#website","url":"https:\/\/bahiaeconomica.com.br\/wp\/","name":"Bahia Economica","description":"O maior portal de Economia da Bahia","publisher":{"@id":"https:\/\/bahiaeconomica.com.br\/wp\/#organization"},"potentialAction":[{"@type":"SearchAction","target":{"@type":"EntryPoint","urlTemplate":"https:\/\/bahiaeconomica.com.br\/wp\/?s={search_term_string}"},"query-input":"required name=search_term_string"}],"inLanguage":"pt-BR"},{"@type":"Organization","@id":"https:\/\/bahiaeconomica.com.br\/wp\/#organization","name":"Bahia Econ\u00f4mica","url":"https:\/\/bahiaeconomica.com.br\/wp\/","logo":{"@type":"ImageObject","inLanguage":"pt-BR","@id":"https:\/\/bahiaeconomica.com.br\/wp\/#\/schema\/logo\/image\/","url":"https:\/\/bahiaeconomica.com.br\/wp\/wp-content\/uploads\/2020\/12\/cropped-BE.png","contentUrl":"https:\/\/bahiaeconomica.com.br\/wp\/wp-content\/uploads\/2020\/12\/cropped-BE.png","width":512,"height":512,"caption":"Bahia Econ\u00f4mica"},"image":{"@id":"https:\/\/bahiaeconomica.com.br\/wp\/#\/schema\/logo\/image\/"},"sameAs":["https:\/\/www.facebook.com\/bahiaeconomica"]},{"@type":"Person","@id":"https:\/\/bahiaeconomica.com.br\/wp\/#\/schema\/person\/18273ac0fe04bfd4e7b101bf17d40152","name":"LUIZA NASCIMENTO","sameAs":["http:\/\/www.bahiaeconomica.com.br"],"url":"https:\/\/bahiaeconomica.com.br\/wp\/author\/luiza-nascimento\/"}]}},"views":14,"_links":{"self":[{"href":"https:\/\/bahiaeconomica.com.br\/wp\/wp-json\/wp\/v2\/posts\/758340"}],"collection":[{"href":"https:\/\/bahiaeconomica.com.br\/wp\/wp-json\/wp\/v2\/posts"}],"about":[{"href":"https:\/\/bahiaeconomica.com.br\/wp\/wp-json\/wp\/v2\/types\/post"}],"author":[{"embeddable":true,"href":"https:\/\/bahiaeconomica.com.br\/wp\/wp-json\/wp\/v2\/users\/16"}],"replies":[{"embeddable":true,"href":"https:\/\/bahiaeconomica.com.br\/wp\/wp-json\/wp\/v2\/comments?post=758340"}],"version-history":[{"count":1,"href":"https:\/\/bahiaeconomica.com.br\/wp\/wp-json\/wp\/v2\/posts\/758340\/revisions"}],"predecessor-version":[{"id":758347,"href":"https:\/\/bahiaeconomica.com.br\/wp\/wp-json\/wp\/v2\/posts\/758340\/revisions\/758347"}],"wp:featuredmedia":[{"embeddable":true,"href":"https:\/\/bahiaeconomica.com.br\/wp\/wp-json\/wp\/v2\/media\/758345"}],"wp:attachment":[{"href":"https:\/\/bahiaeconomica.com.br\/wp\/wp-json\/wp\/v2\/media?parent=758340"}],"wp:term":[{"taxonomy":"category","embeddable":true,"href":"https:\/\/bahiaeconomica.com.br\/wp\/wp-json\/wp\/v2\/categories?post=758340"},{"taxonomy":"post_tag","embeddable":true,"href":"https:\/\/bahiaeconomica.com.br\/wp\/wp-json\/wp\/v2\/tags?post=758340"}],"curies":[{"name":"wp","href":"https:\/\/api.w.org\/{rel}","templated":true}]}}