{"id":758103,"date":"2023-08-26T11:05:31","date_gmt":"2023-08-26T14:05:31","guid":{"rendered":"https:\/\/bahiaeconomica.com.br\/wp\/?p=758103"},"modified":"2023-09-26T11:35:30","modified_gmt":"2023-09-26T14:35:30","slug":"lula-sanciona-mp-que-aumenta-salario-minimo-e-amplia-isencao-do-ir","status":"publish","type":"post","link":"https:\/\/bahiaeconomica.com.br\/wp\/2023\/08\/26\/lula-sanciona-mp-que-aumenta-salario-minimo-e-amplia-isencao-do-ir\/","title":{"rendered":"LULA SANCIONA MP QUE AUMENTA SAL\u00c1RIO M\u00cdNIMO E AMPLIA ISEN\u00c7\u00c3O DO IR"},"content":{"rendered":"<p>Nesta segunda-feira (28), Lula (PT) sancionou a medida provis\u00f3ria que autoriza o reajuste do sal\u00e1rio-m\u00ednimo e amplia a faixa de isen\u00e7\u00e3o do Imposto de Renda. Publicada em 1\u00ba de maio pelo presidente, o texto reajustou o valor de R$ 1.302 para R$ 1.320, um ganho real (acima de infla\u00e7\u00e3o).<\/p>\n<p>Segundo o texto, quem ganha at\u00e9 R$ 2.640 por m\u00eas n\u00e3o pagar\u00e1 Imposto de Renda, valor equivalente a dois sal\u00e1rios-m\u00ednimos. Atualmente, est\u00e1 isen\u00e7\u00e3o \u00e9 de R$ 1.903.<\/p>\n<p>O texto inclu\u00eda tamb\u00e9m a taxa\u00e7\u00e3o de fundos offshores, mas a medida encontrou resist\u00eancias na C\u00e2mara dos Deputados. Ap\u00f3s um acordo, os deputados retiraram o trecho por meio de um destaque. O texto aprovado pelos congressistas e sancionado por Lula estabelece a pol\u00edtica de valoriza\u00e7\u00e3o do sal\u00e1rio-m\u00ednimo, que entrar\u00e1 em vigor a partir de 1\u00ba de janeiro de 2024.<\/p>\n<div id=\"chunk-fsj6v\">\n<div class=\"mc-column content-text active-extra-styles \" data-block-type=\"unstyled\" data-block-weight=\"33\" data-block-id=\"13\">\n<p class=\"content-text__container \" data-track-category=\"Link no Texto\" data-track-links=\"\">De acordo com informa\u00e7\u00f5es do G1, conforme a nova regra, a valoriza\u00e7\u00e3o ser\u00e1 correspondente \u00e0 soma do \u00edndice de infla\u00e7\u00e3o do ano anterior com o \u00edndice correspondente ao crescimento real do Produto Interno Bruto (PIB) de dois anos anteriores.<\/p>\n<\/div>\n<\/div>\n<div id=\"chunk-1roov\">\n<div class=\"mc-column content-text active-extra-styles \" data-block-type=\"unstyled\" data-block-weight=\"29\" data-block-id=\"14\">Foto: Divulga\u00e7\u00e3o \/ Ag\u00eancia Brasil<\/div>\n<\/div>\n<div id=\"chunk-fsj6v\">\n<div class=\"mc-column content-text active-extra-styles \" data-block-type=\"unstyled\" data-block-weight=\"33\" data-block-id=\"13\"><\/div>\n<\/div>\n","protected":false},"excerpt":{"rendered":"<p>Nesta segunda-feira (28), Lula (PT) sancionou a medida provis\u00f3ria que autoriza o reajuste do sal\u00e1rio-m\u00ednimo e amplia a faixa de isen\u00e7\u00e3o do Imposto de Renda. Publicada em 1\u00ba de maio pelo presidente, o texto reajustou o valor de R$ 1.302 para R$ 1.320, um ganho real (acima de infla\u00e7\u00e3o). Segundo o texto, quem ganha at\u00e9 [&hellip;]<\/p>\n","protected":false},"author":17,"featured_media":758105,"comment_status":"closed","ping_status":"closed","sticky":false,"template":"","format":"standard","meta":[],"categories":[14,14601],"tags":[182,326,142],"acf":[],"yoast_head":"<!-- This site is optimized with the Yoast SEO plugin v20.8 - https:\/\/yoast.com\/wordpress\/plugins\/seo\/ -->\n<title>LULA SANCIONA MP QUE AUMENTA SAL\u00c1RIO M\u00cdNIMO E AMPLIA ISEN\u00c7\u00c3O DO IR - Bahia Economica<\/title>\n<meta name=\"description\" content=\"Segundo o texto, quem ganha at\u00e9 R$ 2.640 por m\u00eas n\u00e3o pagar\u00e1 Imposto de Renda\" \/>\n<meta name=\"robots\" content=\"index, follow, max-snippet:-1, max-image-preview:large, max-video-preview:-1\" \/>\n<link rel=\"canonical\" href=\"https:\/\/bahiaeconomica.com.br\/wp\/2023\/08\/26\/lula-sanciona-mp-que-aumenta-salario-minimo-e-amplia-isencao-do-ir\/\" \/>\n<meta property=\"og:locale\" content=\"pt_BR\" \/>\n<meta property=\"og:type\" content=\"article\" \/>\n<meta property=\"og:title\" content=\"LULA SANCIONA MP QUE AUMENTA SAL\u00c1RIO M\u00cdNIMO E AMPLIA ISEN\u00c7\u00c3O DO IR - Bahia Economica\" \/>\n<meta property=\"og:description\" content=\"Segundo o texto, quem ganha at\u00e9 R$ 2.640 por m\u00eas n\u00e3o pagar\u00e1 Imposto de Renda\" \/>\n<meta property=\"og:url\" content=\"https:\/\/bahiaeconomica.com.br\/wp\/2023\/08\/26\/lula-sanciona-mp-que-aumenta-salario-minimo-e-amplia-isencao-do-ir\/\" \/>\n<meta property=\"og:site_name\" content=\"Bahia Economica\" \/>\n<meta property=\"article:publisher\" content=\"https:\/\/www.facebook.com\/bahiaeconomica\" \/>\n<meta property=\"article:published_time\" content=\"2023-08-26T14:05:31+00:00\" \/>\n<meta property=\"article:modified_time\" content=\"2023-09-26T14:35:30+00:00\" \/>\n<meta property=\"og:image\" content=\"https:\/\/bahiaeconomica.com.br\/wp\/wp-content\/uploads\/2023\/08\/lula-ccbb_mcamgo_abr_101120221818-22.jpg\" \/>\n\t<meta property=\"og:image:width\" content=\"1170\" \/>\n\t<meta property=\"og:image:height\" content=\"700\" \/>\n\t<meta property=\"og:image:type\" content=\"image\/jpeg\" \/>\n<meta name=\"author\" content=\"LUANA NEIVA\" \/>\n<meta name=\"twitter:card\" content=\"summary_large_image\" \/>\n<meta name=\"twitter:label1\" content=\"Escrito por\" \/>\n\t<meta name=\"twitter:data1\" content=\"LUANA NEIVA\" \/>\n\t<meta name=\"twitter:label2\" content=\"Est. tempo de leitura\" \/>\n\t<meta name=\"twitter:data2\" content=\"1 minuto\" \/>\n<script type=\"application\/ld+json\" class=\"yoast-schema-graph\">{\"@context\":\"https:\/\/schema.org\",\"@graph\":[{\"@type\":\"Article\",\"@id\":\"https:\/\/bahiaeconomica.com.br\/wp\/2023\/08\/26\/lula-sanciona-mp-que-aumenta-salario-minimo-e-amplia-isencao-do-ir\/#article\",\"isPartOf\":{\"@id\":\"https:\/\/bahiaeconomica.com.br\/wp\/2023\/08\/26\/lula-sanciona-mp-que-aumenta-salario-minimo-e-amplia-isencao-do-ir\/\"},\"author\":{\"name\":\"LUANA NEIVA\",\"@id\":\"https:\/\/bahiaeconomica.com.br\/wp\/#\/schema\/person\/1ce30764265540f754d66197c4212789\"},\"headline\":\"LULA SANCIONA MP QUE AUMENTA SAL\u00c1RIO M\u00cdNIMO E AMPLIA ISEN\u00c7\u00c3O DO IR\",\"datePublished\":\"2023-08-26T14:05:31+00:00\",\"dateModified\":\"2023-09-26T14:35:30+00:00\",\"mainEntityOfPage\":{\"@id\":\"https:\/\/bahiaeconomica.com.br\/wp\/2023\/08\/26\/lula-sanciona-mp-que-aumenta-salario-minimo-e-amplia-isencao-do-ir\/\"},\"wordCount\":208,\"publisher\":{\"@id\":\"https:\/\/bahiaeconomica.com.br\/wp\/#organization\"},\"keywords\":[\"Lula\",\"MP\",\"PT\"],\"articleSection\":[\"DESTAQUE DO DIA\",\"Pol\u00edtica\"],\"inLanguage\":\"pt-BR\"},{\"@type\":\"WebPage\",\"@id\":\"https:\/\/bahiaeconomica.com.br\/wp\/2023\/08\/26\/lula-sanciona-mp-que-aumenta-salario-minimo-e-amplia-isencao-do-ir\/\",\"url\":\"https:\/\/bahiaeconomica.com.br\/wp\/2023\/08\/26\/lula-sanciona-mp-que-aumenta-salario-minimo-e-amplia-isencao-do-ir\/\",\"name\":\"LULA SANCIONA MP QUE AUMENTA SAL\u00c1RIO M\u00cdNIMO E AMPLIA ISEN\u00c7\u00c3O DO IR - Bahia Economica\",\"isPartOf\":{\"@id\":\"https:\/\/bahiaeconomica.com.br\/wp\/#website\"},\"datePublished\":\"2023-08-26T14:05:31+00:00\",\"dateModified\":\"2023-09-26T14:35:30+00:00\",\"description\":\"Segundo o texto, quem ganha at\u00e9 R$ 2.640 por m\u00eas n\u00e3o pagar\u00e1 Imposto de Renda\",\"breadcrumb\":{\"@id\":\"https:\/\/bahiaeconomica.com.br\/wp\/2023\/08\/26\/lula-sanciona-mp-que-aumenta-salario-minimo-e-amplia-isencao-do-ir\/#breadcrumb\"},\"inLanguage\":\"pt-BR\",\"potentialAction\":[{\"@type\":\"ReadAction\",\"target\":[\"https:\/\/bahiaeconomica.com.br\/wp\/2023\/08\/26\/lula-sanciona-mp-que-aumenta-salario-minimo-e-amplia-isencao-do-ir\/\"]}]},{\"@type\":\"BreadcrumbList\",\"@id\":\"https:\/\/bahiaeconomica.com.br\/wp\/2023\/08\/26\/lula-sanciona-mp-que-aumenta-salario-minimo-e-amplia-isencao-do-ir\/#breadcrumb\",\"itemListElement\":[{\"@type\":\"ListItem\",\"position\":1,\"name\":\"In\u00edcio\",\"item\":\"https:\/\/bahiaeconomica.com.br\/wp\/\"},{\"@type\":\"ListItem\",\"position\":2,\"name\":\"LULA SANCIONA MP QUE AUMENTA SAL\u00c1RIO M\u00cdNIMO E AMPLIA ISEN\u00c7\u00c3O DO IR\"}]},{\"@type\":\"WebSite\",\"@id\":\"https:\/\/bahiaeconomica.com.br\/wp\/#website\",\"url\":\"https:\/\/bahiaeconomica.com.br\/wp\/\",\"name\":\"Bahia Economica\",\"description\":\"O maior portal de Economia da Bahia\",\"publisher\":{\"@id\":\"https:\/\/bahiaeconomica.com.br\/wp\/#organization\"},\"potentialAction\":[{\"@type\":\"SearchAction\",\"target\":{\"@type\":\"EntryPoint\",\"urlTemplate\":\"https:\/\/bahiaeconomica.com.br\/wp\/?s={search_term_string}\"},\"query-input\":\"required name=search_term_string\"}],\"inLanguage\":\"pt-BR\"},{\"@type\":\"Organization\",\"@id\":\"https:\/\/bahiaeconomica.com.br\/wp\/#organization\",\"name\":\"Bahia Econ\u00f4mica\",\"url\":\"https:\/\/bahiaeconomica.com.br\/wp\/\",\"logo\":{\"@type\":\"ImageObject\",\"inLanguage\":\"pt-BR\",\"@id\":\"https:\/\/bahiaeconomica.com.br\/wp\/#\/schema\/logo\/image\/\",\"url\":\"https:\/\/bahiaeconomica.com.br\/wp\/wp-content\/uploads\/2020\/12\/cropped-BE.png\",\"contentUrl\":\"https:\/\/bahiaeconomica.com.br\/wp\/wp-content\/uploads\/2020\/12\/cropped-BE.png\",\"width\":512,\"height\":512,\"caption\":\"Bahia Econ\u00f4mica\"},\"image\":{\"@id\":\"https:\/\/bahiaeconomica.com.br\/wp\/#\/schema\/logo\/image\/\"},\"sameAs\":[\"https:\/\/www.facebook.com\/bahiaeconomica\"]},{\"@type\":\"Person\",\"@id\":\"https:\/\/bahiaeconomica.com.br\/wp\/#\/schema\/person\/1ce30764265540f754d66197c4212789\",\"name\":\"LUANA NEIVA\",\"sameAs\":[\"http:\/\/www.bahiaeconomica.com.br\"],\"url\":\"https:\/\/bahiaeconomica.com.br\/wp\/author\/luana-neiva\/\"}]}<\/script>\n<!-- \/ Yoast SEO plugin. -->","yoast_head_json":{"title":"LULA SANCIONA MP QUE AUMENTA SAL\u00c1RIO M\u00cdNIMO E AMPLIA ISEN\u00c7\u00c3O DO IR - Bahia Economica","description":"Segundo o texto, quem ganha at\u00e9 R$ 2.640 por m\u00eas n\u00e3o pagar\u00e1 Imposto de Renda","robots":{"index":"index","follow":"follow","max-snippet":"max-snippet:-1","max-image-preview":"max-image-preview:large","max-video-preview":"max-video-preview:-1"},"canonical":"https:\/\/bahiaeconomica.com.br\/wp\/2023\/08\/26\/lula-sanciona-mp-que-aumenta-salario-minimo-e-amplia-isencao-do-ir\/","og_locale":"pt_BR","og_type":"article","og_title":"LULA SANCIONA MP QUE AUMENTA SAL\u00c1RIO M\u00cdNIMO E AMPLIA ISEN\u00c7\u00c3O DO IR - Bahia Economica","og_description":"Segundo o texto, quem ganha at\u00e9 R$ 2.640 por m\u00eas n\u00e3o pagar\u00e1 Imposto de Renda","og_url":"https:\/\/bahiaeconomica.com.br\/wp\/2023\/08\/26\/lula-sanciona-mp-que-aumenta-salario-minimo-e-amplia-isencao-do-ir\/","og_site_name":"Bahia Economica","article_publisher":"https:\/\/www.facebook.com\/bahiaeconomica","article_published_time":"2023-08-26T14:05:31+00:00","article_modified_time":"2023-09-26T14:35:30+00:00","og_image":[{"width":1170,"height":700,"url":"https:\/\/bahiaeconomica.com.br\/wp\/wp-content\/uploads\/2023\/08\/lula-ccbb_mcamgo_abr_101120221818-22.jpg","type":"image\/jpeg"}],"author":"LUANA NEIVA","twitter_card":"summary_large_image","twitter_misc":{"Escrito por":"LUANA NEIVA","Est. tempo de leitura":"1 minuto"},"schema":{"@context":"https:\/\/schema.org","@graph":[{"@type":"Article","@id":"https:\/\/bahiaeconomica.com.br\/wp\/2023\/08\/26\/lula-sanciona-mp-que-aumenta-salario-minimo-e-amplia-isencao-do-ir\/#article","isPartOf":{"@id":"https:\/\/bahiaeconomica.com.br\/wp\/2023\/08\/26\/lula-sanciona-mp-que-aumenta-salario-minimo-e-amplia-isencao-do-ir\/"},"author":{"name":"LUANA NEIVA","@id":"https:\/\/bahiaeconomica.com.br\/wp\/#\/schema\/person\/1ce30764265540f754d66197c4212789"},"headline":"LULA SANCIONA MP QUE AUMENTA SAL\u00c1RIO M\u00cdNIMO E AMPLIA ISEN\u00c7\u00c3O DO IR","datePublished":"2023-08-26T14:05:31+00:00","dateModified":"2023-09-26T14:35:30+00:00","mainEntityOfPage":{"@id":"https:\/\/bahiaeconomica.com.br\/wp\/2023\/08\/26\/lula-sanciona-mp-que-aumenta-salario-minimo-e-amplia-isencao-do-ir\/"},"wordCount":208,"publisher":{"@id":"https:\/\/bahiaeconomica.com.br\/wp\/#organization"},"keywords":["Lula","MP","PT"],"articleSection":["DESTAQUE DO DIA","Pol\u00edtica"],"inLanguage":"pt-BR"},{"@type":"WebPage","@id":"https:\/\/bahiaeconomica.com.br\/wp\/2023\/08\/26\/lula-sanciona-mp-que-aumenta-salario-minimo-e-amplia-isencao-do-ir\/","url":"https:\/\/bahiaeconomica.com.br\/wp\/2023\/08\/26\/lula-sanciona-mp-que-aumenta-salario-minimo-e-amplia-isencao-do-ir\/","name":"LULA SANCIONA MP QUE AUMENTA SAL\u00c1RIO M\u00cdNIMO E AMPLIA ISEN\u00c7\u00c3O DO IR - Bahia Economica","isPartOf":{"@id":"https:\/\/bahiaeconomica.com.br\/wp\/#website"},"datePublished":"2023-08-26T14:05:31+00:00","dateModified":"2023-09-26T14:35:30+00:00","description":"Segundo o texto, quem ganha at\u00e9 R$ 2.640 por m\u00eas n\u00e3o pagar\u00e1 Imposto de Renda","breadcrumb":{"@id":"https:\/\/bahiaeconomica.com.br\/wp\/2023\/08\/26\/lula-sanciona-mp-que-aumenta-salario-minimo-e-amplia-isencao-do-ir\/#breadcrumb"},"inLanguage":"pt-BR","potentialAction":[{"@type":"ReadAction","target":["https:\/\/bahiaeconomica.com.br\/wp\/2023\/08\/26\/lula-sanciona-mp-que-aumenta-salario-minimo-e-amplia-isencao-do-ir\/"]}]},{"@type":"BreadcrumbList","@id":"https:\/\/bahiaeconomica.com.br\/wp\/2023\/08\/26\/lula-sanciona-mp-que-aumenta-salario-minimo-e-amplia-isencao-do-ir\/#breadcrumb","itemListElement":[{"@type":"ListItem","position":1,"name":"In\u00edcio","item":"https:\/\/bahiaeconomica.com.br\/wp\/"},{"@type":"ListItem","position":2,"name":"LULA SANCIONA MP QUE AUMENTA SAL\u00c1RIO M\u00cdNIMO E AMPLIA ISEN\u00c7\u00c3O DO IR"}]},{"@type":"WebSite","@id":"https:\/\/bahiaeconomica.com.br\/wp\/#website","url":"https:\/\/bahiaeconomica.com.br\/wp\/","name":"Bahia Economica","description":"O maior portal de Economia da Bahia","publisher":{"@id":"https:\/\/bahiaeconomica.com.br\/wp\/#organization"},"potentialAction":[{"@type":"SearchAction","target":{"@type":"EntryPoint","urlTemplate":"https:\/\/bahiaeconomica.com.br\/wp\/?s={search_term_string}"},"query-input":"required name=search_term_string"}],"inLanguage":"pt-BR"},{"@type":"Organization","@id":"https:\/\/bahiaeconomica.com.br\/wp\/#organization","name":"Bahia Econ\u00f4mica","url":"https:\/\/bahiaeconomica.com.br\/wp\/","logo":{"@type":"ImageObject","inLanguage":"pt-BR","@id":"https:\/\/bahiaeconomica.com.br\/wp\/#\/schema\/logo\/image\/","url":"https:\/\/bahiaeconomica.com.br\/wp\/wp-content\/uploads\/2020\/12\/cropped-BE.png","contentUrl":"https:\/\/bahiaeconomica.com.br\/wp\/wp-content\/uploads\/2020\/12\/cropped-BE.png","width":512,"height":512,"caption":"Bahia Econ\u00f4mica"},"image":{"@id":"https:\/\/bahiaeconomica.com.br\/wp\/#\/schema\/logo\/image\/"},"sameAs":["https:\/\/www.facebook.com\/bahiaeconomica"]},{"@type":"Person","@id":"https:\/\/bahiaeconomica.com.br\/wp\/#\/schema\/person\/1ce30764265540f754d66197c4212789","name":"LUANA NEIVA","sameAs":["http:\/\/www.bahiaeconomica.com.br"],"url":"https:\/\/bahiaeconomica.com.br\/wp\/author\/luana-neiva\/"}]}},"views":16,"_links":{"self":[{"href":"https:\/\/bahiaeconomica.com.br\/wp\/wp-json\/wp\/v2\/posts\/758103"}],"collection":[{"href":"https:\/\/bahiaeconomica.com.br\/wp\/wp-json\/wp\/v2\/posts"}],"about":[{"href":"https:\/\/bahiaeconomica.com.br\/wp\/wp-json\/wp\/v2\/types\/post"}],"author":[{"embeddable":true,"href":"https:\/\/bahiaeconomica.com.br\/wp\/wp-json\/wp\/v2\/users\/17"}],"replies":[{"embeddable":true,"href":"https:\/\/bahiaeconomica.com.br\/wp\/wp-json\/wp\/v2\/comments?post=758103"}],"version-history":[{"count":1,"href":"https:\/\/bahiaeconomica.com.br\/wp\/wp-json\/wp\/v2\/posts\/758103\/revisions"}],"predecessor-version":[{"id":758106,"href":"https:\/\/bahiaeconomica.com.br\/wp\/wp-json\/wp\/v2\/posts\/758103\/revisions\/758106"}],"wp:featuredmedia":[{"embeddable":true,"href":"https:\/\/bahiaeconomica.com.br\/wp\/wp-json\/wp\/v2\/media\/758105"}],"wp:attachment":[{"href":"https:\/\/bahiaeconomica.com.br\/wp\/wp-json\/wp\/v2\/media?parent=758103"}],"wp:term":[{"taxonomy":"category","embeddable":true,"href":"https:\/\/bahiaeconomica.com.br\/wp\/wp-json\/wp\/v2\/categories?post=758103"},{"taxonomy":"post_tag","embeddable":true,"href":"https:\/\/bahiaeconomica.com.br\/wp\/wp-json\/wp\/v2\/tags?post=758103"}],"curies":[{"name":"wp","href":"https:\/\/api.w.org\/{rel}","templated":true}]}}