{"id":757878,"date":"2023-08-26T11:05:39","date_gmt":"2023-08-26T14:05:39","guid":{"rendered":"https:\/\/bahiaeconomica.com.br\/wp\/?p=757878"},"modified":"2023-09-26T11:23:19","modified_gmt":"2023-09-26T14:23:19","slug":"wagner-diz-que-ira-buscar-solucao-para-os-prefeitos-sobre-queda-no-fpm","status":"publish","type":"post","link":"https:\/\/bahiaeconomica.com.br\/wp\/2023\/08\/26\/wagner-diz-que-ira-buscar-solucao-para-os-prefeitos-sobre-queda-no-fpm\/","title":{"rendered":"WAGNER DIZ QUE IR\u00c1 BUSCAR SOLU\u00c7\u00c3O PARA OS PREFEITOS SOBRE QUEDA NO FPM"},"content":{"rendered":"<p>Presente no encerramento da <strong><a href=\"https:\/\/bahiaeconomica.com.br\/wp\/2023\/08\/24\/governo-federal-anuncia-r-27-bilhoes-para-compensar-perdas-do-icms-nos-estados-e-municipios\/\">Caravana Federativa,<\/a> <\/strong>realizada em Salvador, o senador Jaques Wagner (PT) disse que est\u00e1 buscando uma solu\u00e7\u00e3o para a queda no repasse <strong><a href=\"https:\/\/bahiaeconomica.com.br\/wp\/2023\/08\/21\/prefeitos-da-bahia-demonstram-preocupacao-com-oscilacao-no-repasse-do-fpm\/\">do Fundo de Participa\u00e7\u00e3o dos Munic\u00edpios (FPM),<\/a> <\/strong>realizado pelo Governo Federal.<\/p>\n<p>A Uni\u00e3o dos Munic\u00edpios da Bahia (UPB), convocou um ato para pr\u00f3xima quinta-feira (30), o movimento &#8220;Sem FPM, n\u00e3o d\u00e1&#8221;, uma paralisa\u00e7\u00e3o das prefeituras para cobrar a recomposi\u00e7\u00e3o das perdas.<\/p>\n<p>&#8220;N\u00f3s precisamos lembrar de como o governo recebeu a economia. Tivemos um per\u00edodo tumultuado, com gastos exagerados no governo passado, principalmente no per\u00edodo eleitoral&#8221;, lembra o senador baiano.<\/p>\n<p>Ele disse que j\u00e1 conversou com o presidente Lula (PT) para tentar buscar uma solu\u00e7\u00e3o e aguarda a tramita\u00e7\u00e3o de um projeto de lei de sua autoria para reduzir a contribui\u00e7\u00e3o previdenci\u00e1ria das prefeituras.<\/p>\n<p>&#8220;Espero que a receita de impostos federais, que \u00e9 de onde vem o FM, volte a crescer. Pode ser que apare\u00e7a uma proposta emergencial para socorrer as prefeituras, todos n\u00f3s sabemos que \u00e9 o elo mais fraco da cadeia federativa, que t\u00eam receita menor, portanto estamos atentos e vamos achar um caminho para aliviar a vida dos prefeitos&#8221;, ressalta Wagner.<\/p>\n<p>&nbsp;<\/p>\n<p>Foto: Ant\u00f4nio Cruz\/Ag\u00eancia Brasil<\/p>\n","protected":false},"excerpt":{"rendered":"<p>Presente no encerramento da Caravana Federativa, realizada em Salvador, o senador Jaques Wagner (PT) disse que est\u00e1 buscando uma solu\u00e7\u00e3o para a queda no repasse do Fundo de Participa\u00e7\u00e3o dos Munic\u00edpios (FPM), realizado pelo Governo Federal. A Uni\u00e3o dos Munic\u00edpios da Bahia (UPB), convocou um ato para pr\u00f3xima quinta-feira (30), o movimento &#8220;Sem FPM, n\u00e3o [&hellip;]<\/p>\n","protected":false},"author":6,"featured_media":757880,"comment_status":"closed","ping_status":"closed","sticky":false,"template":"","format":"standard","meta":[],"categories":[14,14601],"tags":[85,5795,99,486,100,73,1569],"acf":[],"yoast_head":"<!-- This site is optimized with the Yoast SEO plugin v20.8 - https:\/\/yoast.com\/wordpress\/plugins\/seo\/ -->\n<title>WAGNER DIZ QUE IR\u00c1 BUSCAR SOLU\u00c7\u00c3O PARA OS PREFEITOS SOBRE QUEDA NO FPM - Bahia Economica<\/title>\n<meta name=\"description\" content=\"O maior portal de Economia da Bahia DESTAQUE DO DIA, Pol\u00edtica Bahia Economica\" \/>\n<meta name=\"robots\" content=\"index, follow, max-snippet:-1, max-image-preview:large, max-video-preview:-1\" \/>\n<link rel=\"canonical\" href=\"https:\/\/bahiaeconomica.com.br\/wp\/2023\/08\/26\/wagner-diz-que-ira-buscar-solucao-para-os-prefeitos-sobre-queda-no-fpm\/\" \/>\n<meta property=\"og:locale\" content=\"pt_BR\" \/>\n<meta property=\"og:type\" content=\"article\" \/>\n<meta property=\"og:title\" content=\"WAGNER DIZ QUE IR\u00c1 BUSCAR SOLU\u00c7\u00c3O PARA OS PREFEITOS SOBRE QUEDA NO FPM - Bahia Economica\" \/>\n<meta property=\"og:description\" content=\"O maior portal de Economia da Bahia DESTAQUE DO DIA, Pol\u00edtica Bahia Economica\" \/>\n<meta property=\"og:url\" content=\"https:\/\/bahiaeconomica.com.br\/wp\/2023\/08\/26\/wagner-diz-que-ira-buscar-solucao-para-os-prefeitos-sobre-queda-no-fpm\/\" \/>\n<meta property=\"og:site_name\" content=\"Bahia Economica\" \/>\n<meta property=\"article:publisher\" content=\"https:\/\/www.facebook.com\/bahiaeconomica\" \/>\n<meta property=\"article:published_time\" content=\"2023-08-26T14:05:39+00:00\" \/>\n<meta property=\"article:modified_time\" content=\"2023-09-26T14:23:19+00:00\" \/>\n<meta property=\"og:image\" content=\"https:\/\/bahiaeconomica.com.br\/wp\/wp-content\/uploads\/2023\/08\/Vamos-achar-um-caminho-para-aliviar-a-vida-dos-pre0124016000202308252110-ScaleDownProportional.jpg\" \/>\n\t<meta property=\"og:image:width\" content=\"850\" \/>\n\t<meta property=\"og:image:height\" content=\"556\" \/>\n\t<meta property=\"og:image:type\" content=\"image\/jpeg\" \/>\n<meta name=\"author\" content=\"DS\" \/>\n<meta name=\"twitter:card\" content=\"summary_large_image\" \/>\n<meta name=\"twitter:label1\" content=\"Escrito por\" \/>\n\t<meta name=\"twitter:data1\" content=\"DS\" \/>\n\t<meta name=\"twitter:label2\" content=\"Est. tempo de leitura\" \/>\n\t<meta name=\"twitter:data2\" content=\"2 minutos\" \/>\n<script type=\"application\/ld+json\" class=\"yoast-schema-graph\">{\"@context\":\"https:\/\/schema.org\",\"@graph\":[{\"@type\":\"Article\",\"@id\":\"https:\/\/bahiaeconomica.com.br\/wp\/2023\/08\/26\/wagner-diz-que-ira-buscar-solucao-para-os-prefeitos-sobre-queda-no-fpm\/#article\",\"isPartOf\":{\"@id\":\"https:\/\/bahiaeconomica.com.br\/wp\/2023\/08\/26\/wagner-diz-que-ira-buscar-solucao-para-os-prefeitos-sobre-queda-no-fpm\/\"},\"author\":{\"name\":\"DS\",\"@id\":\"https:\/\/bahiaeconomica.com.br\/wp\/#\/schema\/person\/756f314c5bfa87c7b43a2850854305a1\"},\"headline\":\"WAGNER DIZ QUE IR\u00c1 BUSCAR SOLU\u00c7\u00c3O PARA OS PREFEITOS SOBRE QUEDA NO FPM\",\"datePublished\":\"2023-08-26T14:05:39+00:00\",\"dateModified\":\"2023-09-26T14:23:19+00:00\",\"mainEntityOfPage\":{\"@id\":\"https:\/\/bahiaeconomica.com.br\/wp\/2023\/08\/26\/wagner-diz-que-ira-buscar-solucao-para-os-prefeitos-sobre-queda-no-fpm\/\"},\"wordCount\":226,\"publisher\":{\"@id\":\"https:\/\/bahiaeconomica.com.br\/wp\/#organization\"},\"keywords\":[\"Bahia\",\"FPM\",\"Governo Federal\",\"Munic\u00edpios\",\"Pol\u00edtica\",\"Salvador\",\"wagner\"],\"articleSection\":[\"DESTAQUE DO DIA\",\"Pol\u00edtica\"],\"inLanguage\":\"pt-BR\"},{\"@type\":\"WebPage\",\"@id\":\"https:\/\/bahiaeconomica.com.br\/wp\/2023\/08\/26\/wagner-diz-que-ira-buscar-solucao-para-os-prefeitos-sobre-queda-no-fpm\/\",\"url\":\"https:\/\/bahiaeconomica.com.br\/wp\/2023\/08\/26\/wagner-diz-que-ira-buscar-solucao-para-os-prefeitos-sobre-queda-no-fpm\/\",\"name\":\"WAGNER DIZ QUE IR\u00c1 BUSCAR SOLU\u00c7\u00c3O PARA OS PREFEITOS SOBRE QUEDA NO FPM - Bahia Economica\",\"isPartOf\":{\"@id\":\"https:\/\/bahiaeconomica.com.br\/wp\/#website\"},\"datePublished\":\"2023-08-26T14:05:39+00:00\",\"dateModified\":\"2023-09-26T14:23:19+00:00\",\"description\":\"O maior portal de Economia da Bahia DESTAQUE DO DIA, Pol\u00edtica Bahia Economica\",\"breadcrumb\":{\"@id\":\"https:\/\/bahiaeconomica.com.br\/wp\/2023\/08\/26\/wagner-diz-que-ira-buscar-solucao-para-os-prefeitos-sobre-queda-no-fpm\/#breadcrumb\"},\"inLanguage\":\"pt-BR\",\"potentialAction\":[{\"@type\":\"ReadAction\",\"target\":[\"https:\/\/bahiaeconomica.com.br\/wp\/2023\/08\/26\/wagner-diz-que-ira-buscar-solucao-para-os-prefeitos-sobre-queda-no-fpm\/\"]}]},{\"@type\":\"BreadcrumbList\",\"@id\":\"https:\/\/bahiaeconomica.com.br\/wp\/2023\/08\/26\/wagner-diz-que-ira-buscar-solucao-para-os-prefeitos-sobre-queda-no-fpm\/#breadcrumb\",\"itemListElement\":[{\"@type\":\"ListItem\",\"position\":1,\"name\":\"In\u00edcio\",\"item\":\"https:\/\/bahiaeconomica.com.br\/wp\/\"},{\"@type\":\"ListItem\",\"position\":2,\"name\":\"WAGNER DIZ QUE IR\u00c1 BUSCAR SOLU\u00c7\u00c3O PARA OS PREFEITOS SOBRE QUEDA NO FPM\"}]},{\"@type\":\"WebSite\",\"@id\":\"https:\/\/bahiaeconomica.com.br\/wp\/#website\",\"url\":\"https:\/\/bahiaeconomica.com.br\/wp\/\",\"name\":\"Bahia Economica\",\"description\":\"O maior portal de Economia da Bahia\",\"publisher\":{\"@id\":\"https:\/\/bahiaeconomica.com.br\/wp\/#organization\"},\"potentialAction\":[{\"@type\":\"SearchAction\",\"target\":{\"@type\":\"EntryPoint\",\"urlTemplate\":\"https:\/\/bahiaeconomica.com.br\/wp\/?s={search_term_string}\"},\"query-input\":\"required name=search_term_string\"}],\"inLanguage\":\"pt-BR\"},{\"@type\":\"Organization\",\"@id\":\"https:\/\/bahiaeconomica.com.br\/wp\/#organization\",\"name\":\"Bahia Econ\u00f4mica\",\"url\":\"https:\/\/bahiaeconomica.com.br\/wp\/\",\"logo\":{\"@type\":\"ImageObject\",\"inLanguage\":\"pt-BR\",\"@id\":\"https:\/\/bahiaeconomica.com.br\/wp\/#\/schema\/logo\/image\/\",\"url\":\"https:\/\/bahiaeconomica.com.br\/wp\/wp-content\/uploads\/2020\/12\/cropped-BE.png\",\"contentUrl\":\"https:\/\/bahiaeconomica.com.br\/wp\/wp-content\/uploads\/2020\/12\/cropped-BE.png\",\"width\":512,\"height\":512,\"caption\":\"Bahia Econ\u00f4mica\"},\"image\":{\"@id\":\"https:\/\/bahiaeconomica.com.br\/wp\/#\/schema\/logo\/image\/\"},\"sameAs\":[\"https:\/\/www.facebook.com\/bahiaeconomica\"]},{\"@type\":\"Person\",\"@id\":\"https:\/\/bahiaeconomica.com.br\/wp\/#\/schema\/person\/756f314c5bfa87c7b43a2850854305a1\",\"name\":\"DS\",\"sameAs\":[\"https:\/\/bahiaeconomica.com.br\/wp\/beta\/\"],\"url\":\"https:\/\/bahiaeconomica.com.br\/wp\/author\/ds\/\"}]}<\/script>\n<!-- \/ Yoast SEO plugin. -->","yoast_head_json":{"title":"WAGNER DIZ QUE IR\u00c1 BUSCAR SOLU\u00c7\u00c3O PARA OS PREFEITOS SOBRE QUEDA NO FPM - Bahia Economica","description":"O maior portal de Economia da Bahia DESTAQUE DO DIA, Pol\u00edtica Bahia Economica","robots":{"index":"index","follow":"follow","max-snippet":"max-snippet:-1","max-image-preview":"max-image-preview:large","max-video-preview":"max-video-preview:-1"},"canonical":"https:\/\/bahiaeconomica.com.br\/wp\/2023\/08\/26\/wagner-diz-que-ira-buscar-solucao-para-os-prefeitos-sobre-queda-no-fpm\/","og_locale":"pt_BR","og_type":"article","og_title":"WAGNER DIZ QUE IR\u00c1 BUSCAR SOLU\u00c7\u00c3O PARA OS PREFEITOS SOBRE QUEDA NO FPM - Bahia Economica","og_description":"O maior portal de Economia da Bahia DESTAQUE DO DIA, Pol\u00edtica Bahia Economica","og_url":"https:\/\/bahiaeconomica.com.br\/wp\/2023\/08\/26\/wagner-diz-que-ira-buscar-solucao-para-os-prefeitos-sobre-queda-no-fpm\/","og_site_name":"Bahia Economica","article_publisher":"https:\/\/www.facebook.com\/bahiaeconomica","article_published_time":"2023-08-26T14:05:39+00:00","article_modified_time":"2023-09-26T14:23:19+00:00","og_image":[{"width":850,"height":556,"url":"https:\/\/bahiaeconomica.com.br\/wp\/wp-content\/uploads\/2023\/08\/Vamos-achar-um-caminho-para-aliviar-a-vida-dos-pre0124016000202308252110-ScaleDownProportional.jpg","type":"image\/jpeg"}],"author":"DS","twitter_card":"summary_large_image","twitter_misc":{"Escrito por":"DS","Est. tempo de leitura":"2 minutos"},"schema":{"@context":"https:\/\/schema.org","@graph":[{"@type":"Article","@id":"https:\/\/bahiaeconomica.com.br\/wp\/2023\/08\/26\/wagner-diz-que-ira-buscar-solucao-para-os-prefeitos-sobre-queda-no-fpm\/#article","isPartOf":{"@id":"https:\/\/bahiaeconomica.com.br\/wp\/2023\/08\/26\/wagner-diz-que-ira-buscar-solucao-para-os-prefeitos-sobre-queda-no-fpm\/"},"author":{"name":"DS","@id":"https:\/\/bahiaeconomica.com.br\/wp\/#\/schema\/person\/756f314c5bfa87c7b43a2850854305a1"},"headline":"WAGNER DIZ QUE IR\u00c1 BUSCAR SOLU\u00c7\u00c3O PARA OS PREFEITOS SOBRE QUEDA NO FPM","datePublished":"2023-08-26T14:05:39+00:00","dateModified":"2023-09-26T14:23:19+00:00","mainEntityOfPage":{"@id":"https:\/\/bahiaeconomica.com.br\/wp\/2023\/08\/26\/wagner-diz-que-ira-buscar-solucao-para-os-prefeitos-sobre-queda-no-fpm\/"},"wordCount":226,"publisher":{"@id":"https:\/\/bahiaeconomica.com.br\/wp\/#organization"},"keywords":["Bahia","FPM","Governo Federal","Munic\u00edpios","Pol\u00edtica","Salvador","wagner"],"articleSection":["DESTAQUE DO DIA","Pol\u00edtica"],"inLanguage":"pt-BR"},{"@type":"WebPage","@id":"https:\/\/bahiaeconomica.com.br\/wp\/2023\/08\/26\/wagner-diz-que-ira-buscar-solucao-para-os-prefeitos-sobre-queda-no-fpm\/","url":"https:\/\/bahiaeconomica.com.br\/wp\/2023\/08\/26\/wagner-diz-que-ira-buscar-solucao-para-os-prefeitos-sobre-queda-no-fpm\/","name":"WAGNER DIZ QUE IR\u00c1 BUSCAR SOLU\u00c7\u00c3O PARA OS PREFEITOS SOBRE QUEDA NO FPM - Bahia Economica","isPartOf":{"@id":"https:\/\/bahiaeconomica.com.br\/wp\/#website"},"datePublished":"2023-08-26T14:05:39+00:00","dateModified":"2023-09-26T14:23:19+00:00","description":"O maior portal de Economia da Bahia DESTAQUE DO DIA, Pol\u00edtica Bahia Economica","breadcrumb":{"@id":"https:\/\/bahiaeconomica.com.br\/wp\/2023\/08\/26\/wagner-diz-que-ira-buscar-solucao-para-os-prefeitos-sobre-queda-no-fpm\/#breadcrumb"},"inLanguage":"pt-BR","potentialAction":[{"@type":"ReadAction","target":["https:\/\/bahiaeconomica.com.br\/wp\/2023\/08\/26\/wagner-diz-que-ira-buscar-solucao-para-os-prefeitos-sobre-queda-no-fpm\/"]}]},{"@type":"BreadcrumbList","@id":"https:\/\/bahiaeconomica.com.br\/wp\/2023\/08\/26\/wagner-diz-que-ira-buscar-solucao-para-os-prefeitos-sobre-queda-no-fpm\/#breadcrumb","itemListElement":[{"@type":"ListItem","position":1,"name":"In\u00edcio","item":"https:\/\/bahiaeconomica.com.br\/wp\/"},{"@type":"ListItem","position":2,"name":"WAGNER DIZ QUE IR\u00c1 BUSCAR SOLU\u00c7\u00c3O PARA OS PREFEITOS SOBRE QUEDA NO FPM"}]},{"@type":"WebSite","@id":"https:\/\/bahiaeconomica.com.br\/wp\/#website","url":"https:\/\/bahiaeconomica.com.br\/wp\/","name":"Bahia Economica","description":"O maior portal de Economia da Bahia","publisher":{"@id":"https:\/\/bahiaeconomica.com.br\/wp\/#organization"},"potentialAction":[{"@type":"SearchAction","target":{"@type":"EntryPoint","urlTemplate":"https:\/\/bahiaeconomica.com.br\/wp\/?s={search_term_string}"},"query-input":"required name=search_term_string"}],"inLanguage":"pt-BR"},{"@type":"Organization","@id":"https:\/\/bahiaeconomica.com.br\/wp\/#organization","name":"Bahia Econ\u00f4mica","url":"https:\/\/bahiaeconomica.com.br\/wp\/","logo":{"@type":"ImageObject","inLanguage":"pt-BR","@id":"https:\/\/bahiaeconomica.com.br\/wp\/#\/schema\/logo\/image\/","url":"https:\/\/bahiaeconomica.com.br\/wp\/wp-content\/uploads\/2020\/12\/cropped-BE.png","contentUrl":"https:\/\/bahiaeconomica.com.br\/wp\/wp-content\/uploads\/2020\/12\/cropped-BE.png","width":512,"height":512,"caption":"Bahia Econ\u00f4mica"},"image":{"@id":"https:\/\/bahiaeconomica.com.br\/wp\/#\/schema\/logo\/image\/"},"sameAs":["https:\/\/www.facebook.com\/bahiaeconomica"]},{"@type":"Person","@id":"https:\/\/bahiaeconomica.com.br\/wp\/#\/schema\/person\/756f314c5bfa87c7b43a2850854305a1","name":"DS","sameAs":["https:\/\/bahiaeconomica.com.br\/wp\/beta\/"],"url":"https:\/\/bahiaeconomica.com.br\/wp\/author\/ds\/"}]}},"views":51,"_links":{"self":[{"href":"https:\/\/bahiaeconomica.com.br\/wp\/wp-json\/wp\/v2\/posts\/757878"}],"collection":[{"href":"https:\/\/bahiaeconomica.com.br\/wp\/wp-json\/wp\/v2\/posts"}],"about":[{"href":"https:\/\/bahiaeconomica.com.br\/wp\/wp-json\/wp\/v2\/types\/post"}],"author":[{"embeddable":true,"href":"https:\/\/bahiaeconomica.com.br\/wp\/wp-json\/wp\/v2\/users\/6"}],"replies":[{"embeddable":true,"href":"https:\/\/bahiaeconomica.com.br\/wp\/wp-json\/wp\/v2\/comments?post=757878"}],"version-history":[{"count":1,"href":"https:\/\/bahiaeconomica.com.br\/wp\/wp-json\/wp\/v2\/posts\/757878\/revisions"}],"predecessor-version":[{"id":757881,"href":"https:\/\/bahiaeconomica.com.br\/wp\/wp-json\/wp\/v2\/posts\/757878\/revisions\/757881"}],"wp:featuredmedia":[{"embeddable":true,"href":"https:\/\/bahiaeconomica.com.br\/wp\/wp-json\/wp\/v2\/media\/757880"}],"wp:attachment":[{"href":"https:\/\/bahiaeconomica.com.br\/wp\/wp-json\/wp\/v2\/media?parent=757878"}],"wp:term":[{"taxonomy":"category","embeddable":true,"href":"https:\/\/bahiaeconomica.com.br\/wp\/wp-json\/wp\/v2\/categories?post=757878"},{"taxonomy":"post_tag","embeddable":true,"href":"https:\/\/bahiaeconomica.com.br\/wp\/wp-json\/wp\/v2\/tags?post=757878"}],"curies":[{"name":"wp","href":"https:\/\/api.w.org\/{rel}","templated":true}]}}