{"id":757814,"date":"2023-08-25T19:45:10","date_gmt":"2023-08-25T22:45:10","guid":{"rendered":"https:\/\/bahiaeconomica.com.br\/wp\/?p=757814"},"modified":"2023-08-25T19:39:04","modified_gmt":"2023-08-25T22:39:04","slug":"saiba-como-cada-deputado-votou-no-pl-dos-precatorios-13-deles-foram-contra","status":"publish","type":"post","link":"https:\/\/bahiaeconomica.com.br\/wp\/2023\/08\/25\/saiba-como-cada-deputado-votou-no-pl-dos-precatorios-13-deles-foram-contra\/","title":{"rendered":"SAIBA COMO CADA DEPUTADO VOTOU NO PL DOS PRECAT\u00d3RIOS; 13 DELES FORAM CONTRA"},"content":{"rendered":"<p>O Projeto de Lei (PL) que garante o pagamento da segunda parcela dos precat\u00f3rios do Fundo de Desenvolvimento do Ensino Fundamental e de Valoriza\u00e7\u00e3o do Magist\u00e9rio (Fundef) devido aos professores e profissionais da Educa\u00e7\u00e3o B\u00e1sica foi aprovado na madrugada desta sexta-feira (25), durante uma sess\u00e3o extraordin\u00e1ria da Assembleia Legislativa da Bahia (AL-BA).<\/p>\n<p>Dos 54 deputados presentes, 40 votaram a favor da proposta e 13 parlamentares votaram contra.<\/p>\n<h3>Confira abaixo os votos favor\u00e1veis:<\/h3>\n<p>Adolfo Menezes (PSD): A favor<br \/>\nAlex da Piat\u00e3 (PSD): A favor<br \/>\n\u00c2ngelo Coronel Filho (PSD): A favor<br \/>\nAnt\u00f4nio Henrique Jr. (PP): A favor<br \/>\nBinho Galinha (Patriota): A favor<br \/>\nBob\u00f4 (PCdoB): A favor<br \/>\nCafu Barreto (PSD): A favor<br \/>\nCl\u00e1udia Oliveira (PSD): A favor<br \/>\nEduardo Alencar (PSD): A favor<br \/>\nEduardo Salles (PP): A favor<br \/>\nEuclides Fernandes (PT): A favor<br \/>\nEures Ribeiro (PSD): A favor<br \/>\nFab\u00edola Mansur (PSB): A favor<br \/>\nF\u00e1tima Nunes (PT): A favor<br \/>\nFelipe Duarte (PP): A favor<br \/>\nHassan (PP): A favor<br \/>\nIvana Bastos (PSD): A favor<br \/>\nJ\u00fanior Muniz (PT): A favor<br \/>\nLaerte do Vando (PSC): A favor<br \/>\nLudmilla Fiscina (PV): A favor<br \/>\nMaria del Carmen (PT): A favor<br \/>\nMarquinho Viana (PV): A favor<br \/>\nMatheus Ferreira (MDB): A favor<br \/>\nNelson Leal (PP): A favor<br \/>\nNeusa Cadore (PT): A favor<br \/>\nNiltinho (PP): A favor<br \/>\nOlivia Santana PCdoB): A favor<br \/>\nPatrick Lopes (Avante): A favor<br \/>\nPaulo Rangel (PT): A favor<br \/>\nRaimundinho da JR (PL): A favor<br \/>\nRicardo Rodrigues (PSD): A favor<br \/>\nRoberto Carlos (PV): A favor<br \/>\nRobinson Almeida (PT): A favor<br \/>\nRog\u00e9rio Andrade (MDB): A favor<br \/>\nRosemberg Pinto (PT): A favor<br \/>\nSoane Galv\u00e3o (PSB): A favor<br \/>\nVitor Azevedo (PL): A favor<br \/>\nVitor Bonfim (PV): A favor<br \/>\nZ\u00e9 Raimundo Fontes (PT): A favor<\/p>\n<h3><strong>Confira abaixo os votos contr\u00e1rios:<\/strong><\/h3>\n<p>Alan Sanches (Uni\u00e3o Brasil): Contra<br \/>\nSandro R\u00e9gis (Uni\u00e3o Brasil): Contra<br \/>\nMarcelinho Veiga (Uni\u00e3o Brasil): Contra<br \/>\nMarcinho Oliveira (Uni\u00e3o Brasil): Contra<br \/>\nLuciano Sim\u00f5es Filho (Uni\u00e3o Brasil): Contra<br \/>\nPedro Tavares (Uni\u00e3o Brasil): Contra<br \/>\nJord\u00e1vio Ramos (PSDB): Contra<br \/>\nTiago Correia (PSDB): Contra<br \/>\nLeandro de Jesus (PL): Contra<br \/>\nPancadinha (SD): Contra<br \/>\nJos\u00e9 de Arimateia (Republicanos): Contra<br \/>\nSamuel J\u00fanior (Republicanos): Contra<br \/>\nEmerson Penalva (PDT): Contra<br \/>\nHilton Coelho (PSOL): Contra<\/p>\n<p>Os deputados Dr. Diego Castro (PL), Fabr\u00edcio Falc\u00e3o (PCdoB), Junior Nascimento (Uni\u00e3o Brasil), Jurailton Santos (PRB), K\u00e1tia Oliveira (MDB), Luciano Ara\u00fajo (Solidariedade), Manuel Rocha (Uni\u00e3o Brasil), Pablo Roberto (PSDB) e Robinho (PP) n\u00e3o estiveram presentes na sess\u00e3o.<\/p>\n<p><strong>Foto: Sandra Travassos\/ALBA<\/strong><\/p>\n","protected":false},"excerpt":{"rendered":"<p>O Projeto de Lei (PL) que garante o pagamento da segunda parcela dos precat\u00f3rios do Fundo de Desenvolvimento do Ensino Fundamental e de Valoriza\u00e7\u00e3o do Magist\u00e9rio (Fundef) devido aos professores e profissionais da Educa\u00e7\u00e3o B\u00e1sica foi aprovado na madrugada desta sexta-feira (25), durante uma sess\u00e3o extraordin\u00e1ria da Assembleia Legislativa da Bahia (AL-BA). Dos 54 deputados [&hellip;]<\/p>\n","protected":false},"author":18,"featured_media":757815,"comment_status":"closed","ping_status":"closed","sticky":false,"template":"","format":"standard","meta":[],"categories":[14601],"tags":[504,15761,18479,18437,17907,18968,18969],"acf":[],"yoast_head":"<!-- This site is optimized with the Yoast SEO plugin v20.8 - https:\/\/yoast.com\/wordpress\/plugins\/seo\/ -->\n<title>SAIBA COMO CADA DEPUTADO VOTOU NO PL DOS PRECAT\u00d3RIOS; 13 DELES FORAM CONTRA - Bahia Economica<\/title>\n<meta name=\"description\" content=\"O maior portal de Economia da Bahia Pol\u00edtica Bahia Economica O Projeto de Lei (PL) que garante o pagamento da segunda parcela dos precat\u00f3rios\" \/>\n<meta name=\"robots\" content=\"index, follow, max-snippet:-1, max-image-preview:large, max-video-preview:-1\" \/>\n<link rel=\"canonical\" href=\"https:\/\/bahiaeconomica.com.br\/wp\/2023\/08\/25\/saiba-como-cada-deputado-votou-no-pl-dos-precatorios-13-deles-foram-contra\/\" \/>\n<meta property=\"og:locale\" content=\"pt_BR\" \/>\n<meta property=\"og:type\" content=\"article\" \/>\n<meta property=\"og:title\" content=\"SAIBA COMO CADA DEPUTADO VOTOU NO PL DOS PRECAT\u00d3RIOS; 13 DELES FORAM CONTRA - Bahia Economica\" \/>\n<meta property=\"og:description\" content=\"O maior portal de Economia da Bahia Pol\u00edtica Bahia Economica O Projeto de Lei (PL) que garante o pagamento da segunda parcela dos precat\u00f3rios\" \/>\n<meta property=\"og:url\" content=\"https:\/\/bahiaeconomica.com.br\/wp\/2023\/08\/25\/saiba-como-cada-deputado-votou-no-pl-dos-precatorios-13-deles-foram-contra\/\" \/>\n<meta property=\"og:site_name\" content=\"Bahia Economica\" \/>\n<meta property=\"article:publisher\" content=\"https:\/\/www.facebook.com\/bahiaeconomica\" \/>\n<meta property=\"article:published_time\" content=\"2023-08-25T22:45:10+00:00\" \/>\n<meta property=\"article:modified_time\" content=\"2023-08-25T22:39:04+00:00\" \/>\n<meta property=\"og:image\" content=\"https:\/\/bahiaeconomica.com.br\/wp\/wp-content\/uploads\/2023\/08\/alba-3.jpg\" \/>\n\t<meta property=\"og:image:width\" content=\"740\" \/>\n\t<meta property=\"og:image:height\" content=\"485\" \/>\n\t<meta property=\"og:image:type\" content=\"image\/jpeg\" \/>\n<meta name=\"author\" content=\"Emily Oliveira\" \/>\n<meta name=\"twitter:card\" content=\"summary_large_image\" \/>\n<meta name=\"twitter:label1\" content=\"Escrito por\" \/>\n\t<meta name=\"twitter:data1\" content=\"Emily Oliveira\" \/>\n\t<meta name=\"twitter:label2\" content=\"Est. tempo de leitura\" \/>\n\t<meta name=\"twitter:data2\" content=\"3 minutos\" \/>\n<script type=\"application\/ld+json\" class=\"yoast-schema-graph\">{\"@context\":\"https:\/\/schema.org\",\"@graph\":[{\"@type\":\"Article\",\"@id\":\"https:\/\/bahiaeconomica.com.br\/wp\/2023\/08\/25\/saiba-como-cada-deputado-votou-no-pl-dos-precatorios-13-deles-foram-contra\/#article\",\"isPartOf\":{\"@id\":\"https:\/\/bahiaeconomica.com.br\/wp\/2023\/08\/25\/saiba-como-cada-deputado-votou-no-pl-dos-precatorios-13-deles-foram-contra\/\"},\"author\":{\"name\":\"Emily Oliveira\",\"@id\":\"https:\/\/bahiaeconomica.com.br\/wp\/#\/schema\/person\/547396bb3b39ebb828ab5807d982c42f\"},\"headline\":\"SAIBA COMO CADA DEPUTADO VOTOU NO PL DOS PRECAT\u00d3RIOS; 13 DELES FORAM CONTRA\",\"datePublished\":\"2023-08-25T22:45:10+00:00\",\"dateModified\":\"2023-08-25T22:39:04+00:00\",\"mainEntityOfPage\":{\"@id\":\"https:\/\/bahiaeconomica.com.br\/wp\/2023\/08\/25\/saiba-como-cada-deputado-votou-no-pl-dos-precatorios-13-deles-foram-contra\/\"},\"wordCount\":424,\"publisher\":{\"@id\":\"https:\/\/bahiaeconomica.com.br\/wp\/#organization\"},\"keywords\":[\"Assembleia Legislativa da Bahia\",\"DEPUTADOS ESTADUAIS\",\"PL DOS PRECAT\u00d3RIOS\",\"precat\u00f3rios do fundef\",\"professores da rede estadual\",\"profissionais da educa\u00e7\u00e3o\",\"vota\u00e7\u00e3o dos deputados\"],\"articleSection\":[\"Pol\u00edtica\"],\"inLanguage\":\"pt-BR\"},{\"@type\":\"WebPage\",\"@id\":\"https:\/\/bahiaeconomica.com.br\/wp\/2023\/08\/25\/saiba-como-cada-deputado-votou-no-pl-dos-precatorios-13-deles-foram-contra\/\",\"url\":\"https:\/\/bahiaeconomica.com.br\/wp\/2023\/08\/25\/saiba-como-cada-deputado-votou-no-pl-dos-precatorios-13-deles-foram-contra\/\",\"name\":\"SAIBA COMO CADA DEPUTADO VOTOU NO PL DOS PRECAT\u00d3RIOS; 13 DELES FORAM CONTRA - Bahia Economica\",\"isPartOf\":{\"@id\":\"https:\/\/bahiaeconomica.com.br\/wp\/#website\"},\"datePublished\":\"2023-08-25T22:45:10+00:00\",\"dateModified\":\"2023-08-25T22:39:04+00:00\",\"description\":\"O maior portal de Economia da Bahia Pol\u00edtica Bahia Economica O Projeto de Lei (PL) que garante o pagamento da segunda parcela dos precat\u00f3rios\",\"breadcrumb\":{\"@id\":\"https:\/\/bahiaeconomica.com.br\/wp\/2023\/08\/25\/saiba-como-cada-deputado-votou-no-pl-dos-precatorios-13-deles-foram-contra\/#breadcrumb\"},\"inLanguage\":\"pt-BR\",\"potentialAction\":[{\"@type\":\"ReadAction\",\"target\":[\"https:\/\/bahiaeconomica.com.br\/wp\/2023\/08\/25\/saiba-como-cada-deputado-votou-no-pl-dos-precatorios-13-deles-foram-contra\/\"]}]},{\"@type\":\"BreadcrumbList\",\"@id\":\"https:\/\/bahiaeconomica.com.br\/wp\/2023\/08\/25\/saiba-como-cada-deputado-votou-no-pl-dos-precatorios-13-deles-foram-contra\/#breadcrumb\",\"itemListElement\":[{\"@type\":\"ListItem\",\"position\":1,\"name\":\"In\u00edcio\",\"item\":\"https:\/\/bahiaeconomica.com.br\/wp\/\"},{\"@type\":\"ListItem\",\"position\":2,\"name\":\"SAIBA COMO CADA DEPUTADO VOTOU NO PL DOS PRECAT\u00d3RIOS; 13 DELES FORAM CONTRA\"}]},{\"@type\":\"WebSite\",\"@id\":\"https:\/\/bahiaeconomica.com.br\/wp\/#website\",\"url\":\"https:\/\/bahiaeconomica.com.br\/wp\/\",\"name\":\"Bahia Economica\",\"description\":\"O maior portal de Economia da Bahia\",\"publisher\":{\"@id\":\"https:\/\/bahiaeconomica.com.br\/wp\/#organization\"},\"potentialAction\":[{\"@type\":\"SearchAction\",\"target\":{\"@type\":\"EntryPoint\",\"urlTemplate\":\"https:\/\/bahiaeconomica.com.br\/wp\/?s={search_term_string}\"},\"query-input\":\"required name=search_term_string\"}],\"inLanguage\":\"pt-BR\"},{\"@type\":\"Organization\",\"@id\":\"https:\/\/bahiaeconomica.com.br\/wp\/#organization\",\"name\":\"Bahia Econ\u00f4mica\",\"url\":\"https:\/\/bahiaeconomica.com.br\/wp\/\",\"logo\":{\"@type\":\"ImageObject\",\"inLanguage\":\"pt-BR\",\"@id\":\"https:\/\/bahiaeconomica.com.br\/wp\/#\/schema\/logo\/image\/\",\"url\":\"https:\/\/bahiaeconomica.com.br\/wp\/wp-content\/uploads\/2020\/12\/cropped-BE.png\",\"contentUrl\":\"https:\/\/bahiaeconomica.com.br\/wp\/wp-content\/uploads\/2020\/12\/cropped-BE.png\",\"width\":512,\"height\":512,\"caption\":\"Bahia Econ\u00f4mica\"},\"image\":{\"@id\":\"https:\/\/bahiaeconomica.com.br\/wp\/#\/schema\/logo\/image\/\"},\"sameAs\":[\"https:\/\/www.facebook.com\/bahiaeconomica\"]},{\"@type\":\"Person\",\"@id\":\"https:\/\/bahiaeconomica.com.br\/wp\/#\/schema\/person\/547396bb3b39ebb828ab5807d982c42f\",\"name\":\"Emily Oliveira\",\"sameAs\":[\"https:\/\/bahiaeconomica.com.br\/wp\/\"],\"url\":\"https:\/\/bahiaeconomica.com.br\/wp\/author\/emily-oliveira\/\"}]}<\/script>\n<!-- \/ Yoast SEO plugin. -->","yoast_head_json":{"title":"SAIBA COMO CADA DEPUTADO VOTOU NO PL DOS PRECAT\u00d3RIOS; 13 DELES FORAM CONTRA - Bahia Economica","description":"O maior portal de Economia da Bahia Pol\u00edtica Bahia Economica O Projeto de Lei (PL) que garante o pagamento da segunda parcela dos precat\u00f3rios","robots":{"index":"index","follow":"follow","max-snippet":"max-snippet:-1","max-image-preview":"max-image-preview:large","max-video-preview":"max-video-preview:-1"},"canonical":"https:\/\/bahiaeconomica.com.br\/wp\/2023\/08\/25\/saiba-como-cada-deputado-votou-no-pl-dos-precatorios-13-deles-foram-contra\/","og_locale":"pt_BR","og_type":"article","og_title":"SAIBA COMO CADA DEPUTADO VOTOU NO PL DOS PRECAT\u00d3RIOS; 13 DELES FORAM CONTRA - Bahia Economica","og_description":"O maior portal de Economia da Bahia Pol\u00edtica Bahia Economica O Projeto de Lei (PL) que garante o pagamento da segunda parcela dos precat\u00f3rios","og_url":"https:\/\/bahiaeconomica.com.br\/wp\/2023\/08\/25\/saiba-como-cada-deputado-votou-no-pl-dos-precatorios-13-deles-foram-contra\/","og_site_name":"Bahia Economica","article_publisher":"https:\/\/www.facebook.com\/bahiaeconomica","article_published_time":"2023-08-25T22:45:10+00:00","article_modified_time":"2023-08-25T22:39:04+00:00","og_image":[{"width":740,"height":485,"url":"https:\/\/bahiaeconomica.com.br\/wp\/wp-content\/uploads\/2023\/08\/alba-3.jpg","type":"image\/jpeg"}],"author":"Emily Oliveira","twitter_card":"summary_large_image","twitter_misc":{"Escrito por":"Emily Oliveira","Est. tempo de leitura":"3 minutos"},"schema":{"@context":"https:\/\/schema.org","@graph":[{"@type":"Article","@id":"https:\/\/bahiaeconomica.com.br\/wp\/2023\/08\/25\/saiba-como-cada-deputado-votou-no-pl-dos-precatorios-13-deles-foram-contra\/#article","isPartOf":{"@id":"https:\/\/bahiaeconomica.com.br\/wp\/2023\/08\/25\/saiba-como-cada-deputado-votou-no-pl-dos-precatorios-13-deles-foram-contra\/"},"author":{"name":"Emily Oliveira","@id":"https:\/\/bahiaeconomica.com.br\/wp\/#\/schema\/person\/547396bb3b39ebb828ab5807d982c42f"},"headline":"SAIBA COMO CADA DEPUTADO VOTOU NO PL DOS PRECAT\u00d3RIOS; 13 DELES FORAM CONTRA","datePublished":"2023-08-25T22:45:10+00:00","dateModified":"2023-08-25T22:39:04+00:00","mainEntityOfPage":{"@id":"https:\/\/bahiaeconomica.com.br\/wp\/2023\/08\/25\/saiba-como-cada-deputado-votou-no-pl-dos-precatorios-13-deles-foram-contra\/"},"wordCount":424,"publisher":{"@id":"https:\/\/bahiaeconomica.com.br\/wp\/#organization"},"keywords":["Assembleia Legislativa da Bahia","DEPUTADOS ESTADUAIS","PL DOS PRECAT\u00d3RIOS","precat\u00f3rios do fundef","professores da rede estadual","profissionais da educa\u00e7\u00e3o","vota\u00e7\u00e3o dos deputados"],"articleSection":["Pol\u00edtica"],"inLanguage":"pt-BR"},{"@type":"WebPage","@id":"https:\/\/bahiaeconomica.com.br\/wp\/2023\/08\/25\/saiba-como-cada-deputado-votou-no-pl-dos-precatorios-13-deles-foram-contra\/","url":"https:\/\/bahiaeconomica.com.br\/wp\/2023\/08\/25\/saiba-como-cada-deputado-votou-no-pl-dos-precatorios-13-deles-foram-contra\/","name":"SAIBA COMO CADA DEPUTADO VOTOU NO PL DOS PRECAT\u00d3RIOS; 13 DELES FORAM CONTRA - Bahia Economica","isPartOf":{"@id":"https:\/\/bahiaeconomica.com.br\/wp\/#website"},"datePublished":"2023-08-25T22:45:10+00:00","dateModified":"2023-08-25T22:39:04+00:00","description":"O maior portal de Economia da Bahia Pol\u00edtica Bahia Economica O Projeto de Lei (PL) que garante o pagamento da segunda parcela dos precat\u00f3rios","breadcrumb":{"@id":"https:\/\/bahiaeconomica.com.br\/wp\/2023\/08\/25\/saiba-como-cada-deputado-votou-no-pl-dos-precatorios-13-deles-foram-contra\/#breadcrumb"},"inLanguage":"pt-BR","potentialAction":[{"@type":"ReadAction","target":["https:\/\/bahiaeconomica.com.br\/wp\/2023\/08\/25\/saiba-como-cada-deputado-votou-no-pl-dos-precatorios-13-deles-foram-contra\/"]}]},{"@type":"BreadcrumbList","@id":"https:\/\/bahiaeconomica.com.br\/wp\/2023\/08\/25\/saiba-como-cada-deputado-votou-no-pl-dos-precatorios-13-deles-foram-contra\/#breadcrumb","itemListElement":[{"@type":"ListItem","position":1,"name":"In\u00edcio","item":"https:\/\/bahiaeconomica.com.br\/wp\/"},{"@type":"ListItem","position":2,"name":"SAIBA COMO CADA DEPUTADO VOTOU NO PL DOS PRECAT\u00d3RIOS; 13 DELES FORAM CONTRA"}]},{"@type":"WebSite","@id":"https:\/\/bahiaeconomica.com.br\/wp\/#website","url":"https:\/\/bahiaeconomica.com.br\/wp\/","name":"Bahia Economica","description":"O maior portal de Economia da Bahia","publisher":{"@id":"https:\/\/bahiaeconomica.com.br\/wp\/#organization"},"potentialAction":[{"@type":"SearchAction","target":{"@type":"EntryPoint","urlTemplate":"https:\/\/bahiaeconomica.com.br\/wp\/?s={search_term_string}"},"query-input":"required name=search_term_string"}],"inLanguage":"pt-BR"},{"@type":"Organization","@id":"https:\/\/bahiaeconomica.com.br\/wp\/#organization","name":"Bahia Econ\u00f4mica","url":"https:\/\/bahiaeconomica.com.br\/wp\/","logo":{"@type":"ImageObject","inLanguage":"pt-BR","@id":"https:\/\/bahiaeconomica.com.br\/wp\/#\/schema\/logo\/image\/","url":"https:\/\/bahiaeconomica.com.br\/wp\/wp-content\/uploads\/2020\/12\/cropped-BE.png","contentUrl":"https:\/\/bahiaeconomica.com.br\/wp\/wp-content\/uploads\/2020\/12\/cropped-BE.png","width":512,"height":512,"caption":"Bahia Econ\u00f4mica"},"image":{"@id":"https:\/\/bahiaeconomica.com.br\/wp\/#\/schema\/logo\/image\/"},"sameAs":["https:\/\/www.facebook.com\/bahiaeconomica"]},{"@type":"Person","@id":"https:\/\/bahiaeconomica.com.br\/wp\/#\/schema\/person\/547396bb3b39ebb828ab5807d982c42f","name":"Emily Oliveira","sameAs":["https:\/\/bahiaeconomica.com.br\/wp\/"],"url":"https:\/\/bahiaeconomica.com.br\/wp\/author\/emily-oliveira\/"}]}},"views":169,"_links":{"self":[{"href":"https:\/\/bahiaeconomica.com.br\/wp\/wp-json\/wp\/v2\/posts\/757814"}],"collection":[{"href":"https:\/\/bahiaeconomica.com.br\/wp\/wp-json\/wp\/v2\/posts"}],"about":[{"href":"https:\/\/bahiaeconomica.com.br\/wp\/wp-json\/wp\/v2\/types\/post"}],"author":[{"embeddable":true,"href":"https:\/\/bahiaeconomica.com.br\/wp\/wp-json\/wp\/v2\/users\/18"}],"replies":[{"embeddable":true,"href":"https:\/\/bahiaeconomica.com.br\/wp\/wp-json\/wp\/v2\/comments?post=757814"}],"version-history":[{"count":1,"href":"https:\/\/bahiaeconomica.com.br\/wp\/wp-json\/wp\/v2\/posts\/757814\/revisions"}],"predecessor-version":[{"id":757817,"href":"https:\/\/bahiaeconomica.com.br\/wp\/wp-json\/wp\/v2\/posts\/757814\/revisions\/757817"}],"wp:featuredmedia":[{"embeddable":true,"href":"https:\/\/bahiaeconomica.com.br\/wp\/wp-json\/wp\/v2\/media\/757815"}],"wp:attachment":[{"href":"https:\/\/bahiaeconomica.com.br\/wp\/wp-json\/wp\/v2\/media?parent=757814"}],"wp:term":[{"taxonomy":"category","embeddable":true,"href":"https:\/\/bahiaeconomica.com.br\/wp\/wp-json\/wp\/v2\/categories?post=757814"},{"taxonomy":"post_tag","embeddable":true,"href":"https:\/\/bahiaeconomica.com.br\/wp\/wp-json\/wp\/v2\/tags?post=757814"}],"curies":[{"name":"wp","href":"https:\/\/api.w.org\/{rel}","templated":true}]}}