{"id":757632,"date":"2023-08-25T10:59:53","date_gmt":"2023-08-25T13:59:53","guid":{"rendered":"https:\/\/bahiaeconomica.com.br\/wp\/?p=757632"},"modified":"2023-08-25T10:47:39","modified_gmt":"2023-08-25T13:47:39","slug":"757632","status":"publish","type":"post","link":"https:\/\/bahiaeconomica.com.br\/wp\/2023\/08\/25\/757632\/","title":{"rendered":"L\u00cdDER DO GOVERNO NA AL-BA DEFENDE VIT\u00d3RIA DA BASE NA CASA LEGISLATIVA"},"content":{"rendered":"<p><strong><a href=\"https:\/\/bahiaeconomica.com.br\/wp\/2023\/08\/25\/durante-a-madrugada-al-ba-aprova-projeto-dos-precatorios-do-fundef-na-bahia-confira\/\">Ap\u00f3s a vit\u00f3ria da base governista de Jer\u00f4nimo (PT) na AL-BA,<\/a><\/strong> com a aprova\u00e7\u00e3o do pagamento dos precat\u00f3rios do Fundef, o l\u00edder do governo na Casa, deputado estadual Rosemberg Pinto (PT), avaliou que protestos dos professores n\u00e3o interfere na imagem da gest\u00e3o petista.<\/p>\n<p>O parlamentar aponta que a proposta encaminhada pela gest\u00e3o contempla uma demanda maior de professores da rede estadual, contr\u00e1ria \u00e0 anterior.<\/p>\n<p>\u201cPelo contr\u00e1rio, 31 mil professores que n\u00e3o receberam na lei anterior, v\u00e3o receber nessa lei agora. Ele est\u00e1 ampliando em rela\u00e7\u00e3o \u00e0 lei anterior\u201d, ressaltou Rosemberg, ao portal A Tarde.<\/p>\n<p>Apesar da garantia do pagamento de 90% dos precat\u00f3rios aos professores estaduais, <strong><a href=\"https:\/\/bahiaeconomica.com.br\/wp\/2023\/08\/25\/apos-aprovacao-dos-precatorios-sem-juros-aplb-sindicato-acionara-o-stf-lider-da-oposicao-na-al-ba-reage\/\">a classe defende que os precat\u00f3rios sejam pagos com corre\u00e7\u00e3o de juros e mora,<\/a><\/strong> conforme previsto na Emenda Constitucional 114 e artigo 2\u00b0 da Lei 14.485\/22.<\/p>\n<p>&nbsp;<\/p>\n<p>Foto: Lucas Franco\/Ag. A TARDE<\/p>\n","protected":false},"excerpt":{"rendered":"<p>Ap\u00f3s a vit\u00f3ria da base governista de Jer\u00f4nimo (PT) na AL-BA, com a aprova\u00e7\u00e3o do pagamento dos precat\u00f3rios do Fundef, o l\u00edder do governo na Casa, deputado estadual Rosemberg Pinto (PT), avaliou que protestos dos professores n\u00e3o interfere na imagem da gest\u00e3o petista. O parlamentar aponta que a proposta encaminhada pela gest\u00e3o contempla uma demanda [&hellip;]<\/p>\n","protected":false},"author":6,"featured_media":757633,"comment_status":"closed","ping_status":"closed","sticky":false,"template":"","format":"standard","meta":[],"categories":[14,14601],"tags":[1670,18901,85,15761,18903,18902,1529,8225,6614],"acf":[],"yoast_head":"<!-- This site is optimized with the Yoast SEO plugin v20.8 - https:\/\/yoast.com\/wordpress\/plugins\/seo\/ -->\n<title>L\u00cdDER DO GOVERNO NA AL-BA DEFENDE VIT\u00d3RIA DA BASE NA CASA LEGISLATIVA - Bahia Economica<\/title>\n<meta name=\"description\" content=\"O maior portal de Economia da Bahia DESTAQUE DO DIA, Pol\u00edtica Bahia Economica\" \/>\n<meta name=\"robots\" content=\"index, follow, max-snippet:-1, max-image-preview:large, max-video-preview:-1\" \/>\n<link rel=\"canonical\" href=\"https:\/\/bahiaeconomica.com.br\/wp\/2023\/08\/25\/757632\/\" \/>\n<meta property=\"og:locale\" content=\"pt_BR\" \/>\n<meta property=\"og:type\" content=\"article\" \/>\n<meta property=\"og:title\" content=\"L\u00cdDER DO GOVERNO NA AL-BA DEFENDE VIT\u00d3RIA DA BASE NA CASA LEGISLATIVA - Bahia Economica\" \/>\n<meta property=\"og:description\" content=\"O maior portal de Economia da Bahia DESTAQUE DO DIA, Pol\u00edtica Bahia Economica\" \/>\n<meta property=\"og:url\" content=\"https:\/\/bahiaeconomica.com.br\/wp\/2023\/08\/25\/757632\/\" \/>\n<meta property=\"og:site_name\" content=\"Bahia Economica\" \/>\n<meta property=\"article:publisher\" content=\"https:\/\/www.facebook.com\/bahiaeconomica\" \/>\n<meta property=\"article:published_time\" content=\"2023-08-25T13:59:53+00:00\" \/>\n<meta property=\"article:modified_time\" content=\"2023-08-25T13:47:39+00:00\" \/>\n<meta property=\"og:image\" content=\"https:\/\/bahiaeconomica.com.br\/wp\/wp-content\/uploads\/2023\/08\/Rosemberg-avalia-que-protestos-nao-interferem-imag0124004500202308242332-ScaleDownProportional.jpg\" \/>\n\t<meta property=\"og:image:width\" content=\"850\" \/>\n\t<meta property=\"og:image:height\" content=\"556\" \/>\n\t<meta property=\"og:image:type\" content=\"image\/jpeg\" \/>\n<meta name=\"author\" content=\"DS\" \/>\n<meta name=\"twitter:card\" content=\"summary_large_image\" \/>\n<meta name=\"twitter:label1\" content=\"Escrito por\" \/>\n\t<meta name=\"twitter:data1\" content=\"DS\" \/>\n\t<meta name=\"twitter:label2\" content=\"Est. tempo de leitura\" \/>\n\t<meta name=\"twitter:data2\" content=\"1 minuto\" \/>\n<script type=\"application\/ld+json\" class=\"yoast-schema-graph\">{\"@context\":\"https:\/\/schema.org\",\"@graph\":[{\"@type\":\"Article\",\"@id\":\"https:\/\/bahiaeconomica.com.br\/wp\/2023\/08\/25\/757632\/#article\",\"isPartOf\":{\"@id\":\"https:\/\/bahiaeconomica.com.br\/wp\/2023\/08\/25\/757632\/\"},\"author\":{\"name\":\"DS\",\"@id\":\"https:\/\/bahiaeconomica.com.br\/wp\/#\/schema\/person\/756f314c5bfa87c7b43a2850854305a1\"},\"headline\":\"L\u00cdDER DO GOVERNO NA AL-BA DEFENDE VIT\u00d3RIA DA BASE NA CASA LEGISLATIVA\",\"datePublished\":\"2023-08-25T13:59:53+00:00\",\"dateModified\":\"2023-08-25T13:47:39+00:00\",\"mainEntityOfPage\":{\"@id\":\"https:\/\/bahiaeconomica.com.br\/wp\/2023\/08\/25\/757632\/\"},\"wordCount\":163,\"publisher\":{\"@id\":\"https:\/\/bahiaeconomica.com.br\/wp\/#organization\"},\"keywords\":[\"AL-BA\",\"AVDOR\",\"Bahia\",\"DEPUTADOS ESTADUAIS\",\"GOVERNO JER\u00d4NIMO\",\"PRECAT\u00d3RIOS FUNDEF\",\"professores\",\"Rosemberg Pinto\",\"sal\"],\"articleSection\":[\"DESTAQUE DO DIA\",\"Pol\u00edtica\"],\"inLanguage\":\"pt-BR\"},{\"@type\":\"WebPage\",\"@id\":\"https:\/\/bahiaeconomica.com.br\/wp\/2023\/08\/25\/757632\/\",\"url\":\"https:\/\/bahiaeconomica.com.br\/wp\/2023\/08\/25\/757632\/\",\"name\":\"L\u00cdDER DO GOVERNO NA AL-BA DEFENDE VIT\u00d3RIA DA BASE NA CASA LEGISLATIVA - Bahia Economica\",\"isPartOf\":{\"@id\":\"https:\/\/bahiaeconomica.com.br\/wp\/#website\"},\"datePublished\":\"2023-08-25T13:59:53+00:00\",\"dateModified\":\"2023-08-25T13:47:39+00:00\",\"description\":\"O maior portal de Economia da Bahia DESTAQUE DO DIA, Pol\u00edtica Bahia Economica\",\"breadcrumb\":{\"@id\":\"https:\/\/bahiaeconomica.com.br\/wp\/2023\/08\/25\/757632\/#breadcrumb\"},\"inLanguage\":\"pt-BR\",\"potentialAction\":[{\"@type\":\"ReadAction\",\"target\":[\"https:\/\/bahiaeconomica.com.br\/wp\/2023\/08\/25\/757632\/\"]}]},{\"@type\":\"BreadcrumbList\",\"@id\":\"https:\/\/bahiaeconomica.com.br\/wp\/2023\/08\/25\/757632\/#breadcrumb\",\"itemListElement\":[{\"@type\":\"ListItem\",\"position\":1,\"name\":\"In\u00edcio\",\"item\":\"https:\/\/bahiaeconomica.com.br\/wp\/\"},{\"@type\":\"ListItem\",\"position\":2,\"name\":\"L\u00cdDER DO GOVERNO NA AL-BA DEFENDE VIT\u00d3RIA DA BASE NA CASA LEGISLATIVA\"}]},{\"@type\":\"WebSite\",\"@id\":\"https:\/\/bahiaeconomica.com.br\/wp\/#website\",\"url\":\"https:\/\/bahiaeconomica.com.br\/wp\/\",\"name\":\"Bahia Economica\",\"description\":\"O maior portal de Economia da Bahia\",\"publisher\":{\"@id\":\"https:\/\/bahiaeconomica.com.br\/wp\/#organization\"},\"potentialAction\":[{\"@type\":\"SearchAction\",\"target\":{\"@type\":\"EntryPoint\",\"urlTemplate\":\"https:\/\/bahiaeconomica.com.br\/wp\/?s={search_term_string}\"},\"query-input\":\"required name=search_term_string\"}],\"inLanguage\":\"pt-BR\"},{\"@type\":\"Organization\",\"@id\":\"https:\/\/bahiaeconomica.com.br\/wp\/#organization\",\"name\":\"Bahia Econ\u00f4mica\",\"url\":\"https:\/\/bahiaeconomica.com.br\/wp\/\",\"logo\":{\"@type\":\"ImageObject\",\"inLanguage\":\"pt-BR\",\"@id\":\"https:\/\/bahiaeconomica.com.br\/wp\/#\/schema\/logo\/image\/\",\"url\":\"https:\/\/bahiaeconomica.com.br\/wp\/wp-content\/uploads\/2020\/12\/cropped-BE.png\",\"contentUrl\":\"https:\/\/bahiaeconomica.com.br\/wp\/wp-content\/uploads\/2020\/12\/cropped-BE.png\",\"width\":512,\"height\":512,\"caption\":\"Bahia Econ\u00f4mica\"},\"image\":{\"@id\":\"https:\/\/bahiaeconomica.com.br\/wp\/#\/schema\/logo\/image\/\"},\"sameAs\":[\"https:\/\/www.facebook.com\/bahiaeconomica\"]},{\"@type\":\"Person\",\"@id\":\"https:\/\/bahiaeconomica.com.br\/wp\/#\/schema\/person\/756f314c5bfa87c7b43a2850854305a1\",\"name\":\"DS\",\"sameAs\":[\"https:\/\/bahiaeconomica.com.br\/wp\/beta\/\"],\"url\":\"https:\/\/bahiaeconomica.com.br\/wp\/author\/ds\/\"}]}<\/script>\n<!-- \/ Yoast SEO plugin. -->","yoast_head_json":{"title":"L\u00cdDER DO GOVERNO NA AL-BA DEFENDE VIT\u00d3RIA DA BASE NA CASA LEGISLATIVA - Bahia Economica","description":"O maior portal de Economia da Bahia DESTAQUE DO DIA, Pol\u00edtica Bahia Economica","robots":{"index":"index","follow":"follow","max-snippet":"max-snippet:-1","max-image-preview":"max-image-preview:large","max-video-preview":"max-video-preview:-1"},"canonical":"https:\/\/bahiaeconomica.com.br\/wp\/2023\/08\/25\/757632\/","og_locale":"pt_BR","og_type":"article","og_title":"L\u00cdDER DO GOVERNO NA AL-BA DEFENDE VIT\u00d3RIA DA BASE NA CASA LEGISLATIVA - Bahia Economica","og_description":"O maior portal de Economia da Bahia DESTAQUE DO DIA, Pol\u00edtica Bahia Economica","og_url":"https:\/\/bahiaeconomica.com.br\/wp\/2023\/08\/25\/757632\/","og_site_name":"Bahia Economica","article_publisher":"https:\/\/www.facebook.com\/bahiaeconomica","article_published_time":"2023-08-25T13:59:53+00:00","article_modified_time":"2023-08-25T13:47:39+00:00","og_image":[{"width":850,"height":556,"url":"https:\/\/bahiaeconomica.com.br\/wp\/wp-content\/uploads\/2023\/08\/Rosemberg-avalia-que-protestos-nao-interferem-imag0124004500202308242332-ScaleDownProportional.jpg","type":"image\/jpeg"}],"author":"DS","twitter_card":"summary_large_image","twitter_misc":{"Escrito por":"DS","Est. tempo de leitura":"1 minuto"},"schema":{"@context":"https:\/\/schema.org","@graph":[{"@type":"Article","@id":"https:\/\/bahiaeconomica.com.br\/wp\/2023\/08\/25\/757632\/#article","isPartOf":{"@id":"https:\/\/bahiaeconomica.com.br\/wp\/2023\/08\/25\/757632\/"},"author":{"name":"DS","@id":"https:\/\/bahiaeconomica.com.br\/wp\/#\/schema\/person\/756f314c5bfa87c7b43a2850854305a1"},"headline":"L\u00cdDER DO GOVERNO NA AL-BA DEFENDE VIT\u00d3RIA DA BASE NA CASA LEGISLATIVA","datePublished":"2023-08-25T13:59:53+00:00","dateModified":"2023-08-25T13:47:39+00:00","mainEntityOfPage":{"@id":"https:\/\/bahiaeconomica.com.br\/wp\/2023\/08\/25\/757632\/"},"wordCount":163,"publisher":{"@id":"https:\/\/bahiaeconomica.com.br\/wp\/#organization"},"keywords":["AL-BA","AVDOR","Bahia","DEPUTADOS ESTADUAIS","GOVERNO JER\u00d4NIMO","PRECAT\u00d3RIOS FUNDEF","professores","Rosemberg Pinto","sal"],"articleSection":["DESTAQUE DO DIA","Pol\u00edtica"],"inLanguage":"pt-BR"},{"@type":"WebPage","@id":"https:\/\/bahiaeconomica.com.br\/wp\/2023\/08\/25\/757632\/","url":"https:\/\/bahiaeconomica.com.br\/wp\/2023\/08\/25\/757632\/","name":"L\u00cdDER DO GOVERNO NA AL-BA DEFENDE VIT\u00d3RIA DA BASE NA CASA LEGISLATIVA - Bahia Economica","isPartOf":{"@id":"https:\/\/bahiaeconomica.com.br\/wp\/#website"},"datePublished":"2023-08-25T13:59:53+00:00","dateModified":"2023-08-25T13:47:39+00:00","description":"O maior portal de Economia da Bahia DESTAQUE DO DIA, Pol\u00edtica Bahia Economica","breadcrumb":{"@id":"https:\/\/bahiaeconomica.com.br\/wp\/2023\/08\/25\/757632\/#breadcrumb"},"inLanguage":"pt-BR","potentialAction":[{"@type":"ReadAction","target":["https:\/\/bahiaeconomica.com.br\/wp\/2023\/08\/25\/757632\/"]}]},{"@type":"BreadcrumbList","@id":"https:\/\/bahiaeconomica.com.br\/wp\/2023\/08\/25\/757632\/#breadcrumb","itemListElement":[{"@type":"ListItem","position":1,"name":"In\u00edcio","item":"https:\/\/bahiaeconomica.com.br\/wp\/"},{"@type":"ListItem","position":2,"name":"L\u00cdDER DO GOVERNO NA AL-BA DEFENDE VIT\u00d3RIA DA BASE NA CASA LEGISLATIVA"}]},{"@type":"WebSite","@id":"https:\/\/bahiaeconomica.com.br\/wp\/#website","url":"https:\/\/bahiaeconomica.com.br\/wp\/","name":"Bahia Economica","description":"O maior portal de Economia da Bahia","publisher":{"@id":"https:\/\/bahiaeconomica.com.br\/wp\/#organization"},"potentialAction":[{"@type":"SearchAction","target":{"@type":"EntryPoint","urlTemplate":"https:\/\/bahiaeconomica.com.br\/wp\/?s={search_term_string}"},"query-input":"required name=search_term_string"}],"inLanguage":"pt-BR"},{"@type":"Organization","@id":"https:\/\/bahiaeconomica.com.br\/wp\/#organization","name":"Bahia Econ\u00f4mica","url":"https:\/\/bahiaeconomica.com.br\/wp\/","logo":{"@type":"ImageObject","inLanguage":"pt-BR","@id":"https:\/\/bahiaeconomica.com.br\/wp\/#\/schema\/logo\/image\/","url":"https:\/\/bahiaeconomica.com.br\/wp\/wp-content\/uploads\/2020\/12\/cropped-BE.png","contentUrl":"https:\/\/bahiaeconomica.com.br\/wp\/wp-content\/uploads\/2020\/12\/cropped-BE.png","width":512,"height":512,"caption":"Bahia Econ\u00f4mica"},"image":{"@id":"https:\/\/bahiaeconomica.com.br\/wp\/#\/schema\/logo\/image\/"},"sameAs":["https:\/\/www.facebook.com\/bahiaeconomica"]},{"@type":"Person","@id":"https:\/\/bahiaeconomica.com.br\/wp\/#\/schema\/person\/756f314c5bfa87c7b43a2850854305a1","name":"DS","sameAs":["https:\/\/bahiaeconomica.com.br\/wp\/beta\/"],"url":"https:\/\/bahiaeconomica.com.br\/wp\/author\/ds\/"}]}},"views":46,"_links":{"self":[{"href":"https:\/\/bahiaeconomica.com.br\/wp\/wp-json\/wp\/v2\/posts\/757632"}],"collection":[{"href":"https:\/\/bahiaeconomica.com.br\/wp\/wp-json\/wp\/v2\/posts"}],"about":[{"href":"https:\/\/bahiaeconomica.com.br\/wp\/wp-json\/wp\/v2\/types\/post"}],"author":[{"embeddable":true,"href":"https:\/\/bahiaeconomica.com.br\/wp\/wp-json\/wp\/v2\/users\/6"}],"replies":[{"embeddable":true,"href":"https:\/\/bahiaeconomica.com.br\/wp\/wp-json\/wp\/v2\/comments?post=757632"}],"version-history":[{"count":2,"href":"https:\/\/bahiaeconomica.com.br\/wp\/wp-json\/wp\/v2\/posts\/757632\/revisions"}],"predecessor-version":[{"id":757636,"href":"https:\/\/bahiaeconomica.com.br\/wp\/wp-json\/wp\/v2\/posts\/757632\/revisions\/757636"}],"wp:featuredmedia":[{"embeddable":true,"href":"https:\/\/bahiaeconomica.com.br\/wp\/wp-json\/wp\/v2\/media\/757633"}],"wp:attachment":[{"href":"https:\/\/bahiaeconomica.com.br\/wp\/wp-json\/wp\/v2\/media?parent=757632"}],"wp:term":[{"taxonomy":"category","embeddable":true,"href":"https:\/\/bahiaeconomica.com.br\/wp\/wp-json\/wp\/v2\/categories?post=757632"},{"taxonomy":"post_tag","embeddable":true,"href":"https:\/\/bahiaeconomica.com.br\/wp\/wp-json\/wp\/v2\/tags?post=757632"}],"curies":[{"name":"wp","href":"https:\/\/api.w.org\/{rel}","templated":true}]}}