{"id":757473,"date":"2023-08-24T15:17:26","date_gmt":"2023-08-24T18:17:26","guid":{"rendered":"https:\/\/bahiaeconomica.com.br\/wp\/?p=757473"},"modified":"2023-08-24T16:50:32","modified_gmt":"2023-08-24T19:50:32","slug":"business-bahia-comemora-5-anos-com-palestra","status":"publish","type":"post","link":"https:\/\/bahiaeconomica.com.br\/wp\/2023\/08\/24\/business-bahia-comemora-5-anos-com-palestra\/","title":{"rendered":"GRUPO BUSINESS BAHIA COMEMORA 5 ANOS COM PALESTRA"},"content":{"rendered":"<p>Um concorrido almo\u00e7o com 100 empres\u00e1rios baianos no Bistrot Trapiche Adega marcou as comemora\u00e7\u00f5es dos cinco anos do grupo empresarial Business Bahia. O evento teve a participa\u00e7\u00e3o da secretaria da fazenda municipal que anunciou mudan\u00e7as no Viva Cultura e detalhou o projeto de transa\u00e7\u00e3o fiscal lan\u00e7ado pela prefeitura.<\/p>\n<p>O economista chefe da XP, Caio Megale, foi o palestrante da tarde trazendo informa\u00e7\u00f5es importantes sobre o mercado financeiro nacional e internacional. O Business Bahia tamb\u00e9m destacou a import\u00e2ncia da participa\u00e7\u00e3o social dos seus membros homenageando o Instituto de Cegos da Bahia e o GACC que tamb\u00e9m receberam uma doa\u00e7\u00e3o do grupo.<\/p>\n<p>\u201cNesses cinco anos muitas amizades surgiram, muitas lutas foram travadas, muitos neg\u00f3cios aconteceram e muitas pontes foram constru\u00eddas. Se eu precisasse resumir tudo isso em uma s\u00f3 palavra, seria gratid\u00e3o\u201d afirma Carlos S\u00e9rgio Falc\u00e3o presidente do Business Bahia.<\/p>\n<p>Foto: Divulga\u00e7\u00e3o<\/p>\n","protected":false},"excerpt":{"rendered":"<p>Um concorrido almo\u00e7o com 100 empres\u00e1rios baianos no Bistrot Trapiche Adega marcou as comemora\u00e7\u00f5es dos cinco anos do grupo empresarial Business Bahia. O evento teve a participa\u00e7\u00e3o da secretaria da fazenda municipal que anunciou mudan\u00e7as no Viva Cultura e detalhou o projeto de transa\u00e7\u00e3o fiscal lan\u00e7ado pela prefeitura. O economista chefe da XP, Caio Megale, [&hellip;]<\/p>\n","protected":false},"author":17,"featured_media":757474,"comment_status":"closed","ping_status":"closed","sticky":false,"template":"","format":"standard","meta":[],"categories":[3],"tags":[1936,746,836],"acf":[],"yoast_head":"<!-- This site is optimized with the Yoast SEO plugin v20.8 - https:\/\/yoast.com\/wordpress\/plugins\/seo\/ -->\n<title>GRUPO BUSINESS BAHIA COMEMORA 5 ANOS COM PALESTRA - Bahia Economica<\/title>\n<meta name=\"description\" content=\"O evento teve a participa\u00e7\u00e3o da secretaria da fazenda municipal que anunciou mudan\u00e7as no Viva Cultura\" \/>\n<meta name=\"robots\" content=\"index, follow, max-snippet:-1, max-image-preview:large, max-video-preview:-1\" \/>\n<link rel=\"canonical\" href=\"https:\/\/bahiaeconomica.com.br\/wp\/2023\/08\/24\/business-bahia-comemora-5-anos-com-palestra\/\" \/>\n<meta property=\"og:locale\" content=\"pt_BR\" \/>\n<meta property=\"og:type\" content=\"article\" \/>\n<meta property=\"og:title\" content=\"GRUPO BUSINESS BAHIA COMEMORA 5 ANOS COM PALESTRA - Bahia Economica\" \/>\n<meta property=\"og:description\" content=\"O evento teve a participa\u00e7\u00e3o da secretaria da fazenda municipal que anunciou mudan\u00e7as no Viva Cultura\" \/>\n<meta property=\"og:url\" content=\"https:\/\/bahiaeconomica.com.br\/wp\/2023\/08\/24\/business-bahia-comemora-5-anos-com-palestra\/\" \/>\n<meta property=\"og:site_name\" content=\"Bahia Economica\" \/>\n<meta property=\"article:publisher\" content=\"https:\/\/www.facebook.com\/bahiaeconomica\" \/>\n<meta property=\"article:published_time\" content=\"2023-08-24T18:17:26+00:00\" \/>\n<meta property=\"article:modified_time\" content=\"2023-08-24T19:50:32+00:00\" \/>\n<meta property=\"og:image\" content=\"https:\/\/bahiaeconomica.com.br\/wp\/wp-content\/uploads\/2023\/08\/WhatsApp-Image-2023-08-24-at-14.19.25.jpeg\" \/>\n\t<meta property=\"og:image:width\" content=\"1280\" \/>\n\t<meta property=\"og:image:height\" content=\"960\" \/>\n\t<meta property=\"og:image:type\" content=\"image\/jpeg\" \/>\n<meta name=\"author\" content=\"LUANA NEIVA\" \/>\n<meta name=\"twitter:card\" content=\"summary_large_image\" \/>\n<meta name=\"twitter:label1\" content=\"Escrito por\" \/>\n\t<meta name=\"twitter:data1\" content=\"LUANA NEIVA\" \/>\n\t<meta name=\"twitter:label2\" content=\"Est. tempo de leitura\" \/>\n\t<meta name=\"twitter:data2\" content=\"1 minuto\" \/>\n<script type=\"application\/ld+json\" class=\"yoast-schema-graph\">{\"@context\":\"https:\/\/schema.org\",\"@graph\":[{\"@type\":\"Article\",\"@id\":\"https:\/\/bahiaeconomica.com.br\/wp\/2023\/08\/24\/business-bahia-comemora-5-anos-com-palestra\/#article\",\"isPartOf\":{\"@id\":\"https:\/\/bahiaeconomica.com.br\/wp\/2023\/08\/24\/business-bahia-comemora-5-anos-com-palestra\/\"},\"author\":{\"name\":\"LUANA NEIVA\",\"@id\":\"https:\/\/bahiaeconomica.com.br\/wp\/#\/schema\/person\/1ce30764265540f754d66197c4212789\"},\"headline\":\"GRUPO BUSINESS BAHIA COMEMORA 5 ANOS COM PALESTRA\",\"datePublished\":\"2023-08-24T18:17:26+00:00\",\"dateModified\":\"2023-08-24T19:50:32+00:00\",\"mainEntityOfPage\":{\"@id\":\"https:\/\/bahiaeconomica.com.br\/wp\/2023\/08\/24\/business-bahia-comemora-5-anos-com-palestra\/\"},\"wordCount\":165,\"publisher\":{\"@id\":\"https:\/\/bahiaeconomica.com.br\/wp\/#organization\"},\"keywords\":[\"business bahia\",\"evento\",\"prefeitura\"],\"articleSection\":[\"ECONOMIA \/ POL\u00cdTICA\"],\"inLanguage\":\"pt-BR\"},{\"@type\":\"WebPage\",\"@id\":\"https:\/\/bahiaeconomica.com.br\/wp\/2023\/08\/24\/business-bahia-comemora-5-anos-com-palestra\/\",\"url\":\"https:\/\/bahiaeconomica.com.br\/wp\/2023\/08\/24\/business-bahia-comemora-5-anos-com-palestra\/\",\"name\":\"GRUPO BUSINESS BAHIA COMEMORA 5 ANOS COM PALESTRA - Bahia Economica\",\"isPartOf\":{\"@id\":\"https:\/\/bahiaeconomica.com.br\/wp\/#website\"},\"datePublished\":\"2023-08-24T18:17:26+00:00\",\"dateModified\":\"2023-08-24T19:50:32+00:00\",\"description\":\"O evento teve a participa\u00e7\u00e3o da secretaria da fazenda municipal que anunciou mudan\u00e7as no Viva Cultura\",\"breadcrumb\":{\"@id\":\"https:\/\/bahiaeconomica.com.br\/wp\/2023\/08\/24\/business-bahia-comemora-5-anos-com-palestra\/#breadcrumb\"},\"inLanguage\":\"pt-BR\",\"potentialAction\":[{\"@type\":\"ReadAction\",\"target\":[\"https:\/\/bahiaeconomica.com.br\/wp\/2023\/08\/24\/business-bahia-comemora-5-anos-com-palestra\/\"]}]},{\"@type\":\"BreadcrumbList\",\"@id\":\"https:\/\/bahiaeconomica.com.br\/wp\/2023\/08\/24\/business-bahia-comemora-5-anos-com-palestra\/#breadcrumb\",\"itemListElement\":[{\"@type\":\"ListItem\",\"position\":1,\"name\":\"In\u00edcio\",\"item\":\"https:\/\/bahiaeconomica.com.br\/wp\/\"},{\"@type\":\"ListItem\",\"position\":2,\"name\":\"GRUPO BUSINESS BAHIA COMEMORA 5 ANOS COM PALESTRA\"}]},{\"@type\":\"WebSite\",\"@id\":\"https:\/\/bahiaeconomica.com.br\/wp\/#website\",\"url\":\"https:\/\/bahiaeconomica.com.br\/wp\/\",\"name\":\"Bahia Economica\",\"description\":\"O maior portal de Economia da Bahia\",\"publisher\":{\"@id\":\"https:\/\/bahiaeconomica.com.br\/wp\/#organization\"},\"potentialAction\":[{\"@type\":\"SearchAction\",\"target\":{\"@type\":\"EntryPoint\",\"urlTemplate\":\"https:\/\/bahiaeconomica.com.br\/wp\/?s={search_term_string}\"},\"query-input\":\"required name=search_term_string\"}],\"inLanguage\":\"pt-BR\"},{\"@type\":\"Organization\",\"@id\":\"https:\/\/bahiaeconomica.com.br\/wp\/#organization\",\"name\":\"Bahia Econ\u00f4mica\",\"url\":\"https:\/\/bahiaeconomica.com.br\/wp\/\",\"logo\":{\"@type\":\"ImageObject\",\"inLanguage\":\"pt-BR\",\"@id\":\"https:\/\/bahiaeconomica.com.br\/wp\/#\/schema\/logo\/image\/\",\"url\":\"https:\/\/bahiaeconomica.com.br\/wp\/wp-content\/uploads\/2020\/12\/cropped-BE.png\",\"contentUrl\":\"https:\/\/bahiaeconomica.com.br\/wp\/wp-content\/uploads\/2020\/12\/cropped-BE.png\",\"width\":512,\"height\":512,\"caption\":\"Bahia Econ\u00f4mica\"},\"image\":{\"@id\":\"https:\/\/bahiaeconomica.com.br\/wp\/#\/schema\/logo\/image\/\"},\"sameAs\":[\"https:\/\/www.facebook.com\/bahiaeconomica\"]},{\"@type\":\"Person\",\"@id\":\"https:\/\/bahiaeconomica.com.br\/wp\/#\/schema\/person\/1ce30764265540f754d66197c4212789\",\"name\":\"LUANA NEIVA\",\"sameAs\":[\"http:\/\/www.bahiaeconomica.com.br\"],\"url\":\"https:\/\/bahiaeconomica.com.br\/wp\/author\/luana-neiva\/\"}]}<\/script>\n<!-- \/ Yoast SEO plugin. -->","yoast_head_json":{"title":"GRUPO BUSINESS BAHIA COMEMORA 5 ANOS COM PALESTRA - Bahia Economica","description":"O evento teve a participa\u00e7\u00e3o da secretaria da fazenda municipal que anunciou mudan\u00e7as no Viva Cultura","robots":{"index":"index","follow":"follow","max-snippet":"max-snippet:-1","max-image-preview":"max-image-preview:large","max-video-preview":"max-video-preview:-1"},"canonical":"https:\/\/bahiaeconomica.com.br\/wp\/2023\/08\/24\/business-bahia-comemora-5-anos-com-palestra\/","og_locale":"pt_BR","og_type":"article","og_title":"GRUPO BUSINESS BAHIA COMEMORA 5 ANOS COM PALESTRA - Bahia Economica","og_description":"O evento teve a participa\u00e7\u00e3o da secretaria da fazenda municipal que anunciou mudan\u00e7as no Viva Cultura","og_url":"https:\/\/bahiaeconomica.com.br\/wp\/2023\/08\/24\/business-bahia-comemora-5-anos-com-palestra\/","og_site_name":"Bahia Economica","article_publisher":"https:\/\/www.facebook.com\/bahiaeconomica","article_published_time":"2023-08-24T18:17:26+00:00","article_modified_time":"2023-08-24T19:50:32+00:00","og_image":[{"width":1280,"height":960,"url":"https:\/\/bahiaeconomica.com.br\/wp\/wp-content\/uploads\/2023\/08\/WhatsApp-Image-2023-08-24-at-14.19.25.jpeg","type":"image\/jpeg"}],"author":"LUANA NEIVA","twitter_card":"summary_large_image","twitter_misc":{"Escrito por":"LUANA NEIVA","Est. tempo de leitura":"1 minuto"},"schema":{"@context":"https:\/\/schema.org","@graph":[{"@type":"Article","@id":"https:\/\/bahiaeconomica.com.br\/wp\/2023\/08\/24\/business-bahia-comemora-5-anos-com-palestra\/#article","isPartOf":{"@id":"https:\/\/bahiaeconomica.com.br\/wp\/2023\/08\/24\/business-bahia-comemora-5-anos-com-palestra\/"},"author":{"name":"LUANA NEIVA","@id":"https:\/\/bahiaeconomica.com.br\/wp\/#\/schema\/person\/1ce30764265540f754d66197c4212789"},"headline":"GRUPO BUSINESS BAHIA COMEMORA 5 ANOS COM PALESTRA","datePublished":"2023-08-24T18:17:26+00:00","dateModified":"2023-08-24T19:50:32+00:00","mainEntityOfPage":{"@id":"https:\/\/bahiaeconomica.com.br\/wp\/2023\/08\/24\/business-bahia-comemora-5-anos-com-palestra\/"},"wordCount":165,"publisher":{"@id":"https:\/\/bahiaeconomica.com.br\/wp\/#organization"},"keywords":["business bahia","evento","prefeitura"],"articleSection":["ECONOMIA \/ POL\u00cdTICA"],"inLanguage":"pt-BR"},{"@type":"WebPage","@id":"https:\/\/bahiaeconomica.com.br\/wp\/2023\/08\/24\/business-bahia-comemora-5-anos-com-palestra\/","url":"https:\/\/bahiaeconomica.com.br\/wp\/2023\/08\/24\/business-bahia-comemora-5-anos-com-palestra\/","name":"GRUPO BUSINESS BAHIA COMEMORA 5 ANOS COM PALESTRA - Bahia Economica","isPartOf":{"@id":"https:\/\/bahiaeconomica.com.br\/wp\/#website"},"datePublished":"2023-08-24T18:17:26+00:00","dateModified":"2023-08-24T19:50:32+00:00","description":"O evento teve a participa\u00e7\u00e3o da secretaria da fazenda municipal que anunciou mudan\u00e7as no Viva Cultura","breadcrumb":{"@id":"https:\/\/bahiaeconomica.com.br\/wp\/2023\/08\/24\/business-bahia-comemora-5-anos-com-palestra\/#breadcrumb"},"inLanguage":"pt-BR","potentialAction":[{"@type":"ReadAction","target":["https:\/\/bahiaeconomica.com.br\/wp\/2023\/08\/24\/business-bahia-comemora-5-anos-com-palestra\/"]}]},{"@type":"BreadcrumbList","@id":"https:\/\/bahiaeconomica.com.br\/wp\/2023\/08\/24\/business-bahia-comemora-5-anos-com-palestra\/#breadcrumb","itemListElement":[{"@type":"ListItem","position":1,"name":"In\u00edcio","item":"https:\/\/bahiaeconomica.com.br\/wp\/"},{"@type":"ListItem","position":2,"name":"GRUPO BUSINESS BAHIA COMEMORA 5 ANOS COM PALESTRA"}]},{"@type":"WebSite","@id":"https:\/\/bahiaeconomica.com.br\/wp\/#website","url":"https:\/\/bahiaeconomica.com.br\/wp\/","name":"Bahia Economica","description":"O maior portal de Economia da Bahia","publisher":{"@id":"https:\/\/bahiaeconomica.com.br\/wp\/#organization"},"potentialAction":[{"@type":"SearchAction","target":{"@type":"EntryPoint","urlTemplate":"https:\/\/bahiaeconomica.com.br\/wp\/?s={search_term_string}"},"query-input":"required name=search_term_string"}],"inLanguage":"pt-BR"},{"@type":"Organization","@id":"https:\/\/bahiaeconomica.com.br\/wp\/#organization","name":"Bahia Econ\u00f4mica","url":"https:\/\/bahiaeconomica.com.br\/wp\/","logo":{"@type":"ImageObject","inLanguage":"pt-BR","@id":"https:\/\/bahiaeconomica.com.br\/wp\/#\/schema\/logo\/image\/","url":"https:\/\/bahiaeconomica.com.br\/wp\/wp-content\/uploads\/2020\/12\/cropped-BE.png","contentUrl":"https:\/\/bahiaeconomica.com.br\/wp\/wp-content\/uploads\/2020\/12\/cropped-BE.png","width":512,"height":512,"caption":"Bahia Econ\u00f4mica"},"image":{"@id":"https:\/\/bahiaeconomica.com.br\/wp\/#\/schema\/logo\/image\/"},"sameAs":["https:\/\/www.facebook.com\/bahiaeconomica"]},{"@type":"Person","@id":"https:\/\/bahiaeconomica.com.br\/wp\/#\/schema\/person\/1ce30764265540f754d66197c4212789","name":"LUANA NEIVA","sameAs":["http:\/\/www.bahiaeconomica.com.br"],"url":"https:\/\/bahiaeconomica.com.br\/wp\/author\/luana-neiva\/"}]}},"views":61,"_links":{"self":[{"href":"https:\/\/bahiaeconomica.com.br\/wp\/wp-json\/wp\/v2\/posts\/757473"}],"collection":[{"href":"https:\/\/bahiaeconomica.com.br\/wp\/wp-json\/wp\/v2\/posts"}],"about":[{"href":"https:\/\/bahiaeconomica.com.br\/wp\/wp-json\/wp\/v2\/types\/post"}],"author":[{"embeddable":true,"href":"https:\/\/bahiaeconomica.com.br\/wp\/wp-json\/wp\/v2\/users\/17"}],"replies":[{"embeddable":true,"href":"https:\/\/bahiaeconomica.com.br\/wp\/wp-json\/wp\/v2\/comments?post=757473"}],"version-history":[{"count":2,"href":"https:\/\/bahiaeconomica.com.br\/wp\/wp-json\/wp\/v2\/posts\/757473\/revisions"}],"predecessor-version":[{"id":757504,"href":"https:\/\/bahiaeconomica.com.br\/wp\/wp-json\/wp\/v2\/posts\/757473\/revisions\/757504"}],"wp:featuredmedia":[{"embeddable":true,"href":"https:\/\/bahiaeconomica.com.br\/wp\/wp-json\/wp\/v2\/media\/757474"}],"wp:attachment":[{"href":"https:\/\/bahiaeconomica.com.br\/wp\/wp-json\/wp\/v2\/media?parent=757473"}],"wp:term":[{"taxonomy":"category","embeddable":true,"href":"https:\/\/bahiaeconomica.com.br\/wp\/wp-json\/wp\/v2\/categories?post=757473"},{"taxonomy":"post_tag","embeddable":true,"href":"https:\/\/bahiaeconomica.com.br\/wp\/wp-json\/wp\/v2\/tags?post=757473"}],"curies":[{"name":"wp","href":"https:\/\/api.w.org\/{rel}","templated":true}]}}