{"id":757221,"date":"2023-08-23T14:58:50","date_gmt":"2023-08-23T17:58:50","guid":{"rendered":"https:\/\/bahiaeconomica.com.br\/wp\/?p=757221"},"modified":"2023-08-23T15:32:54","modified_gmt":"2023-08-23T18:32:54","slug":"parque-eolico-da-pan-american-energy-recebe-primeiros-aerogeradores-da-vestas-na-bahia","status":"publish","type":"post","link":"https:\/\/bahiaeconomica.com.br\/wp\/2023\/08\/23\/parque-eolico-da-pan-american-energy-recebe-primeiros-aerogeradores-da-vestas-na-bahia\/","title":{"rendered":"PARQUE E\u00d3LICO DA PAN AMERICAN ENERGY RECEBE PRIMEIROS AEROGERADORES DA VESTAS NA BAHIA"},"content":{"rendered":"<p>Pan American Energy (PAE), companhia global de energia com opera\u00e7\u00e3o l\u00edder na Am\u00e9rica Latina, recebe seus primeiros componentes das 94 turbinas e\u00f3licas de 4,5MW de pot\u00eancia fabricados pela Vestas, l\u00edder global da ind\u00fastria energ\u00e9tica em solu\u00e7\u00f5es de energia sustent\u00e1vel e renov\u00e1vel. A chegada dos equipamentos \u00e9 um importante passo para colocar em execu\u00e7\u00e3o o seu primeiro complexo e\u00f3lico no Brasil, previsto para o in\u00edcio de 2024.<\/p>\n<p>Localizado no estado da Bahia, o Complexo Novo Horizonte da Pan American Energy tem uma superf\u00edcie de 2.700 hectares e contar\u00e1 com uma capacidade instalada de 423 MW. A energia gerada ser\u00e1 suficiente para abastecer cerca de 1 milh\u00e3o de resid\u00eancias brasileiras. Os componentes, produzidos na f\u00e1brica da Vestas no Cear\u00e1, Brasil, s\u00e3o transportados por mais de 1.800 quil\u00f4metros at\u00e9 chegar ao complexo.<\/p>\n<p>\u201cA PAE participa ativamente da transi\u00e7\u00e3o energ\u00e9tica na regi\u00e3o por meio de suas opera\u00e7\u00f5es em energia renov\u00e1vel. Temos uma presen\u00e7a muito forte na Argentina e avan\u00e7amos para ampliar nossa participa\u00e7\u00e3o na Am\u00e9rica Latina. O Brasil tem um abundante potencial em fontes de energia sustent\u00e1vel e queremos contribuir para o crescimento deste mercado, por isso estamos investindo R$ 3 bi para colocar em funcionamento um novo Complexo E\u00f3lico de \u00faltima gera\u00e7\u00e3o em conjunto com um parceiro estrat\u00e9gico como a Vestas\u201d, afirma Enrique Lusso, vice-presidente de Desenvolvimentos Internacionais da Pan American Energy. O diretor geral da empresa no Brasil, Alejandro Catalano, complementa: \u201co Complexo E\u00f3lico Novo Horizonte tem 80 quil\u00f4metros de linhas de transmiss\u00e3o, uma subesta\u00e7\u00e3o de 500KV, constru\u00e7\u00e3o e melhoras de acessos e gerou 2.600 postos de trabalho durante o pico de implanta\u00e7\u00e3o da obra\u201d.<\/p>\n<p>\u201cA colabora\u00e7\u00e3o entre Vestas e Pan American Energy \u00e9 um sinal de compromisso de ambas as empresas para a transi\u00e7\u00e3o energ\u00e9tica regional. Esperamos continuar desenvolvendo projetos conjuntos que melhorem a qualidade de vida das comunidades\u201d, afirma Eduardo Ricotta, presidente da Vestas Am\u00e9rica Latina.<\/p>\n<p>Foto: Divulga\u00e7\u00e3o<\/p>\n","protected":false},"excerpt":{"rendered":"<p>Pan American Energy (PAE), companhia global de energia com opera\u00e7\u00e3o l\u00edder na Am\u00e9rica Latina, recebe seus primeiros componentes das 94 turbinas e\u00f3licas de 4,5MW de pot\u00eancia fabricados pela Vestas, l\u00edder global da ind\u00fastria energ\u00e9tica em solu\u00e7\u00f5es de energia sustent\u00e1vel e renov\u00e1vel. A chegada dos equipamentos \u00e9 um importante passo para colocar em execu\u00e7\u00e3o o seu [&hellip;]<\/p>\n","protected":false},"author":17,"featured_media":757222,"comment_status":"closed","ping_status":"closed","sticky":false,"template":"","format":"standard","meta":[],"categories":[7,14],"tags":[85,1046,16808],"acf":[],"yoast_head":"<!-- This site is optimized with the Yoast SEO plugin v20.8 - https:\/\/yoast.com\/wordpress\/plugins\/seo\/ -->\n<title>PARQUE E\u00d3LICO DA PAN AMERICAN ENERGY RECEBE PRIMEIROS AEROGERADORES DA VESTAS NA BAHIA - Bahia Economica<\/title>\n<meta name=\"description\" content=\"A chegada dos equipamentos \u00e9 um importante passo para colocar em execu\u00e7\u00e3o o seu primeiro complexo e\u00f3lico no Brasil, previsto para o in\u00edcio de 2024\" \/>\n<meta name=\"robots\" content=\"index, follow, max-snippet:-1, max-image-preview:large, max-video-preview:-1\" \/>\n<link rel=\"canonical\" href=\"https:\/\/bahiaeconomica.com.br\/wp\/2023\/08\/23\/parque-eolico-da-pan-american-energy-recebe-primeiros-aerogeradores-da-vestas-na-bahia\/\" \/>\n<meta property=\"og:locale\" content=\"pt_BR\" \/>\n<meta property=\"og:type\" content=\"article\" \/>\n<meta property=\"og:title\" content=\"PARQUE E\u00d3LICO DA PAN AMERICAN ENERGY RECEBE PRIMEIROS AEROGERADORES DA VESTAS NA BAHIA - Bahia Economica\" \/>\n<meta property=\"og:description\" content=\"A chegada dos equipamentos \u00e9 um importante passo para colocar em execu\u00e7\u00e3o o seu primeiro complexo e\u00f3lico no Brasil, previsto para o in\u00edcio de 2024\" \/>\n<meta property=\"og:url\" content=\"https:\/\/bahiaeconomica.com.br\/wp\/2023\/08\/23\/parque-eolico-da-pan-american-energy-recebe-primeiros-aerogeradores-da-vestas-na-bahia\/\" \/>\n<meta property=\"og:site_name\" content=\"Bahia Economica\" \/>\n<meta property=\"article:publisher\" content=\"https:\/\/www.facebook.com\/bahiaeconomica\" \/>\n<meta property=\"article:published_time\" content=\"2023-08-23T17:58:50+00:00\" \/>\n<meta property=\"article:modified_time\" content=\"2023-08-23T18:32:54+00:00\" \/>\n<meta property=\"og:image\" content=\"https:\/\/bahiaeconomica.com.br\/wp\/wp-content\/uploads\/2023\/08\/Foto_Novo-Horizonte_PAE.png\" \/>\n\t<meta property=\"og:image:width\" content=\"747\" \/>\n\t<meta property=\"og:image:height\" content=\"574\" \/>\n\t<meta property=\"og:image:type\" content=\"image\/png\" \/>\n<meta name=\"author\" content=\"LUANA NEIVA\" \/>\n<meta name=\"twitter:card\" content=\"summary_large_image\" \/>\n<meta name=\"twitter:label1\" content=\"Escrito por\" \/>\n\t<meta name=\"twitter:data1\" content=\"LUANA NEIVA\" \/>\n\t<meta name=\"twitter:label2\" content=\"Est. tempo de leitura\" \/>\n\t<meta name=\"twitter:data2\" content=\"2 minutos\" \/>\n<script type=\"application\/ld+json\" class=\"yoast-schema-graph\">{\"@context\":\"https:\/\/schema.org\",\"@graph\":[{\"@type\":\"Article\",\"@id\":\"https:\/\/bahiaeconomica.com.br\/wp\/2023\/08\/23\/parque-eolico-da-pan-american-energy-recebe-primeiros-aerogeradores-da-vestas-na-bahia\/#article\",\"isPartOf\":{\"@id\":\"https:\/\/bahiaeconomica.com.br\/wp\/2023\/08\/23\/parque-eolico-da-pan-american-energy-recebe-primeiros-aerogeradores-da-vestas-na-bahia\/\"},\"author\":{\"name\":\"LUANA NEIVA\",\"@id\":\"https:\/\/bahiaeconomica.com.br\/wp\/#\/schema\/person\/1ce30764265540f754d66197c4212789\"},\"headline\":\"PARQUE E\u00d3LICO DA PAN AMERICAN ENERGY RECEBE PRIMEIROS AEROGERADORES DA VESTAS NA BAHIA\",\"datePublished\":\"2023-08-23T17:58:50+00:00\",\"dateModified\":\"2023-08-23T18:32:54+00:00\",\"mainEntityOfPage\":{\"@id\":\"https:\/\/bahiaeconomica.com.br\/wp\/2023\/08\/23\/parque-eolico-da-pan-american-energy-recebe-primeiros-aerogeradores-da-vestas-na-bahia\/\"},\"wordCount\":355,\"publisher\":{\"@id\":\"https:\/\/bahiaeconomica.com.br\/wp\/#organization\"},\"keywords\":[\"Bahia\",\"energia\",\"Pan American Energy\"],\"articleSection\":[\"BAHIA INVEST\",\"DESTAQUE DO DIA\"],\"inLanguage\":\"pt-BR\"},{\"@type\":\"WebPage\",\"@id\":\"https:\/\/bahiaeconomica.com.br\/wp\/2023\/08\/23\/parque-eolico-da-pan-american-energy-recebe-primeiros-aerogeradores-da-vestas-na-bahia\/\",\"url\":\"https:\/\/bahiaeconomica.com.br\/wp\/2023\/08\/23\/parque-eolico-da-pan-american-energy-recebe-primeiros-aerogeradores-da-vestas-na-bahia\/\",\"name\":\"PARQUE E\u00d3LICO DA PAN AMERICAN ENERGY RECEBE PRIMEIROS AEROGERADORES DA VESTAS NA BAHIA - Bahia Economica\",\"isPartOf\":{\"@id\":\"https:\/\/bahiaeconomica.com.br\/wp\/#website\"},\"datePublished\":\"2023-08-23T17:58:50+00:00\",\"dateModified\":\"2023-08-23T18:32:54+00:00\",\"description\":\"A chegada dos equipamentos \u00e9 um importante passo para colocar em execu\u00e7\u00e3o o seu primeiro complexo e\u00f3lico no Brasil, previsto para o in\u00edcio de 2024\",\"breadcrumb\":{\"@id\":\"https:\/\/bahiaeconomica.com.br\/wp\/2023\/08\/23\/parque-eolico-da-pan-american-energy-recebe-primeiros-aerogeradores-da-vestas-na-bahia\/#breadcrumb\"},\"inLanguage\":\"pt-BR\",\"potentialAction\":[{\"@type\":\"ReadAction\",\"target\":[\"https:\/\/bahiaeconomica.com.br\/wp\/2023\/08\/23\/parque-eolico-da-pan-american-energy-recebe-primeiros-aerogeradores-da-vestas-na-bahia\/\"]}]},{\"@type\":\"BreadcrumbList\",\"@id\":\"https:\/\/bahiaeconomica.com.br\/wp\/2023\/08\/23\/parque-eolico-da-pan-american-energy-recebe-primeiros-aerogeradores-da-vestas-na-bahia\/#breadcrumb\",\"itemListElement\":[{\"@type\":\"ListItem\",\"position\":1,\"name\":\"In\u00edcio\",\"item\":\"https:\/\/bahiaeconomica.com.br\/wp\/\"},{\"@type\":\"ListItem\",\"position\":2,\"name\":\"PARQUE E\u00d3LICO DA PAN AMERICAN ENERGY RECEBE PRIMEIROS AEROGERADORES DA VESTAS NA BAHIA\"}]},{\"@type\":\"WebSite\",\"@id\":\"https:\/\/bahiaeconomica.com.br\/wp\/#website\",\"url\":\"https:\/\/bahiaeconomica.com.br\/wp\/\",\"name\":\"Bahia Economica\",\"description\":\"O maior portal de Economia da Bahia\",\"publisher\":{\"@id\":\"https:\/\/bahiaeconomica.com.br\/wp\/#organization\"},\"potentialAction\":[{\"@type\":\"SearchAction\",\"target\":{\"@type\":\"EntryPoint\",\"urlTemplate\":\"https:\/\/bahiaeconomica.com.br\/wp\/?s={search_term_string}\"},\"query-input\":\"required name=search_term_string\"}],\"inLanguage\":\"pt-BR\"},{\"@type\":\"Organization\",\"@id\":\"https:\/\/bahiaeconomica.com.br\/wp\/#organization\",\"name\":\"Bahia Econ\u00f4mica\",\"url\":\"https:\/\/bahiaeconomica.com.br\/wp\/\",\"logo\":{\"@type\":\"ImageObject\",\"inLanguage\":\"pt-BR\",\"@id\":\"https:\/\/bahiaeconomica.com.br\/wp\/#\/schema\/logo\/image\/\",\"url\":\"https:\/\/bahiaeconomica.com.br\/wp\/wp-content\/uploads\/2020\/12\/cropped-BE.png\",\"contentUrl\":\"https:\/\/bahiaeconomica.com.br\/wp\/wp-content\/uploads\/2020\/12\/cropped-BE.png\",\"width\":512,\"height\":512,\"caption\":\"Bahia Econ\u00f4mica\"},\"image\":{\"@id\":\"https:\/\/bahiaeconomica.com.br\/wp\/#\/schema\/logo\/image\/\"},\"sameAs\":[\"https:\/\/www.facebook.com\/bahiaeconomica\"]},{\"@type\":\"Person\",\"@id\":\"https:\/\/bahiaeconomica.com.br\/wp\/#\/schema\/person\/1ce30764265540f754d66197c4212789\",\"name\":\"LUANA NEIVA\",\"sameAs\":[\"http:\/\/www.bahiaeconomica.com.br\"],\"url\":\"https:\/\/bahiaeconomica.com.br\/wp\/author\/luana-neiva\/\"}]}<\/script>\n<!-- \/ Yoast SEO plugin. -->","yoast_head_json":{"title":"PARQUE E\u00d3LICO DA PAN AMERICAN ENERGY RECEBE PRIMEIROS AEROGERADORES DA VESTAS NA BAHIA - Bahia Economica","description":"A chegada dos equipamentos \u00e9 um importante passo para colocar em execu\u00e7\u00e3o o seu primeiro complexo e\u00f3lico no Brasil, previsto para o in\u00edcio de 2024","robots":{"index":"index","follow":"follow","max-snippet":"max-snippet:-1","max-image-preview":"max-image-preview:large","max-video-preview":"max-video-preview:-1"},"canonical":"https:\/\/bahiaeconomica.com.br\/wp\/2023\/08\/23\/parque-eolico-da-pan-american-energy-recebe-primeiros-aerogeradores-da-vestas-na-bahia\/","og_locale":"pt_BR","og_type":"article","og_title":"PARQUE E\u00d3LICO DA PAN AMERICAN ENERGY RECEBE PRIMEIROS AEROGERADORES DA VESTAS NA BAHIA - Bahia Economica","og_description":"A chegada dos equipamentos \u00e9 um importante passo para colocar em execu\u00e7\u00e3o o seu primeiro complexo e\u00f3lico no Brasil, previsto para o in\u00edcio de 2024","og_url":"https:\/\/bahiaeconomica.com.br\/wp\/2023\/08\/23\/parque-eolico-da-pan-american-energy-recebe-primeiros-aerogeradores-da-vestas-na-bahia\/","og_site_name":"Bahia Economica","article_publisher":"https:\/\/www.facebook.com\/bahiaeconomica","article_published_time":"2023-08-23T17:58:50+00:00","article_modified_time":"2023-08-23T18:32:54+00:00","og_image":[{"width":747,"height":574,"url":"https:\/\/bahiaeconomica.com.br\/wp\/wp-content\/uploads\/2023\/08\/Foto_Novo-Horizonte_PAE.png","type":"image\/png"}],"author":"LUANA NEIVA","twitter_card":"summary_large_image","twitter_misc":{"Escrito por":"LUANA NEIVA","Est. tempo de leitura":"2 minutos"},"schema":{"@context":"https:\/\/schema.org","@graph":[{"@type":"Article","@id":"https:\/\/bahiaeconomica.com.br\/wp\/2023\/08\/23\/parque-eolico-da-pan-american-energy-recebe-primeiros-aerogeradores-da-vestas-na-bahia\/#article","isPartOf":{"@id":"https:\/\/bahiaeconomica.com.br\/wp\/2023\/08\/23\/parque-eolico-da-pan-american-energy-recebe-primeiros-aerogeradores-da-vestas-na-bahia\/"},"author":{"name":"LUANA NEIVA","@id":"https:\/\/bahiaeconomica.com.br\/wp\/#\/schema\/person\/1ce30764265540f754d66197c4212789"},"headline":"PARQUE E\u00d3LICO DA PAN AMERICAN ENERGY RECEBE PRIMEIROS AEROGERADORES DA VESTAS NA BAHIA","datePublished":"2023-08-23T17:58:50+00:00","dateModified":"2023-08-23T18:32:54+00:00","mainEntityOfPage":{"@id":"https:\/\/bahiaeconomica.com.br\/wp\/2023\/08\/23\/parque-eolico-da-pan-american-energy-recebe-primeiros-aerogeradores-da-vestas-na-bahia\/"},"wordCount":355,"publisher":{"@id":"https:\/\/bahiaeconomica.com.br\/wp\/#organization"},"keywords":["Bahia","energia","Pan American Energy"],"articleSection":["BAHIA INVEST","DESTAQUE DO DIA"],"inLanguage":"pt-BR"},{"@type":"WebPage","@id":"https:\/\/bahiaeconomica.com.br\/wp\/2023\/08\/23\/parque-eolico-da-pan-american-energy-recebe-primeiros-aerogeradores-da-vestas-na-bahia\/","url":"https:\/\/bahiaeconomica.com.br\/wp\/2023\/08\/23\/parque-eolico-da-pan-american-energy-recebe-primeiros-aerogeradores-da-vestas-na-bahia\/","name":"PARQUE E\u00d3LICO DA PAN AMERICAN ENERGY RECEBE PRIMEIROS AEROGERADORES DA VESTAS NA BAHIA - Bahia Economica","isPartOf":{"@id":"https:\/\/bahiaeconomica.com.br\/wp\/#website"},"datePublished":"2023-08-23T17:58:50+00:00","dateModified":"2023-08-23T18:32:54+00:00","description":"A chegada dos equipamentos \u00e9 um importante passo para colocar em execu\u00e7\u00e3o o seu primeiro complexo e\u00f3lico no Brasil, previsto para o in\u00edcio de 2024","breadcrumb":{"@id":"https:\/\/bahiaeconomica.com.br\/wp\/2023\/08\/23\/parque-eolico-da-pan-american-energy-recebe-primeiros-aerogeradores-da-vestas-na-bahia\/#breadcrumb"},"inLanguage":"pt-BR","potentialAction":[{"@type":"ReadAction","target":["https:\/\/bahiaeconomica.com.br\/wp\/2023\/08\/23\/parque-eolico-da-pan-american-energy-recebe-primeiros-aerogeradores-da-vestas-na-bahia\/"]}]},{"@type":"BreadcrumbList","@id":"https:\/\/bahiaeconomica.com.br\/wp\/2023\/08\/23\/parque-eolico-da-pan-american-energy-recebe-primeiros-aerogeradores-da-vestas-na-bahia\/#breadcrumb","itemListElement":[{"@type":"ListItem","position":1,"name":"In\u00edcio","item":"https:\/\/bahiaeconomica.com.br\/wp\/"},{"@type":"ListItem","position":2,"name":"PARQUE E\u00d3LICO DA PAN AMERICAN ENERGY RECEBE PRIMEIROS AEROGERADORES DA VESTAS NA BAHIA"}]},{"@type":"WebSite","@id":"https:\/\/bahiaeconomica.com.br\/wp\/#website","url":"https:\/\/bahiaeconomica.com.br\/wp\/","name":"Bahia Economica","description":"O maior portal de Economia da Bahia","publisher":{"@id":"https:\/\/bahiaeconomica.com.br\/wp\/#organization"},"potentialAction":[{"@type":"SearchAction","target":{"@type":"EntryPoint","urlTemplate":"https:\/\/bahiaeconomica.com.br\/wp\/?s={search_term_string}"},"query-input":"required name=search_term_string"}],"inLanguage":"pt-BR"},{"@type":"Organization","@id":"https:\/\/bahiaeconomica.com.br\/wp\/#organization","name":"Bahia Econ\u00f4mica","url":"https:\/\/bahiaeconomica.com.br\/wp\/","logo":{"@type":"ImageObject","inLanguage":"pt-BR","@id":"https:\/\/bahiaeconomica.com.br\/wp\/#\/schema\/logo\/image\/","url":"https:\/\/bahiaeconomica.com.br\/wp\/wp-content\/uploads\/2020\/12\/cropped-BE.png","contentUrl":"https:\/\/bahiaeconomica.com.br\/wp\/wp-content\/uploads\/2020\/12\/cropped-BE.png","width":512,"height":512,"caption":"Bahia Econ\u00f4mica"},"image":{"@id":"https:\/\/bahiaeconomica.com.br\/wp\/#\/schema\/logo\/image\/"},"sameAs":["https:\/\/www.facebook.com\/bahiaeconomica"]},{"@type":"Person","@id":"https:\/\/bahiaeconomica.com.br\/wp\/#\/schema\/person\/1ce30764265540f754d66197c4212789","name":"LUANA NEIVA","sameAs":["http:\/\/www.bahiaeconomica.com.br"],"url":"https:\/\/bahiaeconomica.com.br\/wp\/author\/luana-neiva\/"}]}},"views":916,"_links":{"self":[{"href":"https:\/\/bahiaeconomica.com.br\/wp\/wp-json\/wp\/v2\/posts\/757221"}],"collection":[{"href":"https:\/\/bahiaeconomica.com.br\/wp\/wp-json\/wp\/v2\/posts"}],"about":[{"href":"https:\/\/bahiaeconomica.com.br\/wp\/wp-json\/wp\/v2\/types\/post"}],"author":[{"embeddable":true,"href":"https:\/\/bahiaeconomica.com.br\/wp\/wp-json\/wp\/v2\/users\/17"}],"replies":[{"embeddable":true,"href":"https:\/\/bahiaeconomica.com.br\/wp\/wp-json\/wp\/v2\/comments?post=757221"}],"version-history":[{"count":1,"href":"https:\/\/bahiaeconomica.com.br\/wp\/wp-json\/wp\/v2\/posts\/757221\/revisions"}],"predecessor-version":[{"id":757223,"href":"https:\/\/bahiaeconomica.com.br\/wp\/wp-json\/wp\/v2\/posts\/757221\/revisions\/757223"}],"wp:featuredmedia":[{"embeddable":true,"href":"https:\/\/bahiaeconomica.com.br\/wp\/wp-json\/wp\/v2\/media\/757222"}],"wp:attachment":[{"href":"https:\/\/bahiaeconomica.com.br\/wp\/wp-json\/wp\/v2\/media?parent=757221"}],"wp:term":[{"taxonomy":"category","embeddable":true,"href":"https:\/\/bahiaeconomica.com.br\/wp\/wp-json\/wp\/v2\/categories?post=757221"},{"taxonomy":"post_tag","embeddable":true,"href":"https:\/\/bahiaeconomica.com.br\/wp\/wp-json\/wp\/v2\/tags?post=757221"}],"curies":[{"name":"wp","href":"https:\/\/api.w.org\/{rel}","templated":true}]}}