{"id":755747,"date":"2023-08-16T16:33:16","date_gmt":"2023-08-16T19:33:16","guid":{"rendered":"https:\/\/bahiaeconomica.com.br\/wp\/?p=755747"},"modified":"2023-08-16T16:33:16","modified_gmt":"2023-08-16T19:33:16","slug":"feira-de-santana-tem-prejuizo-de-r-100-mil-por-hora-no-comercio-de-bens-nao-duraveis","status":"publish","type":"post","link":"https:\/\/bahiaeconomica.com.br\/wp\/2023\/08\/16\/feira-de-santana-tem-prejuizo-de-r-100-mil-por-hora-no-comercio-de-bens-nao-duraveis\/","title":{"rendered":"FEIRA DE SANTANA TEM PREJU\u00cdZO DE R$ 100 MIL POR HORA NO COM\u00c9RCIO DE BENS N\u00c3O DUR\u00c1VEIS"},"content":{"rendered":"<p>Ap\u00f3s o apag\u00e3o nacional que aconteceu nesta ter\u00e7a-feira (15), em Feira de Santana (BA), segundo a estimativa do Sindicato do Com\u00e9rcio, o preju\u00edzo na cidade no setor do com\u00e9rcio, especialmente em rela\u00e7\u00e3o aos bens n\u00e3o dur\u00e1veis, foi cerca de R$ 100 mil por hora.<\/p>\n<p>O presidente do Sicomfs, Marco Silva, avaliou que muitas compras deixaram de ser feitas, por exemplo, compras de consumo imediato, como rem\u00e9dios. Para ele, houve grande preju\u00edzo tanto para os comerciantes como para os consumidores.<\/p>\n<p>Na cidade durante o apag\u00e3o, aconteceram v\u00e1rios os relatos de empresas que paralisaram as atividades e ficaram impossibilitadas de realizar negocia\u00e7\u00f5es.<\/p>\n<div>Foto: Divulga\u00e7\u00e3o \/ Prefeitura de Feira de Santana<\/div>\n<div>\n<div class=\"publi-base publi-full-width d-flex\"><\/div>\n<\/div>\n","protected":false},"excerpt":{"rendered":"<p>Ap\u00f3s o apag\u00e3o nacional que aconteceu nesta ter\u00e7a-feira (15), em Feira de Santana (BA), segundo a estimativa do Sindicato do Com\u00e9rcio, o preju\u00edzo na cidade no setor do com\u00e9rcio, especialmente em rela\u00e7\u00e3o aos bens n\u00e3o dur\u00e1veis, foi cerca de R$ 100 mil por hora. O presidente do Sicomfs, Marco Silva, avaliou que muitas compras deixaram [&hellip;]<\/p>\n","protected":false},"author":17,"featured_media":755751,"comment_status":"closed","ping_status":"closed","sticky":false,"template":"","format":"standard","meta":[],"categories":[5],"tags":[5277,340,425],"acf":[],"yoast_head":"<!-- This site is optimized with the Yoast SEO plugin v20.8 - https:\/\/yoast.com\/wordpress\/plugins\/seo\/ -->\n<title>FEIRA DE SANTANA TEM PREJU\u00cdZO DE R$ 100 MIL POR HORA NO COM\u00c9RCIO DE BENS N\u00c3O DUR\u00c1VEIS - Bahia Economica<\/title>\n<meta name=\"description\" content=\"Apag\u00e3o nacional aconteceu nesta ter\u00e7a-feira (15)\" \/>\n<meta name=\"robots\" content=\"index, follow, max-snippet:-1, max-image-preview:large, max-video-preview:-1\" \/>\n<link rel=\"canonical\" href=\"https:\/\/bahiaeconomica.com.br\/wp\/2023\/08\/16\/feira-de-santana-tem-prejuizo-de-r-100-mil-por-hora-no-comercio-de-bens-nao-duraveis\/\" \/>\n<meta property=\"og:locale\" content=\"pt_BR\" \/>\n<meta property=\"og:type\" content=\"article\" \/>\n<meta property=\"og:title\" content=\"FEIRA DE SANTANA TEM PREJU\u00cdZO DE R$ 100 MIL POR HORA NO COM\u00c9RCIO DE BENS N\u00c3O DUR\u00c1VEIS - Bahia Economica\" \/>\n<meta property=\"og:description\" content=\"Apag\u00e3o nacional aconteceu nesta ter\u00e7a-feira (15)\" \/>\n<meta property=\"og:url\" content=\"https:\/\/bahiaeconomica.com.br\/wp\/2023\/08\/16\/feira-de-santana-tem-prejuizo-de-r-100-mil-por-hora-no-comercio-de-bens-nao-duraveis\/\" \/>\n<meta property=\"og:site_name\" content=\"Bahia Economica\" \/>\n<meta property=\"article:publisher\" content=\"https:\/\/www.facebook.com\/bahiaeconomica\" \/>\n<meta property=\"article:published_time\" content=\"2023-08-16T19:33:16+00:00\" \/>\n<meta property=\"og:image\" content=\"https:\/\/bahiaeconomica.com.br\/wp\/wp-content\/uploads\/2023\/08\/23052022075110-1.jpg\" \/>\n\t<meta property=\"og:image:width\" content=\"1306\" \/>\n\t<meta property=\"og:image:height\" content=\"660\" \/>\n\t<meta property=\"og:image:type\" content=\"image\/jpeg\" \/>\n<meta name=\"author\" content=\"LUANA NEIVA\" \/>\n<meta name=\"twitter:card\" content=\"summary_large_image\" \/>\n<meta name=\"twitter:label1\" content=\"Escrito por\" \/>\n\t<meta name=\"twitter:data1\" content=\"LUANA NEIVA\" \/>\n\t<meta name=\"twitter:label2\" content=\"Est. tempo de leitura\" \/>\n\t<meta name=\"twitter:data2\" content=\"1 minuto\" \/>\n<script type=\"application\/ld+json\" class=\"yoast-schema-graph\">{\"@context\":\"https:\/\/schema.org\",\"@graph\":[{\"@type\":\"Article\",\"@id\":\"https:\/\/bahiaeconomica.com.br\/wp\/2023\/08\/16\/feira-de-santana-tem-prejuizo-de-r-100-mil-por-hora-no-comercio-de-bens-nao-duraveis\/#article\",\"isPartOf\":{\"@id\":\"https:\/\/bahiaeconomica.com.br\/wp\/2023\/08\/16\/feira-de-santana-tem-prejuizo-de-r-100-mil-por-hora-no-comercio-de-bens-nao-duraveis\/\"},\"author\":{\"name\":\"LUANA NEIVA\",\"@id\":\"https:\/\/bahiaeconomica.com.br\/wp\/#\/schema\/person\/1ce30764265540f754d66197c4212789\"},\"headline\":\"FEIRA DE SANTANA TEM PREJU\u00cdZO DE R$ 100 MIL POR HORA NO COM\u00c9RCIO DE BENS N\u00c3O DUR\u00c1VEIS\",\"datePublished\":\"2023-08-16T19:33:16+00:00\",\"dateModified\":\"2023-08-16T19:33:16+00:00\",\"mainEntityOfPage\":{\"@id\":\"https:\/\/bahiaeconomica.com.br\/wp\/2023\/08\/16\/feira-de-santana-tem-prejuizo-de-r-100-mil-por-hora-no-comercio-de-bens-nao-duraveis\/\"},\"wordCount\":140,\"publisher\":{\"@id\":\"https:\/\/bahiaeconomica.com.br\/wp\/#organization\"},\"keywords\":[\"apag\u00e3o\",\"dinheiro\",\"Feira de Santana\"],\"articleSection\":[\"MUNIC\u00cdPIOS\"],\"inLanguage\":\"pt-BR\"},{\"@type\":\"WebPage\",\"@id\":\"https:\/\/bahiaeconomica.com.br\/wp\/2023\/08\/16\/feira-de-santana-tem-prejuizo-de-r-100-mil-por-hora-no-comercio-de-bens-nao-duraveis\/\",\"url\":\"https:\/\/bahiaeconomica.com.br\/wp\/2023\/08\/16\/feira-de-santana-tem-prejuizo-de-r-100-mil-por-hora-no-comercio-de-bens-nao-duraveis\/\",\"name\":\"FEIRA DE SANTANA TEM PREJU\u00cdZO DE R$ 100 MIL POR HORA NO COM\u00c9RCIO DE BENS N\u00c3O DUR\u00c1VEIS - Bahia Economica\",\"isPartOf\":{\"@id\":\"https:\/\/bahiaeconomica.com.br\/wp\/#website\"},\"datePublished\":\"2023-08-16T19:33:16+00:00\",\"dateModified\":\"2023-08-16T19:33:16+00:00\",\"description\":\"Apag\u00e3o nacional aconteceu nesta ter\u00e7a-feira (15)\",\"breadcrumb\":{\"@id\":\"https:\/\/bahiaeconomica.com.br\/wp\/2023\/08\/16\/feira-de-santana-tem-prejuizo-de-r-100-mil-por-hora-no-comercio-de-bens-nao-duraveis\/#breadcrumb\"},\"inLanguage\":\"pt-BR\",\"potentialAction\":[{\"@type\":\"ReadAction\",\"target\":[\"https:\/\/bahiaeconomica.com.br\/wp\/2023\/08\/16\/feira-de-santana-tem-prejuizo-de-r-100-mil-por-hora-no-comercio-de-bens-nao-duraveis\/\"]}]},{\"@type\":\"BreadcrumbList\",\"@id\":\"https:\/\/bahiaeconomica.com.br\/wp\/2023\/08\/16\/feira-de-santana-tem-prejuizo-de-r-100-mil-por-hora-no-comercio-de-bens-nao-duraveis\/#breadcrumb\",\"itemListElement\":[{\"@type\":\"ListItem\",\"position\":1,\"name\":\"In\u00edcio\",\"item\":\"https:\/\/bahiaeconomica.com.br\/wp\/\"},{\"@type\":\"ListItem\",\"position\":2,\"name\":\"FEIRA DE SANTANA TEM PREJU\u00cdZO DE R$ 100 MIL POR HORA NO COM\u00c9RCIO DE BENS N\u00c3O DUR\u00c1VEIS\"}]},{\"@type\":\"WebSite\",\"@id\":\"https:\/\/bahiaeconomica.com.br\/wp\/#website\",\"url\":\"https:\/\/bahiaeconomica.com.br\/wp\/\",\"name\":\"Bahia Economica\",\"description\":\"O maior portal de Economia da Bahia\",\"publisher\":{\"@id\":\"https:\/\/bahiaeconomica.com.br\/wp\/#organization\"},\"potentialAction\":[{\"@type\":\"SearchAction\",\"target\":{\"@type\":\"EntryPoint\",\"urlTemplate\":\"https:\/\/bahiaeconomica.com.br\/wp\/?s={search_term_string}\"},\"query-input\":\"required name=search_term_string\"}],\"inLanguage\":\"pt-BR\"},{\"@type\":\"Organization\",\"@id\":\"https:\/\/bahiaeconomica.com.br\/wp\/#organization\",\"name\":\"Bahia Econ\u00f4mica\",\"url\":\"https:\/\/bahiaeconomica.com.br\/wp\/\",\"logo\":{\"@type\":\"ImageObject\",\"inLanguage\":\"pt-BR\",\"@id\":\"https:\/\/bahiaeconomica.com.br\/wp\/#\/schema\/logo\/image\/\",\"url\":\"https:\/\/bahiaeconomica.com.br\/wp\/wp-content\/uploads\/2020\/12\/cropped-BE.png\",\"contentUrl\":\"https:\/\/bahiaeconomica.com.br\/wp\/wp-content\/uploads\/2020\/12\/cropped-BE.png\",\"width\":512,\"height\":512,\"caption\":\"Bahia Econ\u00f4mica\"},\"image\":{\"@id\":\"https:\/\/bahiaeconomica.com.br\/wp\/#\/schema\/logo\/image\/\"},\"sameAs\":[\"https:\/\/www.facebook.com\/bahiaeconomica\"]},{\"@type\":\"Person\",\"@id\":\"https:\/\/bahiaeconomica.com.br\/wp\/#\/schema\/person\/1ce30764265540f754d66197c4212789\",\"name\":\"LUANA NEIVA\",\"sameAs\":[\"http:\/\/www.bahiaeconomica.com.br\"],\"url\":\"https:\/\/bahiaeconomica.com.br\/wp\/author\/luana-neiva\/\"}]}<\/script>\n<!-- \/ Yoast SEO plugin. -->","yoast_head_json":{"title":"FEIRA DE SANTANA TEM PREJU\u00cdZO DE R$ 100 MIL POR HORA NO COM\u00c9RCIO DE BENS N\u00c3O DUR\u00c1VEIS - Bahia Economica","description":"Apag\u00e3o nacional aconteceu nesta ter\u00e7a-feira (15)","robots":{"index":"index","follow":"follow","max-snippet":"max-snippet:-1","max-image-preview":"max-image-preview:large","max-video-preview":"max-video-preview:-1"},"canonical":"https:\/\/bahiaeconomica.com.br\/wp\/2023\/08\/16\/feira-de-santana-tem-prejuizo-de-r-100-mil-por-hora-no-comercio-de-bens-nao-duraveis\/","og_locale":"pt_BR","og_type":"article","og_title":"FEIRA DE SANTANA TEM PREJU\u00cdZO DE R$ 100 MIL POR HORA NO COM\u00c9RCIO DE BENS N\u00c3O DUR\u00c1VEIS - Bahia Economica","og_description":"Apag\u00e3o nacional aconteceu nesta ter\u00e7a-feira (15)","og_url":"https:\/\/bahiaeconomica.com.br\/wp\/2023\/08\/16\/feira-de-santana-tem-prejuizo-de-r-100-mil-por-hora-no-comercio-de-bens-nao-duraveis\/","og_site_name":"Bahia Economica","article_publisher":"https:\/\/www.facebook.com\/bahiaeconomica","article_published_time":"2023-08-16T19:33:16+00:00","og_image":[{"width":1306,"height":660,"url":"https:\/\/bahiaeconomica.com.br\/wp\/wp-content\/uploads\/2023\/08\/23052022075110-1.jpg","type":"image\/jpeg"}],"author":"LUANA NEIVA","twitter_card":"summary_large_image","twitter_misc":{"Escrito por":"LUANA NEIVA","Est. tempo de leitura":"1 minuto"},"schema":{"@context":"https:\/\/schema.org","@graph":[{"@type":"Article","@id":"https:\/\/bahiaeconomica.com.br\/wp\/2023\/08\/16\/feira-de-santana-tem-prejuizo-de-r-100-mil-por-hora-no-comercio-de-bens-nao-duraveis\/#article","isPartOf":{"@id":"https:\/\/bahiaeconomica.com.br\/wp\/2023\/08\/16\/feira-de-santana-tem-prejuizo-de-r-100-mil-por-hora-no-comercio-de-bens-nao-duraveis\/"},"author":{"name":"LUANA NEIVA","@id":"https:\/\/bahiaeconomica.com.br\/wp\/#\/schema\/person\/1ce30764265540f754d66197c4212789"},"headline":"FEIRA DE SANTANA TEM PREJU\u00cdZO DE R$ 100 MIL POR HORA NO COM\u00c9RCIO DE BENS N\u00c3O DUR\u00c1VEIS","datePublished":"2023-08-16T19:33:16+00:00","dateModified":"2023-08-16T19:33:16+00:00","mainEntityOfPage":{"@id":"https:\/\/bahiaeconomica.com.br\/wp\/2023\/08\/16\/feira-de-santana-tem-prejuizo-de-r-100-mil-por-hora-no-comercio-de-bens-nao-duraveis\/"},"wordCount":140,"publisher":{"@id":"https:\/\/bahiaeconomica.com.br\/wp\/#organization"},"keywords":["apag\u00e3o","dinheiro","Feira de Santana"],"articleSection":["MUNIC\u00cdPIOS"],"inLanguage":"pt-BR"},{"@type":"WebPage","@id":"https:\/\/bahiaeconomica.com.br\/wp\/2023\/08\/16\/feira-de-santana-tem-prejuizo-de-r-100-mil-por-hora-no-comercio-de-bens-nao-duraveis\/","url":"https:\/\/bahiaeconomica.com.br\/wp\/2023\/08\/16\/feira-de-santana-tem-prejuizo-de-r-100-mil-por-hora-no-comercio-de-bens-nao-duraveis\/","name":"FEIRA DE SANTANA TEM PREJU\u00cdZO DE R$ 100 MIL POR HORA NO COM\u00c9RCIO DE BENS N\u00c3O DUR\u00c1VEIS - Bahia Economica","isPartOf":{"@id":"https:\/\/bahiaeconomica.com.br\/wp\/#website"},"datePublished":"2023-08-16T19:33:16+00:00","dateModified":"2023-08-16T19:33:16+00:00","description":"Apag\u00e3o nacional aconteceu nesta ter\u00e7a-feira (15)","breadcrumb":{"@id":"https:\/\/bahiaeconomica.com.br\/wp\/2023\/08\/16\/feira-de-santana-tem-prejuizo-de-r-100-mil-por-hora-no-comercio-de-bens-nao-duraveis\/#breadcrumb"},"inLanguage":"pt-BR","potentialAction":[{"@type":"ReadAction","target":["https:\/\/bahiaeconomica.com.br\/wp\/2023\/08\/16\/feira-de-santana-tem-prejuizo-de-r-100-mil-por-hora-no-comercio-de-bens-nao-duraveis\/"]}]},{"@type":"BreadcrumbList","@id":"https:\/\/bahiaeconomica.com.br\/wp\/2023\/08\/16\/feira-de-santana-tem-prejuizo-de-r-100-mil-por-hora-no-comercio-de-bens-nao-duraveis\/#breadcrumb","itemListElement":[{"@type":"ListItem","position":1,"name":"In\u00edcio","item":"https:\/\/bahiaeconomica.com.br\/wp\/"},{"@type":"ListItem","position":2,"name":"FEIRA DE SANTANA TEM PREJU\u00cdZO DE R$ 100 MIL POR HORA NO COM\u00c9RCIO DE BENS N\u00c3O DUR\u00c1VEIS"}]},{"@type":"WebSite","@id":"https:\/\/bahiaeconomica.com.br\/wp\/#website","url":"https:\/\/bahiaeconomica.com.br\/wp\/","name":"Bahia Economica","description":"O maior portal de Economia da Bahia","publisher":{"@id":"https:\/\/bahiaeconomica.com.br\/wp\/#organization"},"potentialAction":[{"@type":"SearchAction","target":{"@type":"EntryPoint","urlTemplate":"https:\/\/bahiaeconomica.com.br\/wp\/?s={search_term_string}"},"query-input":"required name=search_term_string"}],"inLanguage":"pt-BR"},{"@type":"Organization","@id":"https:\/\/bahiaeconomica.com.br\/wp\/#organization","name":"Bahia Econ\u00f4mica","url":"https:\/\/bahiaeconomica.com.br\/wp\/","logo":{"@type":"ImageObject","inLanguage":"pt-BR","@id":"https:\/\/bahiaeconomica.com.br\/wp\/#\/schema\/logo\/image\/","url":"https:\/\/bahiaeconomica.com.br\/wp\/wp-content\/uploads\/2020\/12\/cropped-BE.png","contentUrl":"https:\/\/bahiaeconomica.com.br\/wp\/wp-content\/uploads\/2020\/12\/cropped-BE.png","width":512,"height":512,"caption":"Bahia Econ\u00f4mica"},"image":{"@id":"https:\/\/bahiaeconomica.com.br\/wp\/#\/schema\/logo\/image\/"},"sameAs":["https:\/\/www.facebook.com\/bahiaeconomica"]},{"@type":"Person","@id":"https:\/\/bahiaeconomica.com.br\/wp\/#\/schema\/person\/1ce30764265540f754d66197c4212789","name":"LUANA NEIVA","sameAs":["http:\/\/www.bahiaeconomica.com.br"],"url":"https:\/\/bahiaeconomica.com.br\/wp\/author\/luana-neiva\/"}]}},"views":69,"_links":{"self":[{"href":"https:\/\/bahiaeconomica.com.br\/wp\/wp-json\/wp\/v2\/posts\/755747"}],"collection":[{"href":"https:\/\/bahiaeconomica.com.br\/wp\/wp-json\/wp\/v2\/posts"}],"about":[{"href":"https:\/\/bahiaeconomica.com.br\/wp\/wp-json\/wp\/v2\/types\/post"}],"author":[{"embeddable":true,"href":"https:\/\/bahiaeconomica.com.br\/wp\/wp-json\/wp\/v2\/users\/17"}],"replies":[{"embeddable":true,"href":"https:\/\/bahiaeconomica.com.br\/wp\/wp-json\/wp\/v2\/comments?post=755747"}],"version-history":[{"count":1,"href":"https:\/\/bahiaeconomica.com.br\/wp\/wp-json\/wp\/v2\/posts\/755747\/revisions"}],"predecessor-version":[{"id":755753,"href":"https:\/\/bahiaeconomica.com.br\/wp\/wp-json\/wp\/v2\/posts\/755747\/revisions\/755753"}],"wp:featuredmedia":[{"embeddable":true,"href":"https:\/\/bahiaeconomica.com.br\/wp\/wp-json\/wp\/v2\/media\/755751"}],"wp:attachment":[{"href":"https:\/\/bahiaeconomica.com.br\/wp\/wp-json\/wp\/v2\/media?parent=755747"}],"wp:term":[{"taxonomy":"category","embeddable":true,"href":"https:\/\/bahiaeconomica.com.br\/wp\/wp-json\/wp\/v2\/categories?post=755747"},{"taxonomy":"post_tag","embeddable":true,"href":"https:\/\/bahiaeconomica.com.br\/wp\/wp-json\/wp\/v2\/tags?post=755747"}],"curies":[{"name":"wp","href":"https:\/\/api.w.org\/{rel}","templated":true}]}}