{"id":755444,"date":"2023-08-15T16:06:46","date_gmt":"2023-08-15T19:06:46","guid":{"rendered":"https:\/\/bahiaeconomica.com.br\/wp\/?p=755444"},"modified":"2023-08-15T16:07:22","modified_gmt":"2023-08-15T19:07:22","slug":"samu-192-volta-a-receber-ligacoes-apos-mais-de-dura-horas-de-apagao-de-energia","status":"publish","type":"post","link":"https:\/\/bahiaeconomica.com.br\/wp\/2023\/08\/15\/samu-192-volta-a-receber-ligacoes-apos-mais-de-dura-horas-de-apagao-de-energia\/","title":{"rendered":"SAMU 192 VOLTA A RECEBER LIGA\u00c7\u00d5ES AP\u00d3S MAIS DE DUAS HORAS DE APAG\u00c3O DE ENERGIA"},"content":{"rendered":"<p>A central telef\u00f4nica do Servi\u00e7o de Atendimento M\u00f3vel de Urg\u00eancia (SAMU) 192 j\u00e1 opera normalmente nesta ter\u00e7a-feira (15). De acordo com a Secretaria Municipal da Sa\u00fade de Salvador (SMS), durante o \u201capag\u00e3o\u201d, mesmo dispondo de gerador e sistema em pleno funcionamento, as operadoras de telefonia n\u00e3o completavam as chamadas para o servi\u00e7o municipal.<\/p>\n<p>Em fun\u00e7\u00e3o do problema, as liga\u00e7\u00f5es tiveram de ser redirecionadas para o 190, a central de emerg\u00eancia da pol\u00edcia. Com o restabelecimento do servi\u00e7o prestado pelas empresas de telecomunica\u00e7\u00e3o, no in\u00edcio desta tarde, as liga\u00e7\u00f5es j\u00e1 podem ser feitas normalmente ao 192.<\/p>\n<p><strong>Foto: Divulga\u00e7\u00e3o\/SMS<\/strong><\/p>\n","protected":false},"excerpt":{"rendered":"<p>A central telef\u00f4nica do Servi\u00e7o de Atendimento M\u00f3vel de Urg\u00eancia (SAMU) 192 j\u00e1 opera normalmente nesta ter\u00e7a-feira (15). De acordo com a Secretaria Municipal da Sa\u00fade de Salvador (SMS), durante o \u201capag\u00e3o\u201d, mesmo dispondo de gerador e sistema em pleno funcionamento, as operadoras de telefonia n\u00e3o completavam as chamadas para o servi\u00e7o municipal. Em fun\u00e7\u00e3o [&hellip;]<\/p>\n","protected":false},"author":18,"featured_media":755447,"comment_status":"closed","ping_status":"closed","sticky":false,"template":"","format":"standard","meta":[],"categories":[5],"tags":[18358,73,15126,58,169,18357],"acf":[],"yoast_head":"<!-- This site is optimized with the Yoast SEO plugin v20.8 - https:\/\/yoast.com\/wordpress\/plugins\/seo\/ -->\n<title>SAMU 192 VOLTA A RECEBER LIGA\u00c7\u00d5ES AP\u00d3S MAIS DE DUAS HORAS DE APAG\u00c3O DE ENERGIA - Bahia Economica<\/title>\n<meta name=\"description\" content=\"O maior portal de Economia da Bahia MUNIC\u00cdPIOS Bahia Economica A central telef\u00f4nica do Servi\u00e7o de Atendimento M\u00f3vel de Urg\u00eancia (SAMU) 192\" \/>\n<meta name=\"robots\" content=\"index, follow, max-snippet:-1, max-image-preview:large, max-video-preview:-1\" \/>\n<link rel=\"canonical\" href=\"https:\/\/bahiaeconomica.com.br\/wp\/2023\/08\/15\/samu-192-volta-a-receber-ligacoes-apos-mais-de-dura-horas-de-apagao-de-energia\/\" \/>\n<meta property=\"og:locale\" content=\"pt_BR\" \/>\n<meta property=\"og:type\" content=\"article\" \/>\n<meta property=\"og:title\" content=\"SAMU 192 VOLTA A RECEBER LIGA\u00c7\u00d5ES AP\u00d3S MAIS DE DUAS HORAS DE APAG\u00c3O DE ENERGIA - Bahia Economica\" \/>\n<meta property=\"og:description\" content=\"O maior portal de Economia da Bahia MUNIC\u00cdPIOS Bahia Economica A central telef\u00f4nica do Servi\u00e7o de Atendimento M\u00f3vel de Urg\u00eancia (SAMU) 192\" \/>\n<meta property=\"og:url\" content=\"https:\/\/bahiaeconomica.com.br\/wp\/2023\/08\/15\/samu-192-volta-a-receber-ligacoes-apos-mais-de-dura-horas-de-apagao-de-energia\/\" \/>\n<meta property=\"og:site_name\" content=\"Bahia Economica\" \/>\n<meta property=\"article:publisher\" content=\"https:\/\/www.facebook.com\/bahiaeconomica\" \/>\n<meta property=\"article:published_time\" content=\"2023-08-15T19:06:46+00:00\" \/>\n<meta property=\"article:modified_time\" content=\"2023-08-15T19:07:22+00:00\" \/>\n<meta property=\"og:image\" content=\"https:\/\/bahiaeconomica.com.br\/wp\/wp-content\/uploads\/2023\/08\/Sem-titulo-89.jpg\" \/>\n\t<meta property=\"og:image:width\" content=\"600\" \/>\n\t<meta property=\"og:image:height\" content=\"420\" \/>\n\t<meta property=\"og:image:type\" content=\"image\/jpeg\" \/>\n<meta name=\"author\" content=\"Emily Oliveira\" \/>\n<meta name=\"twitter:card\" content=\"summary_large_image\" \/>\n<meta name=\"twitter:label1\" content=\"Escrito por\" \/>\n\t<meta name=\"twitter:data1\" content=\"Emily Oliveira\" \/>\n\t<meta name=\"twitter:label2\" content=\"Est. tempo de leitura\" \/>\n\t<meta name=\"twitter:data2\" content=\"1 minuto\" \/>\n<script type=\"application\/ld+json\" class=\"yoast-schema-graph\">{\"@context\":\"https:\/\/schema.org\",\"@graph\":[{\"@type\":\"Article\",\"@id\":\"https:\/\/bahiaeconomica.com.br\/wp\/2023\/08\/15\/samu-192-volta-a-receber-ligacoes-apos-mais-de-dura-horas-de-apagao-de-energia\/#article\",\"isPartOf\":{\"@id\":\"https:\/\/bahiaeconomica.com.br\/wp\/2023\/08\/15\/samu-192-volta-a-receber-ligacoes-apos-mais-de-dura-horas-de-apagao-de-energia\/\"},\"author\":{\"name\":\"Emily Oliveira\",\"@id\":\"https:\/\/bahiaeconomica.com.br\/wp\/#\/schema\/person\/547396bb3b39ebb828ab5807d982c42f\"},\"headline\":\"SAMU 192 VOLTA A RECEBER LIGA\u00c7\u00d5ES AP\u00d3S MAIS DE DUAS HORAS DE APAG\u00c3O DE ENERGIA\",\"datePublished\":\"2023-08-15T19:06:46+00:00\",\"dateModified\":\"2023-08-15T19:07:22+00:00\",\"mainEntityOfPage\":{\"@id\":\"https:\/\/bahiaeconomica.com.br\/wp\/2023\/08\/15\/samu-192-volta-a-receber-ligacoes-apos-mais-de-dura-horas-de-apagao-de-energia\/\"},\"wordCount\":129,\"publisher\":{\"@id\":\"https:\/\/bahiaeconomica.com.br\/wp\/#organization\"},\"keywords\":[\"apag\u00e3o de energia\",\"Salvador\",\"SAMU 192\",\"sa\u00fade\",\"SMS\",\"volta a receber liga\u00e7\u00f5es\"],\"articleSection\":[\"MUNIC\u00cdPIOS\"],\"inLanguage\":\"pt-BR\"},{\"@type\":\"WebPage\",\"@id\":\"https:\/\/bahiaeconomica.com.br\/wp\/2023\/08\/15\/samu-192-volta-a-receber-ligacoes-apos-mais-de-dura-horas-de-apagao-de-energia\/\",\"url\":\"https:\/\/bahiaeconomica.com.br\/wp\/2023\/08\/15\/samu-192-volta-a-receber-ligacoes-apos-mais-de-dura-horas-de-apagao-de-energia\/\",\"name\":\"SAMU 192 VOLTA A RECEBER LIGA\u00c7\u00d5ES AP\u00d3S MAIS DE DUAS HORAS DE APAG\u00c3O DE ENERGIA - Bahia Economica\",\"isPartOf\":{\"@id\":\"https:\/\/bahiaeconomica.com.br\/wp\/#website\"},\"datePublished\":\"2023-08-15T19:06:46+00:00\",\"dateModified\":\"2023-08-15T19:07:22+00:00\",\"description\":\"O maior portal de Economia da Bahia MUNIC\u00cdPIOS Bahia Economica A central telef\u00f4nica do Servi\u00e7o de Atendimento M\u00f3vel de Urg\u00eancia (SAMU) 192\",\"breadcrumb\":{\"@id\":\"https:\/\/bahiaeconomica.com.br\/wp\/2023\/08\/15\/samu-192-volta-a-receber-ligacoes-apos-mais-de-dura-horas-de-apagao-de-energia\/#breadcrumb\"},\"inLanguage\":\"pt-BR\",\"potentialAction\":[{\"@type\":\"ReadAction\",\"target\":[\"https:\/\/bahiaeconomica.com.br\/wp\/2023\/08\/15\/samu-192-volta-a-receber-ligacoes-apos-mais-de-dura-horas-de-apagao-de-energia\/\"]}]},{\"@type\":\"BreadcrumbList\",\"@id\":\"https:\/\/bahiaeconomica.com.br\/wp\/2023\/08\/15\/samu-192-volta-a-receber-ligacoes-apos-mais-de-dura-horas-de-apagao-de-energia\/#breadcrumb\",\"itemListElement\":[{\"@type\":\"ListItem\",\"position\":1,\"name\":\"In\u00edcio\",\"item\":\"https:\/\/bahiaeconomica.com.br\/wp\/\"},{\"@type\":\"ListItem\",\"position\":2,\"name\":\"SAMU 192 VOLTA A RECEBER LIGA\u00c7\u00d5ES AP\u00d3S MAIS DE DUAS HORAS DE APAG\u00c3O DE ENERGIA\"}]},{\"@type\":\"WebSite\",\"@id\":\"https:\/\/bahiaeconomica.com.br\/wp\/#website\",\"url\":\"https:\/\/bahiaeconomica.com.br\/wp\/\",\"name\":\"Bahia Economica\",\"description\":\"O maior portal de Economia da Bahia\",\"publisher\":{\"@id\":\"https:\/\/bahiaeconomica.com.br\/wp\/#organization\"},\"potentialAction\":[{\"@type\":\"SearchAction\",\"target\":{\"@type\":\"EntryPoint\",\"urlTemplate\":\"https:\/\/bahiaeconomica.com.br\/wp\/?s={search_term_string}\"},\"query-input\":\"required name=search_term_string\"}],\"inLanguage\":\"pt-BR\"},{\"@type\":\"Organization\",\"@id\":\"https:\/\/bahiaeconomica.com.br\/wp\/#organization\",\"name\":\"Bahia Econ\u00f4mica\",\"url\":\"https:\/\/bahiaeconomica.com.br\/wp\/\",\"logo\":{\"@type\":\"ImageObject\",\"inLanguage\":\"pt-BR\",\"@id\":\"https:\/\/bahiaeconomica.com.br\/wp\/#\/schema\/logo\/image\/\",\"url\":\"https:\/\/bahiaeconomica.com.br\/wp\/wp-content\/uploads\/2020\/12\/cropped-BE.png\",\"contentUrl\":\"https:\/\/bahiaeconomica.com.br\/wp\/wp-content\/uploads\/2020\/12\/cropped-BE.png\",\"width\":512,\"height\":512,\"caption\":\"Bahia Econ\u00f4mica\"},\"image\":{\"@id\":\"https:\/\/bahiaeconomica.com.br\/wp\/#\/schema\/logo\/image\/\"},\"sameAs\":[\"https:\/\/www.facebook.com\/bahiaeconomica\"]},{\"@type\":\"Person\",\"@id\":\"https:\/\/bahiaeconomica.com.br\/wp\/#\/schema\/person\/547396bb3b39ebb828ab5807d982c42f\",\"name\":\"Emily Oliveira\",\"sameAs\":[\"https:\/\/bahiaeconomica.com.br\/wp\/\"],\"url\":\"https:\/\/bahiaeconomica.com.br\/wp\/author\/emily-oliveira\/\"}]}<\/script>\n<!-- \/ Yoast SEO plugin. -->","yoast_head_json":{"title":"SAMU 192 VOLTA A RECEBER LIGA\u00c7\u00d5ES AP\u00d3S MAIS DE DUAS HORAS DE APAG\u00c3O DE ENERGIA - Bahia Economica","description":"O maior portal de Economia da Bahia MUNIC\u00cdPIOS Bahia Economica A central telef\u00f4nica do Servi\u00e7o de Atendimento M\u00f3vel de Urg\u00eancia (SAMU) 192","robots":{"index":"index","follow":"follow","max-snippet":"max-snippet:-1","max-image-preview":"max-image-preview:large","max-video-preview":"max-video-preview:-1"},"canonical":"https:\/\/bahiaeconomica.com.br\/wp\/2023\/08\/15\/samu-192-volta-a-receber-ligacoes-apos-mais-de-dura-horas-de-apagao-de-energia\/","og_locale":"pt_BR","og_type":"article","og_title":"SAMU 192 VOLTA A RECEBER LIGA\u00c7\u00d5ES AP\u00d3S MAIS DE DUAS HORAS DE APAG\u00c3O DE ENERGIA - Bahia Economica","og_description":"O maior portal de Economia da Bahia MUNIC\u00cdPIOS Bahia Economica A central telef\u00f4nica do Servi\u00e7o de Atendimento M\u00f3vel de Urg\u00eancia (SAMU) 192","og_url":"https:\/\/bahiaeconomica.com.br\/wp\/2023\/08\/15\/samu-192-volta-a-receber-ligacoes-apos-mais-de-dura-horas-de-apagao-de-energia\/","og_site_name":"Bahia Economica","article_publisher":"https:\/\/www.facebook.com\/bahiaeconomica","article_published_time":"2023-08-15T19:06:46+00:00","article_modified_time":"2023-08-15T19:07:22+00:00","og_image":[{"width":600,"height":420,"url":"https:\/\/bahiaeconomica.com.br\/wp\/wp-content\/uploads\/2023\/08\/Sem-titulo-89.jpg","type":"image\/jpeg"}],"author":"Emily Oliveira","twitter_card":"summary_large_image","twitter_misc":{"Escrito por":"Emily Oliveira","Est. tempo de leitura":"1 minuto"},"schema":{"@context":"https:\/\/schema.org","@graph":[{"@type":"Article","@id":"https:\/\/bahiaeconomica.com.br\/wp\/2023\/08\/15\/samu-192-volta-a-receber-ligacoes-apos-mais-de-dura-horas-de-apagao-de-energia\/#article","isPartOf":{"@id":"https:\/\/bahiaeconomica.com.br\/wp\/2023\/08\/15\/samu-192-volta-a-receber-ligacoes-apos-mais-de-dura-horas-de-apagao-de-energia\/"},"author":{"name":"Emily Oliveira","@id":"https:\/\/bahiaeconomica.com.br\/wp\/#\/schema\/person\/547396bb3b39ebb828ab5807d982c42f"},"headline":"SAMU 192 VOLTA A RECEBER LIGA\u00c7\u00d5ES AP\u00d3S MAIS DE DUAS HORAS DE APAG\u00c3O DE ENERGIA","datePublished":"2023-08-15T19:06:46+00:00","dateModified":"2023-08-15T19:07:22+00:00","mainEntityOfPage":{"@id":"https:\/\/bahiaeconomica.com.br\/wp\/2023\/08\/15\/samu-192-volta-a-receber-ligacoes-apos-mais-de-dura-horas-de-apagao-de-energia\/"},"wordCount":129,"publisher":{"@id":"https:\/\/bahiaeconomica.com.br\/wp\/#organization"},"keywords":["apag\u00e3o de energia","Salvador","SAMU 192","sa\u00fade","SMS","volta a receber liga\u00e7\u00f5es"],"articleSection":["MUNIC\u00cdPIOS"],"inLanguage":"pt-BR"},{"@type":"WebPage","@id":"https:\/\/bahiaeconomica.com.br\/wp\/2023\/08\/15\/samu-192-volta-a-receber-ligacoes-apos-mais-de-dura-horas-de-apagao-de-energia\/","url":"https:\/\/bahiaeconomica.com.br\/wp\/2023\/08\/15\/samu-192-volta-a-receber-ligacoes-apos-mais-de-dura-horas-de-apagao-de-energia\/","name":"SAMU 192 VOLTA A RECEBER LIGA\u00c7\u00d5ES AP\u00d3S MAIS DE DUAS HORAS DE APAG\u00c3O DE ENERGIA - Bahia Economica","isPartOf":{"@id":"https:\/\/bahiaeconomica.com.br\/wp\/#website"},"datePublished":"2023-08-15T19:06:46+00:00","dateModified":"2023-08-15T19:07:22+00:00","description":"O maior portal de Economia da Bahia MUNIC\u00cdPIOS Bahia Economica A central telef\u00f4nica do Servi\u00e7o de Atendimento M\u00f3vel de Urg\u00eancia (SAMU) 192","breadcrumb":{"@id":"https:\/\/bahiaeconomica.com.br\/wp\/2023\/08\/15\/samu-192-volta-a-receber-ligacoes-apos-mais-de-dura-horas-de-apagao-de-energia\/#breadcrumb"},"inLanguage":"pt-BR","potentialAction":[{"@type":"ReadAction","target":["https:\/\/bahiaeconomica.com.br\/wp\/2023\/08\/15\/samu-192-volta-a-receber-ligacoes-apos-mais-de-dura-horas-de-apagao-de-energia\/"]}]},{"@type":"BreadcrumbList","@id":"https:\/\/bahiaeconomica.com.br\/wp\/2023\/08\/15\/samu-192-volta-a-receber-ligacoes-apos-mais-de-dura-horas-de-apagao-de-energia\/#breadcrumb","itemListElement":[{"@type":"ListItem","position":1,"name":"In\u00edcio","item":"https:\/\/bahiaeconomica.com.br\/wp\/"},{"@type":"ListItem","position":2,"name":"SAMU 192 VOLTA A RECEBER LIGA\u00c7\u00d5ES AP\u00d3S MAIS DE DUAS HORAS DE APAG\u00c3O DE ENERGIA"}]},{"@type":"WebSite","@id":"https:\/\/bahiaeconomica.com.br\/wp\/#website","url":"https:\/\/bahiaeconomica.com.br\/wp\/","name":"Bahia Economica","description":"O maior portal de Economia da Bahia","publisher":{"@id":"https:\/\/bahiaeconomica.com.br\/wp\/#organization"},"potentialAction":[{"@type":"SearchAction","target":{"@type":"EntryPoint","urlTemplate":"https:\/\/bahiaeconomica.com.br\/wp\/?s={search_term_string}"},"query-input":"required name=search_term_string"}],"inLanguage":"pt-BR"},{"@type":"Organization","@id":"https:\/\/bahiaeconomica.com.br\/wp\/#organization","name":"Bahia Econ\u00f4mica","url":"https:\/\/bahiaeconomica.com.br\/wp\/","logo":{"@type":"ImageObject","inLanguage":"pt-BR","@id":"https:\/\/bahiaeconomica.com.br\/wp\/#\/schema\/logo\/image\/","url":"https:\/\/bahiaeconomica.com.br\/wp\/wp-content\/uploads\/2020\/12\/cropped-BE.png","contentUrl":"https:\/\/bahiaeconomica.com.br\/wp\/wp-content\/uploads\/2020\/12\/cropped-BE.png","width":512,"height":512,"caption":"Bahia Econ\u00f4mica"},"image":{"@id":"https:\/\/bahiaeconomica.com.br\/wp\/#\/schema\/logo\/image\/"},"sameAs":["https:\/\/www.facebook.com\/bahiaeconomica"]},{"@type":"Person","@id":"https:\/\/bahiaeconomica.com.br\/wp\/#\/schema\/person\/547396bb3b39ebb828ab5807d982c42f","name":"Emily Oliveira","sameAs":["https:\/\/bahiaeconomica.com.br\/wp\/"],"url":"https:\/\/bahiaeconomica.com.br\/wp\/author\/emily-oliveira\/"}]}},"views":16,"_links":{"self":[{"href":"https:\/\/bahiaeconomica.com.br\/wp\/wp-json\/wp\/v2\/posts\/755444"}],"collection":[{"href":"https:\/\/bahiaeconomica.com.br\/wp\/wp-json\/wp\/v2\/posts"}],"about":[{"href":"https:\/\/bahiaeconomica.com.br\/wp\/wp-json\/wp\/v2\/types\/post"}],"author":[{"embeddable":true,"href":"https:\/\/bahiaeconomica.com.br\/wp\/wp-json\/wp\/v2\/users\/18"}],"replies":[{"embeddable":true,"href":"https:\/\/bahiaeconomica.com.br\/wp\/wp-json\/wp\/v2\/comments?post=755444"}],"version-history":[{"count":2,"href":"https:\/\/bahiaeconomica.com.br\/wp\/wp-json\/wp\/v2\/posts\/755444\/revisions"}],"predecessor-version":[{"id":755450,"href":"https:\/\/bahiaeconomica.com.br\/wp\/wp-json\/wp\/v2\/posts\/755444\/revisions\/755450"}],"wp:featuredmedia":[{"embeddable":true,"href":"https:\/\/bahiaeconomica.com.br\/wp\/wp-json\/wp\/v2\/media\/755447"}],"wp:attachment":[{"href":"https:\/\/bahiaeconomica.com.br\/wp\/wp-json\/wp\/v2\/media?parent=755444"}],"wp:term":[{"taxonomy":"category","embeddable":true,"href":"https:\/\/bahiaeconomica.com.br\/wp\/wp-json\/wp\/v2\/categories?post=755444"},{"taxonomy":"post_tag","embeddable":true,"href":"https:\/\/bahiaeconomica.com.br\/wp\/wp-json\/wp\/v2\/tags?post=755444"}],"curies":[{"name":"wp","href":"https:\/\/api.w.org\/{rel}","templated":true}]}}