{"id":755175,"date":"2023-08-14T16:35:39","date_gmt":"2023-08-14T19:35:39","guid":{"rendered":"https:\/\/bahiaeconomica.com.br\/wp\/?p=755175"},"modified":"2023-08-14T16:35:39","modified_gmt":"2023-08-14T19:35:39","slug":"deputado-baiano-apresenta-projeto-para-tornar-obrigatoria-a-manutencao-da-biblia-sagrada-nas-bibliotecas-publicas","status":"publish","type":"post","link":"https:\/\/bahiaeconomica.com.br\/wp\/2023\/08\/14\/deputado-baiano-apresenta-projeto-para-tornar-obrigatoria-a-manutencao-da-biblia-sagrada-nas-bibliotecas-publicas\/","title":{"rendered":"DEPUTADO BAIANO APRESENTA PROJETO PARA TORNAR OBRIGAT\u00d3RIA A MANUTEN\u00c7\u00c3O DA B\u00cdBLIA SAGRADA NAS BIBLIOTECAS P\u00daBLICAS"},"content":{"rendered":"<p>O deputado estadual baiano, Leandro de Jesus (PL) protocolou na Assembleia Legislativa da Bahia (Alba), um projeto de Lei para tornar obrigat\u00f3ria a manuten\u00e7\u00e3o de exemplares da B\u00edblia Sagrada e do Catecismo Romano nos acervos das bibliotecas p\u00fablicas e bibliotecas das escolas estaduais.<\/p>\n<p>\u201cEsse Projeto de Lei visa valorizar o estudo e aprecia\u00e7\u00e3o hist\u00f3rica da B\u00edblia Sagrada em sua vers\u00e3o mais antiga e original, traduzida da Vulgata em qualquer edi\u00e7\u00e3o, e do Catecismo Romano. Ambos os livros possuem um valor hist\u00f3rico, cultural e social imenso para a sociedade brasileira e baiana, sendo livros de valor imaterial que influenciaram na forma\u00e7\u00e3o cultural, espiritual e social durante s\u00e9culos e continuam sendo de grande import\u00e2ncia para nossa sociedade\u201d, disse ele.<\/p>\n<p>Segundo o deputado, a inclus\u00e3o desses livros nas bibliotecas \u00e9 \u201cimprescind\u00edvel\u201d, \u201cvisto que dar\u00e1 a oportunidade de nossos cidad\u00e3os e estudantes baianos de conhecerem e se aprofundarem em livros que possuem uma import\u00e2ncia imensur\u00e1vel para a hist\u00f3ria e cultura do nosso povo, bem como um valor espiritual e moral enorme para boa parte da popula\u00e7\u00e3o\u201d.<\/p>\n<p>Foto: Divulga\u00e7\u00e3o<\/p>\n","protected":false},"excerpt":{"rendered":"<p>O deputado estadual baiano, Leandro de Jesus (PL) protocolou na Assembleia Legislativa da Bahia (Alba), um projeto de Lei para tornar obrigat\u00f3ria a manuten\u00e7\u00e3o de exemplares da B\u00edblia Sagrada e do Catecismo Romano nos acervos das bibliotecas p\u00fablicas e bibliotecas das escolas estaduais. \u201cEsse Projeto de Lei visa valorizar o estudo e aprecia\u00e7\u00e3o hist\u00f3rica da [&hellip;]<\/p>\n","protected":false},"author":17,"featured_media":755177,"comment_status":"closed","ping_status":"closed","sticky":false,"template":"","format":"standard","meta":[],"categories":[14601],"tags":[503,13327,1582],"acf":[],"yoast_head":"<!-- This site is optimized with the Yoast SEO plugin v20.8 - https:\/\/yoast.com\/wordpress\/plugins\/seo\/ -->\n<title>DEPUTADO BAIANO APRESENTA PROJETO PARA TORNAR OBRIGAT\u00d3RIA A MANUTEN\u00c7\u00c3O DA B\u00cdBLIA SAGRADA NAS BIBLIOTECAS P\u00daBLICAS - Bahia Economica<\/title>\n<meta name=\"description\" content=\"Segundo o deputado, a inclus\u00e3o desses livros nas bibliotecas \u00e9 \u201cimprescind\u00edvel\u201d\" \/>\n<meta name=\"robots\" content=\"index, follow, max-snippet:-1, max-image-preview:large, max-video-preview:-1\" \/>\n<link rel=\"canonical\" href=\"https:\/\/bahiaeconomica.com.br\/wp\/2023\/08\/14\/deputado-baiano-apresenta-projeto-para-tornar-obrigatoria-a-manutencao-da-biblia-sagrada-nas-bibliotecas-publicas\/\" \/>\n<meta property=\"og:locale\" content=\"pt_BR\" \/>\n<meta property=\"og:type\" content=\"article\" \/>\n<meta property=\"og:title\" content=\"DEPUTADO BAIANO APRESENTA PROJETO PARA TORNAR OBRIGAT\u00d3RIA A MANUTEN\u00c7\u00c3O DA B\u00cdBLIA SAGRADA NAS BIBLIOTECAS P\u00daBLICAS - Bahia Economica\" \/>\n<meta property=\"og:description\" content=\"Segundo o deputado, a inclus\u00e3o desses livros nas bibliotecas \u00e9 \u201cimprescind\u00edvel\u201d\" \/>\n<meta property=\"og:url\" content=\"https:\/\/bahiaeconomica.com.br\/wp\/2023\/08\/14\/deputado-baiano-apresenta-projeto-para-tornar-obrigatoria-a-manutencao-da-biblia-sagrada-nas-bibliotecas-publicas\/\" \/>\n<meta property=\"og:site_name\" content=\"Bahia Economica\" \/>\n<meta property=\"article:publisher\" content=\"https:\/\/www.facebook.com\/bahiaeconomica\" \/>\n<meta property=\"article:published_time\" content=\"2023-08-14T19:35:39+00:00\" \/>\n<meta property=\"og:image\" content=\"https:\/\/bahiaeconomica.com.br\/wp\/wp-content\/uploads\/2023\/08\/audiencia_publica_1.webp\" \/>\n\t<meta property=\"og:image:width\" content=\"1600\" \/>\n\t<meta property=\"og:image:height\" content=\"1066\" \/>\n\t<meta property=\"og:image:type\" content=\"image\/webp\" \/>\n<meta name=\"author\" content=\"LUANA NEIVA\" \/>\n<meta name=\"twitter:card\" content=\"summary_large_image\" \/>\n<meta name=\"twitter:label1\" content=\"Escrito por\" \/>\n\t<meta name=\"twitter:data1\" content=\"LUANA NEIVA\" \/>\n\t<meta name=\"twitter:label2\" content=\"Est. tempo de leitura\" \/>\n\t<meta name=\"twitter:data2\" content=\"1 minuto\" \/>\n<script type=\"application\/ld+json\" class=\"yoast-schema-graph\">{\"@context\":\"https:\/\/schema.org\",\"@graph\":[{\"@type\":\"Article\",\"@id\":\"https:\/\/bahiaeconomica.com.br\/wp\/2023\/08\/14\/deputado-baiano-apresenta-projeto-para-tornar-obrigatoria-a-manutencao-da-biblia-sagrada-nas-bibliotecas-publicas\/#article\",\"isPartOf\":{\"@id\":\"https:\/\/bahiaeconomica.com.br\/wp\/2023\/08\/14\/deputado-baiano-apresenta-projeto-para-tornar-obrigatoria-a-manutencao-da-biblia-sagrada-nas-bibliotecas-publicas\/\"},\"author\":{\"name\":\"LUANA NEIVA\",\"@id\":\"https:\/\/bahiaeconomica.com.br\/wp\/#\/schema\/person\/1ce30764265540f754d66197c4212789\"},\"headline\":\"DEPUTADO BAIANO APRESENTA PROJETO PARA TORNAR OBRIGAT\u00d3RIA A MANUTEN\u00c7\u00c3O DA B\u00cdBLIA SAGRADA NAS BIBLIOTECAS P\u00daBLICAS\",\"datePublished\":\"2023-08-14T19:35:39+00:00\",\"dateModified\":\"2023-08-14T19:35:39+00:00\",\"mainEntityOfPage\":{\"@id\":\"https:\/\/bahiaeconomica.com.br\/wp\/2023\/08\/14\/deputado-baiano-apresenta-projeto-para-tornar-obrigatoria-a-manutencao-da-biblia-sagrada-nas-bibliotecas-publicas\/\"},\"wordCount\":213,\"publisher\":{\"@id\":\"https:\/\/bahiaeconomica.com.br\/wp\/#organization\"},\"keywords\":[\"ALBA\",\"LEANDRO DE JESUS\",\"projeto\"],\"articleSection\":[\"Pol\u00edtica\"],\"inLanguage\":\"pt-BR\"},{\"@type\":\"WebPage\",\"@id\":\"https:\/\/bahiaeconomica.com.br\/wp\/2023\/08\/14\/deputado-baiano-apresenta-projeto-para-tornar-obrigatoria-a-manutencao-da-biblia-sagrada-nas-bibliotecas-publicas\/\",\"url\":\"https:\/\/bahiaeconomica.com.br\/wp\/2023\/08\/14\/deputado-baiano-apresenta-projeto-para-tornar-obrigatoria-a-manutencao-da-biblia-sagrada-nas-bibliotecas-publicas\/\",\"name\":\"DEPUTADO BAIANO APRESENTA PROJETO PARA TORNAR OBRIGAT\u00d3RIA A MANUTEN\u00c7\u00c3O DA B\u00cdBLIA SAGRADA NAS BIBLIOTECAS P\u00daBLICAS - Bahia Economica\",\"isPartOf\":{\"@id\":\"https:\/\/bahiaeconomica.com.br\/wp\/#website\"},\"datePublished\":\"2023-08-14T19:35:39+00:00\",\"dateModified\":\"2023-08-14T19:35:39+00:00\",\"description\":\"Segundo o deputado, a inclus\u00e3o desses livros nas bibliotecas \u00e9 \u201cimprescind\u00edvel\u201d\",\"breadcrumb\":{\"@id\":\"https:\/\/bahiaeconomica.com.br\/wp\/2023\/08\/14\/deputado-baiano-apresenta-projeto-para-tornar-obrigatoria-a-manutencao-da-biblia-sagrada-nas-bibliotecas-publicas\/#breadcrumb\"},\"inLanguage\":\"pt-BR\",\"potentialAction\":[{\"@type\":\"ReadAction\",\"target\":[\"https:\/\/bahiaeconomica.com.br\/wp\/2023\/08\/14\/deputado-baiano-apresenta-projeto-para-tornar-obrigatoria-a-manutencao-da-biblia-sagrada-nas-bibliotecas-publicas\/\"]}]},{\"@type\":\"BreadcrumbList\",\"@id\":\"https:\/\/bahiaeconomica.com.br\/wp\/2023\/08\/14\/deputado-baiano-apresenta-projeto-para-tornar-obrigatoria-a-manutencao-da-biblia-sagrada-nas-bibliotecas-publicas\/#breadcrumb\",\"itemListElement\":[{\"@type\":\"ListItem\",\"position\":1,\"name\":\"In\u00edcio\",\"item\":\"https:\/\/bahiaeconomica.com.br\/wp\/\"},{\"@type\":\"ListItem\",\"position\":2,\"name\":\"DEPUTADO BAIANO APRESENTA PROJETO PARA TORNAR OBRIGAT\u00d3RIA A MANUTEN\u00c7\u00c3O DA B\u00cdBLIA SAGRADA NAS BIBLIOTECAS P\u00daBLICAS\"}]},{\"@type\":\"WebSite\",\"@id\":\"https:\/\/bahiaeconomica.com.br\/wp\/#website\",\"url\":\"https:\/\/bahiaeconomica.com.br\/wp\/\",\"name\":\"Bahia Economica\",\"description\":\"O maior portal de Economia da Bahia\",\"publisher\":{\"@id\":\"https:\/\/bahiaeconomica.com.br\/wp\/#organization\"},\"potentialAction\":[{\"@type\":\"SearchAction\",\"target\":{\"@type\":\"EntryPoint\",\"urlTemplate\":\"https:\/\/bahiaeconomica.com.br\/wp\/?s={search_term_string}\"},\"query-input\":\"required name=search_term_string\"}],\"inLanguage\":\"pt-BR\"},{\"@type\":\"Organization\",\"@id\":\"https:\/\/bahiaeconomica.com.br\/wp\/#organization\",\"name\":\"Bahia Econ\u00f4mica\",\"url\":\"https:\/\/bahiaeconomica.com.br\/wp\/\",\"logo\":{\"@type\":\"ImageObject\",\"inLanguage\":\"pt-BR\",\"@id\":\"https:\/\/bahiaeconomica.com.br\/wp\/#\/schema\/logo\/image\/\",\"url\":\"https:\/\/bahiaeconomica.com.br\/wp\/wp-content\/uploads\/2020\/12\/cropped-BE.png\",\"contentUrl\":\"https:\/\/bahiaeconomica.com.br\/wp\/wp-content\/uploads\/2020\/12\/cropped-BE.png\",\"width\":512,\"height\":512,\"caption\":\"Bahia Econ\u00f4mica\"},\"image\":{\"@id\":\"https:\/\/bahiaeconomica.com.br\/wp\/#\/schema\/logo\/image\/\"},\"sameAs\":[\"https:\/\/www.facebook.com\/bahiaeconomica\"]},{\"@type\":\"Person\",\"@id\":\"https:\/\/bahiaeconomica.com.br\/wp\/#\/schema\/person\/1ce30764265540f754d66197c4212789\",\"name\":\"LUANA NEIVA\",\"sameAs\":[\"http:\/\/www.bahiaeconomica.com.br\"],\"url\":\"https:\/\/bahiaeconomica.com.br\/wp\/author\/luana-neiva\/\"}]}<\/script>\n<!-- \/ Yoast SEO plugin. -->","yoast_head_json":{"title":"DEPUTADO BAIANO APRESENTA PROJETO PARA TORNAR OBRIGAT\u00d3RIA A MANUTEN\u00c7\u00c3O DA B\u00cdBLIA SAGRADA NAS BIBLIOTECAS P\u00daBLICAS - Bahia Economica","description":"Segundo o deputado, a inclus\u00e3o desses livros nas bibliotecas \u00e9 \u201cimprescind\u00edvel\u201d","robots":{"index":"index","follow":"follow","max-snippet":"max-snippet:-1","max-image-preview":"max-image-preview:large","max-video-preview":"max-video-preview:-1"},"canonical":"https:\/\/bahiaeconomica.com.br\/wp\/2023\/08\/14\/deputado-baiano-apresenta-projeto-para-tornar-obrigatoria-a-manutencao-da-biblia-sagrada-nas-bibliotecas-publicas\/","og_locale":"pt_BR","og_type":"article","og_title":"DEPUTADO BAIANO APRESENTA PROJETO PARA TORNAR OBRIGAT\u00d3RIA A MANUTEN\u00c7\u00c3O DA B\u00cdBLIA SAGRADA NAS BIBLIOTECAS P\u00daBLICAS - Bahia Economica","og_description":"Segundo o deputado, a inclus\u00e3o desses livros nas bibliotecas \u00e9 \u201cimprescind\u00edvel\u201d","og_url":"https:\/\/bahiaeconomica.com.br\/wp\/2023\/08\/14\/deputado-baiano-apresenta-projeto-para-tornar-obrigatoria-a-manutencao-da-biblia-sagrada-nas-bibliotecas-publicas\/","og_site_name":"Bahia Economica","article_publisher":"https:\/\/www.facebook.com\/bahiaeconomica","article_published_time":"2023-08-14T19:35:39+00:00","og_image":[{"width":1600,"height":1066,"url":"https:\/\/bahiaeconomica.com.br\/wp\/wp-content\/uploads\/2023\/08\/audiencia_publica_1.webp","type":"image\/webp"}],"author":"LUANA NEIVA","twitter_card":"summary_large_image","twitter_misc":{"Escrito por":"LUANA NEIVA","Est. tempo de leitura":"1 minuto"},"schema":{"@context":"https:\/\/schema.org","@graph":[{"@type":"Article","@id":"https:\/\/bahiaeconomica.com.br\/wp\/2023\/08\/14\/deputado-baiano-apresenta-projeto-para-tornar-obrigatoria-a-manutencao-da-biblia-sagrada-nas-bibliotecas-publicas\/#article","isPartOf":{"@id":"https:\/\/bahiaeconomica.com.br\/wp\/2023\/08\/14\/deputado-baiano-apresenta-projeto-para-tornar-obrigatoria-a-manutencao-da-biblia-sagrada-nas-bibliotecas-publicas\/"},"author":{"name":"LUANA NEIVA","@id":"https:\/\/bahiaeconomica.com.br\/wp\/#\/schema\/person\/1ce30764265540f754d66197c4212789"},"headline":"DEPUTADO BAIANO APRESENTA PROJETO PARA TORNAR OBRIGAT\u00d3RIA A MANUTEN\u00c7\u00c3O DA B\u00cdBLIA SAGRADA NAS BIBLIOTECAS P\u00daBLICAS","datePublished":"2023-08-14T19:35:39+00:00","dateModified":"2023-08-14T19:35:39+00:00","mainEntityOfPage":{"@id":"https:\/\/bahiaeconomica.com.br\/wp\/2023\/08\/14\/deputado-baiano-apresenta-projeto-para-tornar-obrigatoria-a-manutencao-da-biblia-sagrada-nas-bibliotecas-publicas\/"},"wordCount":213,"publisher":{"@id":"https:\/\/bahiaeconomica.com.br\/wp\/#organization"},"keywords":["ALBA","LEANDRO DE JESUS","projeto"],"articleSection":["Pol\u00edtica"],"inLanguage":"pt-BR"},{"@type":"WebPage","@id":"https:\/\/bahiaeconomica.com.br\/wp\/2023\/08\/14\/deputado-baiano-apresenta-projeto-para-tornar-obrigatoria-a-manutencao-da-biblia-sagrada-nas-bibliotecas-publicas\/","url":"https:\/\/bahiaeconomica.com.br\/wp\/2023\/08\/14\/deputado-baiano-apresenta-projeto-para-tornar-obrigatoria-a-manutencao-da-biblia-sagrada-nas-bibliotecas-publicas\/","name":"DEPUTADO BAIANO APRESENTA PROJETO PARA TORNAR OBRIGAT\u00d3RIA A MANUTEN\u00c7\u00c3O DA B\u00cdBLIA SAGRADA NAS BIBLIOTECAS P\u00daBLICAS - Bahia Economica","isPartOf":{"@id":"https:\/\/bahiaeconomica.com.br\/wp\/#website"},"datePublished":"2023-08-14T19:35:39+00:00","dateModified":"2023-08-14T19:35:39+00:00","description":"Segundo o deputado, a inclus\u00e3o desses livros nas bibliotecas \u00e9 \u201cimprescind\u00edvel\u201d","breadcrumb":{"@id":"https:\/\/bahiaeconomica.com.br\/wp\/2023\/08\/14\/deputado-baiano-apresenta-projeto-para-tornar-obrigatoria-a-manutencao-da-biblia-sagrada-nas-bibliotecas-publicas\/#breadcrumb"},"inLanguage":"pt-BR","potentialAction":[{"@type":"ReadAction","target":["https:\/\/bahiaeconomica.com.br\/wp\/2023\/08\/14\/deputado-baiano-apresenta-projeto-para-tornar-obrigatoria-a-manutencao-da-biblia-sagrada-nas-bibliotecas-publicas\/"]}]},{"@type":"BreadcrumbList","@id":"https:\/\/bahiaeconomica.com.br\/wp\/2023\/08\/14\/deputado-baiano-apresenta-projeto-para-tornar-obrigatoria-a-manutencao-da-biblia-sagrada-nas-bibliotecas-publicas\/#breadcrumb","itemListElement":[{"@type":"ListItem","position":1,"name":"In\u00edcio","item":"https:\/\/bahiaeconomica.com.br\/wp\/"},{"@type":"ListItem","position":2,"name":"DEPUTADO BAIANO APRESENTA PROJETO PARA TORNAR OBRIGAT\u00d3RIA A MANUTEN\u00c7\u00c3O DA B\u00cdBLIA SAGRADA NAS BIBLIOTECAS P\u00daBLICAS"}]},{"@type":"WebSite","@id":"https:\/\/bahiaeconomica.com.br\/wp\/#website","url":"https:\/\/bahiaeconomica.com.br\/wp\/","name":"Bahia Economica","description":"O maior portal de Economia da Bahia","publisher":{"@id":"https:\/\/bahiaeconomica.com.br\/wp\/#organization"},"potentialAction":[{"@type":"SearchAction","target":{"@type":"EntryPoint","urlTemplate":"https:\/\/bahiaeconomica.com.br\/wp\/?s={search_term_string}"},"query-input":"required name=search_term_string"}],"inLanguage":"pt-BR"},{"@type":"Organization","@id":"https:\/\/bahiaeconomica.com.br\/wp\/#organization","name":"Bahia Econ\u00f4mica","url":"https:\/\/bahiaeconomica.com.br\/wp\/","logo":{"@type":"ImageObject","inLanguage":"pt-BR","@id":"https:\/\/bahiaeconomica.com.br\/wp\/#\/schema\/logo\/image\/","url":"https:\/\/bahiaeconomica.com.br\/wp\/wp-content\/uploads\/2020\/12\/cropped-BE.png","contentUrl":"https:\/\/bahiaeconomica.com.br\/wp\/wp-content\/uploads\/2020\/12\/cropped-BE.png","width":512,"height":512,"caption":"Bahia Econ\u00f4mica"},"image":{"@id":"https:\/\/bahiaeconomica.com.br\/wp\/#\/schema\/logo\/image\/"},"sameAs":["https:\/\/www.facebook.com\/bahiaeconomica"]},{"@type":"Person","@id":"https:\/\/bahiaeconomica.com.br\/wp\/#\/schema\/person\/1ce30764265540f754d66197c4212789","name":"LUANA NEIVA","sameAs":["http:\/\/www.bahiaeconomica.com.br"],"url":"https:\/\/bahiaeconomica.com.br\/wp\/author\/luana-neiva\/"}]}},"views":28,"_links":{"self":[{"href":"https:\/\/bahiaeconomica.com.br\/wp\/wp-json\/wp\/v2\/posts\/755175"}],"collection":[{"href":"https:\/\/bahiaeconomica.com.br\/wp\/wp-json\/wp\/v2\/posts"}],"about":[{"href":"https:\/\/bahiaeconomica.com.br\/wp\/wp-json\/wp\/v2\/types\/post"}],"author":[{"embeddable":true,"href":"https:\/\/bahiaeconomica.com.br\/wp\/wp-json\/wp\/v2\/users\/17"}],"replies":[{"embeddable":true,"href":"https:\/\/bahiaeconomica.com.br\/wp\/wp-json\/wp\/v2\/comments?post=755175"}],"version-history":[{"count":2,"href":"https:\/\/bahiaeconomica.com.br\/wp\/wp-json\/wp\/v2\/posts\/755175\/revisions"}],"predecessor-version":[{"id":755183,"href":"https:\/\/bahiaeconomica.com.br\/wp\/wp-json\/wp\/v2\/posts\/755175\/revisions\/755183"}],"wp:featuredmedia":[{"embeddable":true,"href":"https:\/\/bahiaeconomica.com.br\/wp\/wp-json\/wp\/v2\/media\/755177"}],"wp:attachment":[{"href":"https:\/\/bahiaeconomica.com.br\/wp\/wp-json\/wp\/v2\/media?parent=755175"}],"wp:term":[{"taxonomy":"category","embeddable":true,"href":"https:\/\/bahiaeconomica.com.br\/wp\/wp-json\/wp\/v2\/categories?post=755175"},{"taxonomy":"post_tag","embeddable":true,"href":"https:\/\/bahiaeconomica.com.br\/wp\/wp-json\/wp\/v2\/tags?post=755175"}],"curies":[{"name":"wp","href":"https:\/\/api.w.org\/{rel}","templated":true}]}}