{"id":754477,"date":"2023-08-10T15:35:11","date_gmt":"2023-08-10T18:35:11","guid":{"rendered":"https:\/\/bahiaeconomica.com.br\/wp\/?p=754477"},"modified":"2023-08-10T15:35:11","modified_gmt":"2023-08-10T18:35:11","slug":"lauro-de-freitas-campanha-de-vacinacao-antirrabica-continua-neste-sabado-12","status":"publish","type":"post","link":"https:\/\/bahiaeconomica.com.br\/wp\/2023\/08\/10\/lauro-de-freitas-campanha-de-vacinacao-antirrabica-continua-neste-sabado-12\/","title":{"rendered":"LAURO DE FREITAS: CAMPANHA DE VACINA\u00c7\u00c3O ANTIRR\u00c1BICA CONTINUA NESTE S\u00c1BADO (12)"},"content":{"rendered":"<p>A Campanha de Vacina\u00e7\u00e3o Antirr\u00e1bica continua neste s\u00e1bado (12), em Lauro de Freitas e em mais localidades do munic\u00edpio. A a\u00e7\u00e3o do Centro de Controle de Zoonoses (CCZ)\u00a0acontece das 8h \u00e0s 14h. O servi\u00e7o tem como finalidade evitar que doen\u00e7a infecciosa viral aguda atinja animais e seres humanos.<\/p>\n<p>Os bairros onde o servi\u00e7o ser\u00e1 ofertado s\u00e3o:\u00a0Vida Nova\u00a0(Col\u00e9gio Hermano Gouveia e Pra\u00e7a da Mangueira),\u00a0Caji-Caixa D&#8217;\u00e1gua, (Pra\u00e7a da Caixa D&#8217;\u00e1gua),\u00a0Jardim Castel\u00e3o\u00a0(Associa\u00e7\u00e3o de Moradores),\u00a0Jardim Ipitanga\u00a0(Pra\u00e7a do Jardim Ipitanga),\u00a0Port\u00e3o\u00a0(Pra\u00e7a Central, Col\u00e9gio Pedro Paranhos e Campo Boca da Mata), al\u00e9m da sede do CCZ, localizada no bairro do Caji.<\/p>\n<p>A vacina\u00e7\u00e3o de animais dom\u00e9sticos \u00e9 uma das principais estrat\u00e9gias de controle da doen\u00e7a. Os animais que se encontram doentes e n\u00e3o podem receber a vacina, a orienta\u00e7\u00e3o \u00e9 os tutores dos animais procurem a imuniza\u00e7\u00e3o contra a raiva ap\u00f3s a recupera\u00e7\u00e3o.<\/p>\n<p>Foto: Divulga\u00e7\u00e3o \/ Ag\u00eancia Brasil<\/p>\n","protected":false},"excerpt":{"rendered":"<p>A Campanha de Vacina\u00e7\u00e3o Antirr\u00e1bica continua neste s\u00e1bado (12), em Lauro de Freitas e em mais localidades do munic\u00edpio. A a\u00e7\u00e3o do Centro de Controle de Zoonoses (CCZ)\u00a0acontece das 8h \u00e0s 14h. O servi\u00e7o tem como finalidade evitar que doen\u00e7a infecciosa viral aguda atinja animais e seres humanos. Os bairros onde o servi\u00e7o ser\u00e1 ofertado [&hellip;]<\/p>\n","protected":false},"author":17,"featured_media":754482,"comment_status":"closed","ping_status":"closed","sticky":false,"template":"","format":"standard","meta":[],"categories":[21],"tags":[1418,330,528],"acf":[],"yoast_head":"<!-- This site is optimized with the Yoast SEO plugin v20.8 - https:\/\/yoast.com\/wordpress\/plugins\/seo\/ -->\n<title>LAURO DE FREITAS: CAMPANHA DE VACINA\u00c7\u00c3O ANTIRR\u00c1BICA CONTINUA NESTE S\u00c1BADO (12) - Bahia Economica<\/title>\n<meta name=\"description\" content=\"O servi\u00e7o tem como finalidade evitar que doen\u00e7a infecciosa viral aguda atinja animais e seres humanos\" \/>\n<meta name=\"robots\" content=\"index, follow, max-snippet:-1, max-image-preview:large, max-video-preview:-1\" \/>\n<link rel=\"canonical\" href=\"https:\/\/bahiaeconomica.com.br\/wp\/2023\/08\/10\/lauro-de-freitas-campanha-de-vacinacao-antirrabica-continua-neste-sabado-12\/\" \/>\n<meta property=\"og:locale\" content=\"pt_BR\" \/>\n<meta property=\"og:type\" content=\"article\" \/>\n<meta property=\"og:title\" content=\"LAURO DE FREITAS: CAMPANHA DE VACINA\u00c7\u00c3O ANTIRR\u00c1BICA CONTINUA NESTE S\u00c1BADO (12) - Bahia Economica\" \/>\n<meta property=\"og:description\" content=\"O servi\u00e7o tem como finalidade evitar que doen\u00e7a infecciosa viral aguda atinja animais e seres humanos\" \/>\n<meta property=\"og:url\" content=\"https:\/\/bahiaeconomica.com.br\/wp\/2023\/08\/10\/lauro-de-freitas-campanha-de-vacinacao-antirrabica-continua-neste-sabado-12\/\" \/>\n<meta property=\"og:site_name\" content=\"Bahia Economica\" \/>\n<meta property=\"article:publisher\" content=\"https:\/\/www.facebook.com\/bahiaeconomica\" \/>\n<meta property=\"article:published_time\" content=\"2023-08-10T18:35:11+00:00\" \/>\n<meta property=\"og:image\" content=\"https:\/\/bahiaeconomica.com.br\/wp\/wp-content\/uploads\/2023\/08\/trbr2045.jpg\" \/>\n\t<meta property=\"og:image:width\" content=\"1170\" \/>\n\t<meta property=\"og:image:height\" content=\"700\" \/>\n\t<meta property=\"og:image:type\" content=\"image\/jpeg\" \/>\n<meta name=\"author\" content=\"LUANA NEIVA\" \/>\n<meta name=\"twitter:card\" content=\"summary_large_image\" \/>\n<meta name=\"twitter:label1\" content=\"Escrito por\" \/>\n\t<meta name=\"twitter:data1\" content=\"LUANA NEIVA\" \/>\n\t<meta name=\"twitter:label2\" content=\"Est. tempo de leitura\" \/>\n\t<meta name=\"twitter:data2\" content=\"1 minuto\" \/>\n<script type=\"application\/ld+json\" class=\"yoast-schema-graph\">{\"@context\":\"https:\/\/schema.org\",\"@graph\":[{\"@type\":\"Article\",\"@id\":\"https:\/\/bahiaeconomica.com.br\/wp\/2023\/08\/10\/lauro-de-freitas-campanha-de-vacinacao-antirrabica-continua-neste-sabado-12\/#article\",\"isPartOf\":{\"@id\":\"https:\/\/bahiaeconomica.com.br\/wp\/2023\/08\/10\/lauro-de-freitas-campanha-de-vacinacao-antirrabica-continua-neste-sabado-12\/\"},\"author\":{\"name\":\"LUANA NEIVA\",\"@id\":\"https:\/\/bahiaeconomica.com.br\/wp\/#\/schema\/person\/1ce30764265540f754d66197c4212789\"},\"headline\":\"LAURO DE FREITAS: CAMPANHA DE VACINA\u00c7\u00c3O ANTIRR\u00c1BICA CONTINUA NESTE S\u00c1BADO (12)\",\"datePublished\":\"2023-08-10T18:35:11+00:00\",\"dateModified\":\"2023-08-10T18:35:11+00:00\",\"mainEntityOfPage\":{\"@id\":\"https:\/\/bahiaeconomica.com.br\/wp\/2023\/08\/10\/lauro-de-freitas-campanha-de-vacinacao-antirrabica-continua-neste-sabado-12\/\"},\"wordCount\":192,\"publisher\":{\"@id\":\"https:\/\/bahiaeconomica.com.br\/wp\/#organization\"},\"keywords\":[\"dose\",\"Lauro de Freitas\",\"Vacina\"],\"articleSection\":[\"Sa\u00fade \/ Educa\u00e7\u00e3o\"],\"inLanguage\":\"pt-BR\"},{\"@type\":\"WebPage\",\"@id\":\"https:\/\/bahiaeconomica.com.br\/wp\/2023\/08\/10\/lauro-de-freitas-campanha-de-vacinacao-antirrabica-continua-neste-sabado-12\/\",\"url\":\"https:\/\/bahiaeconomica.com.br\/wp\/2023\/08\/10\/lauro-de-freitas-campanha-de-vacinacao-antirrabica-continua-neste-sabado-12\/\",\"name\":\"LAURO DE FREITAS: CAMPANHA DE VACINA\u00c7\u00c3O ANTIRR\u00c1BICA CONTINUA NESTE S\u00c1BADO (12) - Bahia Economica\",\"isPartOf\":{\"@id\":\"https:\/\/bahiaeconomica.com.br\/wp\/#website\"},\"datePublished\":\"2023-08-10T18:35:11+00:00\",\"dateModified\":\"2023-08-10T18:35:11+00:00\",\"description\":\"O servi\u00e7o tem como finalidade evitar que doen\u00e7a infecciosa viral aguda atinja animais e seres humanos\",\"breadcrumb\":{\"@id\":\"https:\/\/bahiaeconomica.com.br\/wp\/2023\/08\/10\/lauro-de-freitas-campanha-de-vacinacao-antirrabica-continua-neste-sabado-12\/#breadcrumb\"},\"inLanguage\":\"pt-BR\",\"potentialAction\":[{\"@type\":\"ReadAction\",\"target\":[\"https:\/\/bahiaeconomica.com.br\/wp\/2023\/08\/10\/lauro-de-freitas-campanha-de-vacinacao-antirrabica-continua-neste-sabado-12\/\"]}]},{\"@type\":\"BreadcrumbList\",\"@id\":\"https:\/\/bahiaeconomica.com.br\/wp\/2023\/08\/10\/lauro-de-freitas-campanha-de-vacinacao-antirrabica-continua-neste-sabado-12\/#breadcrumb\",\"itemListElement\":[{\"@type\":\"ListItem\",\"position\":1,\"name\":\"In\u00edcio\",\"item\":\"https:\/\/bahiaeconomica.com.br\/wp\/\"},{\"@type\":\"ListItem\",\"position\":2,\"name\":\"LAURO DE FREITAS: CAMPANHA DE VACINA\u00c7\u00c3O ANTIRR\u00c1BICA CONTINUA NESTE S\u00c1BADO (12)\"}]},{\"@type\":\"WebSite\",\"@id\":\"https:\/\/bahiaeconomica.com.br\/wp\/#website\",\"url\":\"https:\/\/bahiaeconomica.com.br\/wp\/\",\"name\":\"Bahia Economica\",\"description\":\"O maior portal de Economia da Bahia\",\"publisher\":{\"@id\":\"https:\/\/bahiaeconomica.com.br\/wp\/#organization\"},\"potentialAction\":[{\"@type\":\"SearchAction\",\"target\":{\"@type\":\"EntryPoint\",\"urlTemplate\":\"https:\/\/bahiaeconomica.com.br\/wp\/?s={search_term_string}\"},\"query-input\":\"required name=search_term_string\"}],\"inLanguage\":\"pt-BR\"},{\"@type\":\"Organization\",\"@id\":\"https:\/\/bahiaeconomica.com.br\/wp\/#organization\",\"name\":\"Bahia Econ\u00f4mica\",\"url\":\"https:\/\/bahiaeconomica.com.br\/wp\/\",\"logo\":{\"@type\":\"ImageObject\",\"inLanguage\":\"pt-BR\",\"@id\":\"https:\/\/bahiaeconomica.com.br\/wp\/#\/schema\/logo\/image\/\",\"url\":\"https:\/\/bahiaeconomica.com.br\/wp\/wp-content\/uploads\/2020\/12\/cropped-BE.png\",\"contentUrl\":\"https:\/\/bahiaeconomica.com.br\/wp\/wp-content\/uploads\/2020\/12\/cropped-BE.png\",\"width\":512,\"height\":512,\"caption\":\"Bahia Econ\u00f4mica\"},\"image\":{\"@id\":\"https:\/\/bahiaeconomica.com.br\/wp\/#\/schema\/logo\/image\/\"},\"sameAs\":[\"https:\/\/www.facebook.com\/bahiaeconomica\"]},{\"@type\":\"Person\",\"@id\":\"https:\/\/bahiaeconomica.com.br\/wp\/#\/schema\/person\/1ce30764265540f754d66197c4212789\",\"name\":\"LUANA NEIVA\",\"sameAs\":[\"http:\/\/www.bahiaeconomica.com.br\"],\"url\":\"https:\/\/bahiaeconomica.com.br\/wp\/author\/luana-neiva\/\"}]}<\/script>\n<!-- \/ Yoast SEO plugin. -->","yoast_head_json":{"title":"LAURO DE FREITAS: CAMPANHA DE VACINA\u00c7\u00c3O ANTIRR\u00c1BICA CONTINUA NESTE S\u00c1BADO (12) - Bahia Economica","description":"O servi\u00e7o tem como finalidade evitar que doen\u00e7a infecciosa viral aguda atinja animais e seres humanos","robots":{"index":"index","follow":"follow","max-snippet":"max-snippet:-1","max-image-preview":"max-image-preview:large","max-video-preview":"max-video-preview:-1"},"canonical":"https:\/\/bahiaeconomica.com.br\/wp\/2023\/08\/10\/lauro-de-freitas-campanha-de-vacinacao-antirrabica-continua-neste-sabado-12\/","og_locale":"pt_BR","og_type":"article","og_title":"LAURO DE FREITAS: CAMPANHA DE VACINA\u00c7\u00c3O ANTIRR\u00c1BICA CONTINUA NESTE S\u00c1BADO (12) - Bahia Economica","og_description":"O servi\u00e7o tem como finalidade evitar que doen\u00e7a infecciosa viral aguda atinja animais e seres humanos","og_url":"https:\/\/bahiaeconomica.com.br\/wp\/2023\/08\/10\/lauro-de-freitas-campanha-de-vacinacao-antirrabica-continua-neste-sabado-12\/","og_site_name":"Bahia Economica","article_publisher":"https:\/\/www.facebook.com\/bahiaeconomica","article_published_time":"2023-08-10T18:35:11+00:00","og_image":[{"width":1170,"height":700,"url":"https:\/\/bahiaeconomica.com.br\/wp\/wp-content\/uploads\/2023\/08\/trbr2045.jpg","type":"image\/jpeg"}],"author":"LUANA NEIVA","twitter_card":"summary_large_image","twitter_misc":{"Escrito por":"LUANA NEIVA","Est. tempo de leitura":"1 minuto"},"schema":{"@context":"https:\/\/schema.org","@graph":[{"@type":"Article","@id":"https:\/\/bahiaeconomica.com.br\/wp\/2023\/08\/10\/lauro-de-freitas-campanha-de-vacinacao-antirrabica-continua-neste-sabado-12\/#article","isPartOf":{"@id":"https:\/\/bahiaeconomica.com.br\/wp\/2023\/08\/10\/lauro-de-freitas-campanha-de-vacinacao-antirrabica-continua-neste-sabado-12\/"},"author":{"name":"LUANA NEIVA","@id":"https:\/\/bahiaeconomica.com.br\/wp\/#\/schema\/person\/1ce30764265540f754d66197c4212789"},"headline":"LAURO DE FREITAS: CAMPANHA DE VACINA\u00c7\u00c3O ANTIRR\u00c1BICA CONTINUA NESTE S\u00c1BADO (12)","datePublished":"2023-08-10T18:35:11+00:00","dateModified":"2023-08-10T18:35:11+00:00","mainEntityOfPage":{"@id":"https:\/\/bahiaeconomica.com.br\/wp\/2023\/08\/10\/lauro-de-freitas-campanha-de-vacinacao-antirrabica-continua-neste-sabado-12\/"},"wordCount":192,"publisher":{"@id":"https:\/\/bahiaeconomica.com.br\/wp\/#organization"},"keywords":["dose","Lauro de Freitas","Vacina"],"articleSection":["Sa\u00fade \/ Educa\u00e7\u00e3o"],"inLanguage":"pt-BR"},{"@type":"WebPage","@id":"https:\/\/bahiaeconomica.com.br\/wp\/2023\/08\/10\/lauro-de-freitas-campanha-de-vacinacao-antirrabica-continua-neste-sabado-12\/","url":"https:\/\/bahiaeconomica.com.br\/wp\/2023\/08\/10\/lauro-de-freitas-campanha-de-vacinacao-antirrabica-continua-neste-sabado-12\/","name":"LAURO DE FREITAS: CAMPANHA DE VACINA\u00c7\u00c3O ANTIRR\u00c1BICA CONTINUA NESTE S\u00c1BADO (12) - Bahia Economica","isPartOf":{"@id":"https:\/\/bahiaeconomica.com.br\/wp\/#website"},"datePublished":"2023-08-10T18:35:11+00:00","dateModified":"2023-08-10T18:35:11+00:00","description":"O servi\u00e7o tem como finalidade evitar que doen\u00e7a infecciosa viral aguda atinja animais e seres humanos","breadcrumb":{"@id":"https:\/\/bahiaeconomica.com.br\/wp\/2023\/08\/10\/lauro-de-freitas-campanha-de-vacinacao-antirrabica-continua-neste-sabado-12\/#breadcrumb"},"inLanguage":"pt-BR","potentialAction":[{"@type":"ReadAction","target":["https:\/\/bahiaeconomica.com.br\/wp\/2023\/08\/10\/lauro-de-freitas-campanha-de-vacinacao-antirrabica-continua-neste-sabado-12\/"]}]},{"@type":"BreadcrumbList","@id":"https:\/\/bahiaeconomica.com.br\/wp\/2023\/08\/10\/lauro-de-freitas-campanha-de-vacinacao-antirrabica-continua-neste-sabado-12\/#breadcrumb","itemListElement":[{"@type":"ListItem","position":1,"name":"In\u00edcio","item":"https:\/\/bahiaeconomica.com.br\/wp\/"},{"@type":"ListItem","position":2,"name":"LAURO DE FREITAS: CAMPANHA DE VACINA\u00c7\u00c3O ANTIRR\u00c1BICA CONTINUA NESTE S\u00c1BADO (12)"}]},{"@type":"WebSite","@id":"https:\/\/bahiaeconomica.com.br\/wp\/#website","url":"https:\/\/bahiaeconomica.com.br\/wp\/","name":"Bahia Economica","description":"O maior portal de Economia da Bahia","publisher":{"@id":"https:\/\/bahiaeconomica.com.br\/wp\/#organization"},"potentialAction":[{"@type":"SearchAction","target":{"@type":"EntryPoint","urlTemplate":"https:\/\/bahiaeconomica.com.br\/wp\/?s={search_term_string}"},"query-input":"required name=search_term_string"}],"inLanguage":"pt-BR"},{"@type":"Organization","@id":"https:\/\/bahiaeconomica.com.br\/wp\/#organization","name":"Bahia Econ\u00f4mica","url":"https:\/\/bahiaeconomica.com.br\/wp\/","logo":{"@type":"ImageObject","inLanguage":"pt-BR","@id":"https:\/\/bahiaeconomica.com.br\/wp\/#\/schema\/logo\/image\/","url":"https:\/\/bahiaeconomica.com.br\/wp\/wp-content\/uploads\/2020\/12\/cropped-BE.png","contentUrl":"https:\/\/bahiaeconomica.com.br\/wp\/wp-content\/uploads\/2020\/12\/cropped-BE.png","width":512,"height":512,"caption":"Bahia Econ\u00f4mica"},"image":{"@id":"https:\/\/bahiaeconomica.com.br\/wp\/#\/schema\/logo\/image\/"},"sameAs":["https:\/\/www.facebook.com\/bahiaeconomica"]},{"@type":"Person","@id":"https:\/\/bahiaeconomica.com.br\/wp\/#\/schema\/person\/1ce30764265540f754d66197c4212789","name":"LUANA NEIVA","sameAs":["http:\/\/www.bahiaeconomica.com.br"],"url":"https:\/\/bahiaeconomica.com.br\/wp\/author\/luana-neiva\/"}]}},"views":81,"_links":{"self":[{"href":"https:\/\/bahiaeconomica.com.br\/wp\/wp-json\/wp\/v2\/posts\/754477"}],"collection":[{"href":"https:\/\/bahiaeconomica.com.br\/wp\/wp-json\/wp\/v2\/posts"}],"about":[{"href":"https:\/\/bahiaeconomica.com.br\/wp\/wp-json\/wp\/v2\/types\/post"}],"author":[{"embeddable":true,"href":"https:\/\/bahiaeconomica.com.br\/wp\/wp-json\/wp\/v2\/users\/17"}],"replies":[{"embeddable":true,"href":"https:\/\/bahiaeconomica.com.br\/wp\/wp-json\/wp\/v2\/comments?post=754477"}],"version-history":[{"count":1,"href":"https:\/\/bahiaeconomica.com.br\/wp\/wp-json\/wp\/v2\/posts\/754477\/revisions"}],"predecessor-version":[{"id":754483,"href":"https:\/\/bahiaeconomica.com.br\/wp\/wp-json\/wp\/v2\/posts\/754477\/revisions\/754483"}],"wp:featuredmedia":[{"embeddable":true,"href":"https:\/\/bahiaeconomica.com.br\/wp\/wp-json\/wp\/v2\/media\/754482"}],"wp:attachment":[{"href":"https:\/\/bahiaeconomica.com.br\/wp\/wp-json\/wp\/v2\/media?parent=754477"}],"wp:term":[{"taxonomy":"category","embeddable":true,"href":"https:\/\/bahiaeconomica.com.br\/wp\/wp-json\/wp\/v2\/categories?post=754477"},{"taxonomy":"post_tag","embeddable":true,"href":"https:\/\/bahiaeconomica.com.br\/wp\/wp-json\/wp\/v2\/tags?post=754477"}],"curies":[{"name":"wp","href":"https:\/\/api.w.org\/{rel}","templated":true}]}}