{"id":754208,"date":"2023-08-09T14:45:14","date_gmt":"2023-08-09T17:45:14","guid":{"rendered":"https:\/\/bahiaeconomica.com.br\/wp\/?p=754208"},"modified":"2023-08-09T14:53:23","modified_gmt":"2023-08-09T17:53:23","slug":"braskem-registra-ebitda-de-r-703-milhoes-no-2-trimestre-em-cenario-de-menor-crescimento-de-demanda-global","status":"publish","type":"post","link":"https:\/\/bahiaeconomica.com.br\/wp\/2023\/08\/09\/braskem-registra-ebitda-de-r-703-milhoes-no-2-trimestre-em-cenario-de-menor-crescimento-de-demanda-global\/","title":{"rendered":"BRASKEM REGISTRA EBITDA DE R$ 703 MILH\u00d5ES NO 2\u00b0 TRIMESTRE EM CEN\u00c1RIO DE MENOR CRESCIMENTO DE DEMANDA GLOBAL"},"content":{"rendered":"<p>Os resultados da Braskem no segundo trimestre continuaram a refletir os impactos do cen\u00e1rio de menor crescimento de demanda global, impactando a demanda pelos produtos qu\u00edmicos e petroqu\u00edmicos e os spreads. Diante disso, a Companhia registrou no trimestre Ebitda Recorrente de R$ 703 milh\u00f5es e preju\u00edzo l\u00edquido atribu\u00edvel aos acionistas de R$ 771 milh\u00f5es.<\/p>\n<p>Em rela\u00e7\u00e3o \u00e0 sua higidez financeira, a Companhia manteve a forte posi\u00e7\u00e3o de caixa em R$ 14 bilh\u00f5es, que garante a cobertura dos vencimentos de d\u00edvida nos pr\u00f3ximos 74 meses, e o perfil de endividamento alongado.<\/p>\n<p>\u201cDiante do cen\u00e1rio internacional, estamos mantendo o foco na competitividade da Companhia, na higidez financeira e na aloca\u00e7\u00e3o respons\u00e1vel de capital\u201d, disse Roberto Bischoff, CEO da Braskem.<\/p>\n<p>No Brasil, a taxa de opera\u00e7\u00e3o foi inferior ao primeiro trimestre em fun\u00e7\u00e3o da menor competitividade atual das centrais petroqu\u00edmicas que utilizam nafta como mat\u00e9ria prima, al\u00e9m da menor demanda de produtos qu\u00edmicos. Nesse cen\u00e1rio, o volume de vendas de resinas e qu\u00edmicos no trimestre foi 13% inferior quando comparado ao trimestre anterior.<\/p>\n<p>Nos Estados Unidos e na Europa, a taxa m\u00e9dia de utiliza\u00e7\u00e3o permaneceu em linha com o primeiro trimestre e o volume de vendas aumentou 3%, influenciado pela maior demanda no mercado americano no per\u00edodo, ap\u00f3s o processo de desestocagem da cadeia durante o primeiro trimestre do ano. No M\u00e9xico, a Braskem apresentou aumento na taxa de utiliza\u00e7\u00e3o de 14 pontos percentuais, impulsionada pelo maior fornecimento de mat\u00e9ria-prima nacional e importada. Com isso, as vendas de polietileno (PE) no M\u00e9xico aumentaram 8% no segundo trimestre, quando comparadas ao primeiro.<\/p>\n<p>Em rela\u00e7\u00e3o \u00e0 sua estrat\u00e9gia, a Braskem continuou avan\u00e7ando nos projetos atrelados \u00e0s suas avenidas de crescimento, tanto no neg\u00f3cio tradicional, com o avan\u00e7o f\u00edsico no trimestre de cerca de 40% na constru\u00e7\u00e3o do terminal de importa\u00e7\u00e3o de etano no M\u00e9xico, quanto no segmento de mat\u00e9rias-primas de fontes renov\u00e1veis e na reciclagem.<\/p>\n<p>Na avenida de crescimento de renov\u00e1veis, houve a conclus\u00e3o e in\u00edcio das opera\u00e7\u00f5es do projeto de expans\u00e3o de 30% da capacidade atual de produ\u00e7\u00e3o de eteno verde no Rio Grande do Sul. Por fim, na avenida de crescimento de reciclagem, houve o aumento no portf\u00f3lio de produtos e segmentos: no segundo trimestre, a Companhia registrou o aumento de 22% nas vendas de resinas com conte\u00fado reciclado em rela\u00e7\u00e3o ao primeiro trimestre e de 83% quando comparado ao mesmo per\u00edodo do ano anterior, o que inclui a aquisi\u00e7\u00e3o da Wise, conclu\u00edda no primeiro trimestre do ano.<\/p>\n","protected":false},"excerpt":{"rendered":"<p>Os resultados da Braskem no segundo trimestre continuaram a refletir os impactos do cen\u00e1rio de menor crescimento de demanda global, impactando a demanda pelos produtos qu\u00edmicos e petroqu\u00edmicos e os spreads. Diante disso, a Companhia registrou no trimestre Ebitda Recorrente de R$ 703 milh\u00f5es e preju\u00edzo l\u00edquido atribu\u00edvel aos acionistas de R$ 771 milh\u00f5es. Em [&hellip;]<\/p>\n","protected":false},"author":18,"featured_media":754211,"comment_status":"closed","ping_status":"closed","sticky":false,"template":"","format":"standard","meta":[],"categories":[14,3],"tags":[18062,1794,18063,4556,213,8019],"acf":[],"yoast_head":"<!-- This site is optimized with the Yoast SEO plugin v20.8 - https:\/\/yoast.com\/wordpress\/plugins\/seo\/ -->\n<title>BRASKEM REGISTRA EBITDA DE R$ 703 MILH\u00d5ES NO 2\u00b0 TRIMESTRE EM CEN\u00c1RIO DE MENOR CRESCIMENTO DE DEMANDA GLOBAL - Bahia Economica<\/title>\n<meta name=\"description\" content=\"O maior portal de Economia da Bahia DESTAQUE DO DIA, ECONOMIA \/ POL\u00cdTICA Bahia Economica Os resultados da Braskem no segundo trimestre\" \/>\n<meta name=\"robots\" content=\"index, follow, max-snippet:-1, max-image-preview:large, max-video-preview:-1\" \/>\n<link rel=\"canonical\" href=\"https:\/\/bahiaeconomica.com.br\/wp\/2023\/08\/09\/braskem-registra-ebitda-de-r-703-milhoes-no-2-trimestre-em-cenario-de-menor-crescimento-de-demanda-global\/\" \/>\n<meta property=\"og:locale\" content=\"pt_BR\" \/>\n<meta property=\"og:type\" content=\"article\" \/>\n<meta property=\"og:title\" content=\"BRASKEM REGISTRA EBITDA DE R$ 703 MILH\u00d5ES NO 2\u00b0 TRIMESTRE EM CEN\u00c1RIO DE MENOR CRESCIMENTO DE DEMANDA GLOBAL - Bahia Economica\" \/>\n<meta property=\"og:description\" content=\"O maior portal de Economia da Bahia DESTAQUE DO DIA, ECONOMIA \/ POL\u00cdTICA Bahia Economica Os resultados da Braskem no segundo trimestre\" \/>\n<meta property=\"og:url\" content=\"https:\/\/bahiaeconomica.com.br\/wp\/2023\/08\/09\/braskem-registra-ebitda-de-r-703-milhoes-no-2-trimestre-em-cenario-de-menor-crescimento-de-demanda-global\/\" \/>\n<meta property=\"og:site_name\" content=\"Bahia Economica\" \/>\n<meta property=\"article:publisher\" content=\"https:\/\/www.facebook.com\/bahiaeconomica\" \/>\n<meta property=\"article:published_time\" content=\"2023-08-09T17:45:14+00:00\" \/>\n<meta property=\"article:modified_time\" content=\"2023-08-09T17:53:23+00:00\" \/>\n<meta property=\"og:image\" content=\"https:\/\/bahiaeconomica.com.br\/wp\/wp-content\/uploads\/2023\/08\/WhatsApp-Image-2023-08-09-at-14.29.47.jpeg\" \/>\n\t<meta property=\"og:image:width\" content=\"1280\" \/>\n\t<meta property=\"og:image:height\" content=\"853\" \/>\n\t<meta property=\"og:image:type\" content=\"image\/jpeg\" \/>\n<meta name=\"author\" content=\"Emily Oliveira\" \/>\n<meta name=\"twitter:card\" content=\"summary_large_image\" \/>\n<meta name=\"twitter:label1\" content=\"Escrito por\" \/>\n\t<meta name=\"twitter:data1\" content=\"Emily Oliveira\" \/>\n\t<meta name=\"twitter:label2\" content=\"Est. tempo de leitura\" \/>\n\t<meta name=\"twitter:data2\" content=\"3 minutos\" \/>\n<script type=\"application\/ld+json\" class=\"yoast-schema-graph\">{\"@context\":\"https:\/\/schema.org\",\"@graph\":[{\"@type\":\"Article\",\"@id\":\"https:\/\/bahiaeconomica.com.br\/wp\/2023\/08\/09\/braskem-registra-ebitda-de-r-703-milhoes-no-2-trimestre-em-cenario-de-menor-crescimento-de-demanda-global\/#article\",\"isPartOf\":{\"@id\":\"https:\/\/bahiaeconomica.com.br\/wp\/2023\/08\/09\/braskem-registra-ebitda-de-r-703-milhoes-no-2-trimestre-em-cenario-de-menor-crescimento-de-demanda-global\/\"},\"author\":{\"name\":\"Emily Oliveira\",\"@id\":\"https:\/\/bahiaeconomica.com.br\/wp\/#\/schema\/person\/547396bb3b39ebb828ab5807d982c42f\"},\"headline\":\"BRASKEM REGISTRA EBITDA DE R$ 703 MILH\u00d5ES NO 2\u00b0 TRIMESTRE EM CEN\u00c1RIO DE MENOR CRESCIMENTO DE DEMANDA GLOBAL\",\"datePublished\":\"2023-08-09T17:45:14+00:00\",\"dateModified\":\"2023-08-09T17:53:23+00:00\",\"mainEntityOfPage\":{\"@id\":\"https:\/\/bahiaeconomica.com.br\/wp\/2023\/08\/09\/braskem-registra-ebitda-de-r-703-milhoes-no-2-trimestre-em-cenario-de-menor-crescimento-de-demanda-global\/\"},\"wordCount\":464,\"publisher\":{\"@id\":\"https:\/\/bahiaeconomica.com.br\/wp\/#organization\"},\"keywords\":[\"703 milh\u00f5es de reais\",\"braskem\",\"crescimento global\",\"EBITDA\",\"Economia\",\"segundo trimestre\"],\"articleSection\":[\"DESTAQUE DO DIA\",\"ECONOMIA \/ POL\u00cdTICA\"],\"inLanguage\":\"pt-BR\"},{\"@type\":\"WebPage\",\"@id\":\"https:\/\/bahiaeconomica.com.br\/wp\/2023\/08\/09\/braskem-registra-ebitda-de-r-703-milhoes-no-2-trimestre-em-cenario-de-menor-crescimento-de-demanda-global\/\",\"url\":\"https:\/\/bahiaeconomica.com.br\/wp\/2023\/08\/09\/braskem-registra-ebitda-de-r-703-milhoes-no-2-trimestre-em-cenario-de-menor-crescimento-de-demanda-global\/\",\"name\":\"BRASKEM REGISTRA EBITDA DE R$ 703 MILH\u00d5ES NO 2\u00b0 TRIMESTRE EM CEN\u00c1RIO DE MENOR CRESCIMENTO DE DEMANDA GLOBAL - Bahia Economica\",\"isPartOf\":{\"@id\":\"https:\/\/bahiaeconomica.com.br\/wp\/#website\"},\"datePublished\":\"2023-08-09T17:45:14+00:00\",\"dateModified\":\"2023-08-09T17:53:23+00:00\",\"description\":\"O maior portal de Economia da Bahia DESTAQUE DO DIA, ECONOMIA \/ POL\u00cdTICA Bahia Economica Os resultados da Braskem no segundo trimestre\",\"breadcrumb\":{\"@id\":\"https:\/\/bahiaeconomica.com.br\/wp\/2023\/08\/09\/braskem-registra-ebitda-de-r-703-milhoes-no-2-trimestre-em-cenario-de-menor-crescimento-de-demanda-global\/#breadcrumb\"},\"inLanguage\":\"pt-BR\",\"potentialAction\":[{\"@type\":\"ReadAction\",\"target\":[\"https:\/\/bahiaeconomica.com.br\/wp\/2023\/08\/09\/braskem-registra-ebitda-de-r-703-milhoes-no-2-trimestre-em-cenario-de-menor-crescimento-de-demanda-global\/\"]}]},{\"@type\":\"BreadcrumbList\",\"@id\":\"https:\/\/bahiaeconomica.com.br\/wp\/2023\/08\/09\/braskem-registra-ebitda-de-r-703-milhoes-no-2-trimestre-em-cenario-de-menor-crescimento-de-demanda-global\/#breadcrumb\",\"itemListElement\":[{\"@type\":\"ListItem\",\"position\":1,\"name\":\"In\u00edcio\",\"item\":\"https:\/\/bahiaeconomica.com.br\/wp\/\"},{\"@type\":\"ListItem\",\"position\":2,\"name\":\"BRASKEM REGISTRA EBITDA DE R$ 703 MILH\u00d5ES NO 2\u00b0 TRIMESTRE EM CEN\u00c1RIO DE MENOR CRESCIMENTO DE DEMANDA GLOBAL\"}]},{\"@type\":\"WebSite\",\"@id\":\"https:\/\/bahiaeconomica.com.br\/wp\/#website\",\"url\":\"https:\/\/bahiaeconomica.com.br\/wp\/\",\"name\":\"Bahia Economica\",\"description\":\"O maior portal de Economia da Bahia\",\"publisher\":{\"@id\":\"https:\/\/bahiaeconomica.com.br\/wp\/#organization\"},\"potentialAction\":[{\"@type\":\"SearchAction\",\"target\":{\"@type\":\"EntryPoint\",\"urlTemplate\":\"https:\/\/bahiaeconomica.com.br\/wp\/?s={search_term_string}\"},\"query-input\":\"required name=search_term_string\"}],\"inLanguage\":\"pt-BR\"},{\"@type\":\"Organization\",\"@id\":\"https:\/\/bahiaeconomica.com.br\/wp\/#organization\",\"name\":\"Bahia Econ\u00f4mica\",\"url\":\"https:\/\/bahiaeconomica.com.br\/wp\/\",\"logo\":{\"@type\":\"ImageObject\",\"inLanguage\":\"pt-BR\",\"@id\":\"https:\/\/bahiaeconomica.com.br\/wp\/#\/schema\/logo\/image\/\",\"url\":\"https:\/\/bahiaeconomica.com.br\/wp\/wp-content\/uploads\/2020\/12\/cropped-BE.png\",\"contentUrl\":\"https:\/\/bahiaeconomica.com.br\/wp\/wp-content\/uploads\/2020\/12\/cropped-BE.png\",\"width\":512,\"height\":512,\"caption\":\"Bahia Econ\u00f4mica\"},\"image\":{\"@id\":\"https:\/\/bahiaeconomica.com.br\/wp\/#\/schema\/logo\/image\/\"},\"sameAs\":[\"https:\/\/www.facebook.com\/bahiaeconomica\"]},{\"@type\":\"Person\",\"@id\":\"https:\/\/bahiaeconomica.com.br\/wp\/#\/schema\/person\/547396bb3b39ebb828ab5807d982c42f\",\"name\":\"Emily Oliveira\",\"sameAs\":[\"https:\/\/bahiaeconomica.com.br\/wp\/\"],\"url\":\"https:\/\/bahiaeconomica.com.br\/wp\/author\/emily-oliveira\/\"}]}<\/script>\n<!-- \/ Yoast SEO plugin. -->","yoast_head_json":{"title":"BRASKEM REGISTRA EBITDA DE R$ 703 MILH\u00d5ES NO 2\u00b0 TRIMESTRE EM CEN\u00c1RIO DE MENOR CRESCIMENTO DE DEMANDA GLOBAL - Bahia Economica","description":"O maior portal de Economia da Bahia DESTAQUE DO DIA, ECONOMIA \/ POL\u00cdTICA Bahia Economica Os resultados da Braskem no segundo trimestre","robots":{"index":"index","follow":"follow","max-snippet":"max-snippet:-1","max-image-preview":"max-image-preview:large","max-video-preview":"max-video-preview:-1"},"canonical":"https:\/\/bahiaeconomica.com.br\/wp\/2023\/08\/09\/braskem-registra-ebitda-de-r-703-milhoes-no-2-trimestre-em-cenario-de-menor-crescimento-de-demanda-global\/","og_locale":"pt_BR","og_type":"article","og_title":"BRASKEM REGISTRA EBITDA DE R$ 703 MILH\u00d5ES NO 2\u00b0 TRIMESTRE EM CEN\u00c1RIO DE MENOR CRESCIMENTO DE DEMANDA GLOBAL - Bahia Economica","og_description":"O maior portal de Economia da Bahia DESTAQUE DO DIA, ECONOMIA \/ POL\u00cdTICA Bahia Economica Os resultados da Braskem no segundo trimestre","og_url":"https:\/\/bahiaeconomica.com.br\/wp\/2023\/08\/09\/braskem-registra-ebitda-de-r-703-milhoes-no-2-trimestre-em-cenario-de-menor-crescimento-de-demanda-global\/","og_site_name":"Bahia Economica","article_publisher":"https:\/\/www.facebook.com\/bahiaeconomica","article_published_time":"2023-08-09T17:45:14+00:00","article_modified_time":"2023-08-09T17:53:23+00:00","og_image":[{"width":1280,"height":853,"url":"https:\/\/bahiaeconomica.com.br\/wp\/wp-content\/uploads\/2023\/08\/WhatsApp-Image-2023-08-09-at-14.29.47.jpeg","type":"image\/jpeg"}],"author":"Emily Oliveira","twitter_card":"summary_large_image","twitter_misc":{"Escrito por":"Emily Oliveira","Est. tempo de leitura":"3 minutos"},"schema":{"@context":"https:\/\/schema.org","@graph":[{"@type":"Article","@id":"https:\/\/bahiaeconomica.com.br\/wp\/2023\/08\/09\/braskem-registra-ebitda-de-r-703-milhoes-no-2-trimestre-em-cenario-de-menor-crescimento-de-demanda-global\/#article","isPartOf":{"@id":"https:\/\/bahiaeconomica.com.br\/wp\/2023\/08\/09\/braskem-registra-ebitda-de-r-703-milhoes-no-2-trimestre-em-cenario-de-menor-crescimento-de-demanda-global\/"},"author":{"name":"Emily Oliveira","@id":"https:\/\/bahiaeconomica.com.br\/wp\/#\/schema\/person\/547396bb3b39ebb828ab5807d982c42f"},"headline":"BRASKEM REGISTRA EBITDA DE R$ 703 MILH\u00d5ES NO 2\u00b0 TRIMESTRE EM CEN\u00c1RIO DE MENOR CRESCIMENTO DE DEMANDA GLOBAL","datePublished":"2023-08-09T17:45:14+00:00","dateModified":"2023-08-09T17:53:23+00:00","mainEntityOfPage":{"@id":"https:\/\/bahiaeconomica.com.br\/wp\/2023\/08\/09\/braskem-registra-ebitda-de-r-703-milhoes-no-2-trimestre-em-cenario-de-menor-crescimento-de-demanda-global\/"},"wordCount":464,"publisher":{"@id":"https:\/\/bahiaeconomica.com.br\/wp\/#organization"},"keywords":["703 milh\u00f5es de reais","braskem","crescimento global","EBITDA","Economia","segundo trimestre"],"articleSection":["DESTAQUE DO DIA","ECONOMIA \/ POL\u00cdTICA"],"inLanguage":"pt-BR"},{"@type":"WebPage","@id":"https:\/\/bahiaeconomica.com.br\/wp\/2023\/08\/09\/braskem-registra-ebitda-de-r-703-milhoes-no-2-trimestre-em-cenario-de-menor-crescimento-de-demanda-global\/","url":"https:\/\/bahiaeconomica.com.br\/wp\/2023\/08\/09\/braskem-registra-ebitda-de-r-703-milhoes-no-2-trimestre-em-cenario-de-menor-crescimento-de-demanda-global\/","name":"BRASKEM REGISTRA EBITDA DE R$ 703 MILH\u00d5ES NO 2\u00b0 TRIMESTRE EM CEN\u00c1RIO DE MENOR CRESCIMENTO DE DEMANDA GLOBAL - Bahia Economica","isPartOf":{"@id":"https:\/\/bahiaeconomica.com.br\/wp\/#website"},"datePublished":"2023-08-09T17:45:14+00:00","dateModified":"2023-08-09T17:53:23+00:00","description":"O maior portal de Economia da Bahia DESTAQUE DO DIA, ECONOMIA \/ POL\u00cdTICA Bahia Economica Os resultados da Braskem no segundo trimestre","breadcrumb":{"@id":"https:\/\/bahiaeconomica.com.br\/wp\/2023\/08\/09\/braskem-registra-ebitda-de-r-703-milhoes-no-2-trimestre-em-cenario-de-menor-crescimento-de-demanda-global\/#breadcrumb"},"inLanguage":"pt-BR","potentialAction":[{"@type":"ReadAction","target":["https:\/\/bahiaeconomica.com.br\/wp\/2023\/08\/09\/braskem-registra-ebitda-de-r-703-milhoes-no-2-trimestre-em-cenario-de-menor-crescimento-de-demanda-global\/"]}]},{"@type":"BreadcrumbList","@id":"https:\/\/bahiaeconomica.com.br\/wp\/2023\/08\/09\/braskem-registra-ebitda-de-r-703-milhoes-no-2-trimestre-em-cenario-de-menor-crescimento-de-demanda-global\/#breadcrumb","itemListElement":[{"@type":"ListItem","position":1,"name":"In\u00edcio","item":"https:\/\/bahiaeconomica.com.br\/wp\/"},{"@type":"ListItem","position":2,"name":"BRASKEM REGISTRA EBITDA DE R$ 703 MILH\u00d5ES NO 2\u00b0 TRIMESTRE EM CEN\u00c1RIO DE MENOR CRESCIMENTO DE DEMANDA GLOBAL"}]},{"@type":"WebSite","@id":"https:\/\/bahiaeconomica.com.br\/wp\/#website","url":"https:\/\/bahiaeconomica.com.br\/wp\/","name":"Bahia Economica","description":"O maior portal de Economia da Bahia","publisher":{"@id":"https:\/\/bahiaeconomica.com.br\/wp\/#organization"},"potentialAction":[{"@type":"SearchAction","target":{"@type":"EntryPoint","urlTemplate":"https:\/\/bahiaeconomica.com.br\/wp\/?s={search_term_string}"},"query-input":"required name=search_term_string"}],"inLanguage":"pt-BR"},{"@type":"Organization","@id":"https:\/\/bahiaeconomica.com.br\/wp\/#organization","name":"Bahia Econ\u00f4mica","url":"https:\/\/bahiaeconomica.com.br\/wp\/","logo":{"@type":"ImageObject","inLanguage":"pt-BR","@id":"https:\/\/bahiaeconomica.com.br\/wp\/#\/schema\/logo\/image\/","url":"https:\/\/bahiaeconomica.com.br\/wp\/wp-content\/uploads\/2020\/12\/cropped-BE.png","contentUrl":"https:\/\/bahiaeconomica.com.br\/wp\/wp-content\/uploads\/2020\/12\/cropped-BE.png","width":512,"height":512,"caption":"Bahia Econ\u00f4mica"},"image":{"@id":"https:\/\/bahiaeconomica.com.br\/wp\/#\/schema\/logo\/image\/"},"sameAs":["https:\/\/www.facebook.com\/bahiaeconomica"]},{"@type":"Person","@id":"https:\/\/bahiaeconomica.com.br\/wp\/#\/schema\/person\/547396bb3b39ebb828ab5807d982c42f","name":"Emily Oliveira","sameAs":["https:\/\/bahiaeconomica.com.br\/wp\/"],"url":"https:\/\/bahiaeconomica.com.br\/wp\/author\/emily-oliveira\/"}]}},"views":35,"_links":{"self":[{"href":"https:\/\/bahiaeconomica.com.br\/wp\/wp-json\/wp\/v2\/posts\/754208"}],"collection":[{"href":"https:\/\/bahiaeconomica.com.br\/wp\/wp-json\/wp\/v2\/posts"}],"about":[{"href":"https:\/\/bahiaeconomica.com.br\/wp\/wp-json\/wp\/v2\/types\/post"}],"author":[{"embeddable":true,"href":"https:\/\/bahiaeconomica.com.br\/wp\/wp-json\/wp\/v2\/users\/18"}],"replies":[{"embeddable":true,"href":"https:\/\/bahiaeconomica.com.br\/wp\/wp-json\/wp\/v2\/comments?post=754208"}],"version-history":[{"count":1,"href":"https:\/\/bahiaeconomica.com.br\/wp\/wp-json\/wp\/v2\/posts\/754208\/revisions"}],"predecessor-version":[{"id":754212,"href":"https:\/\/bahiaeconomica.com.br\/wp\/wp-json\/wp\/v2\/posts\/754208\/revisions\/754212"}],"wp:featuredmedia":[{"embeddable":true,"href":"https:\/\/bahiaeconomica.com.br\/wp\/wp-json\/wp\/v2\/media\/754211"}],"wp:attachment":[{"href":"https:\/\/bahiaeconomica.com.br\/wp\/wp-json\/wp\/v2\/media?parent=754208"}],"wp:term":[{"taxonomy":"category","embeddable":true,"href":"https:\/\/bahiaeconomica.com.br\/wp\/wp-json\/wp\/v2\/categories?post=754208"},{"taxonomy":"post_tag","embeddable":true,"href":"https:\/\/bahiaeconomica.com.br\/wp\/wp-json\/wp\/v2\/tags?post=754208"}],"curies":[{"name":"wp","href":"https:\/\/api.w.org\/{rel}","templated":true}]}}